{"id":325,"date":"2015-02-18T12:35:11","date_gmt":"2015-02-18T11:35:11","guid":{"rendered":"http:\/\/www.a-qui-s.fr\/le-blog\/?p=325"},"modified":"2025-08-21T12:30:54","modified_gmt":"2025-08-21T11:30:54","slug":"vous-dit-tout-sur-le-doudou","status":"publish","type":"post","link":"https:\/\/www.a-qui-s.fr\/le-blog\/a-qui-s-et-vous\/vous-dit-tout-sur-le-doudou\/","title":{"rendered":"Pourquoi les enfants ont un doudou ? A quoi sert-il ? Comment marquer un doudou ?"},"content":{"rendered":"<p>Il est le meilleur ami de votre enfant, il est pr\u00e9cieux, unique et irrempla\u00e7able \u00e0 ses yeux. Vous avez bien s\u00fbr devin\u00e9 de qui il s&rsquo;agit : Mister doudou !<\/p>\n<p>Aujourd&rsquo;hui, on vous dit tout sur le doudou. Pourquoi les enfants ont un doudou ? A quoi sert-il ? Comment marquer un doudou ? Quels sont les crit\u00e8res de s\u00e9lection du doudou ?<\/p>\n<p style=\"text-align: center;\"><a href=\"https:\/\/www.a-qui-s.fr\/le-blog\/wp-content\/uploads\/2015\/02\/doudou-oiseau-on-chuchote.jpg\"><img fetchpriority=\"high\" decoding=\"async\" class=\"aligncenter wp-image-378\" src=\"https:\/\/www.a-qui-s.fr\/le-blog\/wp-content\/uploads\/2015\/02\/doudou-oiseau-on-chuchote.jpg\" alt=\"doudou-oiseau-on-chuchote\" width=\"283\" height=\"283\" srcset=\"https:\/\/www.a-qui-s.fr\/le-blog\/wp-content\/uploads\/2015\/02\/doudou-oiseau-on-chuchote.jpg 500w, https:\/\/www.a-qui-s.fr\/le-blog\/wp-content\/uploads\/2015\/02\/doudou-oiseau-on-chuchote-300x300.jpg 300w, https:\/\/www.a-qui-s.fr\/le-blog\/wp-content\/uploads\/2015\/02\/doudou-oiseau-on-chuchote-150x150.jpg 150w\" sizes=\"(max-width: 283px) 100vw, 283px\" \/><\/a> <em>Doudou oiseau rose de Mon doudou de France.<\/em><\/p>\n<p>&nbsp;<\/p>\n<h2 style=\"text-align: center;\"><span style=\"font-family: DK Lemon Yellow Sun;\">A quoi sert le doudou ?<\/span><\/h2>\n<p>Dans un premier temps, les enfants commencent \u00e0 ressentir le besoin d&rsquo;avoir un doudou lorsqu&rsquo;ils ont 5 \u00e0 6 mois.&nbsp; Puis, le doudou devient un \u00ab\u00a0objet transitionnel\u00a0\u00bb car il fait le lien entre la famille et le monde ext\u00e9rieur. Effectivement, \u00e0 partir de cette \u00e2ge l\u00e0, l&rsquo;enfant d\u00e9couvre petit \u00e0 petit qu&rsquo;il est bien une personne \u00e0 part enti\u00e8re. Le doudou est donc l\u00e0 pour rassurer votre enfant ainsi que pour l&rsquo;accompagner dans la d\u00e9couverte et dans son autonomie.<\/p>\n<p>La relation entre votre enfant et son doudou est unique. Quelques uns vont trimbaler le doudou partout pour l&rsquo;avoir toujours avec eux, d&rsquo;autres r\u00e9clament le doudou que dans certains cas : lors du couch\u00e9, lorsqu&rsquo;ils sont dans un univers compl\u00e8tement inconnu ou encore lors d&rsquo;un petit chagrin.<\/p>\n<h2 style=\"text-align: center;\"><span style=\"font-family: DK Lemon Yellow Sun;\">Les crit\u00e8res de s\u00e9lection d&rsquo;un doudou<\/span><\/h2>\n<p>Ce n&rsquo;est pas vous qui allait choisir le doudou mais bien votre enfant, par cons\u00e9quent inutile de lui donner votre doudou pr\u00e9f\u00e9r\u00e9 ?. Votre enfant trouvera de lui m\u00eame les \u00e9l\u00e9ments qui le rassurent dans l&rsquo;objet.<\/p>\n<p>L&rsquo;\u00e9lu sera bien souvent :<br \/>\n&#8211; bien doux,<br \/>\n&#8211; agr\u00e9able \u00e0 tripoter,<br \/>\n&#8211; avec une odeur bien famili\u00e8re<\/p>\n<p>Toutefois, m\u00eame si c&rsquo;est l&rsquo;enfant qui choisit son doudou, vous pouvez toujours lui en proposer quelques-uns. Et justement, il existe une entreprise qui propose des doudous fabriqu\u00e9s uniquement en France : Mon doudou de France : les doudous 100% fran\u00e7ais !<\/p>\n<p>Cette entreprise propose plusieurs styles de doudous dont : des doudous plats, des doudous boules, des doudous bios et plein d&rsquo;autres ! Votre bout de chou aura ainsi un doudou qui ne ressemble pas \u00e0 tous les autres ! Je vous propose de les d\u00e9couvrir ici : <a title=\"mondoudoudefrance\" href=\"http:\/\/www.mondoudoudefrance.com\/\">http:\/\/www.mondoudoudefrance.com\/<\/a>.<\/p>\n<p>Une fois doudou choisi, il faut s&rsquo;assurer de ne pas le perdre pour \u00e9viter la trag\u00e9die du doudou perdu&#8230;<\/p>\n<h2 style=\"text-align: center;\"><span style=\"font-family: DK Lemon Yellow Sun;\">La solution pour toujours retrouver le doudou : l&rsquo;A-qui-Doudou !<\/span><\/h2>\n<p>Les enfants s&rsquo;attachent tr\u00e8s vite \u00e0 leurs doudous. Par cons\u00e9quent un doudou perdu et c&rsquo;est le drame ! Mais comment marquer son doudou ? Le pack A-qui-Doudou est fait pour \u00e7a ! Il contient : des \u00e9tiquettes personnalis\u00e9es (3 \u00e9tiquettes thermocollantes et 2 <a href=\"https:\/\/www.a-qui-s.fr\/etiquettes-vetements-a-coudre\">\u00e9tiquettes en satin \u00e0 coudre<\/a>) \u00e0 fixer sur le doudou. Le concept est simple, vous inscrivez le pr\u00e9nom de votre enfant et votre num\u00e9ro de t\u00e9l\u00e9phone. De cette mani\u00e8re, un gentil monsieur pourra toujours vous contacter pour vous le redonner.<\/p>\n<p><a href=\"https:\/\/www.a-qui-s.fr\/le-blog\/wp-content\/uploads\/2015\/02\/Pack-A-qui-Doudou-rose.png\"><img decoding=\"async\" class=\"wp-image-382 aligncenter\" src=\"https:\/\/www.a-qui-s.fr\/le-blog\/wp-content\/uploads\/2015\/02\/Pack-A-qui-Doudou-rose.png\" alt=\"Pack-A-qui-Doudou-rose\" width=\"300\" height=\"344\"><\/a><\/p>\n<p style=\"text-align: center;\"><em>L&rsquo; A-qui-Doudou de chez A-qui-S<\/em><\/p>\n<p><a href=\"https:\/\/www.a-qui-s.fr\/le-blog\/wp-content\/uploads\/2015\/02\/doudou-de-france-detour\u00e9..png\"><img decoding=\"async\" class=\"wp-image-377 aligncenter\" src=\"https:\/\/www.a-qui-s.fr\/le-blog\/wp-content\/uploads\/2015\/02\/doudou-de-france-detour\u00e9..png\" alt=\"doudou-de-france-detour\u00e9.\" width=\"389\" height=\"240\"><\/a><\/p>\n<p style=\"text-align: center;\"><em> Doudou oiseau rose marqu\u00e9 avec une \u00e9tiquette thermocollante<\/em><\/p>\n<p>Le doudou sera ainsi toujours retrouv\u00e9 et rejoindra alors la communaut\u00e9 des pas perdus ! \ud83d\ude42<\/p>\n<p>Pour d\u00e9couvrir <a href=\"https:\/\/www.a-qui-s.fr\/a-qui-doudou\/\">nos \u00e9tiquettes sp\u00e9ciales doudou c&rsquo;est par l\u00e0<\/a> !<\/p>\n<p>Julia de A-qui-S<\/p>\n<p>PS :&nbsp; Pour finir, on est tr\u00e8s friand des anecdotes \u00e0 propos des doudous ! Si vous avez de folles histoires \u00e0 nous raconter, n&rsquo;h\u00e9sitez pas. \ud83d\ude42<\/p>\n<p>&nbsp;<\/p>\n","protected":false},"excerpt":{"rendered":"<p>Il est le meilleur ami de votre enfant, il est pr\u00e9cieux, unique et irrempla\u00e7able \u00e0 ses yeux. Vous avez bien s\u00fbr devin\u00e9 de qui il s&rsquo;agit : Mister doudou ! Aujourd&rsquo;hui, on vous dit tout sur le doudou. Pourquoi les enfants ont un doudou ? A quoi sert-il ? Comment marquer un doudou ? Quels [&hellip;]<\/p>\n","protected":false},"author":2,"featured_media":382,"comment_status":"open","ping_status":"open","sticky":false,"template":"","format":"standard","meta":{"_acf_changed":false,"fifu_image_url":"","fifu_image_alt":"","footnotes":""},"categories":[216],"tags":[],"class_list":["post-325","post","type-post","status-publish","format-standard","has-post-thumbnail","hentry","category-a-qui-s-et-vous"],"acf":[],"yoast_head":"<!-- This site is optimized with the Yoast SEO plugin v27.0 - https:\/\/yoast.com\/product\/yoast-seo-wordpress\/ -->\n<title>Pourquoi les enfants ont un doudou ? A quoi sert-il ? Comment marquer un doudou ? -<\/title>\n<meta name=\"description\" content=\"Pour tout savoir sur le doudou : son utilit\u00e9, le lien qu&#039;\u00e0 l&#039;enfant avec, comment le marquer. On vous donne aussi la solution pour toujours retrouver les doudous.\" \/>\n<meta name=\"robots\" content=\"index, follow, max-snippet:-1, max-image-preview:large, max-video-preview:-1\" \/>\n<link rel=\"canonical\" href=\"https:\/\/www.a-qui-s.fr\/le-blog\/a-qui-s-et-vous\/vous-dit-tout-sur-le-doudou\/\" \/>\n<meta property=\"og:locale\" content=\"fr_FR\" \/>\n<meta property=\"og:type\" content=\"article\" \/>\n<meta property=\"og:title\" content=\"Pourquoi les enfants ont un doudou ? A quoi sert-il ? Comment marquer un doudou ? -\" \/>\n<meta property=\"og:description\" content=\"Pour tout savoir sur le doudou : son utilit\u00e9, le lien qu&#039;\u00e0 l&#039;enfant avec, comment le marquer. On vous donne aussi la solution pour toujours retrouver les doudous.\" \/>\n<meta property=\"og:url\" content=\"https:\/\/www.a-qui-s.fr\/le-blog\/a-qui-s-et-vous\/vous-dit-tout-sur-le-doudou\/\" \/>\n<meta property=\"og:site_name\" content=\"LE BLOG d&#039;A-qui-S\" \/>\n<meta property=\"article:publisher\" content=\"https:\/\/www.facebook.com\/AquiS\/\" \/>\n<meta property=\"article:published_time\" content=\"2015-02-18T11:35:11+00:00\" \/>\n<meta property=\"article:modified_time\" content=\"2025-08-21T11:30:54+00:00\" \/>\n<meta property=\"og:image\" content=\"https:\/\/www.a-qui-s.fr\/le-blog\/wp-content\/uploads\/2015\/02\/Pack-A-qui-Doudou-rose.png\" \/>\n\t<meta property=\"og:image:width\" content=\"504\" \/>\n\t<meta property=\"og:image:height\" content=\"542\" \/>\n\t<meta property=\"og:image:type\" content=\"image\/png\" \/>\n<meta name=\"author\" content=\"Louise de A-qui-S\" \/>\n<meta name=\"twitter:card\" content=\"summary_large_image\" \/>\n<meta name=\"twitter:creator\" content=\"@aquis_fr\" \/>\n<meta name=\"twitter:site\" content=\"@aquis_fr\" \/>\n<meta name=\"twitter:label1\" content=\"Written by\" \/>\n\t<meta name=\"twitter:data1\" content=\"Louise de A-qui-S\" \/>\n\t<meta name=\"twitter:label2\" content=\"Est. reading time\" \/>\n\t<meta name=\"twitter:data2\" content=\"3 minutes\" \/>\n<script type=\"application\/ld+json\" class=\"yoast-schema-graph\">{\"@context\":\"https:\/\/schema.org\",\"@graph\":[{\"@type\":\"Article\",\"@id\":\"https:\/\/www.a-qui-s.fr\/le-blog\/a-qui-s-et-vous\/vous-dit-tout-sur-le-doudou\/#article\",\"isPartOf\":{\"@id\":\"https:\/\/www.a-qui-s.fr\/le-blog\/a-qui-s-et-vous\/vous-dit-tout-sur-le-doudou\/\"},\"author\":{\"name\":\"Louise de A-qui-S\",\"@id\":\"https:\/\/www.a-qui-s.fr\/le-blog\/#\/schema\/person\/d98098c165f4481653780d6fa061f531\"},\"headline\":\"Pourquoi les enfants ont un doudou ? A quoi sert-il ? Comment marquer un doudou ?\",\"datePublished\":\"11+00:00\",\"dateModified\":\"54+00:00\",\"mainEntityOfPage\":{\"@id\":\"https:\/\/www.a-qui-s.fr\/le-blog\/a-qui-s-et-vous\/vous-dit-tout-sur-le-doudou\/\"},\"wordCount\":567,\"commentCount\":0,\"publisher\":{\"@id\":\"https:\/\/www.a-qui-s.fr\/le-blog\/#organization\"},\"image\":{\"@id\":\"https:\/\/www.a-qui-s.fr\/le-blog\/a-qui-s-et-vous\/vous-dit-tout-sur-le-doudou\/#primaryimage\"},\"thumbnailUrl\":\"https:\/\/www.a-qui-s.fr\/le-blog\/wp-content\/uploads\/2015\/02\/Pack-A-qui-Doudou-rose.png\",\"articleSection\":[\"A-qui-S &amp; Vous\"],\"inLanguage\":\"fr-FR\",\"potentialAction\":[{\"@type\":\"CommentAction\",\"name\":\"Comment\",\"target\":[\"https:\/\/www.a-qui-s.fr\/le-blog\/a-qui-s-et-vous\/vous-dit-tout-sur-le-doudou\/#respond\"]}]},{\"@type\":\"WebPage\",\"@id\":\"https:\/\/www.a-qui-s.fr\/le-blog\/a-qui-s-et-vous\/vous-dit-tout-sur-le-doudou\/\",\"url\":\"https:\/\/www.a-qui-s.fr\/le-blog\/a-qui-s-et-vous\/vous-dit-tout-sur-le-doudou\/\",\"name\":\"Pourquoi les enfants ont un doudou ? A quoi sert-il ? Comment marquer un doudou ? -\",\"isPartOf\":{\"@id\":\"https:\/\/www.a-qui-s.fr\/le-blog\/#website\"},\"primaryImageOfPage\":{\"@id\":\"https:\/\/www.a-qui-s.fr\/le-blog\/a-qui-s-et-vous\/vous-dit-tout-sur-le-doudou\/#primaryimage\"},\"image\":{\"@id\":\"https:\/\/www.a-qui-s.fr\/le-blog\/a-qui-s-et-vous\/vous-dit-tout-sur-le-doudou\/#primaryimage\"},\"thumbnailUrl\":\"https:\/\/www.a-qui-s.fr\/le-blog\/wp-content\/uploads\/2015\/02\/Pack-A-qui-Doudou-rose.png\",\"datePublished\":\"11+00:00\",\"dateModified\":\"54+00:00\",\"description\":\"Pour tout savoir sur le doudou : son utilit\u00e9, le lien qu'\u00e0 l'enfant avec, comment le marquer. On vous donne aussi la solution pour toujours retrouver les doudous.\",\"breadcrumb\":{\"@id\":\"https:\/\/www.a-qui-s.fr\/le-blog\/a-qui-s-et-vous\/vous-dit-tout-sur-le-doudou\/#breadcrumb\"},\"inLanguage\":\"fr-FR\",\"potentialAction\":[{\"@type\":\"ReadAction\",\"target\":[\"https:\/\/www.a-qui-s.fr\/le-blog\/a-qui-s-et-vous\/vous-dit-tout-sur-le-doudou\/\"]}]},{\"@type\":\"ImageObject\",\"inLanguage\":\"fr-FR\",\"@id\":\"https:\/\/www.a-qui-s.fr\/le-blog\/a-qui-s-et-vous\/vous-dit-tout-sur-le-doudou\/#primaryimage\",\"url\":\"https:\/\/www.a-qui-s.fr\/le-blog\/wp-content\/uploads\/2015\/02\/Pack-A-qui-Doudou-rose.png\",\"contentUrl\":\"https:\/\/www.a-qui-s.fr\/le-blog\/wp-content\/uploads\/2015\/02\/Pack-A-qui-Doudou-rose.png\",\"width\":504,\"height\":542},{\"@type\":\"BreadcrumbList\",\"@id\":\"https:\/\/www.a-qui-s.fr\/le-blog\/a-qui-s-et-vous\/vous-dit-tout-sur-le-doudou\/#breadcrumb\",\"itemListElement\":[{\"@type\":\"ListItem\",\"position\":1,\"name\":\"Accueil\",\"item\":\"https:\/\/www.a-qui-s.fr\/le-blog\/\"},{\"@type\":\"ListItem\",\"position\":2,\"name\":\"A-qui-S &amp; Vous\",\"item\":\"https:\/\/www.a-qui-s.fr\/le-blog\/category\/a-qui-s-et-vous\/\"},{\"@type\":\"ListItem\",\"position\":3,\"name\":\"Pourquoi les enfants ont un doudou ? A quoi sert-il ? Comment marquer un doudou ?\"}]},{\"@type\":\"WebSite\",\"@id\":\"https:\/\/www.a-qui-s.fr\/le-blog\/#website\",\"url\":\"https:\/\/www.a-qui-s.fr\/le-blog\/\",\"name\":\"LE BLOG d&#039;A-qui-S\",\"description\":\"La communaut\u00e9 des &quot;Pas-Perdus&quot;\",\"publisher\":{\"@id\":\"https:\/\/www.a-qui-s.fr\/le-blog\/#organization\"},\"potentialAction\":[{\"@type\":\"SearchAction\",\"target\":{\"@type\":\"EntryPoint\",\"urlTemplate\":\"https:\/\/www.a-qui-s.fr\/le-blog\/?s={search_term_string}\"},\"query-input\":{\"@type\":\"PropertyValueSpecification\",\"valueRequired\":true,\"valueName\":\"search_term_string\"}}],\"inLanguage\":\"fr-FR\"},{\"@type\":\"Organization\",\"@id\":\"https:\/\/www.a-qui-s.fr\/le-blog\/#organization\",\"name\":\"Etiquettes & compagnie\",\"url\":\"https:\/\/www.a-qui-s.fr\/le-blog\/\",\"logo\":{\"@type\":\"ImageObject\",\"inLanguage\":\"fr-FR\",\"@id\":\"https:\/\/www.a-qui-s.fr\/le-blog\/#\/schema\/logo\/image\/\",\"url\":\"https:\/\/www.a-qui-s.fr\/le-blog\/wp-content\/uploads\/2015\/05\/logo_a-qui-s.png\",\"contentUrl\":\"https:\/\/www.a-qui-s.fr\/le-blog\/wp-content\/uploads\/2015\/05\/logo_a-qui-s.png\",\"width\":132,\"height\":59,\"caption\":\"Etiquettes & compagnie\"},\"image\":{\"@id\":\"https:\/\/www.a-qui-s.fr\/le-blog\/#\/schema\/logo\/image\/\"},\"sameAs\":[\"https:\/\/www.facebook.com\/AquiS\/\",\"https:\/\/x.com\/aquis_fr\"]},{\"@type\":\"Person\",\"@id\":\"https:\/\/www.a-qui-s.fr\/le-blog\/#\/schema\/person\/d98098c165f4481653780d6fa061f531\",\"name\":\"Louise de A-qui-S\",\"image\":{\"@type\":\"ImageObject\",\"inLanguage\":\"fr-FR\",\"@id\":\"https:\/\/www.a-qui-s.fr\/le-blog\/#\/schema\/person\/image\/\",\"url\":\"https:\/\/secure.gravatar.com\/avatar\/7a713547ddd2e0fc4130ec55978934dc3f12ef2095fa1cba20e2f0efcd0728c4?s=96&d=mm&r=g\",\"contentUrl\":\"https:\/\/secure.gravatar.com\/avatar\/7a713547ddd2e0fc4130ec55978934dc3f12ef2095fa1cba20e2f0efcd0728c4?s=96&d=mm&r=g\",\"caption\":\"Louise de A-qui-S\"},\"url\":\"https:\/\/www.a-qui-s.fr\/le-blog\/author\/julia\/\"}]}<\/script>\n<!-- \/ Yoast SEO plugin. -->","yoast_head_json":{"title":"Pourquoi les enfants ont un doudou ? A quoi sert-il ? Comment marquer un doudou ? -","description":"Pour tout savoir sur le doudou : son utilit\u00e9, le lien qu'\u00e0 l'enfant avec, comment le marquer. On vous donne aussi la solution pour toujours retrouver les doudous.","robots":{"index":"index","follow":"follow","max-snippet":"max-snippet:-1","max-image-preview":"max-image-preview:large","max-video-preview":"max-video-preview:-1"},"canonical":"https:\/\/www.a-qui-s.fr\/le-blog\/a-qui-s-et-vous\/vous-dit-tout-sur-le-doudou\/","og_locale":"fr_FR","og_type":"article","og_title":"Pourquoi les enfants ont un doudou ? A quoi sert-il ? Comment marquer un doudou ? -","og_description":"Pour tout savoir sur le doudou : son utilit\u00e9, le lien qu'\u00e0 l'enfant avec, comment le marquer. On vous donne aussi la solution pour toujours retrouver les doudous.","og_url":"https:\/\/www.a-qui-s.fr\/le-blog\/a-qui-s-et-vous\/vous-dit-tout-sur-le-doudou\/","og_site_name":"LE BLOG d&#039;A-qui-S","article_publisher":"https:\/\/www.facebook.com\/AquiS\/","article_published_time":"2015-02-18T11:35:11+00:00","article_modified_time":"2025-08-21T11:30:54+00:00","og_image":[{"width":504,"height":542,"url":"https:\/\/www.a-qui-s.fr\/le-blog\/wp-content\/uploads\/2015\/02\/Pack-A-qui-Doudou-rose.png","type":"image\/png"}],"author":"Louise de A-qui-S","twitter_card":"summary_large_image","twitter_creator":"@aquis_fr","twitter_site":"@aquis_fr","twitter_misc":{"Written by":"Louise de A-qui-S","Est. reading time":"3 minutes"},"schema":{"@context":"https:\/\/schema.org","@graph":[{"@type":"Article","@id":"https:\/\/www.a-qui-s.fr\/le-blog\/a-qui-s-et-vous\/vous-dit-tout-sur-le-doudou\/#article","isPartOf":{"@id":"https:\/\/www.a-qui-s.fr\/le-blog\/a-qui-s-et-vous\/vous-dit-tout-sur-le-doudou\/"},"author":{"name":"Louise de A-qui-S","@id":"https:\/\/www.a-qui-s.fr\/le-blog\/#\/schema\/person\/d98098c165f4481653780d6fa061f531"},"headline":"Pourquoi les enfants ont un doudou ? A quoi sert-il ? Comment marquer un doudou ?","datePublished":"11+00:00","dateModified":"54+00:00","mainEntityOfPage":{"@id":"https:\/\/www.a-qui-s.fr\/le-blog\/a-qui-s-et-vous\/vous-dit-tout-sur-le-doudou\/"},"wordCount":567,"commentCount":0,"publisher":{"@id":"https:\/\/www.a-qui-s.fr\/le-blog\/#organization"},"image":{"@id":"https:\/\/www.a-qui-s.fr\/le-blog\/a-qui-s-et-vous\/vous-dit-tout-sur-le-doudou\/#primaryimage"},"thumbnailUrl":"https:\/\/www.a-qui-s.fr\/le-blog\/wp-content\/uploads\/2015\/02\/Pack-A-qui-Doudou-rose.png","articleSection":["A-qui-S &amp; Vous"],"inLanguage":"fr-FR","potentialAction":[{"@type":"CommentAction","name":"Comment","target":["https:\/\/www.a-qui-s.fr\/le-blog\/a-qui-s-et-vous\/vous-dit-tout-sur-le-doudou\/#respond"]}]},{"@type":"WebPage","@id":"https:\/\/www.a-qui-s.fr\/le-blog\/a-qui-s-et-vous\/vous-dit-tout-sur-le-doudou\/","url":"https:\/\/www.a-qui-s.fr\/le-blog\/a-qui-s-et-vous\/vous-dit-tout-sur-le-doudou\/","name":"Pourquoi les enfants ont un doudou ? A quoi sert-il ? Comment marquer un doudou ? -","isPartOf":{"@id":"https:\/\/www.a-qui-s.fr\/le-blog\/#website"},"primaryImageOfPage":{"@id":"https:\/\/www.a-qui-s.fr\/le-blog\/a-qui-s-et-vous\/vous-dit-tout-sur-le-doudou\/#primaryimage"},"image":{"@id":"https:\/\/www.a-qui-s.fr\/le-blog\/a-qui-s-et-vous\/vous-dit-tout-sur-le-doudou\/#primaryimage"},"thumbnailUrl":"https:\/\/www.a-qui-s.fr\/le-blog\/wp-content\/uploads\/2015\/02\/Pack-A-qui-Doudou-rose.png","datePublished":"11+00:00","dateModified":"54+00:00","description":"Pour tout savoir sur le doudou : son utilit\u00e9, le lien qu'\u00e0 l'enfant avec, comment le marquer. On vous donne aussi la solution pour toujours retrouver les doudous.","breadcrumb":{"@id":"https:\/\/www.a-qui-s.fr\/le-blog\/a-qui-s-et-vous\/vous-dit-tout-sur-le-doudou\/#breadcrumb"},"inLanguage":"fr-FR","potentialAction":[{"@type":"ReadAction","target":["https:\/\/www.a-qui-s.fr\/le-blog\/a-qui-s-et-vous\/vous-dit-tout-sur-le-doudou\/"]}]},{"@type":"ImageObject","inLanguage":"fr-FR","@id":"https:\/\/www.a-qui-s.fr\/le-blog\/a-qui-s-et-vous\/vous-dit-tout-sur-le-doudou\/#primaryimage","url":"https:\/\/www.a-qui-s.fr\/le-blog\/wp-content\/uploads\/2015\/02\/Pack-A-qui-Doudou-rose.png","contentUrl":"https:\/\/www.a-qui-s.fr\/le-blog\/wp-content\/uploads\/2015\/02\/Pack-A-qui-Doudou-rose.png","width":504,"height":542},{"@type":"BreadcrumbList","@id":"https:\/\/www.a-qui-s.fr\/le-blog\/a-qui-s-et-vous\/vous-dit-tout-sur-le-doudou\/#breadcrumb","itemListElement":[{"@type":"ListItem","position":1,"name":"Accueil","item":"https:\/\/www.a-qui-s.fr\/le-blog\/"},{"@type":"ListItem","position":2,"name":"A-qui-S &amp; Vous","item":"https:\/\/www.a-qui-s.fr\/le-blog\/category\/a-qui-s-et-vous\/"},{"@type":"ListItem","position":3,"name":"Pourquoi les enfants ont un doudou ? A quoi sert-il ? Comment marquer un doudou ?"}]},{"@type":"WebSite","@id":"https:\/\/www.a-qui-s.fr\/le-blog\/#website","url":"https:\/\/www.a-qui-s.fr\/le-blog\/","name":"LE BLOG d&#039;A-qui-S","description":"La communaut\u00e9 des &quot;Pas-Perdus&quot;","publisher":{"@id":"https:\/\/www.a-qui-s.fr\/le-blog\/#organization"},"potentialAction":[{"@type":"SearchAction","target":{"@type":"EntryPoint","urlTemplate":"https:\/\/www.a-qui-s.fr\/le-blog\/?s={search_term_string}"},"query-input":{"@type":"PropertyValueSpecification","valueRequired":true,"valueName":"search_term_string"}}],"inLanguage":"fr-FR"},{"@type":"Organization","@id":"https:\/\/www.a-qui-s.fr\/le-blog\/#organization","name":"Etiquettes & compagnie","url":"https:\/\/www.a-qui-s.fr\/le-blog\/","logo":{"@type":"ImageObject","inLanguage":"fr-FR","@id":"https:\/\/www.a-qui-s.fr\/le-blog\/#\/schema\/logo\/image\/","url":"https:\/\/www.a-qui-s.fr\/le-blog\/wp-content\/uploads\/2015\/05\/logo_a-qui-s.png","contentUrl":"https:\/\/www.a-qui-s.fr\/le-blog\/wp-content\/uploads\/2015\/05\/logo_a-qui-s.png","width":132,"height":59,"caption":"Etiquettes & compagnie"},"image":{"@id":"https:\/\/www.a-qui-s.fr\/le-blog\/#\/schema\/logo\/image\/"},"sameAs":["https:\/\/www.facebook.com\/AquiS\/","https:\/\/x.com\/aquis_fr"]},{"@type":"Person","@id":"https:\/\/www.a-qui-s.fr\/le-blog\/#\/schema\/person\/d98098c165f4481653780d6fa061f531","name":"Louise de A-qui-S","image":{"@type":"ImageObject","inLanguage":"fr-FR","@id":"https:\/\/www.a-qui-s.fr\/le-blog\/#\/schema\/person\/image\/","url":"https:\/\/secure.gravatar.com\/avatar\/7a713547ddd2e0fc4130ec55978934dc3f12ef2095fa1cba20e2f0efcd0728c4?s=96&d=mm&r=g","contentUrl":"https:\/\/secure.gravatar.com\/avatar\/7a713547ddd2e0fc4130ec55978934dc3f12ef2095fa1cba20e2f0efcd0728c4?s=96&d=mm&r=g","caption":"Louise de A-qui-S"},"url":"https:\/\/www.a-qui-s.fr\/le-blog\/author\/julia\/"}]}},"_links":{"self":[{"href":"https:\/\/www.a-qui-s.fr\/le-blog\/wp-json\/wp\/v2\/posts\/325","targetHints":{"allow":["GET"]}}],"collection":[{"href":"https:\/\/www.a-qui-s.fr\/le-blog\/wp-json\/wp\/v2\/posts"}],"about":[{"href":"https:\/\/www.a-qui-s.fr\/le-blog\/wp-json\/wp\/v2\/types\/post"}],"author":[{"embeddable":true,"href":"https:\/\/www.a-qui-s.fr\/le-blog\/wp-json\/wp\/v2\/users\/2"}],"replies":[{"embeddable":true,"href":"https:\/\/www.a-qui-s.fr\/le-blog\/wp-json\/wp\/v2\/comments?post=325"}],"version-history":[{"count":0,"href":"https:\/\/www.a-qui-s.fr\/le-blog\/wp-json\/wp\/v2\/posts\/325\/revisions"}],"wp:featuredmedia":[{"embeddable":true,"href":"https:\/\/www.a-qui-s.fr\/le-blog\/wp-json\/wp\/v2\/media\/382"}],"wp:attachment":[{"href":"https:\/\/www.a-qui-s.fr\/le-blog\/wp-json\/wp\/v2\/media?parent=325"}],"wp:term":[{"taxonomy":"category","embeddable":true,"href":"https:\/\/www.a-qui-s.fr\/le-blog\/wp-json\/wp\/v2\/categories?post=325"},{"taxonomy":"post_tag","embeddable":true,"href":"https:\/\/www.a-qui-s.fr\/le-blog\/wp-json\/wp\/v2\/tags?post=325"}],"curies":[{"name":"wp","href":"https:\/\/api.w.org\/{rel}","templated":true}]}}