{"id":20753,"date":"2026-03-10T10:47:57","date_gmt":"2026-03-10T09:47:57","guid":{"rendered":"https:\/\/www.a-qui-s.fr\/le-blog\/?p=20753"},"modified":"2026-03-10T11:58:07","modified_gmt":"2026-03-10T10:58:07","slug":"coloriage-oeufs-de-paques-creatifs","status":"publish","type":"post","link":"https:\/\/www.a-qui-s.fr\/le-blog\/diy-bricolage-enfant\/coloriage-oeufs-de-paques-creatifs\/","title":{"rendered":"Coloriage Oeufs de P\u00e2ques cr\u00e9atifs"},"content":{"rendered":"\n<p>C&rsquo;est partiiii, les cloches, cocottes et lapins vont bient\u00f4t d\u00e9poser chocolats et friandises ! <br>Alors pour f\u00eater \u00e7a, A-qui-S vous offre gratuitement ce <a href=\"https:\/\/l.etiquettes.a-qui-s.fr\/T\/WF\/7323\/UVGmES\/Register\/fr-CA\/Form.ofsys?Provenance=oeufs_cre\u0301atifs\">coloriage cr\u00e9atif enfant <\/a>sur le th\u00e8me de P\u00e2ques. <br><br>C\u2019est l\u2019activit\u00e9 cr\u00e9ative par excellence pour faire patienter les petits (et les grands gourmands) avant la chasse aux tr\u00e9sors.<\/p>\n\n\n\n<div style=\"height:34px\" aria-hidden=\"true\" class=\"wp-block-spacer\"><\/div>\n\n\n\n<h3 class=\"wp-block-heading\">\u2764\ufe0f Pourquoi l&rsquo;\u00e9quipe A-qui-S adore cette activit\u00e9 coloriage ?<\/h3>\n\n\n\n<p>Les \u0153ufs sont les petits symboles du renouveau. Pour nos enfants, ils sont surtout de superbes <strong>toiles blanches<\/strong> qui n&rsquo;attendent que leurs feutres, leurs pinceaux et un peu d&rsquo;imagination !<\/p>\n\n\n\n<p>Le coloriage d&rsquo;\u0153ufs de P\u00e2ques est une activit\u00e9 facilement accessible. Les enfants peuvent utiliser des crayons, feutres ou peintures pour personnaliser leurs \u0153ufs.<\/p>\n\n\n\n<p>Cette activit\u00e9 stimule l&rsquo;imagination et permet aux enfants d&rsquo;exp\u00e9rimenter avec les couleurs et les motifs. Ils peuvent choisir parmi une vari\u00e9t\u00e9 de motifs inspir\u00e9s de la nature, des animaux, ou m\u00eame inventer leurs propres dessins.<\/p>\n\n\n\n<p>Les bienfaits du coloriage pour les enfants ne sont pas seulement artistiques. Il favorise \u00e9galement le d\u00e9veloppement cognitif et social. Voici quelques raisons pour lesquelles le coloriage est b\u00e9n\u00e9fique :<\/p>\n\n\n\n<ul class=\"wp-block-list\">\n<li>Am\u00e9liore la motricit\u00e9 fine.<\/li>\n\n\n\n<li>Renforce la concentration.<\/li>\n\n\n\n<li>Encourage l&rsquo;expression cr\u00e9ative.<br><\/li>\n<\/ul>\n\n\n\n<p>N&rsquo;h\u00e9sitez pas \u00e0 colorier avec vos enfants pour une activit\u00e9 en famille et le partage d&rsquo;id\u00e9es !<\/p>\n\n\n\n<div style=\"height:34px\" aria-hidden=\"true\" class=\"wp-block-spacer\"><\/div>\n\n\n\n<figure class=\"wp-block-image aligncenter size-large is-resized\"><a href=\"https:\/\/l.etiquettes.a-qui-s.fr\/T\/WF\/7323\/UVGmES\/Register\/fr-CA\/Form.ofsys?Provenance=oeufs_cre\u0301atifs\"><img decoding=\"async\" src=\"https:\/\/images.a-qui-s.fr\/image\/upload\/v1773131517\/BLOG\/oeufs_cre%CC%81atifs_coul.jpg\" alt=\"\" style=\"aspect-ratio:0.7075113526390233;width:423px;height:auto\"\/><\/a><\/figure>\n\n\n\n<div class=\"wp-block-buttons is-content-justification-center is-layout-flex wp-container-core-buttons-is-layout-a89b3969 wp-block-buttons-is-layout-flex\">\n<div class=\"wp-block-button is-style-outline is-style-outline--1\"><a class=\"wp-block-button__link has-text-align-center wp-element-button\" href=\"https:\/\/l.etiquettes.a-qui-s.fr\/T\/WF\/7323\/UVGmES\/Register\/fr-CA\/Form.ofsys?Provenance=oeufs_cre\u0301atifs\"><strong>T\u00c9L\u00c9CHARGER &gt;<\/strong><\/a><\/div>\n<\/div>\n\n\n\n<div style=\"height:34px\" aria-hidden=\"true\" class=\"wp-block-spacer\"><\/div>\n\n\n\n<h2 class=\"wp-block-heading\">Histoire et traditions des \u0153ufs de P\u00e2ques \u00e0 travers le coloriage<\/h2>\n\n\n\n<p>Les \u0153ufs de P\u00e2ques ont une histoire riche et ancienne. Leur d\u00e9coration remonte \u00e0 des si\u00e8cles, servant \u00e0 c\u00e9l\u00e9brer le renouveau et le printemps. Au fil du temps, la tradition a \u00e9volu\u00e9e, mais l&rsquo;esprit festif est rest\u00e9 le m\u00eame.<\/p>\n\n\n\n<p>Colorier des \u0153ufs de P\u00e2ques est une tradition qui a travers\u00e9 les cultures et les g\u00e9n\u00e9rations. Voici quelques traditions associ\u00e9es :<\/p>\n\n\n\n<ul class=\"wp-block-list\">\n<li>D\u00e9coration d&rsquo;\u0153ufs color\u00e9s pour la d\u00e9coration<\/li>\n\n\n\n<li>Chasse au tr\u00e9sor en chocolat<\/li>\n\n\n\n<li>\u00c9change d&rsquo;\u0153ufs d\u00e9cor\u00e9s comme symboles d&rsquo;amiti\u00e9.<\/li>\n<\/ul>\n\n\n\n<p>Aujourd&rsquo;hui, gr\u00e2ce aux mod\u00e8les imprimables, chacun peut s&rsquo;initier facilement \u00e0 cette tradition, cr\u00e9ant des souvenirs en famille.<\/p>\n\n\n\n<div style=\"height:34px\" aria-hidden=\"true\" class=\"wp-block-spacer\"><\/div>\n\n\n\n<div class=\"wp-block-group is-layout-constrained wp-block-group-is-layout-constrained\">\n<h2 class=\"wp-block-heading\">Comment r\u00e9ussir son coloriage Oeufs de P\u00e2ques ? <\/h2>\n\n\n\n<p>Le coloriage d\u2019\u0153ufs de P\u00e2ques est une activit\u00e9 o\u00f9 la cr\u00e9ativit\u00e9 n\u2019a pas de limites. Pour garantir un r\u00e9sultat color\u00e9 et harmonieux, choisissez les bons outils ! Les crayons de couleur offrent un contr\u00f4le pr\u00e9cis, tandis que les feutres ajoutent une touche vive.<br><br>Quelques astuces:<\/p>\n\n\n\n<ul class=\"wp-block-list\">\n<li> Les crayons magiques (L&rsquo;effet peinture sans l&rsquo;eau !) <br>\ud83d\udd8c\ufe0f Utilisez des crayons de couleur classiques ou aquarellables. Pour un effet tout doux, on colorie l\u00e9g\u00e8rement.<br><strong>Le conseil simple :<\/strong> Si vous avez des crayons aquarelle, passez juste un petit coton-tige mouill\u00e9 sur le dessin de votre enfant. Magie ! Les traits de crayon se transforment en peinture toute douce. C&rsquo;est propre et l&rsquo;effet est garanti !<br><\/li>\n\n\n\n<li>La superposition de couleurs (On m\u00e9lange tout !) <br>\ud83c\udf08 Les petits adorent repasser par-dessus leurs traits. Encouragez-les !<br><strong>Pourquoi c&rsquo;est top ?<\/strong> En mettant du jaune sur du bleu, on obtient du vert. C\u2019est une super le\u00e7on de couleurs sans s&rsquo;en rendre compte. Plus il y a de couches, plus l&rsquo;\u0153uf semble \u00ab\u00a0vivant\u00a0\u00bb et color\u00e9 !<\/li>\n<\/ul>\n\n\n\n<div style=\"height:34px\" aria-hidden=\"true\" class=\"wp-block-spacer\"><\/div>\n\n\n\n<h2 class=\"wp-block-heading\">F\u00eatez P\u00e2ques avec A-qui-S ! <\/h2>\n\n\n\n<p>Notre collection de P\u00e2ques est faites pour vous ! <\/p>\n\n\n\n<p>Sacs avec oreilles de lapins, tote bag pour ramasser les oeufs en chocolat, ou c\u00e9ramiques pour f\u00eater cette jolie tradition ! Il y en a pour tous les go\u00fbts, quel sera votre pr\u00e9f\u00e9r\u00e9 ? <br><\/p>\n\n\n\n<div style=\"height:25px\" aria-hidden=\"true\" class=\"wp-block-spacer\"><\/div>\n\n\n\n<div class=\"wp-block-buttons is-content-justification-center is-layout-flex wp-container-core-buttons-is-layout-a89b3969 wp-block-buttons-is-layout-flex\">\n<div class=\"wp-block-button is-style-outline is-style-outline--2\"><a class=\"wp-block-button__link wp-element-button\" href=\"https:\/\/www.a-qui-s.fr\/paques\/\">JE D\u00c9COUVRE  \ud83d\udc48\ud83c\udffb<\/a><\/div>\n<\/div>\n\n\n\n<div style=\"height:34px\" aria-hidden=\"true\" class=\"wp-block-spacer\"><\/div>\n<\/div>\n\n\n\n<!DOCTYPE html>\n<html lang=\"fr\">\n<head>\n    <meta name=\"viewport\" content=\"width=device-width, initial-scale=1.0\">\n    <style>\n        \/* Style de l'encart *\/\n        .encart-aquis {\n            background-color: #FFFBF8; \/* Un rose tr\u00e8s p\u00e2le et doux *\/\n            border: 2px dashed #FAE3D3; \/* Bordure pointill\u00e9e style \"couture\" *\/\n            border-radius: 20px;\n            padding: 25px;\n            margin: 20px auto;\n            max-width: 600px;\n            font-family: 'Segoe UI', Tahoma, Geneva, Verdana, sans-serif;\n            color: #415061;\n            box-shadow: 2px 4px 10px rgba(0,0,0,0.05);\n            line-height: 1.6;\n        }\n\n        \/* Titre avec ic\u00f4ne *\/\n        .encart-aquis h3 {\n            color: #415061;\n            margin-top: 0;\n            display: flex;\n            align-items: center;\n            font-size: 1.3rem;\n        }\n\n        .encart-aquis h3::before {\n            content: '\ud83d\udca1';\n            margin-right: 10px;\n            font-size: 1.5rem;\n        }\n\n        \/* Texte de l'anecdote *\/\n        .encart-aquis p {\n            margin-bottom: 0;\n            font-size: 1rem;\n        }\n\n        .encart-aquis strong {\n            color: #415061;\n        }\n\n        \/* Responsive : ajustement sur mobile *\/\n        @media (max-width: 480px) {\n            .encart-aquis {\n                padding: 15px;\n                margin: 10px;\n            }\n            .encart-aquis h3 {\n                font-size: 1.1rem;\n            }\n        }\n    <\/style>\n<\/head>\n<body>\n\n    <div class=\"encart-aquis\">\n        <h3>Le saviez-vous ?<\/h3>\n        <p>\n            <strong>Pourquoi des \u0153ufs \u00e0 P\u00e2ques ?<\/strong><br>\n            Il y a tr\u00e8s longtemps, pendant la p\u00e9riode du Car\u00eame, nous n&rsquo;avions pas le droit de manger d&rsquo;\u0153ufs. Mais les poules, elles, continuaient de pondre ! \ud83d\udc14 Pour ne pas les g\u00e2cher, on les conservait en les faisant cuire. Et pour les reconna\u00eetre des \u0153ufs frais, on s&rsquo;amusait \u00e0 les peindre en rouge ou \u00e0 les d\u00e9corer. C&rsquo;est ainsi que la tradition est n\u00e9e : on s&rsquo;offrait ces \u0153ufs d\u00e9cor\u00e9s pour f\u00eater le printemps !\n        <\/p>\n    <\/div>\n\n<\/body>\n<\/html>\n\n\n\n<pre class=\"wp-block-code\"><code><\/code><\/pre>\n\n\n\n<p><\/p>\n","protected":false},"excerpt":{"rendered":"<p>C&rsquo;est partiiii, les cloches, cocottes et lapins vont bient\u00f4t d\u00e9poser chocolats et friandises ! Alors pour f\u00eater \u00e7a, A-qui-S vous offre gratuitement ce coloriage cr\u00e9atif enfant sur le th\u00e8me de P\u00e2ques. C\u2019est l\u2019activit\u00e9 cr\u00e9ative par excellence pour faire patienter les petits (et les grands gourmands) avant la chasse aux tr\u00e9sors. \u2764\ufe0f Pourquoi l&rsquo;\u00e9quipe A-qui-S adore [&hellip;]<\/p>\n","protected":false},"author":25,"featured_media":20755,"comment_status":"open","ping_status":"open","sticky":false,"template":"","format":"standard","meta":{"_acf_changed":false,"fifu_image_url":"https:\/\/images.a-qui-s.fr\/image\/upload\/v1773134413\/BLOG\/coloriagescre%CC%81atifsenfants.jpg","fifu_image_alt":"","footnotes":""},"categories":[59],"tags":[],"class_list":["post-20753","post","type-post","status-publish","format-standard","has-post-thumbnail","hentry","category-diy-bricolage-enfant"],"acf":[],"yoast_head":"<!-- This site is optimized with the Yoast SEO plugin v27.0 - https:\/\/yoast.com\/product\/yoast-seo-wordpress\/ -->\n<title>Coloriage Oeufs de P\u00e2ques cr\u00e9atifs -<\/title>\n<meta name=\"description\" content=\"T\u00e9l\u00e9chargez gratuitement le coloriage des Oeufs Cr\u00e9atifs P\u00e2ques. Travaillez l&#039;imagination, la concentration et la motricit\u00e9 de votre enfant.\" \/>\n<meta name=\"robots\" content=\"index, follow, max-snippet:-1, max-image-preview:large, max-video-preview:-1\" \/>\n<link rel=\"canonical\" href=\"https:\/\/www.a-qui-s.fr\/le-blog\/diy-bricolage-enfant\/coloriage-oeufs-de-paques-creatifs\/\" \/>\n<meta property=\"og:locale\" content=\"fr_FR\" \/>\n<meta property=\"og:type\" content=\"article\" \/>\n<meta property=\"og:title\" content=\"Coloriage Oeufs de P\u00e2ques cr\u00e9atifs -\" \/>\n<meta property=\"og:description\" content=\"T\u00e9l\u00e9chargez gratuitement le coloriage des Oeufs Cr\u00e9atifs P\u00e2ques. Travaillez l&#039;imagination, la concentration et la motricit\u00e9 de votre enfant.\" \/>\n<meta property=\"og:url\" content=\"https:\/\/www.a-qui-s.fr\/le-blog\/diy-bricolage-enfant\/coloriage-oeufs-de-paques-creatifs\/\" \/>\n<meta property=\"og:site_name\" content=\"LE BLOG d&#039;A-qui-S\" \/>\n<meta property=\"article:publisher\" content=\"https:\/\/www.facebook.com\/AquiS\/\" \/>\n<meta property=\"article:published_time\" content=\"2026-03-10T09:47:57+00:00\" \/>\n<meta property=\"article:modified_time\" content=\"2026-03-10T10:58:07+00:00\" \/>\n<meta property=\"og:image\" content=\"https:\/\/images.a-qui-s.fr\/image\/upload\/v1773134413\/BLOG\/coloriagescre%CC%81atifsenfants.jpg\" \/>\n<meta name=\"author\" content=\"Jade\" \/>\n<meta name=\"twitter:card\" content=\"summary_large_image\" \/>\n<meta name=\"twitter:image\" content=\"https:\/\/images.a-qui-s.fr\/image\/upload\/v1773134413\/BLOG\/coloriagescre%CC%81atifsenfants.jpg\" \/>\n<meta name=\"twitter:creator\" content=\"@aquis_fr\" \/>\n<meta name=\"twitter:site\" content=\"@aquis_fr\" \/>\n<meta name=\"twitter:label1\" content=\"Written by\" \/>\n\t<meta name=\"twitter:data1\" content=\"Jade\" \/>\n\t<meta name=\"twitter:label2\" content=\"Est. reading time\" \/>\n\t<meta name=\"twitter:data2\" content=\"4 minutes\" \/>\n<script type=\"application\/ld+json\" class=\"yoast-schema-graph\">{\"@context\":\"https:\/\/schema.org\",\"@graph\":[{\"@type\":\"Article\",\"@id\":\"https:\/\/www.a-qui-s.fr\/le-blog\/diy-bricolage-enfant\/coloriage-oeufs-de-paques-creatifs\/#article\",\"isPartOf\":{\"@id\":\"https:\/\/www.a-qui-s.fr\/le-blog\/diy-bricolage-enfant\/coloriage-oeufs-de-paques-creatifs\/\"},\"author\":{\"name\":\"Jade\",\"@id\":\"https:\/\/www.a-qui-s.fr\/le-blog\/#\/schema\/person\/212d51a9c74c6f049029b76528d27aa4\"},\"headline\":\"Coloriage Oeufs de P\u00e2ques cr\u00e9atifs\",\"datePublished\":\"57+00:00\",\"dateModified\":\"07+00:00\",\"mainEntityOfPage\":{\"@id\":\"https:\/\/www.a-qui-s.fr\/le-blog\/diy-bricolage-enfant\/coloriage-oeufs-de-paques-creatifs\/\"},\"wordCount\":697,\"commentCount\":0,\"publisher\":{\"@id\":\"https:\/\/www.a-qui-s.fr\/le-blog\/#organization\"},\"image\":{\"@id\":\"https:\/\/www.a-qui-s.fr\/le-blog\/diy-bricolage-enfant\/coloriage-oeufs-de-paques-creatifs\/#primaryimage\"},\"thumbnailUrl\":\"https:\/\/images.a-qui-s.fr\/image\/upload\/v1773134413\/BLOG\/coloriagescre%CC%81atifsenfants.jpg\",\"articleSection\":[\"DIY - Bricolage enfant\"],\"inLanguage\":\"fr-FR\",\"potentialAction\":[{\"@type\":\"CommentAction\",\"name\":\"Comment\",\"target\":[\"https:\/\/www.a-qui-s.fr\/le-blog\/diy-bricolage-enfant\/coloriage-oeufs-de-paques-creatifs\/#respond\"]}]},{\"@type\":\"WebPage\",\"@id\":\"https:\/\/www.a-qui-s.fr\/le-blog\/diy-bricolage-enfant\/coloriage-oeufs-de-paques-creatifs\/\",\"url\":\"https:\/\/www.a-qui-s.fr\/le-blog\/diy-bricolage-enfant\/coloriage-oeufs-de-paques-creatifs\/\",\"name\":\"Coloriage Oeufs de P\u00e2ques cr\u00e9atifs -\",\"isPartOf\":{\"@id\":\"https:\/\/www.a-qui-s.fr\/le-blog\/#website\"},\"primaryImageOfPage\":{\"@id\":\"https:\/\/www.a-qui-s.fr\/le-blog\/diy-bricolage-enfant\/coloriage-oeufs-de-paques-creatifs\/#primaryimage\"},\"image\":{\"@id\":\"https:\/\/www.a-qui-s.fr\/le-blog\/diy-bricolage-enfant\/coloriage-oeufs-de-paques-creatifs\/#primaryimage\"},\"thumbnailUrl\":\"https:\/\/images.a-qui-s.fr\/image\/upload\/v1773134413\/BLOG\/coloriagescre%CC%81atifsenfants.jpg\",\"datePublished\":\"57+00:00\",\"dateModified\":\"07+00:00\",\"description\":\"T\u00e9l\u00e9chargez gratuitement le coloriage des Oeufs Cr\u00e9atifs P\u00e2ques. Travaillez l'imagination, la concentration et la motricit\u00e9 de votre enfant.\",\"breadcrumb\":{\"@id\":\"https:\/\/www.a-qui-s.fr\/le-blog\/diy-bricolage-enfant\/coloriage-oeufs-de-paques-creatifs\/#breadcrumb\"},\"inLanguage\":\"fr-FR\",\"potentialAction\":[{\"@type\":\"ReadAction\",\"target\":[\"https:\/\/www.a-qui-s.fr\/le-blog\/diy-bricolage-enfant\/coloriage-oeufs-de-paques-creatifs\/\"]}]},{\"@type\":\"ImageObject\",\"inLanguage\":\"fr-FR\",\"@id\":\"https:\/\/www.a-qui-s.fr\/le-blog\/diy-bricolage-enfant\/coloriage-oeufs-de-paques-creatifs\/#primaryimage\",\"url\":\"https:\/\/images.a-qui-s.fr\/image\/upload\/v1773134413\/BLOG\/coloriagescre%CC%81atifsenfants.jpg\",\"contentUrl\":\"https:\/\/images.a-qui-s.fr\/image\/upload\/v1773134413\/BLOG\/coloriagescre%CC%81atifsenfants.jpg\",\"width\":\"840\",\"height\":\"1200\"},{\"@type\":\"BreadcrumbList\",\"@id\":\"https:\/\/www.a-qui-s.fr\/le-blog\/diy-bricolage-enfant\/coloriage-oeufs-de-paques-creatifs\/#breadcrumb\",\"itemListElement\":[{\"@type\":\"ListItem\",\"position\":1,\"name\":\"Accueil\",\"item\":\"https:\/\/www.a-qui-s.fr\/le-blog\/\"},{\"@type\":\"ListItem\",\"position\":2,\"name\":\"DIY - Bricolage enfant\",\"item\":\"https:\/\/www.a-qui-s.fr\/le-blog\/category\/diy-bricolage-enfant\/\"},{\"@type\":\"ListItem\",\"position\":3,\"name\":\"Coloriage Oeufs de P\u00e2ques cr\u00e9atifs\"}]},{\"@type\":\"WebSite\",\"@id\":\"https:\/\/www.a-qui-s.fr\/le-blog\/#website\",\"url\":\"https:\/\/www.a-qui-s.fr\/le-blog\/\",\"name\":\"LE BLOG d&#039;A-qui-S\",\"description\":\"La communaut\u00e9 des &quot;Pas-Perdus&quot;\",\"publisher\":{\"@id\":\"https:\/\/www.a-qui-s.fr\/le-blog\/#organization\"},\"potentialAction\":[{\"@type\":\"SearchAction\",\"target\":{\"@type\":\"EntryPoint\",\"urlTemplate\":\"https:\/\/www.a-qui-s.fr\/le-blog\/?s={search_term_string}\"},\"query-input\":{\"@type\":\"PropertyValueSpecification\",\"valueRequired\":true,\"valueName\":\"search_term_string\"}}],\"inLanguage\":\"fr-FR\"},{\"@type\":\"Organization\",\"@id\":\"https:\/\/www.a-qui-s.fr\/le-blog\/#organization\",\"name\":\"Etiquettes & compagnie\",\"url\":\"https:\/\/www.a-qui-s.fr\/le-blog\/\",\"logo\":{\"@type\":\"ImageObject\",\"inLanguage\":\"fr-FR\",\"@id\":\"https:\/\/www.a-qui-s.fr\/le-blog\/#\/schema\/logo\/image\/\",\"url\":\"https:\/\/www.a-qui-s.fr\/le-blog\/wp-content\/uploads\/2015\/05\/logo_a-qui-s.png\",\"contentUrl\":\"https:\/\/www.a-qui-s.fr\/le-blog\/wp-content\/uploads\/2015\/05\/logo_a-qui-s.png\",\"width\":132,\"height\":59,\"caption\":\"Etiquettes & compagnie\"},\"image\":{\"@id\":\"https:\/\/www.a-qui-s.fr\/le-blog\/#\/schema\/logo\/image\/\"},\"sameAs\":[\"https:\/\/www.facebook.com\/AquiS\/\",\"https:\/\/x.com\/aquis_fr\"]},{\"@type\":\"Person\",\"@id\":\"https:\/\/www.a-qui-s.fr\/le-blog\/#\/schema\/person\/212d51a9c74c6f049029b76528d27aa4\",\"name\":\"Jade\",\"image\":{\"@type\":\"ImageObject\",\"inLanguage\":\"fr-FR\",\"@id\":\"https:\/\/www.a-qui-s.fr\/le-blog\/#\/schema\/person\/image\/\",\"url\":\"https:\/\/secure.gravatar.com\/avatar\/c20c42b6c063d8daf9e1154ad2e9e2f0c050a81e9aa04ee6c5aa9c196b6b0855?s=96&d=mm&r=g\",\"contentUrl\":\"https:\/\/secure.gravatar.com\/avatar\/c20c42b6c063d8daf9e1154ad2e9e2f0c050a81e9aa04ee6c5aa9c196b6b0855?s=96&d=mm&r=g\",\"caption\":\"Jade\"},\"url\":\"https:\/\/www.a-qui-s.fr\/le-blog\/author\/jade\/\"}]}<\/script>\n<!-- \/ Yoast SEO plugin. -->","yoast_head_json":{"title":"Coloriage Oeufs de P\u00e2ques cr\u00e9atifs -","description":"T\u00e9l\u00e9chargez gratuitement le coloriage des Oeufs Cr\u00e9atifs P\u00e2ques. Travaillez l'imagination, la concentration et la motricit\u00e9 de votre enfant.","robots":{"index":"index","follow":"follow","max-snippet":"max-snippet:-1","max-image-preview":"max-image-preview:large","max-video-preview":"max-video-preview:-1"},"canonical":"https:\/\/www.a-qui-s.fr\/le-blog\/diy-bricolage-enfant\/coloriage-oeufs-de-paques-creatifs\/","og_locale":"fr_FR","og_type":"article","og_title":"Coloriage Oeufs de P\u00e2ques cr\u00e9atifs -","og_description":"T\u00e9l\u00e9chargez gratuitement le coloriage des Oeufs Cr\u00e9atifs P\u00e2ques. Travaillez l'imagination, la concentration et la motricit\u00e9 de votre enfant.","og_url":"https:\/\/www.a-qui-s.fr\/le-blog\/diy-bricolage-enfant\/coloriage-oeufs-de-paques-creatifs\/","og_site_name":"LE BLOG d&#039;A-qui-S","article_publisher":"https:\/\/www.facebook.com\/AquiS\/","article_published_time":"2026-03-10T09:47:57+00:00","article_modified_time":"2026-03-10T10:58:07+00:00","og_image":[{"url":"https:\/\/images.a-qui-s.fr\/image\/upload\/v1773134413\/BLOG\/coloriagescre%CC%81atifsenfants.jpg","type":"","width":"","height":""}],"author":"Jade","twitter_card":"summary_large_image","twitter_image":"https:\/\/images.a-qui-s.fr\/image\/upload\/v1773134413\/BLOG\/coloriagescre%CC%81atifsenfants.jpg","twitter_creator":"@aquis_fr","twitter_site":"@aquis_fr","twitter_misc":{"Written by":"Jade","Est. reading time":"4 minutes"},"schema":{"@context":"https:\/\/schema.org","@graph":[{"@type":"Article","@id":"https:\/\/www.a-qui-s.fr\/le-blog\/diy-bricolage-enfant\/coloriage-oeufs-de-paques-creatifs\/#article","isPartOf":{"@id":"https:\/\/www.a-qui-s.fr\/le-blog\/diy-bricolage-enfant\/coloriage-oeufs-de-paques-creatifs\/"},"author":{"name":"Jade","@id":"https:\/\/www.a-qui-s.fr\/le-blog\/#\/schema\/person\/212d51a9c74c6f049029b76528d27aa4"},"headline":"Coloriage Oeufs de P\u00e2ques cr\u00e9atifs","datePublished":"57+00:00","dateModified":"07+00:00","mainEntityOfPage":{"@id":"https:\/\/www.a-qui-s.fr\/le-blog\/diy-bricolage-enfant\/coloriage-oeufs-de-paques-creatifs\/"},"wordCount":697,"commentCount":0,"publisher":{"@id":"https:\/\/www.a-qui-s.fr\/le-blog\/#organization"},"image":{"@id":"https:\/\/www.a-qui-s.fr\/le-blog\/diy-bricolage-enfant\/coloriage-oeufs-de-paques-creatifs\/#primaryimage"},"thumbnailUrl":"https:\/\/images.a-qui-s.fr\/image\/upload\/v1773134413\/BLOG\/coloriagescre%CC%81atifsenfants.jpg","articleSection":["DIY - Bricolage enfant"],"inLanguage":"fr-FR","potentialAction":[{"@type":"CommentAction","name":"Comment","target":["https:\/\/www.a-qui-s.fr\/le-blog\/diy-bricolage-enfant\/coloriage-oeufs-de-paques-creatifs\/#respond"]}]},{"@type":"WebPage","@id":"https:\/\/www.a-qui-s.fr\/le-blog\/diy-bricolage-enfant\/coloriage-oeufs-de-paques-creatifs\/","url":"https:\/\/www.a-qui-s.fr\/le-blog\/diy-bricolage-enfant\/coloriage-oeufs-de-paques-creatifs\/","name":"Coloriage Oeufs de P\u00e2ques cr\u00e9atifs -","isPartOf":{"@id":"https:\/\/www.a-qui-s.fr\/le-blog\/#website"},"primaryImageOfPage":{"@id":"https:\/\/www.a-qui-s.fr\/le-blog\/diy-bricolage-enfant\/coloriage-oeufs-de-paques-creatifs\/#primaryimage"},"image":{"@id":"https:\/\/www.a-qui-s.fr\/le-blog\/diy-bricolage-enfant\/coloriage-oeufs-de-paques-creatifs\/#primaryimage"},"thumbnailUrl":"https:\/\/images.a-qui-s.fr\/image\/upload\/v1773134413\/BLOG\/coloriagescre%CC%81atifsenfants.jpg","datePublished":"57+00:00","dateModified":"07+00:00","description":"T\u00e9l\u00e9chargez gratuitement le coloriage des Oeufs Cr\u00e9atifs P\u00e2ques. Travaillez l'imagination, la concentration et la motricit\u00e9 de votre enfant.","breadcrumb":{"@id":"https:\/\/www.a-qui-s.fr\/le-blog\/diy-bricolage-enfant\/coloriage-oeufs-de-paques-creatifs\/#breadcrumb"},"inLanguage":"fr-FR","potentialAction":[{"@type":"ReadAction","target":["https:\/\/www.a-qui-s.fr\/le-blog\/diy-bricolage-enfant\/coloriage-oeufs-de-paques-creatifs\/"]}]},{"@type":"ImageObject","inLanguage":"fr-FR","@id":"https:\/\/www.a-qui-s.fr\/le-blog\/diy-bricolage-enfant\/coloriage-oeufs-de-paques-creatifs\/#primaryimage","url":"https:\/\/images.a-qui-s.fr\/image\/upload\/v1773134413\/BLOG\/coloriagescre%CC%81atifsenfants.jpg","contentUrl":"https:\/\/images.a-qui-s.fr\/image\/upload\/v1773134413\/BLOG\/coloriagescre%CC%81atifsenfants.jpg","width":"840","height":"1200"},{"@type":"BreadcrumbList","@id":"https:\/\/www.a-qui-s.fr\/le-blog\/diy-bricolage-enfant\/coloriage-oeufs-de-paques-creatifs\/#breadcrumb","itemListElement":[{"@type":"ListItem","position":1,"name":"Accueil","item":"https:\/\/www.a-qui-s.fr\/le-blog\/"},{"@type":"ListItem","position":2,"name":"DIY - Bricolage enfant","item":"https:\/\/www.a-qui-s.fr\/le-blog\/category\/diy-bricolage-enfant\/"},{"@type":"ListItem","position":3,"name":"Coloriage Oeufs de P\u00e2ques cr\u00e9atifs"}]},{"@type":"WebSite","@id":"https:\/\/www.a-qui-s.fr\/le-blog\/#website","url":"https:\/\/www.a-qui-s.fr\/le-blog\/","name":"LE BLOG d&#039;A-qui-S","description":"La communaut\u00e9 des &quot;Pas-Perdus&quot;","publisher":{"@id":"https:\/\/www.a-qui-s.fr\/le-blog\/#organization"},"potentialAction":[{"@type":"SearchAction","target":{"@type":"EntryPoint","urlTemplate":"https:\/\/www.a-qui-s.fr\/le-blog\/?s={search_term_string}"},"query-input":{"@type":"PropertyValueSpecification","valueRequired":true,"valueName":"search_term_string"}}],"inLanguage":"fr-FR"},{"@type":"Organization","@id":"https:\/\/www.a-qui-s.fr\/le-blog\/#organization","name":"Etiquettes & compagnie","url":"https:\/\/www.a-qui-s.fr\/le-blog\/","logo":{"@type":"ImageObject","inLanguage":"fr-FR","@id":"https:\/\/www.a-qui-s.fr\/le-blog\/#\/schema\/logo\/image\/","url":"https:\/\/www.a-qui-s.fr\/le-blog\/wp-content\/uploads\/2015\/05\/logo_a-qui-s.png","contentUrl":"https:\/\/www.a-qui-s.fr\/le-blog\/wp-content\/uploads\/2015\/05\/logo_a-qui-s.png","width":132,"height":59,"caption":"Etiquettes & compagnie"},"image":{"@id":"https:\/\/www.a-qui-s.fr\/le-blog\/#\/schema\/logo\/image\/"},"sameAs":["https:\/\/www.facebook.com\/AquiS\/","https:\/\/x.com\/aquis_fr"]},{"@type":"Person","@id":"https:\/\/www.a-qui-s.fr\/le-blog\/#\/schema\/person\/212d51a9c74c6f049029b76528d27aa4","name":"Jade","image":{"@type":"ImageObject","inLanguage":"fr-FR","@id":"https:\/\/www.a-qui-s.fr\/le-blog\/#\/schema\/person\/image\/","url":"https:\/\/secure.gravatar.com\/avatar\/c20c42b6c063d8daf9e1154ad2e9e2f0c050a81e9aa04ee6c5aa9c196b6b0855?s=96&d=mm&r=g","contentUrl":"https:\/\/secure.gravatar.com\/avatar\/c20c42b6c063d8daf9e1154ad2e9e2f0c050a81e9aa04ee6c5aa9c196b6b0855?s=96&d=mm&r=g","caption":"Jade"},"url":"https:\/\/www.a-qui-s.fr\/le-blog\/author\/jade\/"}]}},"_links":{"self":[{"href":"https:\/\/www.a-qui-s.fr\/le-blog\/wp-json\/wp\/v2\/posts\/20753","targetHints":{"allow":["GET"]}}],"collection":[{"href":"https:\/\/www.a-qui-s.fr\/le-blog\/wp-json\/wp\/v2\/posts"}],"about":[{"href":"https:\/\/www.a-qui-s.fr\/le-blog\/wp-json\/wp\/v2\/types\/post"}],"author":[{"embeddable":true,"href":"https:\/\/www.a-qui-s.fr\/le-blog\/wp-json\/wp\/v2\/users\/25"}],"replies":[{"embeddable":true,"href":"https:\/\/www.a-qui-s.fr\/le-blog\/wp-json\/wp\/v2\/comments?post=20753"}],"version-history":[{"count":11,"href":"https:\/\/www.a-qui-s.fr\/le-blog\/wp-json\/wp\/v2\/posts\/20753\/revisions"}],"predecessor-version":[{"id":20769,"href":"https:\/\/www.a-qui-s.fr\/le-blog\/wp-json\/wp\/v2\/posts\/20753\/revisions\/20769"}],"wp:featuredmedia":[{"embeddable":true,"href":"https:\/\/www.a-qui-s.fr\/le-blog\/wp-json\/wp\/v2\/media\/20755"}],"wp:attachment":[{"href":"https:\/\/www.a-qui-s.fr\/le-blog\/wp-json\/wp\/v2\/media?parent=20753"}],"wp:term":[{"taxonomy":"category","embeddable":true,"href":"https:\/\/www.a-qui-s.fr\/le-blog\/wp-json\/wp\/v2\/categories?post=20753"},{"taxonomy":"post_tag","embeddable":true,"href":"https:\/\/www.a-qui-s.fr\/le-blog\/wp-json\/wp\/v2\/tags?post=20753"}],"curies":[{"name":"wp","href":"https:\/\/api.w.org\/{rel}","templated":true}]}}