{"id":20389,"date":"2025-12-03T09:42:40","date_gmt":"2025-12-03T08:42:40","guid":{"rendered":"https:\/\/www.a-qui-s.fr\/le-blog\/?p=20389"},"modified":"2025-12-04T16:55:50","modified_gmt":"2025-12-04T15:55:50","slug":"coloriage-creatif-sapins-de-noel","status":"publish","type":"post","link":"https:\/\/www.a-qui-s.fr\/le-blog\/diy-bricolage-enfant\/coloriage-creatif-sapins-de-noel\/","title":{"rendered":"Coloriage cr\u00e9atif : Sapins de No\u00ebl"},"content":{"rendered":"\n<h2 class=\"wp-block-heading\">\ud83c\udf84 <strong>Sapins Cr\u00e9atifs : Un Coloriage de No\u00ebl Unique pour Stimuler l&rsquo;Imagination des Enfants !<\/strong><\/h2>\n\n\n\n<p>No\u00ebl approche \u00e0 grands pas, et il est temps de partager la magie des f\u00eates avec des activit\u00e9s amusantes et enrichissantes ! Pour rendre cette saison encore plus sp\u00e9ciale, nous vous proposons un coloriage de No\u00ebl qui ravira vos enfants : les <strong>Sapins Cr\u00e9atifs<\/strong> !<\/p>\n\n\n\n<p>Ce dessin a \u00e9t\u00e9 con\u00e7u pour captiver l&rsquo;imagination de votre enfant et l&rsquo;encourager \u00e0 explorer sa cr\u00e9ativit\u00e9, en couleurs et en formes.<br><\/p>\n\n\n\n<h3 class=\"wp-block-heading\">1. <strong>Un Coloriage de No\u00ebl \u00e0 T\u00e9l\u00e9charger<\/strong><\/h3>\n\n\n\n<p>Le d\u00e9fi ? Colorier <strong>chacun des 20 sapins diff\u00e9remment<\/strong> ! Lignes, points, rayures, spirales, ou m\u00eame des motifs invent\u00e9s&#8230; Laissez libre cours \u00e0 l&rsquo;imagination et \u00e0 la cr\u00e9ativit\u00e9 de votre enfant pour transformer cette for\u00eat de sapins en une \u0153uvre d&rsquo;art festive et multicolore.<\/p>\n\n\n\n<p><\/p>\n\n\n\n<figure class=\"wp-block-image aligncenter size-large is-resized\"><a href=\"https:\/\/l.etiquettes.a-qui-s.fr\/T\/WF\/7323\/UVGmES\/Register\/fr-CA\/Form.ofsys?Provenance=sapins_cre\u0301atifs_FR\"><img decoding=\"async\" src=\"https:\/\/images.a-qui-s.fr\/image\/upload\/v1764750165\/BLOG\/sapins_cre%CC%81atifsjpeg_FR.jpg\" alt=\"\" style=\"width:326px;height:auto\"\/><\/a><\/figure>\n\n\n\n<figure class=\"wp-block-image aligncenter\"><a href=\"https:\/\/l.etiquettes.a-qui-s.fr\/T\/WF\/7323\/UVGmES\/Register\/fr-CA\/Form.ofsys?Provenance=sapins_cre\u0301atifs_FR\"><img decoding=\"async\" src=\"https:\/\/res.cloudinary.com\/aquis\/image\/upload\/v1657026870\/telecharger.png\" alt=\"\"\/><\/a><\/figure>\n\n\n\n<p><br><\/p>\n\n\n\n<h3 class=\"wp-block-heading\">2. <strong>Les Bienfaits Multiples du Coloriage Cr\u00e9atif pour les Enfants<\/strong><\/h3>\n\n\n\n<p>L&rsquo;activit\u00e9 de colorier nos Sapins Cr\u00e9atifs permet de :<\/p>\n\n\n\n<ul class=\"wp-block-list\">\n<li><strong>D\u00e9velopper la Motricit\u00e9 Fine et la Pr\u00e9cision :<\/strong> En travaillant sur des motifs vari\u00e9s et parfois complexes, l&rsquo;enfant affine sa coordination \u0153il-main, essentielle pour des activit\u00e9s quotidiennes comme l&rsquo;\u00e9criture et la manipulation d&rsquo;objets.<\/li>\n\n\n\n<li><strong>Stimuler la Cr\u00e9ativit\u00e9 et l&rsquo;Originalit\u00e9 :<\/strong> L&rsquo;obligation de colorier chaque sapin diff\u00e9remment pousse l&rsquo;enfant \u00e0 imaginer et cr\u00e9er. Il doit visualiser, inventer des combinaisons de couleurs et cr\u00e9er de nouveaux motifs, d\u00e9veloppant ainsi sa pens\u00e9e cr\u00e9ative et son sens de l&rsquo;invention.<\/li>\n\n\n\n<li><strong>Renforcer la Concentration et la Patience :<\/strong> Le fait de devoir se concentrer sur chaque sapin, en changeant de couleur ou de technique, engage l&rsquo;enfant \u00e0 rester focalis\u00e9 sur la t\u00e2che \u00e0 accomplir pendant une p\u00e9riode d\u00e9termin\u00e9e.<\/li>\n\n\n\n<li><strong>Encourager l&rsquo;Expression et le Choix :<\/strong> Choisir 20 fa\u00e7ons uniques de colorier une m\u00eame forme refl\u00e8te l&rsquo;\u00e9tat d&rsquo;esprit et la personnalit\u00e9 de l&rsquo;enfant. C&rsquo;est un excellent moyen d&rsquo;exprimer ses pr\u00e9f\u00e9rences artistiques et ses humeurs \u00e0 travers sa cr\u00e9ation.<\/li>\n\n\n\n<li><strong>Renforcer la Confiance en Soi :<\/strong> \u00c0 mesure que l&rsquo;enfant rel\u00e8ve le d\u00e9fi de cr\u00e9er 20 designs diff\u00e9rents, il constate l&rsquo;am\u00e9lioration de son habilet\u00e9 \u00e0 manipuler ses outils et \u00e0 ex\u00e9cuter ses id\u00e9es, ce qui augmente sa fiert\u00e9 et sa confiance.<\/li>\n<\/ul>\n\n\n\n<p><\/p>\n\n\n\n<p><\/p>\n\n\n\n<hr class=\"wp-block-separator has-alpha-channel-opacity\"\/>\n\n\n\n<p><\/p>\n\n\n\n<h2 class=\"wp-block-heading\">\u2753 <strong>FAQ \u2013 R\u00e9ponses \u00e0 Vos Questions sur le Coloriage de No\u00ebl<\/strong><\/h2>\n\n\n\n<h3 class=\"wp-block-heading\">Q1 : O\u00f9 puis-je trouver des coloriages de No\u00ebl gratuits \u00e0 imprimer ? <\/h3>\n\n\n\n<p><strong>R :<\/strong> Vous pouvez t\u00e9l\u00e9charger gratuitement notre feuille de <strong>Sapins Cr\u00e9atifs<\/strong> directement dans cet article ! Nous proposons r\u00e9guli\u00e8rement de nouveaux <strong>coloriages de No\u00ebl \u00e0 imprimer<\/strong> ainsi que d&rsquo;autres <strong>activit\u00e9s cr\u00e9atives pour enfants<\/strong> sur notre blog.<\/p>\n\n\n\n<h3 class=\"wp-block-heading\">Q2 : Quel est l&rsquo;int\u00e9r\u00eat de proposer un coloriage de sapins o\u00f9 chaque sapin doit \u00eatre diff\u00e9rent ? <\/h3>\n\n\n\n<p><strong>R :<\/strong> L&rsquo;objectif de nos <strong>Sapins Cr\u00e9atifs<\/strong> est de maximiser la stimulation de la <strong>cr\u00e9ativit\u00e9 enfant<\/strong> ! En exigeant de l&rsquo;enfant de varier les motifs et les couleurs pour chaque sapin, on encourage l&rsquo;innovation, la prise de d\u00e9cision artistique et l&rsquo;exploration de nouvelles techniques de coloriage. C&rsquo;est une activit\u00e9 parfaite pour un <strong>No\u00ebl cr\u00e9atif<\/strong>.<\/p>\n\n\n\n<h3 class=\"wp-block-heading\">Q3 : Le coloriage des Sapins Cr\u00e9atifs aide-t-il au d\u00e9veloppement de la motricit\u00e9 fine ? <\/h3>\n\n\n\n<p><strong>R :<\/strong> Oui, tout \u00e0 fait. Ce type de coloriage, avec ses diff\u00e9rents motifs et ses lignes \u00e0 suivre, est un excellent exercice pour la <strong>motricit\u00e9 fine<\/strong>. Il permet \u00e0 l&rsquo;enfant d&rsquo;affiner son contr\u00f4le du crayon, sa pr\u00e9cision et sa coordination \u0153il-main, des comp\u00e9tences essentielles pour l&rsquo;\u00e9criture.<\/p>\n\n\n\n<h3 class=\"wp-block-heading\">Q4 : \u00c0 quel \u00e2ge recommandez-vous l&rsquo;activit\u00e9 de coloriage des Sapins Cr\u00e9atifs ? <\/h3>\n\n\n\n<p><strong>R :<\/strong> Cette <strong>activit\u00e9 cr\u00e9ative<\/strong> est id\u00e9ale pour les enfants de <strong>3 \u00e0 9 ans<\/strong>. Les plus jeunes appr\u00e9cieront la simplicit\u00e9 de la forme du sapin, tandis que les plus \u00e2g\u00e9s se concentreront sur la complexit\u00e9 des motifs \u00e0 inventer et \u00e0 colorier, transformant l&rsquo;activit\u00e9 en un v\u00e9ritable d\u00e9fi artistique.<\/p>\n\n\n\n<h3 class=\"wp-block-heading\">Q5 : Quelles fournitures recommandez-vous pour un coloriage r\u00e9ussi ? <\/h3>\n\n\n\n<p><strong>R :<\/strong> Pour une \u0153uvre vari\u00e9e et amusante, nous recommandons un m\u00e9lange de fournitures ! Utilisez des <strong>crayons de couleur<\/strong> pour la pr\u00e9cision sur les petits motifs, des <strong>feutres fins<\/strong> pour des lignes nettes et vives, et m\u00eame des <strong>pastels<\/strong> ou de la <strong>peinture<\/strong> si vous imprimez le dessin sur un papier plus \u00e9pais. Le but est d&rsquo;\u00eatre aussi cr\u00e9atif que possible !<\/p>\n\n\n\n<p><\/p>\n\n\n\n<p><\/p>\n\n\n\n<p>Retrouvez tous nos articles de DIY, recettes, et bonnes id\u00e9es pour toute la famille <a href=\"https:\/\/www.a-qui-s.fr\/le-blog\/\">ici<\/a>. <\/p>\n","protected":false},"excerpt":{"rendered":"<p>\ud83c\udf84 Sapins Cr\u00e9atifs : Un Coloriage de No\u00ebl Unique pour Stimuler l&rsquo;Imagination des Enfants ! No\u00ebl approche \u00e0 grands pas, et il est temps de partager la magie des f\u00eates avec des activit\u00e9s amusantes et enrichissantes ! Pour rendre cette saison encore plus sp\u00e9ciale, nous vous proposons un coloriage de No\u00ebl qui ravira vos enfants [&hellip;]<\/p>\n","protected":false},"author":25,"featured_media":20391,"comment_status":"open","ping_status":"open","sticky":false,"template":"","format":"standard","meta":{"_acf_changed":false,"fifu_image_url":"https:\/\/images.a-qui-s.fr\/image\/upload\/v1764750069\/BLOG\/sapins_cre%CC%81atifs_FR_coul.jpg","fifu_image_alt":"","footnotes":""},"categories":[59],"tags":[],"class_list":["post-20389","post","type-post","status-publish","format-standard","has-post-thumbnail","hentry","category-diy-bricolage-enfant"],"acf":[],"yoast_head":"<!-- This site is optimized with the Yoast SEO plugin v27.0 - https:\/\/yoast.com\/product\/yoast-seo-wordpress\/ -->\n<title>Coloriage cr\u00e9atif : Sapins de No\u00ebl -<\/title>\n<meta name=\"description\" content=\"Un coloriage de sapins de No\u00ebl pour stimuler la cr\u00e9ativit\u00e9 et la motricit\u00e9 de votre enfant, c&#039;est sur le blog A-qui-S !\" \/>\n<meta name=\"robots\" content=\"index, follow, max-snippet:-1, max-image-preview:large, max-video-preview:-1\" \/>\n<link rel=\"canonical\" href=\"https:\/\/www.a-qui-s.fr\/le-blog\/diy-bricolage-enfant\/coloriage-creatif-sapins-de-noel\/\" \/>\n<meta property=\"og:locale\" content=\"fr_FR\" \/>\n<meta property=\"og:type\" content=\"article\" \/>\n<meta property=\"og:title\" content=\"Coloriage cr\u00e9atif : Sapins de No\u00ebl -\" \/>\n<meta property=\"og:description\" content=\"Un coloriage de sapins de No\u00ebl pour stimuler la cr\u00e9ativit\u00e9 et la motricit\u00e9 de votre enfant, c&#039;est sur le blog A-qui-S !\" \/>\n<meta property=\"og:url\" content=\"https:\/\/www.a-qui-s.fr\/le-blog\/diy-bricolage-enfant\/coloriage-creatif-sapins-de-noel\/\" \/>\n<meta property=\"og:site_name\" content=\"LE BLOG d&#039;A-qui-S\" \/>\n<meta property=\"article:publisher\" content=\"https:\/\/www.facebook.com\/AquiS\/\" \/>\n<meta property=\"article:published_time\" content=\"2025-12-03T08:42:40+00:00\" \/>\n<meta property=\"article:modified_time\" content=\"2025-12-04T15:55:50+00:00\" \/>\n<meta property=\"og:image\" content=\"https:\/\/images.a-qui-s.fr\/image\/upload\/v1764750069\/BLOG\/sapins_cre%CC%81atifs_FR_coul.jpg\" \/>\n<meta name=\"author\" content=\"Jade\" \/>\n<meta name=\"twitter:card\" content=\"summary_large_image\" \/>\n<meta name=\"twitter:image\" content=\"https:\/\/images.a-qui-s.fr\/image\/upload\/v1764750069\/BLOG\/sapins_cre%CC%81atifs_FR_coul.jpg\" \/>\n<meta name=\"twitter:creator\" content=\"@aquis_fr\" \/>\n<meta name=\"twitter:site\" content=\"@aquis_fr\" \/>\n<meta name=\"twitter:label1\" content=\"Written by\" \/>\n\t<meta name=\"twitter:data1\" content=\"Jade\" \/>\n\t<meta name=\"twitter:label2\" content=\"Est. reading time\" \/>\n\t<meta name=\"twitter:data2\" content=\"4 minutes\" \/>\n<script type=\"application\/ld+json\" class=\"yoast-schema-graph\">{\"@context\":\"https:\/\/schema.org\",\"@graph\":[{\"@type\":\"Article\",\"@id\":\"https:\/\/www.a-qui-s.fr\/le-blog\/diy-bricolage-enfant\/coloriage-creatif-sapins-de-noel\/#article\",\"isPartOf\":{\"@id\":\"https:\/\/www.a-qui-s.fr\/le-blog\/diy-bricolage-enfant\/coloriage-creatif-sapins-de-noel\/\"},\"author\":{\"name\":\"Jade\",\"@id\":\"https:\/\/www.a-qui-s.fr\/le-blog\/#\/schema\/person\/212d51a9c74c6f049029b76528d27aa4\"},\"headline\":\"Coloriage cr\u00e9atif : Sapins de No\u00ebl\",\"datePublished\":\"40+00:00\",\"dateModified\":\"50+00:00\",\"mainEntityOfPage\":{\"@id\":\"https:\/\/www.a-qui-s.fr\/le-blog\/diy-bricolage-enfant\/coloriage-creatif-sapins-de-noel\/\"},\"wordCount\":754,\"commentCount\":0,\"publisher\":{\"@id\":\"https:\/\/www.a-qui-s.fr\/le-blog\/#organization\"},\"image\":{\"@id\":\"https:\/\/www.a-qui-s.fr\/le-blog\/diy-bricolage-enfant\/coloriage-creatif-sapins-de-noel\/#primaryimage\"},\"thumbnailUrl\":\"https:\/\/images.a-qui-s.fr\/image\/upload\/v1764750069\/BLOG\/sapins_cre%CC%81atifs_FR_coul.jpg\",\"articleSection\":[\"DIY - Bricolage enfant\"],\"inLanguage\":\"fr-FR\",\"potentialAction\":[{\"@type\":\"CommentAction\",\"name\":\"Comment\",\"target\":[\"https:\/\/www.a-qui-s.fr\/le-blog\/diy-bricolage-enfant\/coloriage-creatif-sapins-de-noel\/#respond\"]}]},{\"@type\":\"WebPage\",\"@id\":\"https:\/\/www.a-qui-s.fr\/le-blog\/diy-bricolage-enfant\/coloriage-creatif-sapins-de-noel\/\",\"url\":\"https:\/\/www.a-qui-s.fr\/le-blog\/diy-bricolage-enfant\/coloriage-creatif-sapins-de-noel\/\",\"name\":\"Coloriage cr\u00e9atif : Sapins de No\u00ebl -\",\"isPartOf\":{\"@id\":\"https:\/\/www.a-qui-s.fr\/le-blog\/#website\"},\"primaryImageOfPage\":{\"@id\":\"https:\/\/www.a-qui-s.fr\/le-blog\/diy-bricolage-enfant\/coloriage-creatif-sapins-de-noel\/#primaryimage\"},\"image\":{\"@id\":\"https:\/\/www.a-qui-s.fr\/le-blog\/diy-bricolage-enfant\/coloriage-creatif-sapins-de-noel\/#primaryimage\"},\"thumbnailUrl\":\"https:\/\/images.a-qui-s.fr\/image\/upload\/v1764750069\/BLOG\/sapins_cre%CC%81atifs_FR_coul.jpg\",\"datePublished\":\"40+00:00\",\"dateModified\":\"50+00:00\",\"description\":\"Un coloriage de sapins de No\u00ebl pour stimuler la cr\u00e9ativit\u00e9 et la motricit\u00e9 de votre enfant, c'est sur le blog A-qui-S !\",\"breadcrumb\":{\"@id\":\"https:\/\/www.a-qui-s.fr\/le-blog\/diy-bricolage-enfant\/coloriage-creatif-sapins-de-noel\/#breadcrumb\"},\"inLanguage\":\"fr-FR\",\"potentialAction\":[{\"@type\":\"ReadAction\",\"target\":[\"https:\/\/www.a-qui-s.fr\/le-blog\/diy-bricolage-enfant\/coloriage-creatif-sapins-de-noel\/\"]}]},{\"@type\":\"ImageObject\",\"inLanguage\":\"fr-FR\",\"@id\":\"https:\/\/www.a-qui-s.fr\/le-blog\/diy-bricolage-enfant\/coloriage-creatif-sapins-de-noel\/#primaryimage\",\"url\":\"https:\/\/images.a-qui-s.fr\/image\/upload\/v1764750069\/BLOG\/sapins_cre%CC%81atifs_FR_coul.jpg\",\"contentUrl\":\"https:\/\/images.a-qui-s.fr\/image\/upload\/v1764750069\/BLOG\/sapins_cre%CC%81atifs_FR_coul.jpg\",\"width\":\"595\",\"height\":\"841\"},{\"@type\":\"BreadcrumbList\",\"@id\":\"https:\/\/www.a-qui-s.fr\/le-blog\/diy-bricolage-enfant\/coloriage-creatif-sapins-de-noel\/#breadcrumb\",\"itemListElement\":[{\"@type\":\"ListItem\",\"position\":1,\"name\":\"Accueil\",\"item\":\"https:\/\/www.a-qui-s.fr\/le-blog\/\"},{\"@type\":\"ListItem\",\"position\":2,\"name\":\"DIY - Bricolage enfant\",\"item\":\"https:\/\/www.a-qui-s.fr\/le-blog\/category\/diy-bricolage-enfant\/\"},{\"@type\":\"ListItem\",\"position\":3,\"name\":\"Coloriage cr\u00e9atif : Sapins de No\u00ebl\"}]},{\"@type\":\"WebSite\",\"@id\":\"https:\/\/www.a-qui-s.fr\/le-blog\/#website\",\"url\":\"https:\/\/www.a-qui-s.fr\/le-blog\/\",\"name\":\"LE BLOG d&#039;A-qui-S\",\"description\":\"La communaut\u00e9 des &quot;Pas-Perdus&quot;\",\"publisher\":{\"@id\":\"https:\/\/www.a-qui-s.fr\/le-blog\/#organization\"},\"potentialAction\":[{\"@type\":\"SearchAction\",\"target\":{\"@type\":\"EntryPoint\",\"urlTemplate\":\"https:\/\/www.a-qui-s.fr\/le-blog\/?s={search_term_string}\"},\"query-input\":{\"@type\":\"PropertyValueSpecification\",\"valueRequired\":true,\"valueName\":\"search_term_string\"}}],\"inLanguage\":\"fr-FR\"},{\"@type\":\"Organization\",\"@id\":\"https:\/\/www.a-qui-s.fr\/le-blog\/#organization\",\"name\":\"Etiquettes & compagnie\",\"url\":\"https:\/\/www.a-qui-s.fr\/le-blog\/\",\"logo\":{\"@type\":\"ImageObject\",\"inLanguage\":\"fr-FR\",\"@id\":\"https:\/\/www.a-qui-s.fr\/le-blog\/#\/schema\/logo\/image\/\",\"url\":\"https:\/\/www.a-qui-s.fr\/le-blog\/wp-content\/uploads\/2015\/05\/logo_a-qui-s.png\",\"contentUrl\":\"https:\/\/www.a-qui-s.fr\/le-blog\/wp-content\/uploads\/2015\/05\/logo_a-qui-s.png\",\"width\":132,\"height\":59,\"caption\":\"Etiquettes & compagnie\"},\"image\":{\"@id\":\"https:\/\/www.a-qui-s.fr\/le-blog\/#\/schema\/logo\/image\/\"},\"sameAs\":[\"https:\/\/www.facebook.com\/AquiS\/\",\"https:\/\/x.com\/aquis_fr\"]},{\"@type\":\"Person\",\"@id\":\"https:\/\/www.a-qui-s.fr\/le-blog\/#\/schema\/person\/212d51a9c74c6f049029b76528d27aa4\",\"name\":\"Jade\",\"image\":{\"@type\":\"ImageObject\",\"inLanguage\":\"fr-FR\",\"@id\":\"https:\/\/www.a-qui-s.fr\/le-blog\/#\/schema\/person\/image\/\",\"url\":\"https:\/\/secure.gravatar.com\/avatar\/c20c42b6c063d8daf9e1154ad2e9e2f0c050a81e9aa04ee6c5aa9c196b6b0855?s=96&d=mm&r=g\",\"contentUrl\":\"https:\/\/secure.gravatar.com\/avatar\/c20c42b6c063d8daf9e1154ad2e9e2f0c050a81e9aa04ee6c5aa9c196b6b0855?s=96&d=mm&r=g\",\"caption\":\"Jade\"},\"url\":\"https:\/\/www.a-qui-s.fr\/le-blog\/author\/jade\/\"}]}<\/script>\n<!-- \/ Yoast SEO plugin. -->","yoast_head_json":{"title":"Coloriage cr\u00e9atif : Sapins de No\u00ebl -","description":"Un coloriage de sapins de No\u00ebl pour stimuler la cr\u00e9ativit\u00e9 et la motricit\u00e9 de votre enfant, c'est sur le blog A-qui-S !","robots":{"index":"index","follow":"follow","max-snippet":"max-snippet:-1","max-image-preview":"max-image-preview:large","max-video-preview":"max-video-preview:-1"},"canonical":"https:\/\/www.a-qui-s.fr\/le-blog\/diy-bricolage-enfant\/coloriage-creatif-sapins-de-noel\/","og_locale":"fr_FR","og_type":"article","og_title":"Coloriage cr\u00e9atif : Sapins de No\u00ebl -","og_description":"Un coloriage de sapins de No\u00ebl pour stimuler la cr\u00e9ativit\u00e9 et la motricit\u00e9 de votre enfant, c'est sur le blog A-qui-S !","og_url":"https:\/\/www.a-qui-s.fr\/le-blog\/diy-bricolage-enfant\/coloriage-creatif-sapins-de-noel\/","og_site_name":"LE BLOG d&#039;A-qui-S","article_publisher":"https:\/\/www.facebook.com\/AquiS\/","article_published_time":"2025-12-03T08:42:40+00:00","article_modified_time":"2025-12-04T15:55:50+00:00","og_image":[{"url":"https:\/\/images.a-qui-s.fr\/image\/upload\/v1764750069\/BLOG\/sapins_cre%CC%81atifs_FR_coul.jpg","type":"","width":"","height":""}],"author":"Jade","twitter_card":"summary_large_image","twitter_image":"https:\/\/images.a-qui-s.fr\/image\/upload\/v1764750069\/BLOG\/sapins_cre%CC%81atifs_FR_coul.jpg","twitter_creator":"@aquis_fr","twitter_site":"@aquis_fr","twitter_misc":{"Written by":"Jade","Est. reading time":"4 minutes"},"schema":{"@context":"https:\/\/schema.org","@graph":[{"@type":"Article","@id":"https:\/\/www.a-qui-s.fr\/le-blog\/diy-bricolage-enfant\/coloriage-creatif-sapins-de-noel\/#article","isPartOf":{"@id":"https:\/\/www.a-qui-s.fr\/le-blog\/diy-bricolage-enfant\/coloriage-creatif-sapins-de-noel\/"},"author":{"name":"Jade","@id":"https:\/\/www.a-qui-s.fr\/le-blog\/#\/schema\/person\/212d51a9c74c6f049029b76528d27aa4"},"headline":"Coloriage cr\u00e9atif : Sapins de No\u00ebl","datePublished":"40+00:00","dateModified":"50+00:00","mainEntityOfPage":{"@id":"https:\/\/www.a-qui-s.fr\/le-blog\/diy-bricolage-enfant\/coloriage-creatif-sapins-de-noel\/"},"wordCount":754,"commentCount":0,"publisher":{"@id":"https:\/\/www.a-qui-s.fr\/le-blog\/#organization"},"image":{"@id":"https:\/\/www.a-qui-s.fr\/le-blog\/diy-bricolage-enfant\/coloriage-creatif-sapins-de-noel\/#primaryimage"},"thumbnailUrl":"https:\/\/images.a-qui-s.fr\/image\/upload\/v1764750069\/BLOG\/sapins_cre%CC%81atifs_FR_coul.jpg","articleSection":["DIY - Bricolage enfant"],"inLanguage":"fr-FR","potentialAction":[{"@type":"CommentAction","name":"Comment","target":["https:\/\/www.a-qui-s.fr\/le-blog\/diy-bricolage-enfant\/coloriage-creatif-sapins-de-noel\/#respond"]}]},{"@type":"WebPage","@id":"https:\/\/www.a-qui-s.fr\/le-blog\/diy-bricolage-enfant\/coloriage-creatif-sapins-de-noel\/","url":"https:\/\/www.a-qui-s.fr\/le-blog\/diy-bricolage-enfant\/coloriage-creatif-sapins-de-noel\/","name":"Coloriage cr\u00e9atif : Sapins de No\u00ebl -","isPartOf":{"@id":"https:\/\/www.a-qui-s.fr\/le-blog\/#website"},"primaryImageOfPage":{"@id":"https:\/\/www.a-qui-s.fr\/le-blog\/diy-bricolage-enfant\/coloriage-creatif-sapins-de-noel\/#primaryimage"},"image":{"@id":"https:\/\/www.a-qui-s.fr\/le-blog\/diy-bricolage-enfant\/coloriage-creatif-sapins-de-noel\/#primaryimage"},"thumbnailUrl":"https:\/\/images.a-qui-s.fr\/image\/upload\/v1764750069\/BLOG\/sapins_cre%CC%81atifs_FR_coul.jpg","datePublished":"40+00:00","dateModified":"50+00:00","description":"Un coloriage de sapins de No\u00ebl pour stimuler la cr\u00e9ativit\u00e9 et la motricit\u00e9 de votre enfant, c'est sur le blog A-qui-S !","breadcrumb":{"@id":"https:\/\/www.a-qui-s.fr\/le-blog\/diy-bricolage-enfant\/coloriage-creatif-sapins-de-noel\/#breadcrumb"},"inLanguage":"fr-FR","potentialAction":[{"@type":"ReadAction","target":["https:\/\/www.a-qui-s.fr\/le-blog\/diy-bricolage-enfant\/coloriage-creatif-sapins-de-noel\/"]}]},{"@type":"ImageObject","inLanguage":"fr-FR","@id":"https:\/\/www.a-qui-s.fr\/le-blog\/diy-bricolage-enfant\/coloriage-creatif-sapins-de-noel\/#primaryimage","url":"https:\/\/images.a-qui-s.fr\/image\/upload\/v1764750069\/BLOG\/sapins_cre%CC%81atifs_FR_coul.jpg","contentUrl":"https:\/\/images.a-qui-s.fr\/image\/upload\/v1764750069\/BLOG\/sapins_cre%CC%81atifs_FR_coul.jpg","width":"595","height":"841"},{"@type":"BreadcrumbList","@id":"https:\/\/www.a-qui-s.fr\/le-blog\/diy-bricolage-enfant\/coloriage-creatif-sapins-de-noel\/#breadcrumb","itemListElement":[{"@type":"ListItem","position":1,"name":"Accueil","item":"https:\/\/www.a-qui-s.fr\/le-blog\/"},{"@type":"ListItem","position":2,"name":"DIY - Bricolage enfant","item":"https:\/\/www.a-qui-s.fr\/le-blog\/category\/diy-bricolage-enfant\/"},{"@type":"ListItem","position":3,"name":"Coloriage cr\u00e9atif : Sapins de No\u00ebl"}]},{"@type":"WebSite","@id":"https:\/\/www.a-qui-s.fr\/le-blog\/#website","url":"https:\/\/www.a-qui-s.fr\/le-blog\/","name":"LE BLOG d&#039;A-qui-S","description":"La communaut\u00e9 des &quot;Pas-Perdus&quot;","publisher":{"@id":"https:\/\/www.a-qui-s.fr\/le-blog\/#organization"},"potentialAction":[{"@type":"SearchAction","target":{"@type":"EntryPoint","urlTemplate":"https:\/\/www.a-qui-s.fr\/le-blog\/?s={search_term_string}"},"query-input":{"@type":"PropertyValueSpecification","valueRequired":true,"valueName":"search_term_string"}}],"inLanguage":"fr-FR"},{"@type":"Organization","@id":"https:\/\/www.a-qui-s.fr\/le-blog\/#organization","name":"Etiquettes & compagnie","url":"https:\/\/www.a-qui-s.fr\/le-blog\/","logo":{"@type":"ImageObject","inLanguage":"fr-FR","@id":"https:\/\/www.a-qui-s.fr\/le-blog\/#\/schema\/logo\/image\/","url":"https:\/\/www.a-qui-s.fr\/le-blog\/wp-content\/uploads\/2015\/05\/logo_a-qui-s.png","contentUrl":"https:\/\/www.a-qui-s.fr\/le-blog\/wp-content\/uploads\/2015\/05\/logo_a-qui-s.png","width":132,"height":59,"caption":"Etiquettes & compagnie"},"image":{"@id":"https:\/\/www.a-qui-s.fr\/le-blog\/#\/schema\/logo\/image\/"},"sameAs":["https:\/\/www.facebook.com\/AquiS\/","https:\/\/x.com\/aquis_fr"]},{"@type":"Person","@id":"https:\/\/www.a-qui-s.fr\/le-blog\/#\/schema\/person\/212d51a9c74c6f049029b76528d27aa4","name":"Jade","image":{"@type":"ImageObject","inLanguage":"fr-FR","@id":"https:\/\/www.a-qui-s.fr\/le-blog\/#\/schema\/person\/image\/","url":"https:\/\/secure.gravatar.com\/avatar\/c20c42b6c063d8daf9e1154ad2e9e2f0c050a81e9aa04ee6c5aa9c196b6b0855?s=96&d=mm&r=g","contentUrl":"https:\/\/secure.gravatar.com\/avatar\/c20c42b6c063d8daf9e1154ad2e9e2f0c050a81e9aa04ee6c5aa9c196b6b0855?s=96&d=mm&r=g","caption":"Jade"},"url":"https:\/\/www.a-qui-s.fr\/le-blog\/author\/jade\/"}]}},"_links":{"self":[{"href":"https:\/\/www.a-qui-s.fr\/le-blog\/wp-json\/wp\/v2\/posts\/20389","targetHints":{"allow":["GET"]}}],"collection":[{"href":"https:\/\/www.a-qui-s.fr\/le-blog\/wp-json\/wp\/v2\/posts"}],"about":[{"href":"https:\/\/www.a-qui-s.fr\/le-blog\/wp-json\/wp\/v2\/types\/post"}],"author":[{"embeddable":true,"href":"https:\/\/www.a-qui-s.fr\/le-blog\/wp-json\/wp\/v2\/users\/25"}],"replies":[{"embeddable":true,"href":"https:\/\/www.a-qui-s.fr\/le-blog\/wp-json\/wp\/v2\/comments?post=20389"}],"version-history":[{"count":3,"href":"https:\/\/www.a-qui-s.fr\/le-blog\/wp-json\/wp\/v2\/posts\/20389\/revisions"}],"predecessor-version":[{"id":20394,"href":"https:\/\/www.a-qui-s.fr\/le-blog\/wp-json\/wp\/v2\/posts\/20389\/revisions\/20394"}],"wp:featuredmedia":[{"embeddable":true,"href":"https:\/\/www.a-qui-s.fr\/le-blog\/wp-json\/wp\/v2\/media\/20391"}],"wp:attachment":[{"href":"https:\/\/www.a-qui-s.fr\/le-blog\/wp-json\/wp\/v2\/media?parent=20389"}],"wp:term":[{"taxonomy":"category","embeddable":true,"href":"https:\/\/www.a-qui-s.fr\/le-blog\/wp-json\/wp\/v2\/categories?post=20389"},{"taxonomy":"post_tag","embeddable":true,"href":"https:\/\/www.a-qui-s.fr\/le-blog\/wp-json\/wp\/v2\/tags?post=20389"}],"curies":[{"name":"wp","href":"https:\/\/api.w.org\/{rel}","templated":true}]}}