{"id":18686,"date":"2025-08-05T10:48:04","date_gmt":"2025-08-05T09:48:04","guid":{"rendered":"https:\/\/www.a-qui-s.fr\/le-blog\/?p=18686"},"modified":"2025-08-26T13:36:02","modified_gmt":"2025-08-26T12:36:02","slug":"le-porte-carte-a-colorier-ete-2025","status":"publish","type":"post","link":"https:\/\/www.a-qui-s.fr\/le-blog\/diy-bricolage-enfant\/le-porte-carte-a-colorier-ete-2025\/","title":{"rendered":"Le porte carte \u00e0 colorier Et\u00e9 2025"},"content":{"rendered":"<p>L&rsquo;\u00e9t\u00e9, les vacances, la plage, cela rime aussi avec jeux de soci\u00e9t\u00e9 ! En famille ou entre copains, nos enfants sont les rois du strat\u00e8ge&#8230; Alors A-qui-S \u00e0 cr\u00e9e pour eux un porte carte en papier, \u00e0 personnaliser en le coloriant ! Comme il est parfois difficile pour les petites mains de tenir un jeu de carte, le porte carte A-qui-S facilitera le jeu et les mouvements des plus-petits \ud83d\ude09<\/p>\n<p>Et pour le reste de la famille, chacun son porte carte, coloriez-le \u00e0 votre guise pour en avoir un diff\u00e9rent, le plus color\u00e9 gagnera la partie !<\/p>\n<p>\ud83d\udca1 <strong data-start=\"1273\" data-end=\"1283\">Astuce<\/strong> : une fois colori\u00e9e, vous pouvez d\u00e9couper et plier la carte pour en faire un joli rond de d\u00e9coration ou une carte \u00e0 offrir \u00e0 papi et mamie !<\/p>\n<p>&nbsp;<\/p>\n<p>&nbsp;<\/p>\n<p><img fetchpriority=\"high\" decoding=\"async\" class=\"aligncenter\" src=\"https:\/\/images.a-qui-s.fr\/image\/upload\/v1754465720\/BLOG\/PORTECARTE_JEU_ENFANT.jpg\" alt=\"porte carte jeu enfant\" width=\"264\" height=\"352\"><\/p>\n<p>&nbsp;<\/p>\n<h2>\u2702\ufe0f Mat\u00e9riel de r\u00e9alisation<\/h2>\n<ul>\n<li>Mod\u00e8le \u00e0 t\u00e9l\u00e9charger ci-dessus<\/li>\n<li>Du&nbsp;carton<\/li>\n<li>Une&nbsp;paire de ciseaux<\/li>\n<li>Un b\u00e2ton de colle<\/li>\n<li>Des&nbsp;crayons&nbsp;(ou&nbsp;feutres) de couleur<\/li>\n<\/ul>\n<h2>\ud83c\udfafLes \u00e9tapes de construction<\/h2>\n<div class=\"page\" title=\"Page 1\">\n<div class=\"layoutArea\">\n<div class=\"column\">\n<ol>\n<li>Coller la feuille sur un support fin cartonne\u0301 (type boi\u0302te de ce\u0301re\u0301ales)<\/li>\n<li>De\u0301couper le cercle le long du trace\u0301<\/li>\n<li>Plier le long des pointille\u0301s<\/li>\n<li>Installer les cartes&#8230;&#8230; et que la partie commence !&nbsp;<\/li>\n<\/ol>\n<\/div>\n<\/div>\n<\/div>\n<p>&nbsp;<\/p>\n<p>&nbsp;<\/p>\n<p><img decoding=\"async\" class=\"aligncenter\" src=\"https:\/\/images.a-qui-s.fr\/image\/upload\/v1754386889\/BLOG\/_cartecouv.jpg\" alt=\"porte carte personnalis\u00e9\" width=\"287\" height=\"279\"><\/p>\n<p><a href=\"https:\/\/l.etiquettes.a-qui-s.fr\/T\/WF\/7323\/UVGmES\/Register\/fr-CA\/Form.ofsys?Provenance=cartee\u0301te\u03012025.pdf\"><img decoding=\"async\" class=\"aligncenter\" src=\"https:\/\/images.a-qui-s.fr\/image\/upload\/v1751550609\/BLOG\/telecharger.png\" alt=\"t\u00e9l\u00e9charger porte carte personnalis\u00e9\" width=\"211\" height=\"43\"><\/a><\/p>\n<p>&nbsp;<\/p>\n<p>&nbsp;<\/p>\n<p>&nbsp;<\/p>\n<h2 class=\"\" data-start=\"2821\" data-end=\"2863\">\ud83d\udca1 Le petit + d&rsquo;A-qui-S<\/h2>\n<p class=\"\" data-start=\"2865\" data-end=\"3165\">Et parce que l&rsquo;ann\u00e9e scolaire ne fait que d\u00e9buter, n&rsquo;oubliez pas de vous \u00e9quiper en <a href=\"https:\/\/www.a-qui-s.fr\/etiquettes-et-objets-personnalises-pour-marquer-et-retrouver-ses-affaires-a-lecole\/\">\u00e9tiquettes<\/a> et marquer toutes les affaires de vos enfants.<br \/>\nVous pouvez aussi faire le plein de <a href=\"https:\/\/www.a-qui-s.fr\/pack-gourde-et-boite-gouter\">boites \u00e0 gouter<\/a>, de <a href=\"https:\/\/www.a-qui-s.fr\/sacs-personnalises\/\">sacs et pochettes<\/a> et encore bien d&rsquo;autres produits utiles de la vie quotidienne. (Pour les enfants, et aussi pour vous !)<\/p>\n<p class=\"\" data-start=\"3241\" data-end=\"3275\">\ud83d\udc49 <em data-start=\"85\" data-end=\"207\" data-is-last-node=\"\">Retrouvez encore plus de conseils sur nos r\u00e9seaux sociaux : <a href=\"https:\/\/www.instagram.com\/etiquettesaquis\/\">Instagram<\/a>, <a href=\"https:\/\/www.facebook.com\/AquiS\/\">Facebook<\/a> et <a href=\"https:\/\/fr.pinterest.com\/aquisfr\/\">Pinterest<\/a> !<\/em><\/p>\n","protected":false},"excerpt":{"rendered":"<p>L&rsquo;\u00e9t\u00e9, les vacances, la plage, cela rime aussi avec jeux de soci\u00e9t\u00e9 ! En famille ou entre copains, nos enfants sont les rois du strat\u00e8ge&#8230; Alors A-qui-S \u00e0 cr\u00e9e pour eux un porte carte en papier, \u00e0 personnaliser en le coloriant ! Comme il est parfois difficile pour les petites mains de tenir un jeu [&hellip;]<\/p>\n","protected":false},"author":2,"featured_media":19536,"comment_status":"open","ping_status":"open","sticky":false,"template":"","format":"standard","meta":{"_acf_changed":false,"fifu_image_url":"https:\/\/images.a-qui-s.fr\/image\/upload\/v1754386889\/BLOG\/_cartecouv.jpg","fifu_image_alt":"Le porte carte \u00e0 colorier","footnotes":""},"categories":[59],"tags":[],"class_list":["post-18686","post","type-post","status-publish","format-standard","has-post-thumbnail","hentry","category-diy-bricolage-enfant"],"acf":[],"yoast_head":"<!-- This site is optimized with the Yoast SEO plugin v27.0 - https:\/\/yoast.com\/product\/yoast-seo-wordpress\/ -->\n<title>Le porte carte \u00e0 colorier Et\u00e9 2025 -<\/title>\n<meta name=\"description\" content=\"D\u00e9couvrez notre porte carte \u00e0 colorier. T\u00e9l\u00e9chargez-le et imprimez-le pour passer un moment ludique et amusant en famille.\" \/>\n<meta name=\"robots\" content=\"index, follow, max-snippet:-1, max-image-preview:large, max-video-preview:-1\" \/>\n<link rel=\"canonical\" href=\"https:\/\/www.a-qui-s.fr\/le-blog\/diy-bricolage-enfant\/le-porte-carte-a-colorier-ete-2025\/\" \/>\n<meta property=\"og:locale\" content=\"fr_FR\" \/>\n<meta property=\"og:type\" content=\"article\" \/>\n<meta property=\"og:title\" content=\"Le porte carte \u00e0 colorier Et\u00e9 2025 -\" \/>\n<meta property=\"og:description\" content=\"D\u00e9couvrez notre porte carte \u00e0 colorier. T\u00e9l\u00e9chargez-le et imprimez-le pour passer un moment ludique et amusant en famille.\" \/>\n<meta property=\"og:url\" content=\"https:\/\/www.a-qui-s.fr\/le-blog\/diy-bricolage-enfant\/le-porte-carte-a-colorier-ete-2025\/\" \/>\n<meta property=\"og:site_name\" content=\"LE BLOG d&#039;A-qui-S\" \/>\n<meta property=\"article:publisher\" content=\"https:\/\/www.facebook.com\/AquiS\/\" \/>\n<meta property=\"article:published_time\" content=\"2025-08-05T09:48:04+00:00\" \/>\n<meta property=\"article:modified_time\" content=\"2025-08-26T12:36:02+00:00\" \/>\n<meta property=\"og:image\" content=\"https:\/\/images.a-qui-s.fr\/image\/upload\/v1754386889\/BLOG\/_cartecouv.jpg\" \/>\n<meta name=\"author\" content=\"Louise de A-qui-S\" \/>\n<meta name=\"twitter:card\" content=\"summary_large_image\" \/>\n<meta name=\"twitter:image\" content=\"https:\/\/images.a-qui-s.fr\/image\/upload\/v1754386889\/BLOG\/_cartecouv.jpg\" \/>\n<meta name=\"twitter:creator\" content=\"@aquis_fr\" \/>\n<meta name=\"twitter:site\" content=\"@aquis_fr\" \/>\n<meta name=\"twitter:label1\" content=\"Written by\" \/>\n\t<meta name=\"twitter:data1\" content=\"Louise de A-qui-S\" \/>\n\t<meta name=\"twitter:label2\" content=\"Est. reading time\" \/>\n\t<meta name=\"twitter:data2\" content=\"3 minutes\" \/>\n<script type=\"application\/ld+json\" class=\"yoast-schema-graph\">{\"@context\":\"https:\/\/schema.org\",\"@graph\":[{\"@type\":\"Article\",\"@id\":\"https:\/\/www.a-qui-s.fr\/le-blog\/diy-bricolage-enfant\/le-porte-carte-a-colorier-ete-2025\/#article\",\"isPartOf\":{\"@id\":\"https:\/\/www.a-qui-s.fr\/le-blog\/diy-bricolage-enfant\/le-porte-carte-a-colorier-ete-2025\/\"},\"author\":{\"name\":\"Louise de A-qui-S\",\"@id\":\"https:\/\/www.a-qui-s.fr\/le-blog\/#\/schema\/person\/d98098c165f4481653780d6fa061f531\"},\"headline\":\"Le porte carte \u00e0 colorier Et\u00e9 2025\",\"datePublished\":\"04+00:00\",\"dateModified\":\"02+00:00\",\"mainEntityOfPage\":{\"@id\":\"https:\/\/www.a-qui-s.fr\/le-blog\/diy-bricolage-enfant\/le-porte-carte-a-colorier-ete-2025\/\"},\"wordCount\":289,\"commentCount\":0,\"publisher\":{\"@id\":\"https:\/\/www.a-qui-s.fr\/le-blog\/#organization\"},\"image\":{\"@id\":\"https:\/\/www.a-qui-s.fr\/le-blog\/diy-bricolage-enfant\/le-porte-carte-a-colorier-ete-2025\/#primaryimage\"},\"thumbnailUrl\":\"https:\/\/images.a-qui-s.fr\/image\/upload\/v1754386889\/BLOG\/_cartecouv.jpg\",\"articleSection\":[\"DIY - Bricolage enfant\"],\"inLanguage\":\"fr-FR\",\"potentialAction\":[{\"@type\":\"CommentAction\",\"name\":\"Comment\",\"target\":[\"https:\/\/www.a-qui-s.fr\/le-blog\/diy-bricolage-enfant\/le-porte-carte-a-colorier-ete-2025\/#respond\"]}]},{\"@type\":\"WebPage\",\"@id\":\"https:\/\/www.a-qui-s.fr\/le-blog\/diy-bricolage-enfant\/le-porte-carte-a-colorier-ete-2025\/\",\"url\":\"https:\/\/www.a-qui-s.fr\/le-blog\/diy-bricolage-enfant\/le-porte-carte-a-colorier-ete-2025\/\",\"name\":\"Le porte carte \u00e0 colorier Et\u00e9 2025 -\",\"isPartOf\":{\"@id\":\"https:\/\/www.a-qui-s.fr\/le-blog\/#website\"},\"primaryImageOfPage\":{\"@id\":\"https:\/\/www.a-qui-s.fr\/le-blog\/diy-bricolage-enfant\/le-porte-carte-a-colorier-ete-2025\/#primaryimage\"},\"image\":{\"@id\":\"https:\/\/www.a-qui-s.fr\/le-blog\/diy-bricolage-enfant\/le-porte-carte-a-colorier-ete-2025\/#primaryimage\"},\"thumbnailUrl\":\"https:\/\/images.a-qui-s.fr\/image\/upload\/v1754386889\/BLOG\/_cartecouv.jpg\",\"datePublished\":\"04+00:00\",\"dateModified\":\"02+00:00\",\"description\":\"D\u00e9couvrez notre porte carte \u00e0 colorier. T\u00e9l\u00e9chargez-le et imprimez-le pour passer un moment ludique et amusant en famille.\",\"breadcrumb\":{\"@id\":\"https:\/\/www.a-qui-s.fr\/le-blog\/diy-bricolage-enfant\/le-porte-carte-a-colorier-ete-2025\/#breadcrumb\"},\"inLanguage\":\"fr-FR\",\"potentialAction\":[{\"@type\":\"ReadAction\",\"target\":[\"https:\/\/www.a-qui-s.fr\/le-blog\/diy-bricolage-enfant\/le-porte-carte-a-colorier-ete-2025\/\"]}]},{\"@type\":\"ImageObject\",\"inLanguage\":\"fr-FR\",\"@id\":\"https:\/\/www.a-qui-s.fr\/le-blog\/diy-bricolage-enfant\/le-porte-carte-a-colorier-ete-2025\/#primaryimage\",\"url\":\"https:\/\/images.a-qui-s.fr\/image\/upload\/v1754386889\/BLOG\/_cartecouv.jpg\",\"contentUrl\":\"https:\/\/images.a-qui-s.fr\/image\/upload\/v1754386889\/BLOG\/_cartecouv.jpg\",\"width\":\"1080\",\"height\":\"1050\",\"caption\":\"Le porte carte \u00e0 colorier\"},{\"@type\":\"BreadcrumbList\",\"@id\":\"https:\/\/www.a-qui-s.fr\/le-blog\/diy-bricolage-enfant\/le-porte-carte-a-colorier-ete-2025\/#breadcrumb\",\"itemListElement\":[{\"@type\":\"ListItem\",\"position\":1,\"name\":\"Accueil\",\"item\":\"https:\/\/www.a-qui-s.fr\/le-blog\/\"},{\"@type\":\"ListItem\",\"position\":2,\"name\":\"DIY - Bricolage enfant\",\"item\":\"https:\/\/www.a-qui-s.fr\/le-blog\/category\/diy-bricolage-enfant\/\"},{\"@type\":\"ListItem\",\"position\":3,\"name\":\"Le porte carte \u00e0 colorier Et\u00e9 2025\"}]},{\"@type\":\"WebSite\",\"@id\":\"https:\/\/www.a-qui-s.fr\/le-blog\/#website\",\"url\":\"https:\/\/www.a-qui-s.fr\/le-blog\/\",\"name\":\"LE BLOG d&#039;A-qui-S\",\"description\":\"La communaut\u00e9 des &quot;Pas-Perdus&quot;\",\"publisher\":{\"@id\":\"https:\/\/www.a-qui-s.fr\/le-blog\/#organization\"},\"potentialAction\":[{\"@type\":\"SearchAction\",\"target\":{\"@type\":\"EntryPoint\",\"urlTemplate\":\"https:\/\/www.a-qui-s.fr\/le-blog\/?s={search_term_string}\"},\"query-input\":{\"@type\":\"PropertyValueSpecification\",\"valueRequired\":true,\"valueName\":\"search_term_string\"}}],\"inLanguage\":\"fr-FR\"},{\"@type\":\"Organization\",\"@id\":\"https:\/\/www.a-qui-s.fr\/le-blog\/#organization\",\"name\":\"Etiquettes & compagnie\",\"url\":\"https:\/\/www.a-qui-s.fr\/le-blog\/\",\"logo\":{\"@type\":\"ImageObject\",\"inLanguage\":\"fr-FR\",\"@id\":\"https:\/\/www.a-qui-s.fr\/le-blog\/#\/schema\/logo\/image\/\",\"url\":\"https:\/\/www.a-qui-s.fr\/le-blog\/wp-content\/uploads\/2015\/05\/logo_a-qui-s.png\",\"contentUrl\":\"https:\/\/www.a-qui-s.fr\/le-blog\/wp-content\/uploads\/2015\/05\/logo_a-qui-s.png\",\"width\":132,\"height\":59,\"caption\":\"Etiquettes & compagnie\"},\"image\":{\"@id\":\"https:\/\/www.a-qui-s.fr\/le-blog\/#\/schema\/logo\/image\/\"},\"sameAs\":[\"https:\/\/www.facebook.com\/AquiS\/\",\"https:\/\/x.com\/aquis_fr\"]},{\"@type\":\"Person\",\"@id\":\"https:\/\/www.a-qui-s.fr\/le-blog\/#\/schema\/person\/d98098c165f4481653780d6fa061f531\",\"name\":\"Louise de A-qui-S\",\"image\":{\"@type\":\"ImageObject\",\"inLanguage\":\"fr-FR\",\"@id\":\"https:\/\/www.a-qui-s.fr\/le-blog\/#\/schema\/person\/image\/\",\"url\":\"https:\/\/secure.gravatar.com\/avatar\/7a713547ddd2e0fc4130ec55978934dc3f12ef2095fa1cba20e2f0efcd0728c4?s=96&d=mm&r=g\",\"contentUrl\":\"https:\/\/secure.gravatar.com\/avatar\/7a713547ddd2e0fc4130ec55978934dc3f12ef2095fa1cba20e2f0efcd0728c4?s=96&d=mm&r=g\",\"caption\":\"Louise de A-qui-S\"},\"url\":\"https:\/\/www.a-qui-s.fr\/le-blog\/author\/julia\/\"}]}<\/script>\n<!-- \/ Yoast SEO plugin. -->","yoast_head_json":{"title":"Le porte carte \u00e0 colorier Et\u00e9 2025 -","description":"D\u00e9couvrez notre porte carte \u00e0 colorier. T\u00e9l\u00e9chargez-le et imprimez-le pour passer un moment ludique et amusant en famille.","robots":{"index":"index","follow":"follow","max-snippet":"max-snippet:-1","max-image-preview":"max-image-preview:large","max-video-preview":"max-video-preview:-1"},"canonical":"https:\/\/www.a-qui-s.fr\/le-blog\/diy-bricolage-enfant\/le-porte-carte-a-colorier-ete-2025\/","og_locale":"fr_FR","og_type":"article","og_title":"Le porte carte \u00e0 colorier Et\u00e9 2025 -","og_description":"D\u00e9couvrez notre porte carte \u00e0 colorier. T\u00e9l\u00e9chargez-le et imprimez-le pour passer un moment ludique et amusant en famille.","og_url":"https:\/\/www.a-qui-s.fr\/le-blog\/diy-bricolage-enfant\/le-porte-carte-a-colorier-ete-2025\/","og_site_name":"LE BLOG d&#039;A-qui-S","article_publisher":"https:\/\/www.facebook.com\/AquiS\/","article_published_time":"2025-08-05T09:48:04+00:00","article_modified_time":"2025-08-26T12:36:02+00:00","og_image":[{"url":"https:\/\/images.a-qui-s.fr\/image\/upload\/v1754386889\/BLOG\/_cartecouv.jpg","type":"","width":"","height":""}],"author":"Louise de A-qui-S","twitter_card":"summary_large_image","twitter_image":"https:\/\/images.a-qui-s.fr\/image\/upload\/v1754386889\/BLOG\/_cartecouv.jpg","twitter_creator":"@aquis_fr","twitter_site":"@aquis_fr","twitter_misc":{"Written by":"Louise de A-qui-S","Est. reading time":"3 minutes"},"schema":{"@context":"https:\/\/schema.org","@graph":[{"@type":"Article","@id":"https:\/\/www.a-qui-s.fr\/le-blog\/diy-bricolage-enfant\/le-porte-carte-a-colorier-ete-2025\/#article","isPartOf":{"@id":"https:\/\/www.a-qui-s.fr\/le-blog\/diy-bricolage-enfant\/le-porte-carte-a-colorier-ete-2025\/"},"author":{"name":"Louise de A-qui-S","@id":"https:\/\/www.a-qui-s.fr\/le-blog\/#\/schema\/person\/d98098c165f4481653780d6fa061f531"},"headline":"Le porte carte \u00e0 colorier Et\u00e9 2025","datePublished":"04+00:00","dateModified":"02+00:00","mainEntityOfPage":{"@id":"https:\/\/www.a-qui-s.fr\/le-blog\/diy-bricolage-enfant\/le-porte-carte-a-colorier-ete-2025\/"},"wordCount":289,"commentCount":0,"publisher":{"@id":"https:\/\/www.a-qui-s.fr\/le-blog\/#organization"},"image":{"@id":"https:\/\/www.a-qui-s.fr\/le-blog\/diy-bricolage-enfant\/le-porte-carte-a-colorier-ete-2025\/#primaryimage"},"thumbnailUrl":"https:\/\/images.a-qui-s.fr\/image\/upload\/v1754386889\/BLOG\/_cartecouv.jpg","articleSection":["DIY - Bricolage enfant"],"inLanguage":"fr-FR","potentialAction":[{"@type":"CommentAction","name":"Comment","target":["https:\/\/www.a-qui-s.fr\/le-blog\/diy-bricolage-enfant\/le-porte-carte-a-colorier-ete-2025\/#respond"]}]},{"@type":"WebPage","@id":"https:\/\/www.a-qui-s.fr\/le-blog\/diy-bricolage-enfant\/le-porte-carte-a-colorier-ete-2025\/","url":"https:\/\/www.a-qui-s.fr\/le-blog\/diy-bricolage-enfant\/le-porte-carte-a-colorier-ete-2025\/","name":"Le porte carte \u00e0 colorier Et\u00e9 2025 -","isPartOf":{"@id":"https:\/\/www.a-qui-s.fr\/le-blog\/#website"},"primaryImageOfPage":{"@id":"https:\/\/www.a-qui-s.fr\/le-blog\/diy-bricolage-enfant\/le-porte-carte-a-colorier-ete-2025\/#primaryimage"},"image":{"@id":"https:\/\/www.a-qui-s.fr\/le-blog\/diy-bricolage-enfant\/le-porte-carte-a-colorier-ete-2025\/#primaryimage"},"thumbnailUrl":"https:\/\/images.a-qui-s.fr\/image\/upload\/v1754386889\/BLOG\/_cartecouv.jpg","datePublished":"04+00:00","dateModified":"02+00:00","description":"D\u00e9couvrez notre porte carte \u00e0 colorier. T\u00e9l\u00e9chargez-le et imprimez-le pour passer un moment ludique et amusant en famille.","breadcrumb":{"@id":"https:\/\/www.a-qui-s.fr\/le-blog\/diy-bricolage-enfant\/le-porte-carte-a-colorier-ete-2025\/#breadcrumb"},"inLanguage":"fr-FR","potentialAction":[{"@type":"ReadAction","target":["https:\/\/www.a-qui-s.fr\/le-blog\/diy-bricolage-enfant\/le-porte-carte-a-colorier-ete-2025\/"]}]},{"@type":"ImageObject","inLanguage":"fr-FR","@id":"https:\/\/www.a-qui-s.fr\/le-blog\/diy-bricolage-enfant\/le-porte-carte-a-colorier-ete-2025\/#primaryimage","url":"https:\/\/images.a-qui-s.fr\/image\/upload\/v1754386889\/BLOG\/_cartecouv.jpg","contentUrl":"https:\/\/images.a-qui-s.fr\/image\/upload\/v1754386889\/BLOG\/_cartecouv.jpg","width":"1080","height":"1050","caption":"Le porte carte \u00e0 colorier"},{"@type":"BreadcrumbList","@id":"https:\/\/www.a-qui-s.fr\/le-blog\/diy-bricolage-enfant\/le-porte-carte-a-colorier-ete-2025\/#breadcrumb","itemListElement":[{"@type":"ListItem","position":1,"name":"Accueil","item":"https:\/\/www.a-qui-s.fr\/le-blog\/"},{"@type":"ListItem","position":2,"name":"DIY - Bricolage enfant","item":"https:\/\/www.a-qui-s.fr\/le-blog\/category\/diy-bricolage-enfant\/"},{"@type":"ListItem","position":3,"name":"Le porte carte \u00e0 colorier Et\u00e9 2025"}]},{"@type":"WebSite","@id":"https:\/\/www.a-qui-s.fr\/le-blog\/#website","url":"https:\/\/www.a-qui-s.fr\/le-blog\/","name":"LE BLOG d&#039;A-qui-S","description":"La communaut\u00e9 des &quot;Pas-Perdus&quot;","publisher":{"@id":"https:\/\/www.a-qui-s.fr\/le-blog\/#organization"},"potentialAction":[{"@type":"SearchAction","target":{"@type":"EntryPoint","urlTemplate":"https:\/\/www.a-qui-s.fr\/le-blog\/?s={search_term_string}"},"query-input":{"@type":"PropertyValueSpecification","valueRequired":true,"valueName":"search_term_string"}}],"inLanguage":"fr-FR"},{"@type":"Organization","@id":"https:\/\/www.a-qui-s.fr\/le-blog\/#organization","name":"Etiquettes & compagnie","url":"https:\/\/www.a-qui-s.fr\/le-blog\/","logo":{"@type":"ImageObject","inLanguage":"fr-FR","@id":"https:\/\/www.a-qui-s.fr\/le-blog\/#\/schema\/logo\/image\/","url":"https:\/\/www.a-qui-s.fr\/le-blog\/wp-content\/uploads\/2015\/05\/logo_a-qui-s.png","contentUrl":"https:\/\/www.a-qui-s.fr\/le-blog\/wp-content\/uploads\/2015\/05\/logo_a-qui-s.png","width":132,"height":59,"caption":"Etiquettes & compagnie"},"image":{"@id":"https:\/\/www.a-qui-s.fr\/le-blog\/#\/schema\/logo\/image\/"},"sameAs":["https:\/\/www.facebook.com\/AquiS\/","https:\/\/x.com\/aquis_fr"]},{"@type":"Person","@id":"https:\/\/www.a-qui-s.fr\/le-blog\/#\/schema\/person\/d98098c165f4481653780d6fa061f531","name":"Louise de A-qui-S","image":{"@type":"ImageObject","inLanguage":"fr-FR","@id":"https:\/\/www.a-qui-s.fr\/le-blog\/#\/schema\/person\/image\/","url":"https:\/\/secure.gravatar.com\/avatar\/7a713547ddd2e0fc4130ec55978934dc3f12ef2095fa1cba20e2f0efcd0728c4?s=96&d=mm&r=g","contentUrl":"https:\/\/secure.gravatar.com\/avatar\/7a713547ddd2e0fc4130ec55978934dc3f12ef2095fa1cba20e2f0efcd0728c4?s=96&d=mm&r=g","caption":"Louise de A-qui-S"},"url":"https:\/\/www.a-qui-s.fr\/le-blog\/author\/julia\/"}]}},"_links":{"self":[{"href":"https:\/\/www.a-qui-s.fr\/le-blog\/wp-json\/wp\/v2\/posts\/18686","targetHints":{"allow":["GET"]}}],"collection":[{"href":"https:\/\/www.a-qui-s.fr\/le-blog\/wp-json\/wp\/v2\/posts"}],"about":[{"href":"https:\/\/www.a-qui-s.fr\/le-blog\/wp-json\/wp\/v2\/types\/post"}],"author":[{"embeddable":true,"href":"https:\/\/www.a-qui-s.fr\/le-blog\/wp-json\/wp\/v2\/users\/2"}],"replies":[{"embeddable":true,"href":"https:\/\/www.a-qui-s.fr\/le-blog\/wp-json\/wp\/v2\/comments?post=18686"}],"version-history":[{"count":0,"href":"https:\/\/www.a-qui-s.fr\/le-blog\/wp-json\/wp\/v2\/posts\/18686\/revisions"}],"wp:featuredmedia":[{"embeddable":true,"href":"https:\/\/www.a-qui-s.fr\/le-blog\/wp-json\/wp\/v2\/media\/19536"}],"wp:attachment":[{"href":"https:\/\/www.a-qui-s.fr\/le-blog\/wp-json\/wp\/v2\/media?parent=18686"}],"wp:term":[{"taxonomy":"category","embeddable":true,"href":"https:\/\/www.a-qui-s.fr\/le-blog\/wp-json\/wp\/v2\/categories?post=18686"},{"taxonomy":"post_tag","embeddable":true,"href":"https:\/\/www.a-qui-s.fr\/le-blog\/wp-json\/wp\/v2\/tags?post=18686"}],"curies":[{"name":"wp","href":"https:\/\/api.w.org\/{rel}","templated":true}]}}