{"id":18640,"date":"2025-07-15T11:16:16","date_gmt":"2025-07-15T10:16:16","guid":{"rendered":"https:\/\/www.a-qui-s.fr\/le-blog\/?p=18640"},"modified":"2025-08-26T13:36:17","modified_gmt":"2025-08-26T12:36:17","slug":"ma-pancarte-le-premier-jour-decole-rentree-2025-2026","status":"publish","type":"post","link":"https:\/\/www.a-qui-s.fr\/le-blog\/diy-bricolage-enfant\/ma-pancarte-le-premier-jour-decole-rentree-2025-2026\/","title":{"rendered":"La pancarte Mon premier jour d&rsquo;\u00e9cole &#8211; Rentr\u00e9e  2025-2026"},"content":{"rendered":"<p>Vous \u00eates nombreux \u00e0 suivre depuis des ann\u00e9es notre collection de pancartes pour la rentr\u00e9e scolaire, alors cette ann\u00e9e encore, MERCI \u2728!<\/p>\n<p>Nous le savons, la rentr\u00e9e c\u2019est un m\u00e9lange d\u2019excitation et de stress pour les petits, alors transformons cela en un souvenir heureux pour les aider \u00e0 passer cette \u00e9tape !<\/p>\n<p>Chaque ann\u00e9e, on adore immortaliser ce moment unique : <strong data-start=\"634\" data-end=\"668\">le fameux premier jour d\u2019\u00e9cole<\/strong>. Et pour rendre la photo encore plus unique, on vous propose une <a href=\"https:\/\/l.etiquettes.a-qui-s.fr\/T\/WF\/7323\/UVGmES\/Register\/fr-CA\/Form.ofsys?Provenance=1erjourdecolepancarte.pdf\"><strong data-start=\"731\" data-end=\"770\">pancarte \u00e0 t\u00e9l\u00e9charger gratuitement<\/strong><\/a> pour ce grand jour.&nbsp;<\/p>\n<p>Notre pancarte comprends:<\/p>\n<ul>\n<li>le pr\u00e9nom de votre enfant<\/li>\n<li>sa classe<\/li>\n<li>comment il se sent la veille de la rentr\u00e9e<\/li>\n<li>le pr\u00e9nom de ses amis<\/li>\n<li>le m\u00e9tier qu&rsquo;il aimerait faire<\/li>\n<li>son plus beau souvenir des vacances d&rsquo;\u00e9t\u00e9Et hop, un petit tr\u00e9sor pour l\u2019album de famille !<\/li>\n<\/ul>\n<p>&nbsp;<\/p>\n<p><a href=\"https:\/\/l.etiquettes.a-qui-s.fr\/T\/WF\/7323\/UVGmES\/Register\/fr-CA\/Form.ofsys?Provenance=1erjourdecolepancarte.pdf\"><img fetchpriority=\"high\" decoding=\"async\" class=\"aligncenter\" src=\"https:\/\/images.a-qui-s.fr\/image\/upload\/v1753695908\/BLOG\/fr.jpg\" alt=\"\" width=\"368\" height=\"368\"><\/a><\/p>\n<h2 data-start=\"102\" data-end=\"140\">&nbsp;<\/h2>\n<h2 data-start=\"102\" data-end=\"140\"><strong data-start=\"106\" data-end=\"138\">\u2764\ufe0f Pourquoi vous allez l&rsquo;adorer ?<\/strong><\/h2>\n<p data-start=\"142\" data-end=\"378\">Chaque rentr\u00e9e est un petit \u00e9v\u00e9nement, et quoi de mieux qu\u2019une photo pleine de bonne humeur pour marquer le coup ? Avec cette pancarte, votre enfant pose fi\u00e8rement, cartable sur le dos et regard p\u00e9tillant : un vrai clich\u00e9 \u00e0 encadrer !<\/p>\n<p data-start=\"380\" data-end=\"576\">Ann\u00e9e apr\u00e8s ann\u00e9e, ces photos deviennent un joli rituel. Elles racontent son histoire, montrent comme il change et grandit\u2026 Un souvenir simple, mais tellement pr\u00e9cieux \u00e0 conserver et \u00e0 partager, avec amour.&nbsp;<\/p>\n<h3>&nbsp;<\/h3>\n<h3 style=\"text-align: center;\"><strong>T\u00e9l\u00e9chargez la pancarte Mon 1er jour d&rsquo;\u00e9cole<\/strong><\/h3>\n<p><a href=\"https:\/\/l.etiquettes.a-qui-s.fr\/T\/WF\/7323\/UVGmES\/Register\/fr-CA\/Form.ofsys?Provenance=1erjourdecolepancarte.pdf\"><img decoding=\"async\" class=\"aligncenter\" src=\"https:\/\/images.a-qui-s.fr\/image\/upload\/v1752570702\/BLOG\/1ERJOUR_fr.jpg\" alt=\"Pancarte mon 1er jour d'\u00e9cole\" width=\"327\" height=\"462\"><\/a><\/p>\n<p><a href=\"https:\/\/l.etiquettes.a-qui-s.fr\/T\/WF\/7323\/UVGmES\/Register\/fr-CA\/Form.ofsys?Provenance=1erjourdecolepancarte.pdf\"><img decoding=\"async\" class=\"aligncenter\" src=\"https:\/\/images.a-qui-s.fr\/image\/upload\/v1744377239\/BLOG\/bouton-telecharger-blog.png\" alt=\"\" width=\"206\" height=\"43\"><\/a><\/p>\n<p>&nbsp;<\/p>\n<h2 class=\"\" data-start=\"2821\" data-end=\"2863\">\ud83d\udca1 Le petit + d&rsquo;A-qui-S<\/h2>\n<p class=\"\" data-start=\"2865\" data-end=\"3165\">Et parce que l&rsquo;ann\u00e9e scolaire ne fait que d\u00e9buter, n&rsquo;oubliez pas de vous \u00e9quiper en <a href=\"https:\/\/www.a-qui-s.fr\/etiquettes-et-objets-personnalises-pour-marquer-et-retrouver-ses-affaires-a-lecole\/\">\u00e9tiquettes<\/a> et marquer toutes les affaires de vos enfants.<br \/>\nVous pouvez aussi faire le plein de <a href=\"https:\/\/www.a-qui-s.fr\/pack-gourde-et-boite-gouter\">boites \u00e0 gouter<\/a>, de <a href=\"https:\/\/www.a-qui-s.fr\/sacs-personnalises\/\">sacs et pochettes<\/a> et encore bien d&rsquo;autres produits utiles de la vie quotidienne. (Pour les enfants, et aussi pour vous !)<\/p>\n<p class=\"\" data-start=\"3241\" data-end=\"3275\">\ud83d\udc49 <em data-start=\"85\" data-end=\"207\" data-is-last-node=\"\">Retrouvez encore plus de conseils sur nos r\u00e9seaux sociaux : <a href=\"https:\/\/www.instagram.com\/etiquettesaquis\/\">Instagram<\/a>, <a href=\"https:\/\/www.facebook.com\/AquiS\/\">Facebook<\/a> et <a href=\"https:\/\/fr.pinterest.com\/aquisfr\/\">Pinterest<\/a> !<\/em><\/p>\n","protected":false},"excerpt":{"rendered":"<p>Vous \u00eates nombreux \u00e0 suivre depuis des ann\u00e9es notre collection de pancartes pour la rentr\u00e9e scolaire, alors cette ann\u00e9e encore, MERCI \u2728! Nous le savons, la rentr\u00e9e c\u2019est un m\u00e9lange d\u2019excitation et de stress pour les petits, alors transformons cela en un souvenir heureux pour les aider \u00e0 passer cette \u00e9tape ! Chaque ann\u00e9e, on [&hellip;]<\/p>\n","protected":false},"author":2,"featured_media":19541,"comment_status":"open","ping_status":"open","sticky":false,"template":"","format":"standard","meta":{"_acf_changed":false,"fifu_image_url":"https:\/\/images.a-qui-s.fr\/image\/upload\/v1753695908\/BLOG\/fr.jpg","fifu_image_alt":"Ma pancarte Le premier jour d\u2019\u00e9cole \u2013 Rentr\u00e9e  2025-2026","footnotes":""},"categories":[59,55],"tags":[],"class_list":["post-18640","post","type-post","status-publish","format-standard","has-post-thumbnail","hentry","category-diy-bricolage-enfant","category-trucs-et-astuces"],"acf":[],"yoast_head":"<!-- This site is optimized with the Yoast SEO plugin v27.0 - https:\/\/yoast.com\/product\/yoast-seo-wordpress\/ -->\n<title>La pancarte Mon premier jour d&#039;\u00e9cole - Rentr\u00e9e 2025-2026 -<\/title>\n<meta name=\"description\" content=\"La rentr\u00e9e est bient\u00f4t l\u00e0 ! Retrouvez notre pancarte Mon 1er jour d&#039;\u00e9cole 2025-2026 et t\u00e9l\u00e9chargez-la gratuitement.\" \/>\n<meta name=\"robots\" content=\"index, follow, max-snippet:-1, max-image-preview:large, max-video-preview:-1\" \/>\n<link rel=\"canonical\" href=\"https:\/\/www.a-qui-s.fr\/le-blog\/diy-bricolage-enfant\/ma-pancarte-le-premier-jour-decole-rentree-2025-2026\/\" \/>\n<meta property=\"og:locale\" content=\"fr_FR\" \/>\n<meta property=\"og:type\" content=\"article\" \/>\n<meta property=\"og:title\" content=\"La pancarte Mon premier jour d&#039;\u00e9cole - Rentr\u00e9e 2025-2026 -\" \/>\n<meta property=\"og:description\" content=\"La rentr\u00e9e est bient\u00f4t l\u00e0 ! Retrouvez notre pancarte Mon 1er jour d&#039;\u00e9cole 2025-2026 et t\u00e9l\u00e9chargez-la gratuitement.\" \/>\n<meta property=\"og:url\" content=\"https:\/\/www.a-qui-s.fr\/le-blog\/diy-bricolage-enfant\/ma-pancarte-le-premier-jour-decole-rentree-2025-2026\/\" \/>\n<meta property=\"og:site_name\" content=\"LE BLOG d&#039;A-qui-S\" \/>\n<meta property=\"article:publisher\" content=\"https:\/\/www.facebook.com\/AquiS\/\" \/>\n<meta property=\"article:published_time\" content=\"2025-07-15T10:16:16+00:00\" \/>\n<meta property=\"article:modified_time\" content=\"2025-08-26T12:36:17+00:00\" \/>\n<meta property=\"og:image\" content=\"https:\/\/images.a-qui-s.fr\/image\/upload\/v1753695908\/BLOG\/fr.jpg\" \/>\n<meta name=\"author\" content=\"Louise de A-qui-S\" \/>\n<meta name=\"twitter:card\" content=\"summary_large_image\" \/>\n<meta name=\"twitter:image\" content=\"https:\/\/images.a-qui-s.fr\/image\/upload\/v1753695908\/BLOG\/fr.jpg\" \/>\n<meta name=\"twitter:creator\" content=\"@aquis_fr\" \/>\n<meta name=\"twitter:site\" content=\"@aquis_fr\" \/>\n<meta name=\"twitter:label1\" content=\"Written by\" \/>\n\t<meta name=\"twitter:data1\" content=\"Louise de A-qui-S\" \/>\n\t<meta name=\"twitter:label2\" content=\"Est. reading time\" \/>\n\t<meta name=\"twitter:data2\" content=\"3 minutes\" \/>\n<script type=\"application\/ld+json\" class=\"yoast-schema-graph\">{\"@context\":\"https:\/\/schema.org\",\"@graph\":[{\"@type\":\"Article\",\"@id\":\"https:\/\/www.a-qui-s.fr\/le-blog\/diy-bricolage-enfant\/ma-pancarte-le-premier-jour-decole-rentree-2025-2026\/#article\",\"isPartOf\":{\"@id\":\"https:\/\/www.a-qui-s.fr\/le-blog\/diy-bricolage-enfant\/ma-pancarte-le-premier-jour-decole-rentree-2025-2026\/\"},\"author\":{\"name\":\"Louise de A-qui-S\",\"@id\":\"https:\/\/www.a-qui-s.fr\/le-blog\/#\/schema\/person\/d98098c165f4481653780d6fa061f531\"},\"headline\":\"La pancarte Mon premier jour d&rsquo;\u00e9cole &#8211; Rentr\u00e9e 2025-2026\",\"datePublished\":\"16+00:00\",\"dateModified\":\"17+00:00\",\"mainEntityOfPage\":{\"@id\":\"https:\/\/www.a-qui-s.fr\/le-blog\/diy-bricolage-enfant\/ma-pancarte-le-premier-jour-decole-rentree-2025-2026\/\"},\"wordCount\":330,\"commentCount\":1,\"publisher\":{\"@id\":\"https:\/\/www.a-qui-s.fr\/le-blog\/#organization\"},\"image\":{\"@id\":\"https:\/\/www.a-qui-s.fr\/le-blog\/diy-bricolage-enfant\/ma-pancarte-le-premier-jour-decole-rentree-2025-2026\/#primaryimage\"},\"thumbnailUrl\":\"https:\/\/images.a-qui-s.fr\/image\/upload\/v1753695908\/BLOG\/fr.jpg\",\"articleSection\":[\"DIY - Bricolage enfant\",\"Trucs et Astuces\"],\"inLanguage\":\"fr-FR\",\"potentialAction\":[{\"@type\":\"CommentAction\",\"name\":\"Comment\",\"target\":[\"https:\/\/www.a-qui-s.fr\/le-blog\/diy-bricolage-enfant\/ma-pancarte-le-premier-jour-decole-rentree-2025-2026\/#respond\"]}]},{\"@type\":\"WebPage\",\"@id\":\"https:\/\/www.a-qui-s.fr\/le-blog\/diy-bricolage-enfant\/ma-pancarte-le-premier-jour-decole-rentree-2025-2026\/\",\"url\":\"https:\/\/www.a-qui-s.fr\/le-blog\/diy-bricolage-enfant\/ma-pancarte-le-premier-jour-decole-rentree-2025-2026\/\",\"name\":\"La pancarte Mon premier jour d'\u00e9cole - Rentr\u00e9e 2025-2026 -\",\"isPartOf\":{\"@id\":\"https:\/\/www.a-qui-s.fr\/le-blog\/#website\"},\"primaryImageOfPage\":{\"@id\":\"https:\/\/www.a-qui-s.fr\/le-blog\/diy-bricolage-enfant\/ma-pancarte-le-premier-jour-decole-rentree-2025-2026\/#primaryimage\"},\"image\":{\"@id\":\"https:\/\/www.a-qui-s.fr\/le-blog\/diy-bricolage-enfant\/ma-pancarte-le-premier-jour-decole-rentree-2025-2026\/#primaryimage\"},\"thumbnailUrl\":\"https:\/\/images.a-qui-s.fr\/image\/upload\/v1753695908\/BLOG\/fr.jpg\",\"datePublished\":\"16+00:00\",\"dateModified\":\"17+00:00\",\"description\":\"La rentr\u00e9e est bient\u00f4t l\u00e0 ! Retrouvez notre pancarte Mon 1er jour d'\u00e9cole 2025-2026 et t\u00e9l\u00e9chargez-la gratuitement.\",\"breadcrumb\":{\"@id\":\"https:\/\/www.a-qui-s.fr\/le-blog\/diy-bricolage-enfant\/ma-pancarte-le-premier-jour-decole-rentree-2025-2026\/#breadcrumb\"},\"inLanguage\":\"fr-FR\",\"potentialAction\":[{\"@type\":\"ReadAction\",\"target\":[\"https:\/\/www.a-qui-s.fr\/le-blog\/diy-bricolage-enfant\/ma-pancarte-le-premier-jour-decole-rentree-2025-2026\/\"]}]},{\"@type\":\"ImageObject\",\"inLanguage\":\"fr-FR\",\"@id\":\"https:\/\/www.a-qui-s.fr\/le-blog\/diy-bricolage-enfant\/ma-pancarte-le-premier-jour-decole-rentree-2025-2026\/#primaryimage\",\"url\":\"https:\/\/images.a-qui-s.fr\/image\/upload\/v1753695908\/BLOG\/fr.jpg\",\"contentUrl\":\"https:\/\/images.a-qui-s.fr\/image\/upload\/v1753695908\/BLOG\/fr.jpg\",\"width\":\"3648\",\"height\":\"3648\",\"caption\":\"Ma pancarte Le premier jour d\u2019\u00e9cole \u2013 Rentr\u00e9e 2025-2026\"},{\"@type\":\"BreadcrumbList\",\"@id\":\"https:\/\/www.a-qui-s.fr\/le-blog\/diy-bricolage-enfant\/ma-pancarte-le-premier-jour-decole-rentree-2025-2026\/#breadcrumb\",\"itemListElement\":[{\"@type\":\"ListItem\",\"position\":1,\"name\":\"Accueil\",\"item\":\"https:\/\/www.a-qui-s.fr\/le-blog\/\"},{\"@type\":\"ListItem\",\"position\":2,\"name\":\"DIY - Bricolage enfant\",\"item\":\"https:\/\/www.a-qui-s.fr\/le-blog\/category\/diy-bricolage-enfant\/\"},{\"@type\":\"ListItem\",\"position\":3,\"name\":\"La pancarte Mon premier jour d&rsquo;\u00e9cole &#8211; Rentr\u00e9e 2025-2026\"}]},{\"@type\":\"WebSite\",\"@id\":\"https:\/\/www.a-qui-s.fr\/le-blog\/#website\",\"url\":\"https:\/\/www.a-qui-s.fr\/le-blog\/\",\"name\":\"LE BLOG d&#039;A-qui-S\",\"description\":\"La communaut\u00e9 des &quot;Pas-Perdus&quot;\",\"publisher\":{\"@id\":\"https:\/\/www.a-qui-s.fr\/le-blog\/#organization\"},\"potentialAction\":[{\"@type\":\"SearchAction\",\"target\":{\"@type\":\"EntryPoint\",\"urlTemplate\":\"https:\/\/www.a-qui-s.fr\/le-blog\/?s={search_term_string}\"},\"query-input\":{\"@type\":\"PropertyValueSpecification\",\"valueRequired\":true,\"valueName\":\"search_term_string\"}}],\"inLanguage\":\"fr-FR\"},{\"@type\":\"Organization\",\"@id\":\"https:\/\/www.a-qui-s.fr\/le-blog\/#organization\",\"name\":\"Etiquettes & compagnie\",\"url\":\"https:\/\/www.a-qui-s.fr\/le-blog\/\",\"logo\":{\"@type\":\"ImageObject\",\"inLanguage\":\"fr-FR\",\"@id\":\"https:\/\/www.a-qui-s.fr\/le-blog\/#\/schema\/logo\/image\/\",\"url\":\"https:\/\/www.a-qui-s.fr\/le-blog\/wp-content\/uploads\/2015\/05\/logo_a-qui-s.png\",\"contentUrl\":\"https:\/\/www.a-qui-s.fr\/le-blog\/wp-content\/uploads\/2015\/05\/logo_a-qui-s.png\",\"width\":132,\"height\":59,\"caption\":\"Etiquettes & compagnie\"},\"image\":{\"@id\":\"https:\/\/www.a-qui-s.fr\/le-blog\/#\/schema\/logo\/image\/\"},\"sameAs\":[\"https:\/\/www.facebook.com\/AquiS\/\",\"https:\/\/x.com\/aquis_fr\"]},{\"@type\":\"Person\",\"@id\":\"https:\/\/www.a-qui-s.fr\/le-blog\/#\/schema\/person\/d98098c165f4481653780d6fa061f531\",\"name\":\"Louise de A-qui-S\",\"image\":{\"@type\":\"ImageObject\",\"inLanguage\":\"fr-FR\",\"@id\":\"https:\/\/www.a-qui-s.fr\/le-blog\/#\/schema\/person\/image\/\",\"url\":\"https:\/\/secure.gravatar.com\/avatar\/7a713547ddd2e0fc4130ec55978934dc3f12ef2095fa1cba20e2f0efcd0728c4?s=96&d=mm&r=g\",\"contentUrl\":\"https:\/\/secure.gravatar.com\/avatar\/7a713547ddd2e0fc4130ec55978934dc3f12ef2095fa1cba20e2f0efcd0728c4?s=96&d=mm&r=g\",\"caption\":\"Louise de A-qui-S\"},\"url\":\"https:\/\/www.a-qui-s.fr\/le-blog\/author\/julia\/\"}]}<\/script>\n<!-- \/ Yoast SEO plugin. -->","yoast_head_json":{"title":"La pancarte Mon premier jour d'\u00e9cole - Rentr\u00e9e 2025-2026 -","description":"La rentr\u00e9e est bient\u00f4t l\u00e0 ! Retrouvez notre pancarte Mon 1er jour d'\u00e9cole 2025-2026 et t\u00e9l\u00e9chargez-la gratuitement.","robots":{"index":"index","follow":"follow","max-snippet":"max-snippet:-1","max-image-preview":"max-image-preview:large","max-video-preview":"max-video-preview:-1"},"canonical":"https:\/\/www.a-qui-s.fr\/le-blog\/diy-bricolage-enfant\/ma-pancarte-le-premier-jour-decole-rentree-2025-2026\/","og_locale":"fr_FR","og_type":"article","og_title":"La pancarte Mon premier jour d'\u00e9cole - Rentr\u00e9e 2025-2026 -","og_description":"La rentr\u00e9e est bient\u00f4t l\u00e0 ! Retrouvez notre pancarte Mon 1er jour d'\u00e9cole 2025-2026 et t\u00e9l\u00e9chargez-la gratuitement.","og_url":"https:\/\/www.a-qui-s.fr\/le-blog\/diy-bricolage-enfant\/ma-pancarte-le-premier-jour-decole-rentree-2025-2026\/","og_site_name":"LE BLOG d&#039;A-qui-S","article_publisher":"https:\/\/www.facebook.com\/AquiS\/","article_published_time":"2025-07-15T10:16:16+00:00","article_modified_time":"2025-08-26T12:36:17+00:00","og_image":[{"url":"https:\/\/images.a-qui-s.fr\/image\/upload\/v1753695908\/BLOG\/fr.jpg","type":"","width":"","height":""}],"author":"Louise de A-qui-S","twitter_card":"summary_large_image","twitter_image":"https:\/\/images.a-qui-s.fr\/image\/upload\/v1753695908\/BLOG\/fr.jpg","twitter_creator":"@aquis_fr","twitter_site":"@aquis_fr","twitter_misc":{"Written by":"Louise de A-qui-S","Est. reading time":"3 minutes"},"schema":{"@context":"https:\/\/schema.org","@graph":[{"@type":"Article","@id":"https:\/\/www.a-qui-s.fr\/le-blog\/diy-bricolage-enfant\/ma-pancarte-le-premier-jour-decole-rentree-2025-2026\/#article","isPartOf":{"@id":"https:\/\/www.a-qui-s.fr\/le-blog\/diy-bricolage-enfant\/ma-pancarte-le-premier-jour-decole-rentree-2025-2026\/"},"author":{"name":"Louise de A-qui-S","@id":"https:\/\/www.a-qui-s.fr\/le-blog\/#\/schema\/person\/d98098c165f4481653780d6fa061f531"},"headline":"La pancarte Mon premier jour d&rsquo;\u00e9cole &#8211; Rentr\u00e9e 2025-2026","datePublished":"16+00:00","dateModified":"17+00:00","mainEntityOfPage":{"@id":"https:\/\/www.a-qui-s.fr\/le-blog\/diy-bricolage-enfant\/ma-pancarte-le-premier-jour-decole-rentree-2025-2026\/"},"wordCount":330,"commentCount":1,"publisher":{"@id":"https:\/\/www.a-qui-s.fr\/le-blog\/#organization"},"image":{"@id":"https:\/\/www.a-qui-s.fr\/le-blog\/diy-bricolage-enfant\/ma-pancarte-le-premier-jour-decole-rentree-2025-2026\/#primaryimage"},"thumbnailUrl":"https:\/\/images.a-qui-s.fr\/image\/upload\/v1753695908\/BLOG\/fr.jpg","articleSection":["DIY - Bricolage enfant","Trucs et Astuces"],"inLanguage":"fr-FR","potentialAction":[{"@type":"CommentAction","name":"Comment","target":["https:\/\/www.a-qui-s.fr\/le-blog\/diy-bricolage-enfant\/ma-pancarte-le-premier-jour-decole-rentree-2025-2026\/#respond"]}]},{"@type":"WebPage","@id":"https:\/\/www.a-qui-s.fr\/le-blog\/diy-bricolage-enfant\/ma-pancarte-le-premier-jour-decole-rentree-2025-2026\/","url":"https:\/\/www.a-qui-s.fr\/le-blog\/diy-bricolage-enfant\/ma-pancarte-le-premier-jour-decole-rentree-2025-2026\/","name":"La pancarte Mon premier jour d'\u00e9cole - Rentr\u00e9e 2025-2026 -","isPartOf":{"@id":"https:\/\/www.a-qui-s.fr\/le-blog\/#website"},"primaryImageOfPage":{"@id":"https:\/\/www.a-qui-s.fr\/le-blog\/diy-bricolage-enfant\/ma-pancarte-le-premier-jour-decole-rentree-2025-2026\/#primaryimage"},"image":{"@id":"https:\/\/www.a-qui-s.fr\/le-blog\/diy-bricolage-enfant\/ma-pancarte-le-premier-jour-decole-rentree-2025-2026\/#primaryimage"},"thumbnailUrl":"https:\/\/images.a-qui-s.fr\/image\/upload\/v1753695908\/BLOG\/fr.jpg","datePublished":"16+00:00","dateModified":"17+00:00","description":"La rentr\u00e9e est bient\u00f4t l\u00e0 ! Retrouvez notre pancarte Mon 1er jour d'\u00e9cole 2025-2026 et t\u00e9l\u00e9chargez-la gratuitement.","breadcrumb":{"@id":"https:\/\/www.a-qui-s.fr\/le-blog\/diy-bricolage-enfant\/ma-pancarte-le-premier-jour-decole-rentree-2025-2026\/#breadcrumb"},"inLanguage":"fr-FR","potentialAction":[{"@type":"ReadAction","target":["https:\/\/www.a-qui-s.fr\/le-blog\/diy-bricolage-enfant\/ma-pancarte-le-premier-jour-decole-rentree-2025-2026\/"]}]},{"@type":"ImageObject","inLanguage":"fr-FR","@id":"https:\/\/www.a-qui-s.fr\/le-blog\/diy-bricolage-enfant\/ma-pancarte-le-premier-jour-decole-rentree-2025-2026\/#primaryimage","url":"https:\/\/images.a-qui-s.fr\/image\/upload\/v1753695908\/BLOG\/fr.jpg","contentUrl":"https:\/\/images.a-qui-s.fr\/image\/upload\/v1753695908\/BLOG\/fr.jpg","width":"3648","height":"3648","caption":"Ma pancarte Le premier jour d\u2019\u00e9cole \u2013 Rentr\u00e9e 2025-2026"},{"@type":"BreadcrumbList","@id":"https:\/\/www.a-qui-s.fr\/le-blog\/diy-bricolage-enfant\/ma-pancarte-le-premier-jour-decole-rentree-2025-2026\/#breadcrumb","itemListElement":[{"@type":"ListItem","position":1,"name":"Accueil","item":"https:\/\/www.a-qui-s.fr\/le-blog\/"},{"@type":"ListItem","position":2,"name":"DIY - Bricolage enfant","item":"https:\/\/www.a-qui-s.fr\/le-blog\/category\/diy-bricolage-enfant\/"},{"@type":"ListItem","position":3,"name":"La pancarte Mon premier jour d&rsquo;\u00e9cole &#8211; Rentr\u00e9e 2025-2026"}]},{"@type":"WebSite","@id":"https:\/\/www.a-qui-s.fr\/le-blog\/#website","url":"https:\/\/www.a-qui-s.fr\/le-blog\/","name":"LE BLOG d&#039;A-qui-S","description":"La communaut\u00e9 des &quot;Pas-Perdus&quot;","publisher":{"@id":"https:\/\/www.a-qui-s.fr\/le-blog\/#organization"},"potentialAction":[{"@type":"SearchAction","target":{"@type":"EntryPoint","urlTemplate":"https:\/\/www.a-qui-s.fr\/le-blog\/?s={search_term_string}"},"query-input":{"@type":"PropertyValueSpecification","valueRequired":true,"valueName":"search_term_string"}}],"inLanguage":"fr-FR"},{"@type":"Organization","@id":"https:\/\/www.a-qui-s.fr\/le-blog\/#organization","name":"Etiquettes & compagnie","url":"https:\/\/www.a-qui-s.fr\/le-blog\/","logo":{"@type":"ImageObject","inLanguage":"fr-FR","@id":"https:\/\/www.a-qui-s.fr\/le-blog\/#\/schema\/logo\/image\/","url":"https:\/\/www.a-qui-s.fr\/le-blog\/wp-content\/uploads\/2015\/05\/logo_a-qui-s.png","contentUrl":"https:\/\/www.a-qui-s.fr\/le-blog\/wp-content\/uploads\/2015\/05\/logo_a-qui-s.png","width":132,"height":59,"caption":"Etiquettes & compagnie"},"image":{"@id":"https:\/\/www.a-qui-s.fr\/le-blog\/#\/schema\/logo\/image\/"},"sameAs":["https:\/\/www.facebook.com\/AquiS\/","https:\/\/x.com\/aquis_fr"]},{"@type":"Person","@id":"https:\/\/www.a-qui-s.fr\/le-blog\/#\/schema\/person\/d98098c165f4481653780d6fa061f531","name":"Louise de A-qui-S","image":{"@type":"ImageObject","inLanguage":"fr-FR","@id":"https:\/\/www.a-qui-s.fr\/le-blog\/#\/schema\/person\/image\/","url":"https:\/\/secure.gravatar.com\/avatar\/7a713547ddd2e0fc4130ec55978934dc3f12ef2095fa1cba20e2f0efcd0728c4?s=96&d=mm&r=g","contentUrl":"https:\/\/secure.gravatar.com\/avatar\/7a713547ddd2e0fc4130ec55978934dc3f12ef2095fa1cba20e2f0efcd0728c4?s=96&d=mm&r=g","caption":"Louise de A-qui-S"},"url":"https:\/\/www.a-qui-s.fr\/le-blog\/author\/julia\/"}]}},"_links":{"self":[{"href":"https:\/\/www.a-qui-s.fr\/le-blog\/wp-json\/wp\/v2\/posts\/18640","targetHints":{"allow":["GET"]}}],"collection":[{"href":"https:\/\/www.a-qui-s.fr\/le-blog\/wp-json\/wp\/v2\/posts"}],"about":[{"href":"https:\/\/www.a-qui-s.fr\/le-blog\/wp-json\/wp\/v2\/types\/post"}],"author":[{"embeddable":true,"href":"https:\/\/www.a-qui-s.fr\/le-blog\/wp-json\/wp\/v2\/users\/2"}],"replies":[{"embeddable":true,"href":"https:\/\/www.a-qui-s.fr\/le-blog\/wp-json\/wp\/v2\/comments?post=18640"}],"version-history":[{"count":0,"href":"https:\/\/www.a-qui-s.fr\/le-blog\/wp-json\/wp\/v2\/posts\/18640\/revisions"}],"wp:featuredmedia":[{"embeddable":true,"href":"https:\/\/www.a-qui-s.fr\/le-blog\/wp-json\/wp\/v2\/media\/19541"}],"wp:attachment":[{"href":"https:\/\/www.a-qui-s.fr\/le-blog\/wp-json\/wp\/v2\/media?parent=18640"}],"wp:term":[{"taxonomy":"category","embeddable":true,"href":"https:\/\/www.a-qui-s.fr\/le-blog\/wp-json\/wp\/v2\/categories?post=18640"},{"taxonomy":"post_tag","embeddable":true,"href":"https:\/\/www.a-qui-s.fr\/le-blog\/wp-json\/wp\/v2\/tags?post=18640"}],"curies":[{"name":"wp","href":"https:\/\/api.w.org\/{rel}","templated":true}]}}