{"id":184,"date":"2014-10-24T10:40:56","date_gmt":"2014-10-24T09:40:56","guid":{"rendered":"http:\/\/www.a-qui-s.fr\/le-blog\/?p=184"},"modified":"2025-08-21T12:31:16","modified_gmt":"2025-08-21T11:31:16","slug":"belle-tarte-aux-courgettes-carottes","status":"publish","type":"post","link":"https:\/\/www.a-qui-s.fr\/le-blog\/recettes\/belle-tarte-aux-courgettes-carottes\/","title":{"rendered":"La tarte aux courgettes et carottes : Notre super recette !"},"content":{"rendered":"<p>Une tarte aux courgettes et carottes pour le d\u00eener, \u00e7a vous tente ? Voici une jolie id\u00e9e pour faire manger des carottes et des courgettes \u00e0 vos petites canailles. Une recette \u00e0 adopter rapidement : elle est aussi facile que d\u00e9licieuse \ud83d\ude09&nbsp;<\/p>\n<p><a href=\"https:\/\/www.a-qui-s.fr\/le-blog\/wp-content\/uploads\/2014\/10\/FB.recette.png\"><img fetchpriority=\"high\" decoding=\"async\" class=\"alignnone wp-image-185 size-full\" src=\"https:\/\/www.a-qui-s.fr\/le-blog\/wp-content\/uploads\/2014\/10\/FB.recette.png\" alt=\"Tarte aux courgettes et carottes\" width=\"525\" height=\"407\" srcset=\"https:\/\/www.a-qui-s.fr\/le-blog\/wp-content\/uploads\/2014\/10\/FB.recette.png 525w, https:\/\/www.a-qui-s.fr\/le-blog\/wp-content\/uploads\/2014\/10\/FB.recette-300x233.png 300w\" sizes=\"(max-width: 525px) 100vw, 525px\" \/><\/a><\/p>\n<p><em>Photo : http:\/\/solianka.net\/<\/em><\/p>\n<p><strong>Les ingr\u00e9dients :<\/strong><\/p>\n<p>&#8211; Une p\u00e2te bris\u00e9e<br \/>\n&#8211; 2 courgettes&nbsp;?<br \/>\n&#8211; 3 carottes&nbsp;?<br \/>\n&#8211; 4 \u0153ufs&nbsp;?<br \/>\n&#8211; 1 gousse d&rsquo;ail<br \/>\n&#8211; 25cl de cr\u00e8me fra\u00eeche<br \/>\n&#8211; 300 ml de lait&nbsp;?ou 300 ml de cr\u00e8me fraiche<br \/>\n&#8211; 150 g de gruy\u00e8re&nbsp;?<br \/>\n&#8211; Une pinc\u00e9e de sel<br \/>\n&#8211; Une pinc\u00e9e de poivre<\/p>\n<p><strong>La recette pour la tarte aux courgettes et carottes :<\/strong><\/p>\n<ol>\n<li>Pour commencer, faire pr\u00e9chauffer le four \u00e0 180\u00b0<\/li>\n<li>Puis, prendre un plat assez profond et mettre du papier sulfuris\u00e9<\/li>\n<li>Placer la p\u00e2te briser au fond du plat, faire remonter la p\u00e2te sur les bords de mani\u00e8re \u00e0 ne plus voir l&rsquo;int\u00e9rieur du plat.<\/li>\n<li>Ensuite, couper avec une mandoline les carottes et les courgettes. Placer les \u00e0 la verticale en commen\u00e7ant par l\u2019ext\u00e9rieur de plat. Alterner une lamelle de courgette et une lamelle de carotte de fa\u00e7on \u00e0 ce que la tarte ressemble \u00e0 une jolie fleur.&nbsp;?<\/li>\n<li>Une fois les l\u00e9gumes d\u00e9coup\u00e9s, battre dans un saladier les 4 oeufs, ajouter la cr\u00e8me fra\u00eeche, le lait, l&rsquo;ail \u00e9cras\u00e9, le sel, le poivre et le gruy\u00e8re<\/li>\n<li>Enfin, verser la pr\u00e9paration sur la tarte<\/li>\n<li>&nbsp;Pour finir, enfourner la tarte au four pendant 50 min \u00e0 180\u00b0<\/li>\n<\/ol>\n<p>\u00c0 servir ti\u00e8de avec une petite salade par exemple?\u200d?.<\/p>\n<p>Bon app\u00e9tit&nbsp;?<\/p>\n<p>D&rsquo;autres id\u00e9es de recettes \u00e0 la courgette c&rsquo;est par <a href=\"https:\/\/www.pinterest.fr\/search\/pins\/?q=recette%20courgette&amp;rs=typed&amp;term_meta[]=recette%7Ctyped&amp;term_meta[]=courgette%7Ctyped\">ici<\/a> !<\/p>\n","protected":false},"excerpt":{"rendered":"<p>Une tarte aux courgettes et carottes pour le d\u00eener, \u00e7a vous tente ? Voici une jolie id\u00e9e pour faire manger des carottes et des courgettes \u00e0 vos petites canailles. Une recette \u00e0 adopter rapidement : elle est aussi facile que d\u00e9licieuse \ud83d\ude09&nbsp; Photo : http:\/\/solianka.net\/ Les ingr\u00e9dients : &#8211; Une p\u00e2te bris\u00e9e &#8211; 2 courgettes&nbsp;? [&hellip;]<\/p>\n","protected":false},"author":2,"featured_media":185,"comment_status":"open","ping_status":"open","sticky":false,"template":"","format":"standard","meta":{"_acf_changed":false,"fifu_image_url":"","fifu_image_alt":"","footnotes":""},"categories":[11],"tags":[],"class_list":["post-184","post","type-post","status-publish","format-standard","has-post-thumbnail","hentry","category-recettes"],"acf":[],"yoast_head":"<!-- This site is optimized with the Yoast SEO plugin v27.0 - https:\/\/yoast.com\/product\/yoast-seo-wordpress\/ -->\n<title>La tarte aux courgettes et carottes : Notre super recette ! -<\/title>\n<meta name=\"description\" content=\"Une tarte courgettes et carottes pour le d\u00eener, \u00e7a vous tente ? Voici une jolie id\u00e9e pour faire manger des carottes et des courgettes \u00e0 vos petits...\" \/>\n<meta name=\"robots\" content=\"index, follow, max-snippet:-1, max-image-preview:large, max-video-preview:-1\" \/>\n<link rel=\"canonical\" href=\"https:\/\/www.a-qui-s.fr\/le-blog\/recettes\/belle-tarte-aux-courgettes-carottes\/\" \/>\n<meta property=\"og:locale\" content=\"fr_FR\" \/>\n<meta property=\"og:type\" content=\"article\" \/>\n<meta property=\"og:title\" content=\"La tarte aux courgettes et carottes : Notre super recette ! -\" \/>\n<meta property=\"og:description\" content=\"Une tarte courgettes et carottes pour le d\u00eener, \u00e7a vous tente ? Voici une jolie id\u00e9e pour faire manger des carottes et des courgettes \u00e0 vos petits...\" \/>\n<meta property=\"og:url\" content=\"https:\/\/www.a-qui-s.fr\/le-blog\/recettes\/belle-tarte-aux-courgettes-carottes\/\" \/>\n<meta property=\"og:site_name\" content=\"LE BLOG d&#039;A-qui-S\" \/>\n<meta property=\"article:publisher\" content=\"https:\/\/www.facebook.com\/AquiS\/\" \/>\n<meta property=\"article:published_time\" content=\"2014-10-24T09:40:56+00:00\" \/>\n<meta property=\"article:modified_time\" content=\"2025-08-21T11:31:16+00:00\" \/>\n<meta property=\"og:image\" content=\"https:\/\/www.a-qui-s.fr\/le-blog\/wp-content\/uploads\/2014\/10\/FB.recette.png\" \/>\n\t<meta property=\"og:image:width\" content=\"525\" \/>\n\t<meta property=\"og:image:height\" content=\"407\" \/>\n\t<meta property=\"og:image:type\" content=\"image\/png\" \/>\n<meta name=\"author\" content=\"Louise de A-qui-S\" \/>\n<meta name=\"twitter:card\" content=\"summary_large_image\" \/>\n<meta name=\"twitter:creator\" content=\"@aquis_fr\" \/>\n<meta name=\"twitter:site\" content=\"@aquis_fr\" \/>\n<meta name=\"twitter:label1\" content=\"Written by\" \/>\n\t<meta name=\"twitter:data1\" content=\"Louise de A-qui-S\" \/>\n\t<meta name=\"twitter:label2\" content=\"Est. reading time\" \/>\n\t<meta name=\"twitter:data2\" content=\"1 minute\" \/>\n<script type=\"application\/ld+json\" class=\"yoast-schema-graph\">{\"@context\":\"https:\/\/schema.org\",\"@graph\":[{\"@type\":\"Article\",\"@id\":\"https:\/\/www.a-qui-s.fr\/le-blog\/recettes\/belle-tarte-aux-courgettes-carottes\/#article\",\"isPartOf\":{\"@id\":\"https:\/\/www.a-qui-s.fr\/le-blog\/recettes\/belle-tarte-aux-courgettes-carottes\/\"},\"author\":{\"name\":\"Louise de A-qui-S\",\"@id\":\"https:\/\/www.a-qui-s.fr\/le-blog\/#\/schema\/person\/d98098c165f4481653780d6fa061f531\"},\"headline\":\"La tarte aux courgettes et carottes : Notre super recette !\",\"datePublished\":\"56+00:00\",\"dateModified\":\"16+00:00\",\"mainEntityOfPage\":{\"@id\":\"https:\/\/www.a-qui-s.fr\/le-blog\/recettes\/belle-tarte-aux-courgettes-carottes\/\"},\"wordCount\":288,\"commentCount\":9,\"publisher\":{\"@id\":\"https:\/\/www.a-qui-s.fr\/le-blog\/#organization\"},\"image\":{\"@id\":\"https:\/\/www.a-qui-s.fr\/le-blog\/recettes\/belle-tarte-aux-courgettes-carottes\/#primaryimage\"},\"thumbnailUrl\":\"https:\/\/www.a-qui-s.fr\/le-blog\/wp-content\/uploads\/2014\/10\/FB.recette.png\",\"articleSection\":[\"Recettes\"],\"inLanguage\":\"fr-FR\",\"potentialAction\":[{\"@type\":\"CommentAction\",\"name\":\"Comment\",\"target\":[\"https:\/\/www.a-qui-s.fr\/le-blog\/recettes\/belle-tarte-aux-courgettes-carottes\/#respond\"]}]},{\"@type\":\"WebPage\",\"@id\":\"https:\/\/www.a-qui-s.fr\/le-blog\/recettes\/belle-tarte-aux-courgettes-carottes\/\",\"url\":\"https:\/\/www.a-qui-s.fr\/le-blog\/recettes\/belle-tarte-aux-courgettes-carottes\/\",\"name\":\"La tarte aux courgettes et carottes : Notre super recette ! -\",\"isPartOf\":{\"@id\":\"https:\/\/www.a-qui-s.fr\/le-blog\/#website\"},\"primaryImageOfPage\":{\"@id\":\"https:\/\/www.a-qui-s.fr\/le-blog\/recettes\/belle-tarte-aux-courgettes-carottes\/#primaryimage\"},\"image\":{\"@id\":\"https:\/\/www.a-qui-s.fr\/le-blog\/recettes\/belle-tarte-aux-courgettes-carottes\/#primaryimage\"},\"thumbnailUrl\":\"https:\/\/www.a-qui-s.fr\/le-blog\/wp-content\/uploads\/2014\/10\/FB.recette.png\",\"datePublished\":\"56+00:00\",\"dateModified\":\"16+00:00\",\"description\":\"Une tarte courgettes et carottes pour le d\u00eener, \u00e7a vous tente ? Voici une jolie id\u00e9e pour faire manger des carottes et des courgettes \u00e0 vos petits...\",\"breadcrumb\":{\"@id\":\"https:\/\/www.a-qui-s.fr\/le-blog\/recettes\/belle-tarte-aux-courgettes-carottes\/#breadcrumb\"},\"inLanguage\":\"fr-FR\",\"potentialAction\":[{\"@type\":\"ReadAction\",\"target\":[\"https:\/\/www.a-qui-s.fr\/le-blog\/recettes\/belle-tarte-aux-courgettes-carottes\/\"]}]},{\"@type\":\"ImageObject\",\"inLanguage\":\"fr-FR\",\"@id\":\"https:\/\/www.a-qui-s.fr\/le-blog\/recettes\/belle-tarte-aux-courgettes-carottes\/#primaryimage\",\"url\":\"https:\/\/www.a-qui-s.fr\/le-blog\/wp-content\/uploads\/2014\/10\/FB.recette.png\",\"contentUrl\":\"https:\/\/www.a-qui-s.fr\/le-blog\/wp-content\/uploads\/2014\/10\/FB.recette.png\",\"width\":525,\"height\":407},{\"@type\":\"BreadcrumbList\",\"@id\":\"https:\/\/www.a-qui-s.fr\/le-blog\/recettes\/belle-tarte-aux-courgettes-carottes\/#breadcrumb\",\"itemListElement\":[{\"@type\":\"ListItem\",\"position\":1,\"name\":\"Accueil\",\"item\":\"https:\/\/www.a-qui-s.fr\/le-blog\/\"},{\"@type\":\"ListItem\",\"position\":2,\"name\":\"Recettes\",\"item\":\"https:\/\/www.a-qui-s.fr\/le-blog\/category\/recettes\/\"},{\"@type\":\"ListItem\",\"position\":3,\"name\":\"La tarte aux courgettes et carottes : Notre super recette !\"}]},{\"@type\":\"WebSite\",\"@id\":\"https:\/\/www.a-qui-s.fr\/le-blog\/#website\",\"url\":\"https:\/\/www.a-qui-s.fr\/le-blog\/\",\"name\":\"LE BLOG d&#039;A-qui-S\",\"description\":\"La communaut\u00e9 des &quot;Pas-Perdus&quot;\",\"publisher\":{\"@id\":\"https:\/\/www.a-qui-s.fr\/le-blog\/#organization\"},\"potentialAction\":[{\"@type\":\"SearchAction\",\"target\":{\"@type\":\"EntryPoint\",\"urlTemplate\":\"https:\/\/www.a-qui-s.fr\/le-blog\/?s={search_term_string}\"},\"query-input\":{\"@type\":\"PropertyValueSpecification\",\"valueRequired\":true,\"valueName\":\"search_term_string\"}}],\"inLanguage\":\"fr-FR\"},{\"@type\":\"Organization\",\"@id\":\"https:\/\/www.a-qui-s.fr\/le-blog\/#organization\",\"name\":\"Etiquettes & compagnie\",\"url\":\"https:\/\/www.a-qui-s.fr\/le-blog\/\",\"logo\":{\"@type\":\"ImageObject\",\"inLanguage\":\"fr-FR\",\"@id\":\"https:\/\/www.a-qui-s.fr\/le-blog\/#\/schema\/logo\/image\/\",\"url\":\"https:\/\/www.a-qui-s.fr\/le-blog\/wp-content\/uploads\/2015\/05\/logo_a-qui-s.png\",\"contentUrl\":\"https:\/\/www.a-qui-s.fr\/le-blog\/wp-content\/uploads\/2015\/05\/logo_a-qui-s.png\",\"width\":132,\"height\":59,\"caption\":\"Etiquettes & compagnie\"},\"image\":{\"@id\":\"https:\/\/www.a-qui-s.fr\/le-blog\/#\/schema\/logo\/image\/\"},\"sameAs\":[\"https:\/\/www.facebook.com\/AquiS\/\",\"https:\/\/x.com\/aquis_fr\"]},{\"@type\":\"Person\",\"@id\":\"https:\/\/www.a-qui-s.fr\/le-blog\/#\/schema\/person\/d98098c165f4481653780d6fa061f531\",\"name\":\"Louise de A-qui-S\",\"image\":{\"@type\":\"ImageObject\",\"inLanguage\":\"fr-FR\",\"@id\":\"https:\/\/www.a-qui-s.fr\/le-blog\/#\/schema\/person\/image\/\",\"url\":\"https:\/\/secure.gravatar.com\/avatar\/7a713547ddd2e0fc4130ec55978934dc3f12ef2095fa1cba20e2f0efcd0728c4?s=96&d=mm&r=g\",\"contentUrl\":\"https:\/\/secure.gravatar.com\/avatar\/7a713547ddd2e0fc4130ec55978934dc3f12ef2095fa1cba20e2f0efcd0728c4?s=96&d=mm&r=g\",\"caption\":\"Louise de A-qui-S\"},\"url\":\"https:\/\/www.a-qui-s.fr\/le-blog\/author\/julia\/\"}]}<\/script>\n<!-- \/ Yoast SEO plugin. -->","yoast_head_json":{"title":"La tarte aux courgettes et carottes : Notre super recette ! -","description":"Une tarte courgettes et carottes pour le d\u00eener, \u00e7a vous tente ? Voici une jolie id\u00e9e pour faire manger des carottes et des courgettes \u00e0 vos petits...","robots":{"index":"index","follow":"follow","max-snippet":"max-snippet:-1","max-image-preview":"max-image-preview:large","max-video-preview":"max-video-preview:-1"},"canonical":"https:\/\/www.a-qui-s.fr\/le-blog\/recettes\/belle-tarte-aux-courgettes-carottes\/","og_locale":"fr_FR","og_type":"article","og_title":"La tarte aux courgettes et carottes : Notre super recette ! -","og_description":"Une tarte courgettes et carottes pour le d\u00eener, \u00e7a vous tente ? Voici une jolie id\u00e9e pour faire manger des carottes et des courgettes \u00e0 vos petits...","og_url":"https:\/\/www.a-qui-s.fr\/le-blog\/recettes\/belle-tarte-aux-courgettes-carottes\/","og_site_name":"LE BLOG d&#039;A-qui-S","article_publisher":"https:\/\/www.facebook.com\/AquiS\/","article_published_time":"2014-10-24T09:40:56+00:00","article_modified_time":"2025-08-21T11:31:16+00:00","og_image":[{"width":525,"height":407,"url":"https:\/\/www.a-qui-s.fr\/le-blog\/wp-content\/uploads\/2014\/10\/FB.recette.png","type":"image\/png"}],"author":"Louise de A-qui-S","twitter_card":"summary_large_image","twitter_creator":"@aquis_fr","twitter_site":"@aquis_fr","twitter_misc":{"Written by":"Louise de A-qui-S","Est. reading time":"1 minute"},"schema":{"@context":"https:\/\/schema.org","@graph":[{"@type":"Article","@id":"https:\/\/www.a-qui-s.fr\/le-blog\/recettes\/belle-tarte-aux-courgettes-carottes\/#article","isPartOf":{"@id":"https:\/\/www.a-qui-s.fr\/le-blog\/recettes\/belle-tarte-aux-courgettes-carottes\/"},"author":{"name":"Louise de A-qui-S","@id":"https:\/\/www.a-qui-s.fr\/le-blog\/#\/schema\/person\/d98098c165f4481653780d6fa061f531"},"headline":"La tarte aux courgettes et carottes : Notre super recette !","datePublished":"56+00:00","dateModified":"16+00:00","mainEntityOfPage":{"@id":"https:\/\/www.a-qui-s.fr\/le-blog\/recettes\/belle-tarte-aux-courgettes-carottes\/"},"wordCount":288,"commentCount":9,"publisher":{"@id":"https:\/\/www.a-qui-s.fr\/le-blog\/#organization"},"image":{"@id":"https:\/\/www.a-qui-s.fr\/le-blog\/recettes\/belle-tarte-aux-courgettes-carottes\/#primaryimage"},"thumbnailUrl":"https:\/\/www.a-qui-s.fr\/le-blog\/wp-content\/uploads\/2014\/10\/FB.recette.png","articleSection":["Recettes"],"inLanguage":"fr-FR","potentialAction":[{"@type":"CommentAction","name":"Comment","target":["https:\/\/www.a-qui-s.fr\/le-blog\/recettes\/belle-tarte-aux-courgettes-carottes\/#respond"]}]},{"@type":"WebPage","@id":"https:\/\/www.a-qui-s.fr\/le-blog\/recettes\/belle-tarte-aux-courgettes-carottes\/","url":"https:\/\/www.a-qui-s.fr\/le-blog\/recettes\/belle-tarte-aux-courgettes-carottes\/","name":"La tarte aux courgettes et carottes : Notre super recette ! -","isPartOf":{"@id":"https:\/\/www.a-qui-s.fr\/le-blog\/#website"},"primaryImageOfPage":{"@id":"https:\/\/www.a-qui-s.fr\/le-blog\/recettes\/belle-tarte-aux-courgettes-carottes\/#primaryimage"},"image":{"@id":"https:\/\/www.a-qui-s.fr\/le-blog\/recettes\/belle-tarte-aux-courgettes-carottes\/#primaryimage"},"thumbnailUrl":"https:\/\/www.a-qui-s.fr\/le-blog\/wp-content\/uploads\/2014\/10\/FB.recette.png","datePublished":"56+00:00","dateModified":"16+00:00","description":"Une tarte courgettes et carottes pour le d\u00eener, \u00e7a vous tente ? Voici une jolie id\u00e9e pour faire manger des carottes et des courgettes \u00e0 vos petits...","breadcrumb":{"@id":"https:\/\/www.a-qui-s.fr\/le-blog\/recettes\/belle-tarte-aux-courgettes-carottes\/#breadcrumb"},"inLanguage":"fr-FR","potentialAction":[{"@type":"ReadAction","target":["https:\/\/www.a-qui-s.fr\/le-blog\/recettes\/belle-tarte-aux-courgettes-carottes\/"]}]},{"@type":"ImageObject","inLanguage":"fr-FR","@id":"https:\/\/www.a-qui-s.fr\/le-blog\/recettes\/belle-tarte-aux-courgettes-carottes\/#primaryimage","url":"https:\/\/www.a-qui-s.fr\/le-blog\/wp-content\/uploads\/2014\/10\/FB.recette.png","contentUrl":"https:\/\/www.a-qui-s.fr\/le-blog\/wp-content\/uploads\/2014\/10\/FB.recette.png","width":525,"height":407},{"@type":"BreadcrumbList","@id":"https:\/\/www.a-qui-s.fr\/le-blog\/recettes\/belle-tarte-aux-courgettes-carottes\/#breadcrumb","itemListElement":[{"@type":"ListItem","position":1,"name":"Accueil","item":"https:\/\/www.a-qui-s.fr\/le-blog\/"},{"@type":"ListItem","position":2,"name":"Recettes","item":"https:\/\/www.a-qui-s.fr\/le-blog\/category\/recettes\/"},{"@type":"ListItem","position":3,"name":"La tarte aux courgettes et carottes : Notre super recette !"}]},{"@type":"WebSite","@id":"https:\/\/www.a-qui-s.fr\/le-blog\/#website","url":"https:\/\/www.a-qui-s.fr\/le-blog\/","name":"LE BLOG d&#039;A-qui-S","description":"La communaut\u00e9 des &quot;Pas-Perdus&quot;","publisher":{"@id":"https:\/\/www.a-qui-s.fr\/le-blog\/#organization"},"potentialAction":[{"@type":"SearchAction","target":{"@type":"EntryPoint","urlTemplate":"https:\/\/www.a-qui-s.fr\/le-blog\/?s={search_term_string}"},"query-input":{"@type":"PropertyValueSpecification","valueRequired":true,"valueName":"search_term_string"}}],"inLanguage":"fr-FR"},{"@type":"Organization","@id":"https:\/\/www.a-qui-s.fr\/le-blog\/#organization","name":"Etiquettes & compagnie","url":"https:\/\/www.a-qui-s.fr\/le-blog\/","logo":{"@type":"ImageObject","inLanguage":"fr-FR","@id":"https:\/\/www.a-qui-s.fr\/le-blog\/#\/schema\/logo\/image\/","url":"https:\/\/www.a-qui-s.fr\/le-blog\/wp-content\/uploads\/2015\/05\/logo_a-qui-s.png","contentUrl":"https:\/\/www.a-qui-s.fr\/le-blog\/wp-content\/uploads\/2015\/05\/logo_a-qui-s.png","width":132,"height":59,"caption":"Etiquettes & compagnie"},"image":{"@id":"https:\/\/www.a-qui-s.fr\/le-blog\/#\/schema\/logo\/image\/"},"sameAs":["https:\/\/www.facebook.com\/AquiS\/","https:\/\/x.com\/aquis_fr"]},{"@type":"Person","@id":"https:\/\/www.a-qui-s.fr\/le-blog\/#\/schema\/person\/d98098c165f4481653780d6fa061f531","name":"Louise de A-qui-S","image":{"@type":"ImageObject","inLanguage":"fr-FR","@id":"https:\/\/www.a-qui-s.fr\/le-blog\/#\/schema\/person\/image\/","url":"https:\/\/secure.gravatar.com\/avatar\/7a713547ddd2e0fc4130ec55978934dc3f12ef2095fa1cba20e2f0efcd0728c4?s=96&d=mm&r=g","contentUrl":"https:\/\/secure.gravatar.com\/avatar\/7a713547ddd2e0fc4130ec55978934dc3f12ef2095fa1cba20e2f0efcd0728c4?s=96&d=mm&r=g","caption":"Louise de A-qui-S"},"url":"https:\/\/www.a-qui-s.fr\/le-blog\/author\/julia\/"}]}},"_links":{"self":[{"href":"https:\/\/www.a-qui-s.fr\/le-blog\/wp-json\/wp\/v2\/posts\/184","targetHints":{"allow":["GET"]}}],"collection":[{"href":"https:\/\/www.a-qui-s.fr\/le-blog\/wp-json\/wp\/v2\/posts"}],"about":[{"href":"https:\/\/www.a-qui-s.fr\/le-blog\/wp-json\/wp\/v2\/types\/post"}],"author":[{"embeddable":true,"href":"https:\/\/www.a-qui-s.fr\/le-blog\/wp-json\/wp\/v2\/users\/2"}],"replies":[{"embeddable":true,"href":"https:\/\/www.a-qui-s.fr\/le-blog\/wp-json\/wp\/v2\/comments?post=184"}],"version-history":[{"count":0,"href":"https:\/\/www.a-qui-s.fr\/le-blog\/wp-json\/wp\/v2\/posts\/184\/revisions"}],"wp:featuredmedia":[{"embeddable":true,"href":"https:\/\/www.a-qui-s.fr\/le-blog\/wp-json\/wp\/v2\/media\/185"}],"wp:attachment":[{"href":"https:\/\/www.a-qui-s.fr\/le-blog\/wp-json\/wp\/v2\/media?parent=184"}],"wp:term":[{"taxonomy":"category","embeddable":true,"href":"https:\/\/www.a-qui-s.fr\/le-blog\/wp-json\/wp\/v2\/categories?post=184"},{"taxonomy":"post_tag","embeddable":true,"href":"https:\/\/www.a-qui-s.fr\/le-blog\/wp-json\/wp\/v2\/tags?post=184"}],"curies":[{"name":"wp","href":"https:\/\/api.w.org\/{rel}","templated":true}]}}