{"id":18255,"date":"2026-03-11T10:35:19","date_gmt":"2026-03-11T09:35:19","guid":{"rendered":"https:\/\/www.a-qui-s.fr\/le-blog\/?p=18255"},"modified":"2026-03-11T10:35:28","modified_gmt":"2026-03-11T09:35:28","slug":"lindispensable-pour-une-decoration-de-paques-reussiela-ceramique-personnalisee","status":"publish","type":"post","link":"https:\/\/www.a-qui-s.fr\/le-blog\/diy-bricolage-enfant\/lindispensable-pour-une-decoration-de-paques-reussiela-ceramique-personnalisee\/","title":{"rendered":"L\u2019indispensable pour une d\u00e9coration de P\u00e2ques r\u00e9ussie : la c\u00e9ramique personnalis\u00e9e"},"content":{"rendered":"\n<p>Avec l\u2019arriv\u00e9e du printemps, P\u00e2ques approche \u00e0 grands pas ! Et quoi de mieux pour marquer ce moment chaleureux que de sublimer votre d\u00e9coration de table avec une touche originale et raffin\u00e9e ? Cette ann\u00e9e, misez sur la <strong><a href=\"http:\/\/m\u00e9daillons de c\u00e9ramique personnalis\u00e9s\">c\u00e9ramique<\/a> <\/strong>pour cr\u00e9er une <strong>ambiance de P\u00e2ques \u00e9l\u00e9gante.<\/strong><\/p>\n\n\n\n<figure class=\"wp-block-image aligncenter size-large is-resized\"><a href=\"http:\/\/m\u00e9daillons de c\u00e9ramique personnalis\u00e9s\"><img decoding=\"async\" src=\"https:\/\/images.a-qui-s.fr\/image\/upload\/v1743780036\/produits\/CDI\/09_idee-deco-table-paques.jpg\" alt=\"\" style=\"width:450px\"\/><\/a><\/figure>\n\n\n\n<h2 class=\"wp-block-heading\">\ud83d\udc23 Une d\u00e9coration de P\u00e2ques \u00e9l\u00e9gante et naturelle<\/h2>\n\n\n\n<p>Les <strong>cloches vont bient\u00f4t sonner<\/strong>, et il est temps de penser \u00e0 la d\u00e9co ! Pour une ambiance \u00e0 la fois festive et minimaliste, craquez pour les ronds de c\u00e9ramique sign\u00e9s <strong>A-qui-S<\/strong>, orn\u00e9s de motifs de P\u00e2ques comme les <strong>lapins<\/strong> joliment illustr\u00e9s.<\/p>\n\n\n\n<p>Ces accessoires d\u00e9co s\u2019int\u00e8grent parfaitement dans un int\u00e9rieur moderne, boh\u00e8me ou traditionnel. Leur style \u00e9pur\u00e9 et personnalis\u00e9 en fait de <strong>v\u00e9ritables objets d\u00e9coratifs<\/strong> que vous pourrez r\u00e9utiliser chaque ann\u00e9e.<\/p>\n\n\n\n<h2 class=\"wp-block-heading\">\ud83c\udf80 Des serviettes de P\u00e2ques originales gr\u00e2ce \u00e0 la c\u00e9ramique<\/h2>\n\n\n\n<p>Envie de surprendre vos invit\u00e9s ? Glissez ces <a href=\"https:\/\/www.a-qui-s.fr\/ceramique-personnalisee\"><strong>m\u00e9daillons de c\u00e9ramique personnalis\u00e9s<\/strong><\/a> autour d\u2019une serviette roul\u00e9e, posez-les sur une assiette ou suspendez-les \u00e0 un <strong>bouquet de fleurs printanier<\/strong> pour une d\u00e9coration de table pleine de charme.<\/p>\n\n\n\n<p>\ud83d\udca1 <em>Id\u00e9e d\u00e9co : Associez-les \u00e0 une nappe claire, quelques branchages fleuris et des bougies pastel pour une table de P\u00e2ques \u00e0 couper le souffle.<\/em><\/p>\n\n\n\n<p>\ud83d\udc49 Pour plus d&rsquo;inspiration, d\u00e9couvrez les <a href=\"https:\/\/www.marieclaire.fr\/maison\/decoration-paques-table-facile,1425986.asp\">conseils d\u00e9co de Marie Claire Maison.<\/a><\/p>\n\n\n\n<h2 class=\"wp-block-heading\">\ud83c\udf81 Une petite attention pour chaque invit\u00e9<\/h2>\n\n\n\n<p>La magie des f\u00eates r\u00e9side aussi dans les <strong>petites attentions<\/strong>. Offrez \u00e0 vos proches un rond de serviette personnalis\u00e9 \u00e0 leur pr\u00e9nom ! C\u2019est un <strong>cadeau de table unique<\/strong>, que chacun pourra emporter en souvenir.<\/p>\n\n\n\n<p>Une belle fa\u00e7on de rendre ce repas de P\u00e2ques <strong>encore plus sp\u00e9cial<\/strong> et de faire plaisir \u00e0 petits et grands autour d\u2019une table chaleureuse et soign\u00e9e.<\/p>\n\n\n\n<p>\ud83d\udc68\u200d\ud83d\udc69\u200d\ud83d\udc67\u200d\ud83d\udc66 <em>Ces d\u00e9corations font \u00e9galement de superbes marque-places pour les grandes tabl\u00e9es familiales.<\/em><\/p>\n\n\n\n<h2 class=\"wp-block-heading\">\ud83e\uddfa Les sacs de P\u00e2ques personnalis\u00e9s : pour une chasse aux \u0153ufs inoubliable<\/h2>\n\n\n\n<p>Qui dit P\u00e2ques dit bien s\u00fbr <strong>chasse aux \u0153ufs<\/strong> ! Ne passez pas \u00e0 c\u00f4t\u00e9 des <a href=\"https:\/\/www.a-qui-s.fr\/sac-paques-personnalise\"><strong>sacs de P\u00e2ques A-qui-S<\/strong><\/a>, parfaits pour accompagner vos enfants lors de leur qu\u00eate aux \u0153ufs en chocolat dans le jardin.<\/p>\n\n\n\n<p>L\u00e9gers, pratiques, et 100 % personnalis\u00e9s, ces sacs sont non seulement jolis, mais aussi durables : ils accompagneront vos enfants pendant de nombreuses ann\u00e9es !<\/p>\n\n\n\n<p>\ud83c\udf6b <em>Astuce : Cachez les \u0153ufs dans des endroits ludiques pour prolonger le plaisir de la d\u00e9couverte !<\/em><\/p>\n\n\n\n<figure class=\"wp-block-image aligncenter is-resized\"><img decoding=\"async\" src=\"https:\/\/images.a-qui-s.fr\/image\/upload\/v1678792826\/produits\/SLA\/00sac_lapin_paques.jpg\" alt=\"\" style=\"width:450px\"\/><\/figure>\n\n\n\n<p><\/p>\n\n\n\n<h2 class=\"wp-block-heading\">\ud83d\udc30 Pr\u00e9parez votre d\u00e9coration de P\u00e2ques d\u00e8s maintenant !<\/h2>\n\n\n\n<p>Ne tardez pas, car <strong>P\u00e2ques arrive vite<\/strong> ! Offrez \u00e0 votre int\u00e9rieur une touche d\u2019originalit\u00e9 et de douceur avec nos <strong>accessoires de P\u00e2ques personnalis\u00e9s<\/strong>.<\/p>\n\n\n\n<p>Entre d\u00e9coration de table, petit cadeau souvenir, et accessoires pour la chasse aux \u0153ufs, vous trouverez tout ce qu\u2019il vous faut pour une f\u00eate r\u00e9ussie et conviviale.<\/p>\n\n\n\n<p>\ud83d\udc49 <em data-start=\"85\" data-end=\"207\" data-is-last-node=\"\">Retrouvez encore plus d\u2019id\u00e9es et d\u2019inspirations pour P\u00e2ques sur nos r\u00e9seaux sociaux : <a href=\"https:\/\/www.instagram.com\/etiquettesaquis\/\">Instagram<\/a>, <a href=\"https:\/\/www.facebook.com\/AquiS\/\">Facebook<\/a> et <a href=\"https:\/\/fr.pinterest.com\/aquisfr\/\">Pinterest<\/a> !<\/em><\/p>\n","protected":false},"excerpt":{"rendered":"<p>Avec l\u2019arriv\u00e9e du printemps, P\u00e2ques approche \u00e0 grands pas ! Et quoi de mieux pour marquer ce moment chaleureux que de sublimer votre d\u00e9coration de table avec une touche originale et raffin\u00e9e ? Cette ann\u00e9e, misez sur la c\u00e9ramique pour cr\u00e9er une ambiance de P\u00e2ques \u00e9l\u00e9gante. \ud83d\udc23 Une d\u00e9coration de P\u00e2ques \u00e9l\u00e9gante et naturelle Les [&hellip;]<\/p>\n","protected":false},"author":2,"featured_media":19565,"comment_status":"open","ping_status":"open","sticky":false,"template":"","format":"standard","meta":{"_acf_changed":false,"fifu_image_url":"https:\/\/images.a-qui-s.fr\/image\/upload\/v1743780036\/produits\/CDI\/09_idee-deco-table-paques.jpg","fifu_image_alt":"L\u2019indispensable pour une d\u00e9coration de P\u00e2ques r\u00e9ussie : la c\u00e9ramique personnalis\u00e9e","footnotes":""},"categories":[59],"tags":[],"class_list":["post-18255","post","type-post","status-publish","format-standard","has-post-thumbnail","hentry","category-diy-bricolage-enfant"],"acf":[],"yoast_head":"<!-- This site is optimized with the Yoast SEO plugin v27.0 - https:\/\/yoast.com\/product\/yoast-seo-wordpress\/ -->\n<title>L\u2019indispensable pour une d\u00e9coration de P\u00e2ques r\u00e9ussie : la c\u00e9ramique personnalis\u00e9e -<\/title>\n<meta name=\"description\" content=\"Pr\u00e9parez une d\u00e9co de P\u00e2ques unique avec de la c\u00e9ramique personnalis\u00e9e : table \u00e9l\u00e9gante, cadeaux invit\u00e9s et sacs pour la chasse aux \u0153ufs !\" \/>\n<meta name=\"robots\" content=\"index, follow, max-snippet:-1, max-image-preview:large, max-video-preview:-1\" \/>\n<link rel=\"canonical\" href=\"https:\/\/www.a-qui-s.fr\/le-blog\/diy-bricolage-enfant\/lindispensable-pour-une-decoration-de-paques-reussiela-ceramique-personnalisee\/\" \/>\n<meta property=\"og:locale\" content=\"fr_FR\" \/>\n<meta property=\"og:type\" content=\"article\" \/>\n<meta property=\"og:title\" content=\"L\u2019indispensable pour une d\u00e9coration de P\u00e2ques r\u00e9ussie : la c\u00e9ramique personnalis\u00e9e -\" \/>\n<meta property=\"og:description\" content=\"Pr\u00e9parez une d\u00e9co de P\u00e2ques unique avec de la c\u00e9ramique personnalis\u00e9e : table \u00e9l\u00e9gante, cadeaux invit\u00e9s et sacs pour la chasse aux \u0153ufs !\" \/>\n<meta property=\"og:url\" content=\"https:\/\/www.a-qui-s.fr\/le-blog\/diy-bricolage-enfant\/lindispensable-pour-une-decoration-de-paques-reussiela-ceramique-personnalisee\/\" \/>\n<meta property=\"og:site_name\" content=\"LE BLOG d&#039;A-qui-S\" \/>\n<meta property=\"article:publisher\" content=\"https:\/\/www.facebook.com\/AquiS\/\" \/>\n<meta property=\"article:published_time\" content=\"2026-03-11T09:35:19+00:00\" \/>\n<meta property=\"article:modified_time\" content=\"2026-03-11T09:35:28+00:00\" \/>\n<meta property=\"og:image\" content=\"https:\/\/images.a-qui-s.fr\/image\/upload\/v1743780036\/produits\/CDI\/09_idee-deco-table-paques.jpg\" \/>\n<meta name=\"author\" content=\"Louise de A-qui-S\" \/>\n<meta name=\"twitter:card\" content=\"summary_large_image\" \/>\n<meta name=\"twitter:image\" content=\"https:\/\/images.a-qui-s.fr\/image\/upload\/v1743780036\/produits\/CDI\/09_idee-deco-table-paques.jpg\" \/>\n<meta name=\"twitter:creator\" content=\"@aquis_fr\" \/>\n<meta name=\"twitter:site\" content=\"@aquis_fr\" \/>\n<meta name=\"twitter:label1\" content=\"Written by\" \/>\n\t<meta name=\"twitter:data1\" content=\"Louise de A-qui-S\" \/>\n\t<meta name=\"twitter:label2\" content=\"Est. reading time\" \/>\n\t<meta name=\"twitter:data2\" content=\"3 minutes\" \/>\n<script type=\"application\/ld+json\" class=\"yoast-schema-graph\">{\"@context\":\"https:\/\/schema.org\",\"@graph\":[{\"@type\":\"Article\",\"@id\":\"https:\/\/www.a-qui-s.fr\/le-blog\/diy-bricolage-enfant\/lindispensable-pour-une-decoration-de-paques-reussiela-ceramique-personnalisee\/#article\",\"isPartOf\":{\"@id\":\"https:\/\/www.a-qui-s.fr\/le-blog\/diy-bricolage-enfant\/lindispensable-pour-une-decoration-de-paques-reussiela-ceramique-personnalisee\/\"},\"author\":{\"name\":\"Louise de A-qui-S\",\"@id\":\"https:\/\/www.a-qui-s.fr\/le-blog\/#\/schema\/person\/d98098c165f4481653780d6fa061f531\"},\"headline\":\"L\u2019indispensable pour une d\u00e9coration de P\u00e2ques r\u00e9ussie : la c\u00e9ramique personnalis\u00e9e\",\"datePublished\":\"19+00:00\",\"dateModified\":\"28+00:00\",\"mainEntityOfPage\":{\"@id\":\"https:\/\/www.a-qui-s.fr\/le-blog\/diy-bricolage-enfant\/lindispensable-pour-une-decoration-de-paques-reussiela-ceramique-personnalisee\/\"},\"wordCount\":521,\"commentCount\":1,\"publisher\":{\"@id\":\"https:\/\/www.a-qui-s.fr\/le-blog\/#organization\"},\"image\":{\"@id\":\"https:\/\/www.a-qui-s.fr\/le-blog\/diy-bricolage-enfant\/lindispensable-pour-une-decoration-de-paques-reussiela-ceramique-personnalisee\/#primaryimage\"},\"thumbnailUrl\":\"https:\/\/images.a-qui-s.fr\/image\/upload\/v1743780036\/produits\/CDI\/09_idee-deco-table-paques.jpg\",\"articleSection\":[\"DIY - Bricolage enfant\"],\"inLanguage\":\"fr-FR\",\"potentialAction\":[{\"@type\":\"CommentAction\",\"name\":\"Comment\",\"target\":[\"https:\/\/www.a-qui-s.fr\/le-blog\/diy-bricolage-enfant\/lindispensable-pour-une-decoration-de-paques-reussiela-ceramique-personnalisee\/#respond\"]}]},{\"@type\":\"WebPage\",\"@id\":\"https:\/\/www.a-qui-s.fr\/le-blog\/diy-bricolage-enfant\/lindispensable-pour-une-decoration-de-paques-reussiela-ceramique-personnalisee\/\",\"url\":\"https:\/\/www.a-qui-s.fr\/le-blog\/diy-bricolage-enfant\/lindispensable-pour-une-decoration-de-paques-reussiela-ceramique-personnalisee\/\",\"name\":\"L\u2019indispensable pour une d\u00e9coration de P\u00e2ques r\u00e9ussie : la c\u00e9ramique personnalis\u00e9e -\",\"isPartOf\":{\"@id\":\"https:\/\/www.a-qui-s.fr\/le-blog\/#website\"},\"primaryImageOfPage\":{\"@id\":\"https:\/\/www.a-qui-s.fr\/le-blog\/diy-bricolage-enfant\/lindispensable-pour-une-decoration-de-paques-reussiela-ceramique-personnalisee\/#primaryimage\"},\"image\":{\"@id\":\"https:\/\/www.a-qui-s.fr\/le-blog\/diy-bricolage-enfant\/lindispensable-pour-une-decoration-de-paques-reussiela-ceramique-personnalisee\/#primaryimage\"},\"thumbnailUrl\":\"https:\/\/images.a-qui-s.fr\/image\/upload\/v1743780036\/produits\/CDI\/09_idee-deco-table-paques.jpg\",\"datePublished\":\"19+00:00\",\"dateModified\":\"28+00:00\",\"description\":\"Pr\u00e9parez une d\u00e9co de P\u00e2ques unique avec de la c\u00e9ramique personnalis\u00e9e : table \u00e9l\u00e9gante, cadeaux invit\u00e9s et sacs pour la chasse aux \u0153ufs !\",\"breadcrumb\":{\"@id\":\"https:\/\/www.a-qui-s.fr\/le-blog\/diy-bricolage-enfant\/lindispensable-pour-une-decoration-de-paques-reussiela-ceramique-personnalisee\/#breadcrumb\"},\"inLanguage\":\"fr-FR\",\"potentialAction\":[{\"@type\":\"ReadAction\",\"target\":[\"https:\/\/www.a-qui-s.fr\/le-blog\/diy-bricolage-enfant\/lindispensable-pour-une-decoration-de-paques-reussiela-ceramique-personnalisee\/\"]}]},{\"@type\":\"ImageObject\",\"inLanguage\":\"fr-FR\",\"@id\":\"https:\/\/www.a-qui-s.fr\/le-blog\/diy-bricolage-enfant\/lindispensable-pour-une-decoration-de-paques-reussiela-ceramique-personnalisee\/#primaryimage\",\"url\":\"https:\/\/images.a-qui-s.fr\/image\/upload\/v1743780036\/produits\/CDI\/09_idee-deco-table-paques.jpg\",\"contentUrl\":\"https:\/\/images.a-qui-s.fr\/image\/upload\/v1743780036\/produits\/CDI\/09_idee-deco-table-paques.jpg\",\"width\":\"800\",\"height\":\"800\",\"caption\":\"L\u2019indispensable pour une d\u00e9coration de P\u00e2ques r\u00e9ussie : la c\u00e9ramique personnalis\u00e9e\"},{\"@type\":\"BreadcrumbList\",\"@id\":\"https:\/\/www.a-qui-s.fr\/le-blog\/diy-bricolage-enfant\/lindispensable-pour-une-decoration-de-paques-reussiela-ceramique-personnalisee\/#breadcrumb\",\"itemListElement\":[{\"@type\":\"ListItem\",\"position\":1,\"name\":\"Accueil\",\"item\":\"https:\/\/www.a-qui-s.fr\/le-blog\/\"},{\"@type\":\"ListItem\",\"position\":2,\"name\":\"DIY - Bricolage enfant\",\"item\":\"https:\/\/www.a-qui-s.fr\/le-blog\/category\/diy-bricolage-enfant\/\"},{\"@type\":\"ListItem\",\"position\":3,\"name\":\"L\u2019indispensable pour une d\u00e9coration de P\u00e2ques r\u00e9ussie : la c\u00e9ramique personnalis\u00e9e\"}]},{\"@type\":\"WebSite\",\"@id\":\"https:\/\/www.a-qui-s.fr\/le-blog\/#website\",\"url\":\"https:\/\/www.a-qui-s.fr\/le-blog\/\",\"name\":\"LE BLOG d&#039;A-qui-S\",\"description\":\"La communaut\u00e9 des &quot;Pas-Perdus&quot;\",\"publisher\":{\"@id\":\"https:\/\/www.a-qui-s.fr\/le-blog\/#organization\"},\"potentialAction\":[{\"@type\":\"SearchAction\",\"target\":{\"@type\":\"EntryPoint\",\"urlTemplate\":\"https:\/\/www.a-qui-s.fr\/le-blog\/?s={search_term_string}\"},\"query-input\":{\"@type\":\"PropertyValueSpecification\",\"valueRequired\":true,\"valueName\":\"search_term_string\"}}],\"inLanguage\":\"fr-FR\"},{\"@type\":\"Organization\",\"@id\":\"https:\/\/www.a-qui-s.fr\/le-blog\/#organization\",\"name\":\"Etiquettes & compagnie\",\"url\":\"https:\/\/www.a-qui-s.fr\/le-blog\/\",\"logo\":{\"@type\":\"ImageObject\",\"inLanguage\":\"fr-FR\",\"@id\":\"https:\/\/www.a-qui-s.fr\/le-blog\/#\/schema\/logo\/image\/\",\"url\":\"https:\/\/www.a-qui-s.fr\/le-blog\/wp-content\/uploads\/2015\/05\/logo_a-qui-s.png\",\"contentUrl\":\"https:\/\/www.a-qui-s.fr\/le-blog\/wp-content\/uploads\/2015\/05\/logo_a-qui-s.png\",\"width\":132,\"height\":59,\"caption\":\"Etiquettes & compagnie\"},\"image\":{\"@id\":\"https:\/\/www.a-qui-s.fr\/le-blog\/#\/schema\/logo\/image\/\"},\"sameAs\":[\"https:\/\/www.facebook.com\/AquiS\/\",\"https:\/\/x.com\/aquis_fr\"]},{\"@type\":\"Person\",\"@id\":\"https:\/\/www.a-qui-s.fr\/le-blog\/#\/schema\/person\/d98098c165f4481653780d6fa061f531\",\"name\":\"Louise de A-qui-S\",\"image\":{\"@type\":\"ImageObject\",\"inLanguage\":\"fr-FR\",\"@id\":\"https:\/\/www.a-qui-s.fr\/le-blog\/#\/schema\/person\/image\/\",\"url\":\"https:\/\/secure.gravatar.com\/avatar\/7a713547ddd2e0fc4130ec55978934dc3f12ef2095fa1cba20e2f0efcd0728c4?s=96&d=mm&r=g\",\"contentUrl\":\"https:\/\/secure.gravatar.com\/avatar\/7a713547ddd2e0fc4130ec55978934dc3f12ef2095fa1cba20e2f0efcd0728c4?s=96&d=mm&r=g\",\"caption\":\"Louise de A-qui-S\"},\"url\":\"https:\/\/www.a-qui-s.fr\/le-blog\/author\/julia\/\"}]}<\/script>\n<!-- \/ Yoast SEO plugin. -->","yoast_head_json":{"title":"L\u2019indispensable pour une d\u00e9coration de P\u00e2ques r\u00e9ussie : la c\u00e9ramique personnalis\u00e9e -","description":"Pr\u00e9parez une d\u00e9co de P\u00e2ques unique avec de la c\u00e9ramique personnalis\u00e9e : table \u00e9l\u00e9gante, cadeaux invit\u00e9s et sacs pour la chasse aux \u0153ufs !","robots":{"index":"index","follow":"follow","max-snippet":"max-snippet:-1","max-image-preview":"max-image-preview:large","max-video-preview":"max-video-preview:-1"},"canonical":"https:\/\/www.a-qui-s.fr\/le-blog\/diy-bricolage-enfant\/lindispensable-pour-une-decoration-de-paques-reussiela-ceramique-personnalisee\/","og_locale":"fr_FR","og_type":"article","og_title":"L\u2019indispensable pour une d\u00e9coration de P\u00e2ques r\u00e9ussie : la c\u00e9ramique personnalis\u00e9e -","og_description":"Pr\u00e9parez une d\u00e9co de P\u00e2ques unique avec de la c\u00e9ramique personnalis\u00e9e : table \u00e9l\u00e9gante, cadeaux invit\u00e9s et sacs pour la chasse aux \u0153ufs !","og_url":"https:\/\/www.a-qui-s.fr\/le-blog\/diy-bricolage-enfant\/lindispensable-pour-une-decoration-de-paques-reussiela-ceramique-personnalisee\/","og_site_name":"LE BLOG d&#039;A-qui-S","article_publisher":"https:\/\/www.facebook.com\/AquiS\/","article_published_time":"2026-03-11T09:35:19+00:00","article_modified_time":"2026-03-11T09:35:28+00:00","og_image":[{"url":"https:\/\/images.a-qui-s.fr\/image\/upload\/v1743780036\/produits\/CDI\/09_idee-deco-table-paques.jpg","type":"","width":"","height":""}],"author":"Louise de A-qui-S","twitter_card":"summary_large_image","twitter_image":"https:\/\/images.a-qui-s.fr\/image\/upload\/v1743780036\/produits\/CDI\/09_idee-deco-table-paques.jpg","twitter_creator":"@aquis_fr","twitter_site":"@aquis_fr","twitter_misc":{"Written by":"Louise de A-qui-S","Est. reading time":"3 minutes"},"schema":{"@context":"https:\/\/schema.org","@graph":[{"@type":"Article","@id":"https:\/\/www.a-qui-s.fr\/le-blog\/diy-bricolage-enfant\/lindispensable-pour-une-decoration-de-paques-reussiela-ceramique-personnalisee\/#article","isPartOf":{"@id":"https:\/\/www.a-qui-s.fr\/le-blog\/diy-bricolage-enfant\/lindispensable-pour-une-decoration-de-paques-reussiela-ceramique-personnalisee\/"},"author":{"name":"Louise de A-qui-S","@id":"https:\/\/www.a-qui-s.fr\/le-blog\/#\/schema\/person\/d98098c165f4481653780d6fa061f531"},"headline":"L\u2019indispensable pour une d\u00e9coration de P\u00e2ques r\u00e9ussie : la c\u00e9ramique personnalis\u00e9e","datePublished":"19+00:00","dateModified":"28+00:00","mainEntityOfPage":{"@id":"https:\/\/www.a-qui-s.fr\/le-blog\/diy-bricolage-enfant\/lindispensable-pour-une-decoration-de-paques-reussiela-ceramique-personnalisee\/"},"wordCount":521,"commentCount":1,"publisher":{"@id":"https:\/\/www.a-qui-s.fr\/le-blog\/#organization"},"image":{"@id":"https:\/\/www.a-qui-s.fr\/le-blog\/diy-bricolage-enfant\/lindispensable-pour-une-decoration-de-paques-reussiela-ceramique-personnalisee\/#primaryimage"},"thumbnailUrl":"https:\/\/images.a-qui-s.fr\/image\/upload\/v1743780036\/produits\/CDI\/09_idee-deco-table-paques.jpg","articleSection":["DIY - Bricolage enfant"],"inLanguage":"fr-FR","potentialAction":[{"@type":"CommentAction","name":"Comment","target":["https:\/\/www.a-qui-s.fr\/le-blog\/diy-bricolage-enfant\/lindispensable-pour-une-decoration-de-paques-reussiela-ceramique-personnalisee\/#respond"]}]},{"@type":"WebPage","@id":"https:\/\/www.a-qui-s.fr\/le-blog\/diy-bricolage-enfant\/lindispensable-pour-une-decoration-de-paques-reussiela-ceramique-personnalisee\/","url":"https:\/\/www.a-qui-s.fr\/le-blog\/diy-bricolage-enfant\/lindispensable-pour-une-decoration-de-paques-reussiela-ceramique-personnalisee\/","name":"L\u2019indispensable pour une d\u00e9coration de P\u00e2ques r\u00e9ussie : la c\u00e9ramique personnalis\u00e9e -","isPartOf":{"@id":"https:\/\/www.a-qui-s.fr\/le-blog\/#website"},"primaryImageOfPage":{"@id":"https:\/\/www.a-qui-s.fr\/le-blog\/diy-bricolage-enfant\/lindispensable-pour-une-decoration-de-paques-reussiela-ceramique-personnalisee\/#primaryimage"},"image":{"@id":"https:\/\/www.a-qui-s.fr\/le-blog\/diy-bricolage-enfant\/lindispensable-pour-une-decoration-de-paques-reussiela-ceramique-personnalisee\/#primaryimage"},"thumbnailUrl":"https:\/\/images.a-qui-s.fr\/image\/upload\/v1743780036\/produits\/CDI\/09_idee-deco-table-paques.jpg","datePublished":"19+00:00","dateModified":"28+00:00","description":"Pr\u00e9parez une d\u00e9co de P\u00e2ques unique avec de la c\u00e9ramique personnalis\u00e9e : table \u00e9l\u00e9gante, cadeaux invit\u00e9s et sacs pour la chasse aux \u0153ufs !","breadcrumb":{"@id":"https:\/\/www.a-qui-s.fr\/le-blog\/diy-bricolage-enfant\/lindispensable-pour-une-decoration-de-paques-reussiela-ceramique-personnalisee\/#breadcrumb"},"inLanguage":"fr-FR","potentialAction":[{"@type":"ReadAction","target":["https:\/\/www.a-qui-s.fr\/le-blog\/diy-bricolage-enfant\/lindispensable-pour-une-decoration-de-paques-reussiela-ceramique-personnalisee\/"]}]},{"@type":"ImageObject","inLanguage":"fr-FR","@id":"https:\/\/www.a-qui-s.fr\/le-blog\/diy-bricolage-enfant\/lindispensable-pour-une-decoration-de-paques-reussiela-ceramique-personnalisee\/#primaryimage","url":"https:\/\/images.a-qui-s.fr\/image\/upload\/v1743780036\/produits\/CDI\/09_idee-deco-table-paques.jpg","contentUrl":"https:\/\/images.a-qui-s.fr\/image\/upload\/v1743780036\/produits\/CDI\/09_idee-deco-table-paques.jpg","width":"800","height":"800","caption":"L\u2019indispensable pour une d\u00e9coration de P\u00e2ques r\u00e9ussie : la c\u00e9ramique personnalis\u00e9e"},{"@type":"BreadcrumbList","@id":"https:\/\/www.a-qui-s.fr\/le-blog\/diy-bricolage-enfant\/lindispensable-pour-une-decoration-de-paques-reussiela-ceramique-personnalisee\/#breadcrumb","itemListElement":[{"@type":"ListItem","position":1,"name":"Accueil","item":"https:\/\/www.a-qui-s.fr\/le-blog\/"},{"@type":"ListItem","position":2,"name":"DIY - Bricolage enfant","item":"https:\/\/www.a-qui-s.fr\/le-blog\/category\/diy-bricolage-enfant\/"},{"@type":"ListItem","position":3,"name":"L\u2019indispensable pour une d\u00e9coration de P\u00e2ques r\u00e9ussie : la c\u00e9ramique personnalis\u00e9e"}]},{"@type":"WebSite","@id":"https:\/\/www.a-qui-s.fr\/le-blog\/#website","url":"https:\/\/www.a-qui-s.fr\/le-blog\/","name":"LE BLOG d&#039;A-qui-S","description":"La communaut\u00e9 des &quot;Pas-Perdus&quot;","publisher":{"@id":"https:\/\/www.a-qui-s.fr\/le-blog\/#organization"},"potentialAction":[{"@type":"SearchAction","target":{"@type":"EntryPoint","urlTemplate":"https:\/\/www.a-qui-s.fr\/le-blog\/?s={search_term_string}"},"query-input":{"@type":"PropertyValueSpecification","valueRequired":true,"valueName":"search_term_string"}}],"inLanguage":"fr-FR"},{"@type":"Organization","@id":"https:\/\/www.a-qui-s.fr\/le-blog\/#organization","name":"Etiquettes & compagnie","url":"https:\/\/www.a-qui-s.fr\/le-blog\/","logo":{"@type":"ImageObject","inLanguage":"fr-FR","@id":"https:\/\/www.a-qui-s.fr\/le-blog\/#\/schema\/logo\/image\/","url":"https:\/\/www.a-qui-s.fr\/le-blog\/wp-content\/uploads\/2015\/05\/logo_a-qui-s.png","contentUrl":"https:\/\/www.a-qui-s.fr\/le-blog\/wp-content\/uploads\/2015\/05\/logo_a-qui-s.png","width":132,"height":59,"caption":"Etiquettes & compagnie"},"image":{"@id":"https:\/\/www.a-qui-s.fr\/le-blog\/#\/schema\/logo\/image\/"},"sameAs":["https:\/\/www.facebook.com\/AquiS\/","https:\/\/x.com\/aquis_fr"]},{"@type":"Person","@id":"https:\/\/www.a-qui-s.fr\/le-blog\/#\/schema\/person\/d98098c165f4481653780d6fa061f531","name":"Louise de A-qui-S","image":{"@type":"ImageObject","inLanguage":"fr-FR","@id":"https:\/\/www.a-qui-s.fr\/le-blog\/#\/schema\/person\/image\/","url":"https:\/\/secure.gravatar.com\/avatar\/7a713547ddd2e0fc4130ec55978934dc3f12ef2095fa1cba20e2f0efcd0728c4?s=96&d=mm&r=g","contentUrl":"https:\/\/secure.gravatar.com\/avatar\/7a713547ddd2e0fc4130ec55978934dc3f12ef2095fa1cba20e2f0efcd0728c4?s=96&d=mm&r=g","caption":"Louise de A-qui-S"},"url":"https:\/\/www.a-qui-s.fr\/le-blog\/author\/julia\/"}]}},"_links":{"self":[{"href":"https:\/\/www.a-qui-s.fr\/le-blog\/wp-json\/wp\/v2\/posts\/18255","targetHints":{"allow":["GET"]}}],"collection":[{"href":"https:\/\/www.a-qui-s.fr\/le-blog\/wp-json\/wp\/v2\/posts"}],"about":[{"href":"https:\/\/www.a-qui-s.fr\/le-blog\/wp-json\/wp\/v2\/types\/post"}],"author":[{"embeddable":true,"href":"https:\/\/www.a-qui-s.fr\/le-blog\/wp-json\/wp\/v2\/users\/2"}],"replies":[{"embeddable":true,"href":"https:\/\/www.a-qui-s.fr\/le-blog\/wp-json\/wp\/v2\/comments?post=18255"}],"version-history":[{"count":1,"href":"https:\/\/www.a-qui-s.fr\/le-blog\/wp-json\/wp\/v2\/posts\/18255\/revisions"}],"predecessor-version":[{"id":20780,"href":"https:\/\/www.a-qui-s.fr\/le-blog\/wp-json\/wp\/v2\/posts\/18255\/revisions\/20780"}],"wp:featuredmedia":[{"embeddable":true,"href":"https:\/\/www.a-qui-s.fr\/le-blog\/wp-json\/wp\/v2\/media\/19565"}],"wp:attachment":[{"href":"https:\/\/www.a-qui-s.fr\/le-blog\/wp-json\/wp\/v2\/media?parent=18255"}],"wp:term":[{"taxonomy":"category","embeddable":true,"href":"https:\/\/www.a-qui-s.fr\/le-blog\/wp-json\/wp\/v2\/categories?post=18255"},{"taxonomy":"post_tag","embeddable":true,"href":"https:\/\/www.a-qui-s.fr\/le-blog\/wp-json\/wp\/v2\/tags?post=18255"}],"curies":[{"name":"wp","href":"https:\/\/api.w.org\/{rel}","templated":true}]}}