{"id":18173,"date":"2026-02-10T14:28:38","date_gmt":"2026-02-10T13:28:38","guid":{"rendered":"https:\/\/www.a-qui-s.fr\/le-blog\/?p=18173"},"modified":"2026-02-10T16:53:30","modified_gmt":"2026-02-10T15:53:30","slug":"fabriquer-son-masque-pour-carnaval","status":"publish","type":"post","link":"https:\/\/www.a-qui-s.fr\/le-blog\/diy-bricolage-enfant\/fabriquer-son-masque-pour-carnaval\/","title":{"rendered":"DIY : fabriquer son masque de Carnaval"},"content":{"rendered":"\n<p>C&rsquo;est bient\u00f4t l&rsquo;heure pour vos p&rsquo;tits bouts de se d\u00e9guiser ! On a une id\u00e9e pour fabriquer son masque de Carnaval en petit faon et en renard.<\/p>\n\n\n\n<p>On le sait, chaque ann\u00e9e ils sont impatients de pouvoir porter leur plus beau costume haut en couleurs sous le signe de l&rsquo;amusement. Cette ann\u00e9e aussi, nous vous proposons une activit\u00e9 DIY pour fabriquer vous-m\u00eame un masque carnaval \u00e0 la maison. Trop chouette, non ?<\/p>\n\n\n\n<p>&nbsp;<\/p>\n\n\n\n<figure class=\"wp-block-image aligncenter\"><a href=\"https:\/\/l.etiquettes.a-qui-s.fr\/T\/WF\/7323\/UVGmES\/Register\/fr-CA\/Form.ofsys?Provenance=25_masquecarnaval-FR\"><img decoding=\"async\" src=\"https:\/\/images.a-qui-s.fr\/image\/upload\/v1740734641\/BLOG\/renard-faon-masques-carnaval-DIY.jpg\" alt=\"masques de carnaval pour enfant animaux de la for\u00eat\"\/><\/a><\/figure>\n\n\n\n<p><\/p>\n\n\n\n<p>&nbsp;<\/p>\n\n\n\n<p>&nbsp;<\/p>\n\n\n\n<p>&nbsp;<\/p>\n\n\n\n<h2 class=\"wp-block-heading\">Masque carnaval : Le DIY facile<\/h2>\n\n\n\n<p><strong>Pour fabriquer vos masques de carnaval<\/strong>, vous aurez besoin du mat\u00e9riel suivant:<\/p>\n\n\n\n<ul class=\"wp-block-list\">\n<li>du papier blanc 80g ou id\u00e9alement 100g<\/li>\n\n\n\n<li>une paire de ciseaux<\/li>\n\n\n\n<li>du scotch double face<\/li>\n\n\n\n<li>des vieilles paires de lunettes ou des vieilles lunettes 3D de cin\u00e9ma<\/li>\n<\/ul>\n\n\n\n<figure class=\"wp-block-image aligncenter\"><a href=\"https:\/\/l.etiquettes.a-qui-s.fr\/T\/WF\/7323\/UVGmES\/Register\/fr-CA\/Form.ofsys?Provenance=25_masquecarnaval-FR\"><img decoding=\"async\" src=\"https:\/\/images.a-qui-s.fr\/image\/upload\/v1740567372\/BLOG\/25_image-masquecarnaval-FR.png\" alt=\"DIY facile Masques de carnaval pour enfants\"\/><\/a><\/figure>\n\n\n\n<p>&nbsp;<\/p>\n\n\n\n<figure class=\"wp-block-image aligncenter\"><a href=\"https:\/\/l.etiquettes.a-qui-s.fr\/T\/WF\/7323\/UVGmES\/Register\/fr-CA\/Form.ofsys?Provenance=25_masquecarnaval-FR\"><img decoding=\"async\" src=\"https:\/\/images.a-qui-s.fr\/image\/upload\/v1657103007\/BLOG\/Bouton-telecharger-DIY.png\" alt=\"\"\/><\/a><\/figure>\n\n\n\n<p><\/p>\n\n\n\n<p>&nbsp;<\/p>\n\n\n\n<h3 class=\"wp-block-heading\">La fabrication du masque \u00e9tape par \u00e9tape :<\/h3>\n\n\n\n<p>1\/ T\u00e9l\u00e9charger les mod\u00e8les en cliquant juste <a href=\"https:\/\/l.etiquettes.a-qui-s.fr\/T\/WF\/7323\/UVGmES\/Register\/fr-CA\/Form.ofsys?Provenance=25_masquecarnaval-FR\">ici<\/a><\/p>\n\n\n\n<p>2\/ Avant de les imprimer sur du papier blanc<\/p>\n\n\n\n<p>3\/ Une fois imprim\u00e9s, d\u00e9couper les masques puis \u00e9vider les yeux<\/p>\n\n\n\n<figure class=\"wp-block-image\"><img decoding=\"async\" src=\"https:\/\/images.a-qui-s.fr\/image\/upload\/v1740734623\/BLOG\/_DSC1300_recadr%C3%A9e.jpg\" alt=\"masque faon \u00e0 t\u00e9l\u00e9charger gratuitement pour carnaval\"\/><\/figure>\n\n\n\n<figure class=\"wp-block-image\"><img decoding=\"async\" src=\"https:\/\/images.a-qui-s.fr\/image\/upload\/v1740734624\/BLOG\/_DSC1294_recadr%C3%A9e.jpg\" alt=\"masque renard \u00e0 imprimer pour carnaval\"\/><\/figure>\n\n\n\n<p><\/p>\n\n\n\n<p>4\/ Vous \u00eates maintenant pr\u00eats \u00e0 assembler le masque sur les lunettes. Il suffit de coller le masque \u00e0 l&rsquo;aide du scotch double face sur la paire de lunettes<\/p>\n\n\n\n<p>C&rsquo;est tellement facile et rapide!<\/p>\n\n\n\n<p class=\"has-text-align-center\">On vous souhaite une belle journ\u00e9e de carnaval !<\/p>\n\n\n\n<p>N&rsquo;h\u00e9sitez pas \u00e0 partager vos cr\u00e9ations de masque carnaval avec nous sur <a href=\"https:\/\/www.instagram.com\/etiquettesaquis\/\">Instagram<\/a> et <a href=\"https:\/\/www.facebook.com\/AquiS\">Facebook<\/a> en nous mentionnant avec le #etiquettesaquis<\/p>\n\n\n\n<p>&nbsp;<\/p>\n\n\n\n<p>&nbsp;<\/p>\n","protected":false},"excerpt":{"rendered":"<p>C&rsquo;est bient\u00f4t l&rsquo;heure pour vos p&rsquo;tits bouts de se d\u00e9guiser ! On a une id\u00e9e pour fabriquer son masque de Carnaval en petit faon et en renard. On le sait, chaque ann\u00e9e ils sont impatients de pouvoir porter leur plus beau costume haut en couleurs sous le signe de l&rsquo;amusement. Cette ann\u00e9e aussi, nous vous [&hellip;]<\/p>\n","protected":false},"author":2,"featured_media":19571,"comment_status":"open","ping_status":"open","sticky":false,"template":"","format":"standard","meta":{"_acf_changed":false,"fifu_image_url":"https:\/\/images.a-qui-s.fr\/image\/upload\/v1740734641\/BLOG\/renard-faon-masques-carnaval-DIY.jpg","fifu_image_alt":"DIY : fabriquer son masque de Carnaval","footnotes":""},"categories":[59],"tags":[],"class_list":["post-18173","post","type-post","status-publish","format-standard","has-post-thumbnail","hentry","category-diy-bricolage-enfant"],"acf":[],"yoast_head":"<!-- This site is optimized with the Yoast SEO plugin v27.0 - https:\/\/yoast.com\/product\/yoast-seo-wordpress\/ -->\n<title>DIY : fabriquer son masque de Carnaval - chez A-qui-S<\/title>\n<meta name=\"description\" content=\"Faon ou renard, voici une activit\u00e9 manuelle hyper facile pour fabriquer son masque de Carnaval qui ravira petits et grands !\" \/>\n<meta name=\"robots\" content=\"index, follow, max-snippet:-1, max-image-preview:large, max-video-preview:-1\" \/>\n<link rel=\"canonical\" href=\"https:\/\/www.a-qui-s.fr\/le-blog\/diy-bricolage-enfant\/fabriquer-son-masque-pour-carnaval\/\" \/>\n<meta property=\"og:locale\" content=\"fr_FR\" \/>\n<meta property=\"og:type\" content=\"article\" \/>\n<meta property=\"og:title\" content=\"DIY : fabriquer son masque de Carnaval - chez A-qui-S\" \/>\n<meta property=\"og:description\" content=\"Faon ou renard, voici une activit\u00e9 manuelle hyper facile pour fabriquer son masque de Carnaval qui ravira petits et grands !\" \/>\n<meta property=\"og:url\" content=\"https:\/\/www.a-qui-s.fr\/le-blog\/diy-bricolage-enfant\/fabriquer-son-masque-pour-carnaval\/\" \/>\n<meta property=\"og:site_name\" content=\"LE BLOG d&#039;A-qui-S\" \/>\n<meta property=\"article:publisher\" content=\"https:\/\/www.facebook.com\/AquiS\/\" \/>\n<meta property=\"article:published_time\" content=\"2026-02-10T13:28:38+00:00\" \/>\n<meta property=\"article:modified_time\" content=\"2026-02-10T15:53:30+00:00\" \/>\n<meta property=\"og:image\" content=\"https:\/\/images.a-qui-s.fr\/image\/upload\/v1740734641\/BLOG\/renard-faon-masques-carnaval-DIY.jpg\" \/>\n<meta name=\"author\" content=\"Louise de A-qui-S\" \/>\n<meta name=\"twitter:card\" content=\"summary_large_image\" \/>\n<meta name=\"twitter:image\" content=\"https:\/\/images.a-qui-s.fr\/image\/upload\/v1740734641\/BLOG\/renard-faon-masques-carnaval-DIY.jpg\" \/>\n<meta name=\"twitter:creator\" content=\"@aquis_fr\" \/>\n<meta name=\"twitter:site\" content=\"@aquis_fr\" \/>\n<meta name=\"twitter:label1\" content=\"Written by\" \/>\n\t<meta name=\"twitter:data1\" content=\"Louise de A-qui-S\" \/>\n\t<meta name=\"twitter:label2\" content=\"Est. reading time\" \/>\n\t<meta name=\"twitter:data2\" content=\"3 minutes\" \/>\n<script type=\"application\/ld+json\" class=\"yoast-schema-graph\">{\"@context\":\"https:\/\/schema.org\",\"@graph\":[{\"@type\":\"Article\",\"@id\":\"https:\/\/www.a-qui-s.fr\/le-blog\/diy-bricolage-enfant\/fabriquer-son-masque-pour-carnaval\/#article\",\"isPartOf\":{\"@id\":\"https:\/\/www.a-qui-s.fr\/le-blog\/diy-bricolage-enfant\/fabriquer-son-masque-pour-carnaval\/\"},\"author\":{\"name\":\"Louise de A-qui-S\",\"@id\":\"https:\/\/www.a-qui-s.fr\/le-blog\/#\/schema\/person\/d98098c165f4481653780d6fa061f531\"},\"headline\":\"DIY : fabriquer son masque de Carnaval\",\"datePublished\":\"38+00:00\",\"dateModified\":\"30+00:00\",\"mainEntityOfPage\":{\"@id\":\"https:\/\/www.a-qui-s.fr\/le-blog\/diy-bricolage-enfant\/fabriquer-son-masque-pour-carnaval\/\"},\"wordCount\":243,\"commentCount\":0,\"publisher\":{\"@id\":\"https:\/\/www.a-qui-s.fr\/le-blog\/#organization\"},\"image\":{\"@id\":\"https:\/\/www.a-qui-s.fr\/le-blog\/diy-bricolage-enfant\/fabriquer-son-masque-pour-carnaval\/#primaryimage\"},\"thumbnailUrl\":\"https:\/\/images.a-qui-s.fr\/image\/upload\/v1740734641\/BLOG\/renard-faon-masques-carnaval-DIY.jpg\",\"articleSection\":[\"DIY - Bricolage enfant\"],\"inLanguage\":\"fr-FR\",\"potentialAction\":[{\"@type\":\"CommentAction\",\"name\":\"Comment\",\"target\":[\"https:\/\/www.a-qui-s.fr\/le-blog\/diy-bricolage-enfant\/fabriquer-son-masque-pour-carnaval\/#respond\"]}]},{\"@type\":\"WebPage\",\"@id\":\"https:\/\/www.a-qui-s.fr\/le-blog\/diy-bricolage-enfant\/fabriquer-son-masque-pour-carnaval\/\",\"url\":\"https:\/\/www.a-qui-s.fr\/le-blog\/diy-bricolage-enfant\/fabriquer-son-masque-pour-carnaval\/\",\"name\":\"DIY : fabriquer son masque de Carnaval - chez A-qui-S\",\"isPartOf\":{\"@id\":\"https:\/\/www.a-qui-s.fr\/le-blog\/#website\"},\"primaryImageOfPage\":{\"@id\":\"https:\/\/www.a-qui-s.fr\/le-blog\/diy-bricolage-enfant\/fabriquer-son-masque-pour-carnaval\/#primaryimage\"},\"image\":{\"@id\":\"https:\/\/www.a-qui-s.fr\/le-blog\/diy-bricolage-enfant\/fabriquer-son-masque-pour-carnaval\/#primaryimage\"},\"thumbnailUrl\":\"https:\/\/images.a-qui-s.fr\/image\/upload\/v1740734641\/BLOG\/renard-faon-masques-carnaval-DIY.jpg\",\"datePublished\":\"38+00:00\",\"dateModified\":\"30+00:00\",\"description\":\"Faon ou renard, voici une activit\u00e9 manuelle hyper facile pour fabriquer son masque de Carnaval qui ravira petits et grands !\",\"breadcrumb\":{\"@id\":\"https:\/\/www.a-qui-s.fr\/le-blog\/diy-bricolage-enfant\/fabriquer-son-masque-pour-carnaval\/#breadcrumb\"},\"inLanguage\":\"fr-FR\",\"potentialAction\":[{\"@type\":\"ReadAction\",\"target\":[\"https:\/\/www.a-qui-s.fr\/le-blog\/diy-bricolage-enfant\/fabriquer-son-masque-pour-carnaval\/\"]}]},{\"@type\":\"ImageObject\",\"inLanguage\":\"fr-FR\",\"@id\":\"https:\/\/www.a-qui-s.fr\/le-blog\/diy-bricolage-enfant\/fabriquer-son-masque-pour-carnaval\/#primaryimage\",\"url\":\"https:\/\/images.a-qui-s.fr\/image\/upload\/v1740734641\/BLOG\/renard-faon-masques-carnaval-DIY.jpg\",\"contentUrl\":\"https:\/\/images.a-qui-s.fr\/image\/upload\/v1740734641\/BLOG\/renard-faon-masques-carnaval-DIY.jpg\",\"width\":\"1638\",\"height\":\"2048\",\"caption\":\"DIY : fabriquer son masque de Carnaval\"},{\"@type\":\"BreadcrumbList\",\"@id\":\"https:\/\/www.a-qui-s.fr\/le-blog\/diy-bricolage-enfant\/fabriquer-son-masque-pour-carnaval\/#breadcrumb\",\"itemListElement\":[{\"@type\":\"ListItem\",\"position\":1,\"name\":\"Accueil\",\"item\":\"https:\/\/www.a-qui-s.fr\/le-blog\/\"},{\"@type\":\"ListItem\",\"position\":2,\"name\":\"DIY - Bricolage enfant\",\"item\":\"https:\/\/www.a-qui-s.fr\/le-blog\/category\/diy-bricolage-enfant\/\"},{\"@type\":\"ListItem\",\"position\":3,\"name\":\"DIY : fabriquer son masque de Carnaval\"}]},{\"@type\":\"WebSite\",\"@id\":\"https:\/\/www.a-qui-s.fr\/le-blog\/#website\",\"url\":\"https:\/\/www.a-qui-s.fr\/le-blog\/\",\"name\":\"LE BLOG d&#039;A-qui-S\",\"description\":\"La communaut\u00e9 des &quot;Pas-Perdus&quot;\",\"publisher\":{\"@id\":\"https:\/\/www.a-qui-s.fr\/le-blog\/#organization\"},\"potentialAction\":[{\"@type\":\"SearchAction\",\"target\":{\"@type\":\"EntryPoint\",\"urlTemplate\":\"https:\/\/www.a-qui-s.fr\/le-blog\/?s={search_term_string}\"},\"query-input\":{\"@type\":\"PropertyValueSpecification\",\"valueRequired\":true,\"valueName\":\"search_term_string\"}}],\"inLanguage\":\"fr-FR\"},{\"@type\":\"Organization\",\"@id\":\"https:\/\/www.a-qui-s.fr\/le-blog\/#organization\",\"name\":\"Etiquettes & compagnie\",\"url\":\"https:\/\/www.a-qui-s.fr\/le-blog\/\",\"logo\":{\"@type\":\"ImageObject\",\"inLanguage\":\"fr-FR\",\"@id\":\"https:\/\/www.a-qui-s.fr\/le-blog\/#\/schema\/logo\/image\/\",\"url\":\"https:\/\/www.a-qui-s.fr\/le-blog\/wp-content\/uploads\/2015\/05\/logo_a-qui-s.png\",\"contentUrl\":\"https:\/\/www.a-qui-s.fr\/le-blog\/wp-content\/uploads\/2015\/05\/logo_a-qui-s.png\",\"width\":132,\"height\":59,\"caption\":\"Etiquettes & compagnie\"},\"image\":{\"@id\":\"https:\/\/www.a-qui-s.fr\/le-blog\/#\/schema\/logo\/image\/\"},\"sameAs\":[\"https:\/\/www.facebook.com\/AquiS\/\",\"https:\/\/x.com\/aquis_fr\"]},{\"@type\":\"Person\",\"@id\":\"https:\/\/www.a-qui-s.fr\/le-blog\/#\/schema\/person\/d98098c165f4481653780d6fa061f531\",\"name\":\"Louise de A-qui-S\",\"image\":{\"@type\":\"ImageObject\",\"inLanguage\":\"fr-FR\",\"@id\":\"https:\/\/www.a-qui-s.fr\/le-blog\/#\/schema\/person\/image\/\",\"url\":\"https:\/\/secure.gravatar.com\/avatar\/7a713547ddd2e0fc4130ec55978934dc3f12ef2095fa1cba20e2f0efcd0728c4?s=96&d=mm&r=g\",\"contentUrl\":\"https:\/\/secure.gravatar.com\/avatar\/7a713547ddd2e0fc4130ec55978934dc3f12ef2095fa1cba20e2f0efcd0728c4?s=96&d=mm&r=g\",\"caption\":\"Louise de A-qui-S\"},\"url\":\"https:\/\/www.a-qui-s.fr\/le-blog\/author\/julia\/\"}]}<\/script>\n<!-- \/ Yoast SEO plugin. -->","yoast_head_json":{"title":"DIY : fabriquer son masque de Carnaval - chez A-qui-S","description":"Faon ou renard, voici une activit\u00e9 manuelle hyper facile pour fabriquer son masque de Carnaval qui ravira petits et grands !","robots":{"index":"index","follow":"follow","max-snippet":"max-snippet:-1","max-image-preview":"max-image-preview:large","max-video-preview":"max-video-preview:-1"},"canonical":"https:\/\/www.a-qui-s.fr\/le-blog\/diy-bricolage-enfant\/fabriquer-son-masque-pour-carnaval\/","og_locale":"fr_FR","og_type":"article","og_title":"DIY : fabriquer son masque de Carnaval - chez A-qui-S","og_description":"Faon ou renard, voici une activit\u00e9 manuelle hyper facile pour fabriquer son masque de Carnaval qui ravira petits et grands !","og_url":"https:\/\/www.a-qui-s.fr\/le-blog\/diy-bricolage-enfant\/fabriquer-son-masque-pour-carnaval\/","og_site_name":"LE BLOG d&#039;A-qui-S","article_publisher":"https:\/\/www.facebook.com\/AquiS\/","article_published_time":"2026-02-10T13:28:38+00:00","article_modified_time":"2026-02-10T15:53:30+00:00","og_image":[{"url":"https:\/\/images.a-qui-s.fr\/image\/upload\/v1740734641\/BLOG\/renard-faon-masques-carnaval-DIY.jpg","type":"","width":"","height":""}],"author":"Louise de A-qui-S","twitter_card":"summary_large_image","twitter_image":"https:\/\/images.a-qui-s.fr\/image\/upload\/v1740734641\/BLOG\/renard-faon-masques-carnaval-DIY.jpg","twitter_creator":"@aquis_fr","twitter_site":"@aquis_fr","twitter_misc":{"Written by":"Louise de A-qui-S","Est. reading time":"3 minutes"},"schema":{"@context":"https:\/\/schema.org","@graph":[{"@type":"Article","@id":"https:\/\/www.a-qui-s.fr\/le-blog\/diy-bricolage-enfant\/fabriquer-son-masque-pour-carnaval\/#article","isPartOf":{"@id":"https:\/\/www.a-qui-s.fr\/le-blog\/diy-bricolage-enfant\/fabriquer-son-masque-pour-carnaval\/"},"author":{"name":"Louise de A-qui-S","@id":"https:\/\/www.a-qui-s.fr\/le-blog\/#\/schema\/person\/d98098c165f4481653780d6fa061f531"},"headline":"DIY : fabriquer son masque de Carnaval","datePublished":"38+00:00","dateModified":"30+00:00","mainEntityOfPage":{"@id":"https:\/\/www.a-qui-s.fr\/le-blog\/diy-bricolage-enfant\/fabriquer-son-masque-pour-carnaval\/"},"wordCount":243,"commentCount":0,"publisher":{"@id":"https:\/\/www.a-qui-s.fr\/le-blog\/#organization"},"image":{"@id":"https:\/\/www.a-qui-s.fr\/le-blog\/diy-bricolage-enfant\/fabriquer-son-masque-pour-carnaval\/#primaryimage"},"thumbnailUrl":"https:\/\/images.a-qui-s.fr\/image\/upload\/v1740734641\/BLOG\/renard-faon-masques-carnaval-DIY.jpg","articleSection":["DIY - Bricolage enfant"],"inLanguage":"fr-FR","potentialAction":[{"@type":"CommentAction","name":"Comment","target":["https:\/\/www.a-qui-s.fr\/le-blog\/diy-bricolage-enfant\/fabriquer-son-masque-pour-carnaval\/#respond"]}]},{"@type":"WebPage","@id":"https:\/\/www.a-qui-s.fr\/le-blog\/diy-bricolage-enfant\/fabriquer-son-masque-pour-carnaval\/","url":"https:\/\/www.a-qui-s.fr\/le-blog\/diy-bricolage-enfant\/fabriquer-son-masque-pour-carnaval\/","name":"DIY : fabriquer son masque de Carnaval - chez A-qui-S","isPartOf":{"@id":"https:\/\/www.a-qui-s.fr\/le-blog\/#website"},"primaryImageOfPage":{"@id":"https:\/\/www.a-qui-s.fr\/le-blog\/diy-bricolage-enfant\/fabriquer-son-masque-pour-carnaval\/#primaryimage"},"image":{"@id":"https:\/\/www.a-qui-s.fr\/le-blog\/diy-bricolage-enfant\/fabriquer-son-masque-pour-carnaval\/#primaryimage"},"thumbnailUrl":"https:\/\/images.a-qui-s.fr\/image\/upload\/v1740734641\/BLOG\/renard-faon-masques-carnaval-DIY.jpg","datePublished":"38+00:00","dateModified":"30+00:00","description":"Faon ou renard, voici une activit\u00e9 manuelle hyper facile pour fabriquer son masque de Carnaval qui ravira petits et grands !","breadcrumb":{"@id":"https:\/\/www.a-qui-s.fr\/le-blog\/diy-bricolage-enfant\/fabriquer-son-masque-pour-carnaval\/#breadcrumb"},"inLanguage":"fr-FR","potentialAction":[{"@type":"ReadAction","target":["https:\/\/www.a-qui-s.fr\/le-blog\/diy-bricolage-enfant\/fabriquer-son-masque-pour-carnaval\/"]}]},{"@type":"ImageObject","inLanguage":"fr-FR","@id":"https:\/\/www.a-qui-s.fr\/le-blog\/diy-bricolage-enfant\/fabriquer-son-masque-pour-carnaval\/#primaryimage","url":"https:\/\/images.a-qui-s.fr\/image\/upload\/v1740734641\/BLOG\/renard-faon-masques-carnaval-DIY.jpg","contentUrl":"https:\/\/images.a-qui-s.fr\/image\/upload\/v1740734641\/BLOG\/renard-faon-masques-carnaval-DIY.jpg","width":"1638","height":"2048","caption":"DIY : fabriquer son masque de Carnaval"},{"@type":"BreadcrumbList","@id":"https:\/\/www.a-qui-s.fr\/le-blog\/diy-bricolage-enfant\/fabriquer-son-masque-pour-carnaval\/#breadcrumb","itemListElement":[{"@type":"ListItem","position":1,"name":"Accueil","item":"https:\/\/www.a-qui-s.fr\/le-blog\/"},{"@type":"ListItem","position":2,"name":"DIY - Bricolage enfant","item":"https:\/\/www.a-qui-s.fr\/le-blog\/category\/diy-bricolage-enfant\/"},{"@type":"ListItem","position":3,"name":"DIY : fabriquer son masque de Carnaval"}]},{"@type":"WebSite","@id":"https:\/\/www.a-qui-s.fr\/le-blog\/#website","url":"https:\/\/www.a-qui-s.fr\/le-blog\/","name":"LE BLOG d&#039;A-qui-S","description":"La communaut\u00e9 des &quot;Pas-Perdus&quot;","publisher":{"@id":"https:\/\/www.a-qui-s.fr\/le-blog\/#organization"},"potentialAction":[{"@type":"SearchAction","target":{"@type":"EntryPoint","urlTemplate":"https:\/\/www.a-qui-s.fr\/le-blog\/?s={search_term_string}"},"query-input":{"@type":"PropertyValueSpecification","valueRequired":true,"valueName":"search_term_string"}}],"inLanguage":"fr-FR"},{"@type":"Organization","@id":"https:\/\/www.a-qui-s.fr\/le-blog\/#organization","name":"Etiquettes & compagnie","url":"https:\/\/www.a-qui-s.fr\/le-blog\/","logo":{"@type":"ImageObject","inLanguage":"fr-FR","@id":"https:\/\/www.a-qui-s.fr\/le-blog\/#\/schema\/logo\/image\/","url":"https:\/\/www.a-qui-s.fr\/le-blog\/wp-content\/uploads\/2015\/05\/logo_a-qui-s.png","contentUrl":"https:\/\/www.a-qui-s.fr\/le-blog\/wp-content\/uploads\/2015\/05\/logo_a-qui-s.png","width":132,"height":59,"caption":"Etiquettes & compagnie"},"image":{"@id":"https:\/\/www.a-qui-s.fr\/le-blog\/#\/schema\/logo\/image\/"},"sameAs":["https:\/\/www.facebook.com\/AquiS\/","https:\/\/x.com\/aquis_fr"]},{"@type":"Person","@id":"https:\/\/www.a-qui-s.fr\/le-blog\/#\/schema\/person\/d98098c165f4481653780d6fa061f531","name":"Louise de A-qui-S","image":{"@type":"ImageObject","inLanguage":"fr-FR","@id":"https:\/\/www.a-qui-s.fr\/le-blog\/#\/schema\/person\/image\/","url":"https:\/\/secure.gravatar.com\/avatar\/7a713547ddd2e0fc4130ec55978934dc3f12ef2095fa1cba20e2f0efcd0728c4?s=96&d=mm&r=g","contentUrl":"https:\/\/secure.gravatar.com\/avatar\/7a713547ddd2e0fc4130ec55978934dc3f12ef2095fa1cba20e2f0efcd0728c4?s=96&d=mm&r=g","caption":"Louise de A-qui-S"},"url":"https:\/\/www.a-qui-s.fr\/le-blog\/author\/julia\/"}]}},"_links":{"self":[{"href":"https:\/\/www.a-qui-s.fr\/le-blog\/wp-json\/wp\/v2\/posts\/18173","targetHints":{"allow":["GET"]}}],"collection":[{"href":"https:\/\/www.a-qui-s.fr\/le-blog\/wp-json\/wp\/v2\/posts"}],"about":[{"href":"https:\/\/www.a-qui-s.fr\/le-blog\/wp-json\/wp\/v2\/types\/post"}],"author":[{"embeddable":true,"href":"https:\/\/www.a-qui-s.fr\/le-blog\/wp-json\/wp\/v2\/users\/2"}],"replies":[{"embeddable":true,"href":"https:\/\/www.a-qui-s.fr\/le-blog\/wp-json\/wp\/v2\/comments?post=18173"}],"version-history":[{"count":4,"href":"https:\/\/www.a-qui-s.fr\/le-blog\/wp-json\/wp\/v2\/posts\/18173\/revisions"}],"predecessor-version":[{"id":20625,"href":"https:\/\/www.a-qui-s.fr\/le-blog\/wp-json\/wp\/v2\/posts\/18173\/revisions\/20625"}],"wp:featuredmedia":[{"embeddable":true,"href":"https:\/\/www.a-qui-s.fr\/le-blog\/wp-json\/wp\/v2\/media\/19571"}],"wp:attachment":[{"href":"https:\/\/www.a-qui-s.fr\/le-blog\/wp-json\/wp\/v2\/media?parent=18173"}],"wp:term":[{"taxonomy":"category","embeddable":true,"href":"https:\/\/www.a-qui-s.fr\/le-blog\/wp-json\/wp\/v2\/categories?post=18173"},{"taxonomy":"post_tag","embeddable":true,"href":"https:\/\/www.a-qui-s.fr\/le-blog\/wp-json\/wp\/v2\/tags?post=18173"}],"curies":[{"name":"wp","href":"https:\/\/api.w.org\/{rel}","templated":true}]}}