{"id":18156,"date":"2025-01-07T14:37:54","date_gmt":"2025-01-07T13:37:54","guid":{"rendered":"https:\/\/www.a-qui-s.fr\/le-blog\/?p=18156"},"modified":"2025-08-26T13:40:08","modified_gmt":"2025-08-26T12:40:08","slug":"le-calendrier-bimestriel-janvier-fevrier-2025","status":"publish","type":"post","link":"https:\/\/www.a-qui-s.fr\/le-blog\/trucs-et-astuces\/le-calendrier-bimestriel-janvier-fevrier-2025\/","title":{"rendered":"Calendrier bimestriel"},"content":{"rendered":"<p>La nouvelle ann\u00e9e est arriv\u00e9e, et avec elle, l&rsquo;envie de repartir sur de bonnes bases. Chez A-qui-S.fr, nous savons \u00e0 quel point l&rsquo;organisation est essentielle pour les familles aux vies bien charg\u00e9es. C&rsquo;est pourquoi nous vous proposons un <strong>calendrier bimestriel<\/strong> \u00e0 t\u00e9l\u00e9charger gratuitement, sp\u00e9cialement con\u00e7u pour faciliter la gestion des activit\u00e9s, des rendez-vous, des invitations de tous les membres de la famille.<\/p>\n<p><a href=\"https:\/\/res.cloudinary.com\/aquis\/image\/upload\/v1736249431\/CAL-Janv-Fev-FR_copie.pdf\"><img fetchpriority=\"high\" decoding=\"async\" class=\"aligncenter\" src=\"https:\/\/images.a-qui-s.fr\/image\/upload\/v1736249531\/CAL-janv-fev.png\" width=\"331\" height=\"414\"><\/a><\/p>\n<h3><strong>Pourquoi adopter ce calendrier bimestriel ?<\/strong><\/h3>\n<p>Comme les pr\u00e9c\u00e9dents, le calendrier janvier-f\u00e9vrier 2025 a \u00e9t\u00e9 pens\u00e9 pour r\u00e9pondre aux besoins des familles :<\/p>\n<ul>\n<li><strong>Vue globale sur deux mois<\/strong> : Id\u00e9al pour planifier les rendez-vous, les anniversaires, les activit\u00e9s extrascolaires ou encore les invitations.<\/li>\n<li><strong>Vacances scolaires identifi\u00e9es<\/strong> : Retrouvez en un clin d&rsquo;\u0153il les dates des vacances pour les zones A, B et C.<\/li>\n<li><strong>Pratique et clair<\/strong> : Parfait pour afficher sur le frigo ou dans un espace commun, afin que chacun puisse suivre les \u00e9v\u00e9nements importants.<\/li>\n<\/ul>\n<p><strong>Astuce<\/strong> : Ce calendrier peut devenir votre alli\u00e9 pour accompagner l&rsquo;une des r\u00e9solutions les plus populaires de d\u00e9but d&rsquo;ann\u00e9e : mieux s\u2019organiser !<\/p>\n<h3><strong>Comment t\u00e9l\u00e9charger gratuitement votre calendrier ?<\/strong><\/h3>\n<p>Rien de plus simple :<\/p>\n<ol>\n<li>Cliquez sur le bouton ci-dessous pour acc\u00e9der \u00e0 votre calendrier.<\/li>\n<li>Imprimez et compl\u00e9tez-le&nbsp;<\/li>\n<li>Placez-le \u00e0 un endroit strat\u00e9gique de votre maison (le frigo, un tableau magn\u00e9tique, etc.).<\/li>\n<\/ol>\n<p><a href=\"https:\/\/l.etiquettes.a-qui-s.fr\/T\/WF\/7323\/UVGmES\/Register\/fr-CA\/Form.ofsys?provenance=CAL-Janv-Fev-FR_copie.pdf\">Telecharger<\/a><\/p>\n<h3><strong>Petite astuce pour une organisation encore plus efficace<\/strong><\/h3>\n<p>Pour que tout le monde retrouve facilement ses affaires lors des activit\u00e9s ou \u00e0 l\u2019\u00e9cole, pensez \u00e0 utiliser nos <a href=\"https:\/\/www.a-qui-s.fr\/etiquettes-vetements\/\">\u00e9tiquettes pour v\u00eatements<\/a>. Gr\u00e2ce \u00e0 elles, fini les v\u00eatements \u00e9gar\u00e9s ou \u00e9chang\u00e9s ! A-qui-S.fr vous propose des \u00e9tiquettes personnalis\u00e9es et r\u00e9sistantes, qui se collent ou se thermocollent en quelques secondes. C&rsquo;est un v\u00e9ritable gain de temps et de s\u00e9r\u00e9nit\u00e9 pour toute la famille.<\/p>\n<h3><strong>Une rentr\u00e9e en ce d\u00e9but d&rsquo;ann\u00e9e sans stress gr\u00e2ce \u00e0 A-qui-S.fr<\/strong><\/h3>\n<p>Ce calendrier est \u00e9galement id\u00e9al pour visualiser les p\u00e9riodes scolaires et anticiper les moments cl\u00e9s de l&rsquo;ann\u00e9e. Avec les outils pratiques d\u2019A-qui-S.fr, nous faisons tout pour simplifier la vie des familles actives.<\/p>\n<p>Alors, pr\u00eat(e) \u00e0 d\u00e9marrer cette nouvelle ann\u00e9e sous le signe de l&rsquo;organisation ? T\u00e9l\u00e9chargez votre calendrier et laissez nous vous accompagner tout au long de 2025 !<\/p>\n","protected":false},"excerpt":{"rendered":"<p>La nouvelle ann\u00e9e est arriv\u00e9e, et avec elle, l&rsquo;envie de repartir sur de bonnes bases. Chez A-qui-S.fr, nous savons \u00e0 quel point l&rsquo;organisation est essentielle pour les familles aux vies bien charg\u00e9es. C&rsquo;est pourquoi nous vous proposons un calendrier bimestriel \u00e0 t\u00e9l\u00e9charger gratuitement, sp\u00e9cialement con\u00e7u pour faciliter la gestion des activit\u00e9s, des rendez-vous, des invitations [&hellip;]<\/p>\n","protected":false},"author":2,"featured_media":19575,"comment_status":"open","ping_status":"open","sticky":false,"template":"","format":"standard","meta":{"_acf_changed":false,"fifu_image_url":"https:\/\/images.a-qui-s.fr\/image\/upload\/v1736249531\/CAL-janv-fev.png","fifu_image_alt":"Le calendrier bimestriel janvier-f\u00e9vrier 2025","footnotes":""},"categories":[55],"tags":[],"class_list":["post-18156","post","type-post","status-publish","format-standard","has-post-thumbnail","hentry","category-trucs-et-astuces"],"acf":[],"yoast_head":"<!-- This site is optimized with the Yoast SEO plugin v27.0 - https:\/\/yoast.com\/product\/yoast-seo-wordpress\/ -->\n<title>Calendrier bimestriel -<\/title>\n<meta name=\"description\" content=\"Des activit\u00e9s, des astuces, des recettes pour les enfants :)\" \/>\n<meta name=\"robots\" content=\"index, follow, max-snippet:-1, max-image-preview:large, max-video-preview:-1\" \/>\n<link rel=\"canonical\" href=\"https:\/\/www.a-qui-s.fr\/le-blog\/trucs-et-astuces\/le-calendrier-bimestriel-janvier-fevrier-2025\/\" \/>\n<meta property=\"og:locale\" content=\"fr_FR\" \/>\n<meta property=\"og:type\" content=\"article\" \/>\n<meta property=\"og:title\" content=\"Calendrier bimestriel -\" \/>\n<meta property=\"og:description\" content=\"Des activit\u00e9s, des astuces, des recettes pour les enfants :)\" \/>\n<meta property=\"og:url\" content=\"https:\/\/www.a-qui-s.fr\/le-blog\/trucs-et-astuces\/le-calendrier-bimestriel-janvier-fevrier-2025\/\" \/>\n<meta property=\"og:site_name\" content=\"LE BLOG d&#039;A-qui-S\" \/>\n<meta property=\"article:publisher\" content=\"https:\/\/www.facebook.com\/AquiS\/\" \/>\n<meta property=\"article:published_time\" content=\"2025-01-07T13:37:54+00:00\" \/>\n<meta property=\"article:modified_time\" content=\"2025-08-26T12:40:08+00:00\" \/>\n<meta property=\"og:image\" content=\"https:\/\/images.a-qui-s.fr\/image\/upload\/v1736249531\/CAL-janv-fev.png\" \/>\n<meta name=\"author\" content=\"Louise de A-qui-S\" \/>\n<meta name=\"twitter:card\" content=\"summary_large_image\" \/>\n<meta name=\"twitter:image\" content=\"https:\/\/images.a-qui-s.fr\/image\/upload\/v1736249531\/CAL-janv-fev.png\" \/>\n<meta name=\"twitter:creator\" content=\"@aquis_fr\" \/>\n<meta name=\"twitter:site\" content=\"@aquis_fr\" \/>\n<meta name=\"twitter:label1\" content=\"Written by\" \/>\n\t<meta name=\"twitter:data1\" content=\"Louise de A-qui-S\" \/>\n\t<meta name=\"twitter:label2\" content=\"Est. reading time\" \/>\n\t<meta name=\"twitter:data2\" content=\"3 minutes\" \/>\n<script type=\"application\/ld+json\" class=\"yoast-schema-graph\">{\"@context\":\"https:\/\/schema.org\",\"@graph\":[{\"@type\":\"Article\",\"@id\":\"https:\/\/www.a-qui-s.fr\/le-blog\/trucs-et-astuces\/le-calendrier-bimestriel-janvier-fevrier-2025\/#article\",\"isPartOf\":{\"@id\":\"https:\/\/www.a-qui-s.fr\/le-blog\/trucs-et-astuces\/le-calendrier-bimestriel-janvier-fevrier-2025\/\"},\"author\":{\"name\":\"Louise de A-qui-S\",\"@id\":\"https:\/\/www.a-qui-s.fr\/le-blog\/#\/schema\/person\/d98098c165f4481653780d6fa061f531\"},\"headline\":\"Calendrier bimestriel\",\"datePublished\":\"54+00:00\",\"dateModified\":\"08+00:00\",\"mainEntityOfPage\":{\"@id\":\"https:\/\/www.a-qui-s.fr\/le-blog\/trucs-et-astuces\/le-calendrier-bimestriel-janvier-fevrier-2025\/\"},\"wordCount\":396,\"commentCount\":5,\"publisher\":{\"@id\":\"https:\/\/www.a-qui-s.fr\/le-blog\/#organization\"},\"image\":{\"@id\":\"https:\/\/www.a-qui-s.fr\/le-blog\/trucs-et-astuces\/le-calendrier-bimestriel-janvier-fevrier-2025\/#primaryimage\"},\"thumbnailUrl\":\"https:\/\/images.a-qui-s.fr\/image\/upload\/v1736249531\/CAL-janv-fev.png\",\"articleSection\":[\"Trucs et Astuces\"],\"inLanguage\":\"fr-FR\",\"potentialAction\":[{\"@type\":\"CommentAction\",\"name\":\"Comment\",\"target\":[\"https:\/\/www.a-qui-s.fr\/le-blog\/trucs-et-astuces\/le-calendrier-bimestriel-janvier-fevrier-2025\/#respond\"]}]},{\"@type\":\"WebPage\",\"@id\":\"https:\/\/www.a-qui-s.fr\/le-blog\/trucs-et-astuces\/le-calendrier-bimestriel-janvier-fevrier-2025\/\",\"url\":\"https:\/\/www.a-qui-s.fr\/le-blog\/trucs-et-astuces\/le-calendrier-bimestriel-janvier-fevrier-2025\/\",\"name\":\"Calendrier bimestriel -\",\"isPartOf\":{\"@id\":\"https:\/\/www.a-qui-s.fr\/le-blog\/#website\"},\"primaryImageOfPage\":{\"@id\":\"https:\/\/www.a-qui-s.fr\/le-blog\/trucs-et-astuces\/le-calendrier-bimestriel-janvier-fevrier-2025\/#primaryimage\"},\"image\":{\"@id\":\"https:\/\/www.a-qui-s.fr\/le-blog\/trucs-et-astuces\/le-calendrier-bimestriel-janvier-fevrier-2025\/#primaryimage\"},\"thumbnailUrl\":\"https:\/\/images.a-qui-s.fr\/image\/upload\/v1736249531\/CAL-janv-fev.png\",\"datePublished\":\"54+00:00\",\"dateModified\":\"08+00:00\",\"description\":\"Des activit\u00e9s, des astuces, des recettes pour les enfants :)\",\"breadcrumb\":{\"@id\":\"https:\/\/www.a-qui-s.fr\/le-blog\/trucs-et-astuces\/le-calendrier-bimestriel-janvier-fevrier-2025\/#breadcrumb\"},\"inLanguage\":\"fr-FR\",\"potentialAction\":[{\"@type\":\"ReadAction\",\"target\":[\"https:\/\/www.a-qui-s.fr\/le-blog\/trucs-et-astuces\/le-calendrier-bimestriel-janvier-fevrier-2025\/\"]}]},{\"@type\":\"ImageObject\",\"inLanguage\":\"fr-FR\",\"@id\":\"https:\/\/www.a-qui-s.fr\/le-blog\/trucs-et-astuces\/le-calendrier-bimestriel-janvier-fevrier-2025\/#primaryimage\",\"url\":\"https:\/\/images.a-qui-s.fr\/image\/upload\/v1736249531\/CAL-janv-fev.png\",\"contentUrl\":\"https:\/\/images.a-qui-s.fr\/image\/upload\/v1736249531\/CAL-janv-fev.png\",\"width\":\"1080\",\"height\":\"1350\",\"caption\":\"Le calendrier bimestriel janvier-f\u00e9vrier 2025\"},{\"@type\":\"BreadcrumbList\",\"@id\":\"https:\/\/www.a-qui-s.fr\/le-blog\/trucs-et-astuces\/le-calendrier-bimestriel-janvier-fevrier-2025\/#breadcrumb\",\"itemListElement\":[{\"@type\":\"ListItem\",\"position\":1,\"name\":\"Accueil\",\"item\":\"https:\/\/www.a-qui-s.fr\/le-blog\/\"},{\"@type\":\"ListItem\",\"position\":2,\"name\":\"Trucs et Astuces\",\"item\":\"https:\/\/www.a-qui-s.fr\/le-blog\/category\/trucs-et-astuces\/\"},{\"@type\":\"ListItem\",\"position\":3,\"name\":\"Calendrier bimestriel\"}]},{\"@type\":\"WebSite\",\"@id\":\"https:\/\/www.a-qui-s.fr\/le-blog\/#website\",\"url\":\"https:\/\/www.a-qui-s.fr\/le-blog\/\",\"name\":\"LE BLOG d&#039;A-qui-S\",\"description\":\"La communaut\u00e9 des &quot;Pas-Perdus&quot;\",\"publisher\":{\"@id\":\"https:\/\/www.a-qui-s.fr\/le-blog\/#organization\"},\"potentialAction\":[{\"@type\":\"SearchAction\",\"target\":{\"@type\":\"EntryPoint\",\"urlTemplate\":\"https:\/\/www.a-qui-s.fr\/le-blog\/?s={search_term_string}\"},\"query-input\":{\"@type\":\"PropertyValueSpecification\",\"valueRequired\":true,\"valueName\":\"search_term_string\"}}],\"inLanguage\":\"fr-FR\"},{\"@type\":\"Organization\",\"@id\":\"https:\/\/www.a-qui-s.fr\/le-blog\/#organization\",\"name\":\"Etiquettes & compagnie\",\"url\":\"https:\/\/www.a-qui-s.fr\/le-blog\/\",\"logo\":{\"@type\":\"ImageObject\",\"inLanguage\":\"fr-FR\",\"@id\":\"https:\/\/www.a-qui-s.fr\/le-blog\/#\/schema\/logo\/image\/\",\"url\":\"https:\/\/www.a-qui-s.fr\/le-blog\/wp-content\/uploads\/2015\/05\/logo_a-qui-s.png\",\"contentUrl\":\"https:\/\/www.a-qui-s.fr\/le-blog\/wp-content\/uploads\/2015\/05\/logo_a-qui-s.png\",\"width\":132,\"height\":59,\"caption\":\"Etiquettes & compagnie\"},\"image\":{\"@id\":\"https:\/\/www.a-qui-s.fr\/le-blog\/#\/schema\/logo\/image\/\"},\"sameAs\":[\"https:\/\/www.facebook.com\/AquiS\/\",\"https:\/\/x.com\/aquis_fr\"]},{\"@type\":\"Person\",\"@id\":\"https:\/\/www.a-qui-s.fr\/le-blog\/#\/schema\/person\/d98098c165f4481653780d6fa061f531\",\"name\":\"Louise de A-qui-S\",\"image\":{\"@type\":\"ImageObject\",\"inLanguage\":\"fr-FR\",\"@id\":\"https:\/\/www.a-qui-s.fr\/le-blog\/#\/schema\/person\/image\/\",\"url\":\"https:\/\/secure.gravatar.com\/avatar\/7a713547ddd2e0fc4130ec55978934dc3f12ef2095fa1cba20e2f0efcd0728c4?s=96&d=mm&r=g\",\"contentUrl\":\"https:\/\/secure.gravatar.com\/avatar\/7a713547ddd2e0fc4130ec55978934dc3f12ef2095fa1cba20e2f0efcd0728c4?s=96&d=mm&r=g\",\"caption\":\"Louise de A-qui-S\"},\"url\":\"https:\/\/www.a-qui-s.fr\/le-blog\/author\/julia\/\"}]}<\/script>\n<!-- \/ Yoast SEO plugin. -->","yoast_head_json":{"title":"Calendrier bimestriel -","description":"Des activit\u00e9s, des astuces, des recettes pour les enfants :)","robots":{"index":"index","follow":"follow","max-snippet":"max-snippet:-1","max-image-preview":"max-image-preview:large","max-video-preview":"max-video-preview:-1"},"canonical":"https:\/\/www.a-qui-s.fr\/le-blog\/trucs-et-astuces\/le-calendrier-bimestriel-janvier-fevrier-2025\/","og_locale":"fr_FR","og_type":"article","og_title":"Calendrier bimestriel -","og_description":"Des activit\u00e9s, des astuces, des recettes pour les enfants :)","og_url":"https:\/\/www.a-qui-s.fr\/le-blog\/trucs-et-astuces\/le-calendrier-bimestriel-janvier-fevrier-2025\/","og_site_name":"LE BLOG d&#039;A-qui-S","article_publisher":"https:\/\/www.facebook.com\/AquiS\/","article_published_time":"2025-01-07T13:37:54+00:00","article_modified_time":"2025-08-26T12:40:08+00:00","og_image":[{"url":"https:\/\/images.a-qui-s.fr\/image\/upload\/v1736249531\/CAL-janv-fev.png","type":"","width":"","height":""}],"author":"Louise de A-qui-S","twitter_card":"summary_large_image","twitter_image":"https:\/\/images.a-qui-s.fr\/image\/upload\/v1736249531\/CAL-janv-fev.png","twitter_creator":"@aquis_fr","twitter_site":"@aquis_fr","twitter_misc":{"Written by":"Louise de A-qui-S","Est. reading time":"3 minutes"},"schema":{"@context":"https:\/\/schema.org","@graph":[{"@type":"Article","@id":"https:\/\/www.a-qui-s.fr\/le-blog\/trucs-et-astuces\/le-calendrier-bimestriel-janvier-fevrier-2025\/#article","isPartOf":{"@id":"https:\/\/www.a-qui-s.fr\/le-blog\/trucs-et-astuces\/le-calendrier-bimestriel-janvier-fevrier-2025\/"},"author":{"name":"Louise de A-qui-S","@id":"https:\/\/www.a-qui-s.fr\/le-blog\/#\/schema\/person\/d98098c165f4481653780d6fa061f531"},"headline":"Calendrier bimestriel","datePublished":"54+00:00","dateModified":"08+00:00","mainEntityOfPage":{"@id":"https:\/\/www.a-qui-s.fr\/le-blog\/trucs-et-astuces\/le-calendrier-bimestriel-janvier-fevrier-2025\/"},"wordCount":396,"commentCount":5,"publisher":{"@id":"https:\/\/www.a-qui-s.fr\/le-blog\/#organization"},"image":{"@id":"https:\/\/www.a-qui-s.fr\/le-blog\/trucs-et-astuces\/le-calendrier-bimestriel-janvier-fevrier-2025\/#primaryimage"},"thumbnailUrl":"https:\/\/images.a-qui-s.fr\/image\/upload\/v1736249531\/CAL-janv-fev.png","articleSection":["Trucs et Astuces"],"inLanguage":"fr-FR","potentialAction":[{"@type":"CommentAction","name":"Comment","target":["https:\/\/www.a-qui-s.fr\/le-blog\/trucs-et-astuces\/le-calendrier-bimestriel-janvier-fevrier-2025\/#respond"]}]},{"@type":"WebPage","@id":"https:\/\/www.a-qui-s.fr\/le-blog\/trucs-et-astuces\/le-calendrier-bimestriel-janvier-fevrier-2025\/","url":"https:\/\/www.a-qui-s.fr\/le-blog\/trucs-et-astuces\/le-calendrier-bimestriel-janvier-fevrier-2025\/","name":"Calendrier bimestriel -","isPartOf":{"@id":"https:\/\/www.a-qui-s.fr\/le-blog\/#website"},"primaryImageOfPage":{"@id":"https:\/\/www.a-qui-s.fr\/le-blog\/trucs-et-astuces\/le-calendrier-bimestriel-janvier-fevrier-2025\/#primaryimage"},"image":{"@id":"https:\/\/www.a-qui-s.fr\/le-blog\/trucs-et-astuces\/le-calendrier-bimestriel-janvier-fevrier-2025\/#primaryimage"},"thumbnailUrl":"https:\/\/images.a-qui-s.fr\/image\/upload\/v1736249531\/CAL-janv-fev.png","datePublished":"54+00:00","dateModified":"08+00:00","description":"Des activit\u00e9s, des astuces, des recettes pour les enfants :)","breadcrumb":{"@id":"https:\/\/www.a-qui-s.fr\/le-blog\/trucs-et-astuces\/le-calendrier-bimestriel-janvier-fevrier-2025\/#breadcrumb"},"inLanguage":"fr-FR","potentialAction":[{"@type":"ReadAction","target":["https:\/\/www.a-qui-s.fr\/le-blog\/trucs-et-astuces\/le-calendrier-bimestriel-janvier-fevrier-2025\/"]}]},{"@type":"ImageObject","inLanguage":"fr-FR","@id":"https:\/\/www.a-qui-s.fr\/le-blog\/trucs-et-astuces\/le-calendrier-bimestriel-janvier-fevrier-2025\/#primaryimage","url":"https:\/\/images.a-qui-s.fr\/image\/upload\/v1736249531\/CAL-janv-fev.png","contentUrl":"https:\/\/images.a-qui-s.fr\/image\/upload\/v1736249531\/CAL-janv-fev.png","width":"1080","height":"1350","caption":"Le calendrier bimestriel janvier-f\u00e9vrier 2025"},{"@type":"BreadcrumbList","@id":"https:\/\/www.a-qui-s.fr\/le-blog\/trucs-et-astuces\/le-calendrier-bimestriel-janvier-fevrier-2025\/#breadcrumb","itemListElement":[{"@type":"ListItem","position":1,"name":"Accueil","item":"https:\/\/www.a-qui-s.fr\/le-blog\/"},{"@type":"ListItem","position":2,"name":"Trucs et Astuces","item":"https:\/\/www.a-qui-s.fr\/le-blog\/category\/trucs-et-astuces\/"},{"@type":"ListItem","position":3,"name":"Calendrier bimestriel"}]},{"@type":"WebSite","@id":"https:\/\/www.a-qui-s.fr\/le-blog\/#website","url":"https:\/\/www.a-qui-s.fr\/le-blog\/","name":"LE BLOG d&#039;A-qui-S","description":"La communaut\u00e9 des &quot;Pas-Perdus&quot;","publisher":{"@id":"https:\/\/www.a-qui-s.fr\/le-blog\/#organization"},"potentialAction":[{"@type":"SearchAction","target":{"@type":"EntryPoint","urlTemplate":"https:\/\/www.a-qui-s.fr\/le-blog\/?s={search_term_string}"},"query-input":{"@type":"PropertyValueSpecification","valueRequired":true,"valueName":"search_term_string"}}],"inLanguage":"fr-FR"},{"@type":"Organization","@id":"https:\/\/www.a-qui-s.fr\/le-blog\/#organization","name":"Etiquettes & compagnie","url":"https:\/\/www.a-qui-s.fr\/le-blog\/","logo":{"@type":"ImageObject","inLanguage":"fr-FR","@id":"https:\/\/www.a-qui-s.fr\/le-blog\/#\/schema\/logo\/image\/","url":"https:\/\/www.a-qui-s.fr\/le-blog\/wp-content\/uploads\/2015\/05\/logo_a-qui-s.png","contentUrl":"https:\/\/www.a-qui-s.fr\/le-blog\/wp-content\/uploads\/2015\/05\/logo_a-qui-s.png","width":132,"height":59,"caption":"Etiquettes & compagnie"},"image":{"@id":"https:\/\/www.a-qui-s.fr\/le-blog\/#\/schema\/logo\/image\/"},"sameAs":["https:\/\/www.facebook.com\/AquiS\/","https:\/\/x.com\/aquis_fr"]},{"@type":"Person","@id":"https:\/\/www.a-qui-s.fr\/le-blog\/#\/schema\/person\/d98098c165f4481653780d6fa061f531","name":"Louise de A-qui-S","image":{"@type":"ImageObject","inLanguage":"fr-FR","@id":"https:\/\/www.a-qui-s.fr\/le-blog\/#\/schema\/person\/image\/","url":"https:\/\/secure.gravatar.com\/avatar\/7a713547ddd2e0fc4130ec55978934dc3f12ef2095fa1cba20e2f0efcd0728c4?s=96&d=mm&r=g","contentUrl":"https:\/\/secure.gravatar.com\/avatar\/7a713547ddd2e0fc4130ec55978934dc3f12ef2095fa1cba20e2f0efcd0728c4?s=96&d=mm&r=g","caption":"Louise de A-qui-S"},"url":"https:\/\/www.a-qui-s.fr\/le-blog\/author\/julia\/"}]}},"_links":{"self":[{"href":"https:\/\/www.a-qui-s.fr\/le-blog\/wp-json\/wp\/v2\/posts\/18156","targetHints":{"allow":["GET"]}}],"collection":[{"href":"https:\/\/www.a-qui-s.fr\/le-blog\/wp-json\/wp\/v2\/posts"}],"about":[{"href":"https:\/\/www.a-qui-s.fr\/le-blog\/wp-json\/wp\/v2\/types\/post"}],"author":[{"embeddable":true,"href":"https:\/\/www.a-qui-s.fr\/le-blog\/wp-json\/wp\/v2\/users\/2"}],"replies":[{"embeddable":true,"href":"https:\/\/www.a-qui-s.fr\/le-blog\/wp-json\/wp\/v2\/comments?post=18156"}],"version-history":[{"count":0,"href":"https:\/\/www.a-qui-s.fr\/le-blog\/wp-json\/wp\/v2\/posts\/18156\/revisions"}],"wp:featuredmedia":[{"embeddable":true,"href":"https:\/\/www.a-qui-s.fr\/le-blog\/wp-json\/wp\/v2\/media\/19575"}],"wp:attachment":[{"href":"https:\/\/www.a-qui-s.fr\/le-blog\/wp-json\/wp\/v2\/media?parent=18156"}],"wp:term":[{"taxonomy":"category","embeddable":true,"href":"https:\/\/www.a-qui-s.fr\/le-blog\/wp-json\/wp\/v2\/categories?post=18156"},{"taxonomy":"post_tag","embeddable":true,"href":"https:\/\/www.a-qui-s.fr\/le-blog\/wp-json\/wp\/v2\/tags?post=18156"}],"curies":[{"name":"wp","href":"https:\/\/api.w.org\/{rel}","templated":true}]}}