{"id":17976,"date":"2024-09-04T16:33:49","date_gmt":"2024-09-04T15:33:49","guid":{"rendered":"https:\/\/www.a-qui-s.fr\/le-blog\/?p=17976"},"modified":"2025-10-24T14:49:29","modified_gmt":"2025-10-24T13:49:29","slug":"calendrier-septembre-octobre-a-telecharger","status":"publish","type":"post","link":"https:\/\/www.a-qui-s.fr\/le-blog\/trucs-et-astuces\/calendrier-septembre-octobre-a-telecharger\/","title":{"rendered":"Calendrier Septembre Octobre \u00e0 t\u00e9l\u00e9charger"},"content":{"rendered":"<p>Organisez toutes vos activit\u00e9s familiales jusqu&rsquo;aux vacances de la Toussaint ! La rentr\u00e9e est d\u00e9j\u00e0 bien entam\u00e9e, et avec elle, un agenda qui se remplit rapidement. Apr\u00e8s vous avoir simplifi\u00e9 la vie gr\u00e2ce \u00e0 notre <a href=\"https:\/\/www.a-qui-s.fr\/pack-etiquettes-ecole\">\u00e9tiquette fourniture scolaire<\/a>, A-qui-S est encore l\u00e0 pour vous permettre d&rsquo;organiser votre vie de Famille ! Afin de garder une vue d&rsquo;ensemble de toutes les activit\u00e9s familiales, les rendez-vous importants et les \u00e9v\u00e9nements \u00e0 venir, nous vous proposons un calendrier A4 couvrant les mois de septembre et octobre 2024, incluant les vacances de la Toussaint. Ce calendrier est con\u00e7u pour vous permettre de planifier efficacement et de ne rien oublier jusqu&rsquo;aux prochaines vacances scolaires.<\/p>\n<h2>Le calendrier Septembre\/ Octobre 2024<\/h2>\n<p>Notre calendrier sur une seule page A4 vous offre une vision claire et compl\u00e8te des deux mois \u00e0 venir, avec des cases suffisamment grandes pour y inscrire vos propres notes et rappels. Il inclut \u00e9galement une liste des dates cl\u00e9s \u00e0 ne pas manquer :<\/p>\n<ul>\n<li><strong>22 septembre : d\u00e9but de l&rsquo;automne<\/strong><br \/>\nUne date \u00e0 marquer pour ceux qui aiment observer les changements de saison, faire des activit\u00e9s en plein air ou d\u00e9corer leur maison avec des touches automnales.<\/li>\n<li><strong>6 octobre : f\u00eate des Grands-P\u00e8res<\/strong><br \/>\nL&rsquo;occasion id\u00e9ale de c\u00e9l\u00e9brer les papis ! Notez cette date pour pr\u00e9voir une petite attention ou une visite en famille.<\/li>\n<li><strong>19 octobre : d\u00e9but des vacances de la Toussaint<\/strong><br \/>\nLe compte \u00e0 rebours vers une pause bien m\u00e9rit\u00e9e commence ! Ces deux semaines sont l&rsquo;occasion de se reposer, de voyager ou de passer du temps ensemble.<\/li>\n<li><strong>27 octobre : changement d\u2019heure (passage \u00e0 l\u2019heure d\u2019hiver)<\/strong><br \/>\nN\u2019oubliez pas de reculer vos horloges d\u2019une heure. Une petite astuce pour profiter d\u2019une heure de sommeil en plus !<\/li>\n<li><strong>31 octobre : Halloween<\/strong><br \/>\nQue vous aimiez d\u00e9corer votre maison, pr\u00e9parer des costumes ou organiser une soir\u00e9e terrifiante, cette date est \u00e0 pr\u00e9voir pour une c\u00e9l\u00e9bration inoubliable.<\/li>\n<li><strong>1er novembre : Toussaint (jour f\u00e9ri\u00e9)<\/strong><br \/>\nUn jour de repos pour tous, parfait pour se recueillir ou simplement profiter d&rsquo;une journ\u00e9e sans travail ou \u00e9cole.<\/li>\n<\/ul>\n<h3><\/h3>\n<p><a href=\"https:\/\/images.a-qui-s.fr\/image\/upload\/v1725460627\/BLOG\/sept-oct-automne.pdf\"><br \/>\n<img fetchpriority=\"high\" decoding=\"async\" class=\"aligncenter\" src=\"https:\/\/images.a-qui-s.fr\/image\/upload\/v1725460691\/BLOG\/Capture_d_e%CC%81cran_2024-09-04_a%CC%80_16.26.33.png\" width=\"606\" height=\"425\" \/><\/a><a href=\"https:\/\/mailchi.mp\/053486292fd4\/memjjmtpzh\"><img decoding=\"async\" class=\"aligncenter\" src=\"https:\/\/res.cloudinary.com\/aquis\/image\/upload\/v1657026870\/telecharger.png\" \/><\/a><\/p>\n<p><a href=\"https:\/\/images.a-qui-s.fr\/image\/upload\/v1725461294\/BLOG\/sept-oct-PATCH.pdf\"><img decoding=\"async\" class=\"aligncenter\" src=\"https:\/\/images.a-qui-s.fr\/image\/upload\/v1725461325\/BLOG\/Capture_d_e%CC%81cran_2024-09-04_a%CC%80_16.47.08.png\" width=\"598\" height=\"422\" \/><\/a><\/p>\n<p><a href=\"https:\/\/mailchi.mp\/dbfedb902747\/jet1luwvt5\"><img decoding=\"async\" class=\"aligncenter\" src=\"https:\/\/res.cloudinary.com\/aquis\/image\/upload\/v1657026870\/telecharger.png\" \/><\/a><\/p>\n<p>Avec tant de choses \u00e0 pr\u00e9voir en cette rentr\u00e9e, il est essentiel d\u2019avoir une vue d\u2019ensemble claire et organis\u00e9e. En effet, ce calendrier de septembre et octobre 2024 est con\u00e7u pour r\u00e9pondre \u00e0 ce besoin, en vous aidant \u00e0 g\u00e9rer efficacement votre emploi du temps familial. Ainsi, t\u00e9l\u00e9chargez-le d\u00e8s maintenant, et commencez \u00e0 planifier vos semaines jusqu\u2019aux vacances de la Toussaint, histoire d&rsquo;y voir plus clair avant la saison d&rsquo;hiver qui arrivera ensuite \u00e0 grand pas.<\/p>\n<p>Avec No\u00ebl \u00e0 l&rsquo;horizon, il sera alors l&rsquo;heure de ressortir nos <a href=\"https:\/\/www.a-qui-s.fr\/chaussette-de-noel-personnalisee\">chaussettes de No\u00ebl<\/a>, et toute la d\u00e9coration qu&rsquo;il se doit ! L&rsquo;occasion pour nous peut-\u00eatre de vous \u00e9diter un prochain calendrier familial pour la deuxi\u00e8me p\u00e9riode de l&rsquo;ann\u00e9e scolaire ! Alors, restez connectez et n\u2019h\u00e9sitez pas \u00e0 partager ce calendrier avec vos amis et votre famille, et \u00e0 nous dire en commentaire comment il vous aide \u00e0 rester organis\u00e9 au quotidien. Bonne rentr\u00e9e \u00e0 tous, et que ces prochains mois soient remplis de moments pr\u00e9cieux et bien planifi\u00e9s !<\/p>\n","protected":false},"excerpt":{"rendered":"<p>Organisez toutes vos activit\u00e9s familiales jusqu&rsquo;aux vacances de la Toussaint ! La rentr\u00e9e est d\u00e9j\u00e0 bien entam\u00e9e, et avec elle, un agenda qui se remplit rapidement. Apr\u00e8s vous avoir simplifi\u00e9 la vie gr\u00e2ce \u00e0 notre \u00e9tiquette fourniture scolaire, A-qui-S est encore l\u00e0 pour vous permettre d&rsquo;organiser votre vie de Famille ! Afin de garder une [&hellip;]<\/p>\n","protected":false},"author":2,"featured_media":19599,"comment_status":"open","ping_status":"open","sticky":false,"template":"","format":"standard","meta":{"_acf_changed":false,"fifu_image_url":"https:\/\/images.a-qui-s.fr\/image\/upload\/v1725461325\/BLOG\/Capture_d_e%CC%81cran_2024-09-04_a%CC%80_16.47.08.png","fifu_image_alt":"Calendrier Septembre O","footnotes":""},"categories":[55],"tags":[],"class_list":["post-17976","post","type-post","status-publish","format-standard","has-post-thumbnail","hentry","category-trucs-et-astuces"],"acf":[],"yoast_head":"<!-- This site is optimized with the Yoast SEO plugin v27.0 - https:\/\/yoast.com\/product\/yoast-seo-wordpress\/ -->\n<title>Calendrier Septembre Octobre \u00e0 t\u00e9l\u00e9charger -<\/title>\n<meta name=\"description\" content=\"Des activit\u00e9s, des astuces, des recettes pour les enfants :)\" \/>\n<meta name=\"robots\" content=\"index, follow, max-snippet:-1, max-image-preview:large, max-video-preview:-1\" \/>\n<link rel=\"canonical\" href=\"https:\/\/www.a-qui-s.fr\/le-blog\/trucs-et-astuces\/calendrier-septembre-octobre-a-telecharger\/\" \/>\n<meta property=\"og:locale\" content=\"fr_FR\" \/>\n<meta property=\"og:type\" content=\"article\" \/>\n<meta property=\"og:title\" content=\"Calendrier Septembre Octobre \u00e0 t\u00e9l\u00e9charger -\" \/>\n<meta property=\"og:description\" content=\"Des activit\u00e9s, des astuces, des recettes pour les enfants :)\" \/>\n<meta property=\"og:url\" content=\"https:\/\/www.a-qui-s.fr\/le-blog\/trucs-et-astuces\/calendrier-septembre-octobre-a-telecharger\/\" \/>\n<meta property=\"og:site_name\" content=\"LE BLOG d&#039;A-qui-S\" \/>\n<meta property=\"article:publisher\" content=\"https:\/\/www.facebook.com\/AquiS\/\" \/>\n<meta property=\"article:published_time\" content=\"2024-09-04T15:33:49+00:00\" \/>\n<meta property=\"article:modified_time\" content=\"2025-10-24T13:49:29+00:00\" \/>\n<meta property=\"og:image\" content=\"https:\/\/images.a-qui-s.fr\/image\/upload\/v1725461325\/BLOG\/Capture_d_e%CC%81cran_2024-09-04_a%CC%80_16.47.08.png\" \/>\n<meta name=\"author\" content=\"Louise de A-qui-S\" \/>\n<meta name=\"twitter:card\" content=\"summary_large_image\" \/>\n<meta name=\"twitter:image\" content=\"https:\/\/images.a-qui-s.fr\/image\/upload\/v1725461325\/BLOG\/Capture_d_e%CC%81cran_2024-09-04_a%CC%80_16.47.08.png\" \/>\n<meta name=\"twitter:creator\" content=\"@aquis_fr\" \/>\n<meta name=\"twitter:site\" content=\"@aquis_fr\" \/>\n<meta name=\"twitter:label1\" content=\"Written by\" \/>\n\t<meta name=\"twitter:data1\" content=\"Louise de A-qui-S\" \/>\n\t<meta name=\"twitter:label2\" content=\"Est. reading time\" \/>\n\t<meta name=\"twitter:data2\" content=\"4 minutes\" \/>\n<script type=\"application\/ld+json\" class=\"yoast-schema-graph\">{\"@context\":\"https:\/\/schema.org\",\"@graph\":[{\"@type\":\"Article\",\"@id\":\"https:\/\/www.a-qui-s.fr\/le-blog\/trucs-et-astuces\/calendrier-septembre-octobre-a-telecharger\/#article\",\"isPartOf\":{\"@id\":\"https:\/\/www.a-qui-s.fr\/le-blog\/trucs-et-astuces\/calendrier-septembre-octobre-a-telecharger\/\"},\"author\":{\"name\":\"Louise de A-qui-S\",\"@id\":\"https:\/\/www.a-qui-s.fr\/le-blog\/#\/schema\/person\/d98098c165f4481653780d6fa061f531\"},\"headline\":\"Calendrier Septembre Octobre \u00e0 t\u00e9l\u00e9charger\",\"datePublished\":\"49+00:00\",\"dateModified\":\"29+00:00\",\"mainEntityOfPage\":{\"@id\":\"https:\/\/www.a-qui-s.fr\/le-blog\/trucs-et-astuces\/calendrier-septembre-octobre-a-telecharger\/\"},\"wordCount\":542,\"commentCount\":0,\"publisher\":{\"@id\":\"https:\/\/www.a-qui-s.fr\/le-blog\/#organization\"},\"image\":{\"@id\":\"https:\/\/www.a-qui-s.fr\/le-blog\/trucs-et-astuces\/calendrier-septembre-octobre-a-telecharger\/#primaryimage\"},\"thumbnailUrl\":\"https:\/\/images.a-qui-s.fr\/image\/upload\/v1725461325\/BLOG\/Capture_d_e%CC%81cran_2024-09-04_a%CC%80_16.47.08.png\",\"articleSection\":[\"Trucs et Astuces\"],\"inLanguage\":\"fr-FR\",\"potentialAction\":[{\"@type\":\"CommentAction\",\"name\":\"Comment\",\"target\":[\"https:\/\/www.a-qui-s.fr\/le-blog\/trucs-et-astuces\/calendrier-septembre-octobre-a-telecharger\/#respond\"]}]},{\"@type\":\"WebPage\",\"@id\":\"https:\/\/www.a-qui-s.fr\/le-blog\/trucs-et-astuces\/calendrier-septembre-octobre-a-telecharger\/\",\"url\":\"https:\/\/www.a-qui-s.fr\/le-blog\/trucs-et-astuces\/calendrier-septembre-octobre-a-telecharger\/\",\"name\":\"Calendrier Septembre Octobre \u00e0 t\u00e9l\u00e9charger -\",\"isPartOf\":{\"@id\":\"https:\/\/www.a-qui-s.fr\/le-blog\/#website\"},\"primaryImageOfPage\":{\"@id\":\"https:\/\/www.a-qui-s.fr\/le-blog\/trucs-et-astuces\/calendrier-septembre-octobre-a-telecharger\/#primaryimage\"},\"image\":{\"@id\":\"https:\/\/www.a-qui-s.fr\/le-blog\/trucs-et-astuces\/calendrier-septembre-octobre-a-telecharger\/#primaryimage\"},\"thumbnailUrl\":\"https:\/\/images.a-qui-s.fr\/image\/upload\/v1725461325\/BLOG\/Capture_d_e%CC%81cran_2024-09-04_a%CC%80_16.47.08.png\",\"datePublished\":\"49+00:00\",\"dateModified\":\"29+00:00\",\"description\":\"Des activit\u00e9s, des astuces, des recettes pour les enfants :)\",\"breadcrumb\":{\"@id\":\"https:\/\/www.a-qui-s.fr\/le-blog\/trucs-et-astuces\/calendrier-septembre-octobre-a-telecharger\/#breadcrumb\"},\"inLanguage\":\"fr-FR\",\"potentialAction\":[{\"@type\":\"ReadAction\",\"target\":[\"https:\/\/www.a-qui-s.fr\/le-blog\/trucs-et-astuces\/calendrier-septembre-octobre-a-telecharger\/\"]}]},{\"@type\":\"ImageObject\",\"inLanguage\":\"fr-FR\",\"@id\":\"https:\/\/www.a-qui-s.fr\/le-blog\/trucs-et-astuces\/calendrier-septembre-octobre-a-telecharger\/#primaryimage\",\"url\":\"https:\/\/images.a-qui-s.fr\/image\/upload\/v1725461325\/BLOG\/Capture_d_e%CC%81cran_2024-09-04_a%CC%80_16.47.08.png\",\"contentUrl\":\"https:\/\/images.a-qui-s.fr\/image\/upload\/v1725461325\/BLOG\/Capture_d_e%CC%81cran_2024-09-04_a%CC%80_16.47.08.png\",\"width\":\"1292\",\"height\":\"912\",\"caption\":\"Calendrier Septembre O\"},{\"@type\":\"BreadcrumbList\",\"@id\":\"https:\/\/www.a-qui-s.fr\/le-blog\/trucs-et-astuces\/calendrier-septembre-octobre-a-telecharger\/#breadcrumb\",\"itemListElement\":[{\"@type\":\"ListItem\",\"position\":1,\"name\":\"Accueil\",\"item\":\"https:\/\/www.a-qui-s.fr\/le-blog\/\"},{\"@type\":\"ListItem\",\"position\":2,\"name\":\"Trucs et Astuces\",\"item\":\"https:\/\/www.a-qui-s.fr\/le-blog\/category\/trucs-et-astuces\/\"},{\"@type\":\"ListItem\",\"position\":3,\"name\":\"Calendrier Septembre Octobre \u00e0 t\u00e9l\u00e9charger\"}]},{\"@type\":\"WebSite\",\"@id\":\"https:\/\/www.a-qui-s.fr\/le-blog\/#website\",\"url\":\"https:\/\/www.a-qui-s.fr\/le-blog\/\",\"name\":\"LE BLOG d&#039;A-qui-S\",\"description\":\"La communaut\u00e9 des &quot;Pas-Perdus&quot;\",\"publisher\":{\"@id\":\"https:\/\/www.a-qui-s.fr\/le-blog\/#organization\"},\"potentialAction\":[{\"@type\":\"SearchAction\",\"target\":{\"@type\":\"EntryPoint\",\"urlTemplate\":\"https:\/\/www.a-qui-s.fr\/le-blog\/?s={search_term_string}\"},\"query-input\":{\"@type\":\"PropertyValueSpecification\",\"valueRequired\":true,\"valueName\":\"search_term_string\"}}],\"inLanguage\":\"fr-FR\"},{\"@type\":\"Organization\",\"@id\":\"https:\/\/www.a-qui-s.fr\/le-blog\/#organization\",\"name\":\"Etiquettes & compagnie\",\"url\":\"https:\/\/www.a-qui-s.fr\/le-blog\/\",\"logo\":{\"@type\":\"ImageObject\",\"inLanguage\":\"fr-FR\",\"@id\":\"https:\/\/www.a-qui-s.fr\/le-blog\/#\/schema\/logo\/image\/\",\"url\":\"https:\/\/www.a-qui-s.fr\/le-blog\/wp-content\/uploads\/2015\/05\/logo_a-qui-s.png\",\"contentUrl\":\"https:\/\/www.a-qui-s.fr\/le-blog\/wp-content\/uploads\/2015\/05\/logo_a-qui-s.png\",\"width\":132,\"height\":59,\"caption\":\"Etiquettes & compagnie\"},\"image\":{\"@id\":\"https:\/\/www.a-qui-s.fr\/le-blog\/#\/schema\/logo\/image\/\"},\"sameAs\":[\"https:\/\/www.facebook.com\/AquiS\/\",\"https:\/\/x.com\/aquis_fr\"]},{\"@type\":\"Person\",\"@id\":\"https:\/\/www.a-qui-s.fr\/le-blog\/#\/schema\/person\/d98098c165f4481653780d6fa061f531\",\"name\":\"Louise de A-qui-S\",\"image\":{\"@type\":\"ImageObject\",\"inLanguage\":\"fr-FR\",\"@id\":\"https:\/\/www.a-qui-s.fr\/le-blog\/#\/schema\/person\/image\/\",\"url\":\"https:\/\/secure.gravatar.com\/avatar\/7a713547ddd2e0fc4130ec55978934dc3f12ef2095fa1cba20e2f0efcd0728c4?s=96&d=mm&r=g\",\"contentUrl\":\"https:\/\/secure.gravatar.com\/avatar\/7a713547ddd2e0fc4130ec55978934dc3f12ef2095fa1cba20e2f0efcd0728c4?s=96&d=mm&r=g\",\"caption\":\"Louise de A-qui-S\"},\"url\":\"https:\/\/www.a-qui-s.fr\/le-blog\/author\/julia\/\"}]}<\/script>\n<!-- \/ Yoast SEO plugin. -->","yoast_head_json":{"title":"Calendrier Septembre Octobre \u00e0 t\u00e9l\u00e9charger -","description":"Des activit\u00e9s, des astuces, des recettes pour les enfants :)","robots":{"index":"index","follow":"follow","max-snippet":"max-snippet:-1","max-image-preview":"max-image-preview:large","max-video-preview":"max-video-preview:-1"},"canonical":"https:\/\/www.a-qui-s.fr\/le-blog\/trucs-et-astuces\/calendrier-septembre-octobre-a-telecharger\/","og_locale":"fr_FR","og_type":"article","og_title":"Calendrier Septembre Octobre \u00e0 t\u00e9l\u00e9charger -","og_description":"Des activit\u00e9s, des astuces, des recettes pour les enfants :)","og_url":"https:\/\/www.a-qui-s.fr\/le-blog\/trucs-et-astuces\/calendrier-septembre-octobre-a-telecharger\/","og_site_name":"LE BLOG d&#039;A-qui-S","article_publisher":"https:\/\/www.facebook.com\/AquiS\/","article_published_time":"2024-09-04T15:33:49+00:00","article_modified_time":"2025-10-24T13:49:29+00:00","og_image":[{"url":"https:\/\/images.a-qui-s.fr\/image\/upload\/v1725461325\/BLOG\/Capture_d_e%CC%81cran_2024-09-04_a%CC%80_16.47.08.png","type":"","width":"","height":""}],"author":"Louise de A-qui-S","twitter_card":"summary_large_image","twitter_image":"https:\/\/images.a-qui-s.fr\/image\/upload\/v1725461325\/BLOG\/Capture_d_e%CC%81cran_2024-09-04_a%CC%80_16.47.08.png","twitter_creator":"@aquis_fr","twitter_site":"@aquis_fr","twitter_misc":{"Written by":"Louise de A-qui-S","Est. reading time":"4 minutes"},"schema":{"@context":"https:\/\/schema.org","@graph":[{"@type":"Article","@id":"https:\/\/www.a-qui-s.fr\/le-blog\/trucs-et-astuces\/calendrier-septembre-octobre-a-telecharger\/#article","isPartOf":{"@id":"https:\/\/www.a-qui-s.fr\/le-blog\/trucs-et-astuces\/calendrier-septembre-octobre-a-telecharger\/"},"author":{"name":"Louise de A-qui-S","@id":"https:\/\/www.a-qui-s.fr\/le-blog\/#\/schema\/person\/d98098c165f4481653780d6fa061f531"},"headline":"Calendrier Septembre Octobre \u00e0 t\u00e9l\u00e9charger","datePublished":"49+00:00","dateModified":"29+00:00","mainEntityOfPage":{"@id":"https:\/\/www.a-qui-s.fr\/le-blog\/trucs-et-astuces\/calendrier-septembre-octobre-a-telecharger\/"},"wordCount":542,"commentCount":0,"publisher":{"@id":"https:\/\/www.a-qui-s.fr\/le-blog\/#organization"},"image":{"@id":"https:\/\/www.a-qui-s.fr\/le-blog\/trucs-et-astuces\/calendrier-septembre-octobre-a-telecharger\/#primaryimage"},"thumbnailUrl":"https:\/\/images.a-qui-s.fr\/image\/upload\/v1725461325\/BLOG\/Capture_d_e%CC%81cran_2024-09-04_a%CC%80_16.47.08.png","articleSection":["Trucs et Astuces"],"inLanguage":"fr-FR","potentialAction":[{"@type":"CommentAction","name":"Comment","target":["https:\/\/www.a-qui-s.fr\/le-blog\/trucs-et-astuces\/calendrier-septembre-octobre-a-telecharger\/#respond"]}]},{"@type":"WebPage","@id":"https:\/\/www.a-qui-s.fr\/le-blog\/trucs-et-astuces\/calendrier-septembre-octobre-a-telecharger\/","url":"https:\/\/www.a-qui-s.fr\/le-blog\/trucs-et-astuces\/calendrier-septembre-octobre-a-telecharger\/","name":"Calendrier Septembre Octobre \u00e0 t\u00e9l\u00e9charger -","isPartOf":{"@id":"https:\/\/www.a-qui-s.fr\/le-blog\/#website"},"primaryImageOfPage":{"@id":"https:\/\/www.a-qui-s.fr\/le-blog\/trucs-et-astuces\/calendrier-septembre-octobre-a-telecharger\/#primaryimage"},"image":{"@id":"https:\/\/www.a-qui-s.fr\/le-blog\/trucs-et-astuces\/calendrier-septembre-octobre-a-telecharger\/#primaryimage"},"thumbnailUrl":"https:\/\/images.a-qui-s.fr\/image\/upload\/v1725461325\/BLOG\/Capture_d_e%CC%81cran_2024-09-04_a%CC%80_16.47.08.png","datePublished":"49+00:00","dateModified":"29+00:00","description":"Des activit\u00e9s, des astuces, des recettes pour les enfants :)","breadcrumb":{"@id":"https:\/\/www.a-qui-s.fr\/le-blog\/trucs-et-astuces\/calendrier-septembre-octobre-a-telecharger\/#breadcrumb"},"inLanguage":"fr-FR","potentialAction":[{"@type":"ReadAction","target":["https:\/\/www.a-qui-s.fr\/le-blog\/trucs-et-astuces\/calendrier-septembre-octobre-a-telecharger\/"]}]},{"@type":"ImageObject","inLanguage":"fr-FR","@id":"https:\/\/www.a-qui-s.fr\/le-blog\/trucs-et-astuces\/calendrier-septembre-octobre-a-telecharger\/#primaryimage","url":"https:\/\/images.a-qui-s.fr\/image\/upload\/v1725461325\/BLOG\/Capture_d_e%CC%81cran_2024-09-04_a%CC%80_16.47.08.png","contentUrl":"https:\/\/images.a-qui-s.fr\/image\/upload\/v1725461325\/BLOG\/Capture_d_e%CC%81cran_2024-09-04_a%CC%80_16.47.08.png","width":"1292","height":"912","caption":"Calendrier Septembre O"},{"@type":"BreadcrumbList","@id":"https:\/\/www.a-qui-s.fr\/le-blog\/trucs-et-astuces\/calendrier-septembre-octobre-a-telecharger\/#breadcrumb","itemListElement":[{"@type":"ListItem","position":1,"name":"Accueil","item":"https:\/\/www.a-qui-s.fr\/le-blog\/"},{"@type":"ListItem","position":2,"name":"Trucs et Astuces","item":"https:\/\/www.a-qui-s.fr\/le-blog\/category\/trucs-et-astuces\/"},{"@type":"ListItem","position":3,"name":"Calendrier Septembre Octobre \u00e0 t\u00e9l\u00e9charger"}]},{"@type":"WebSite","@id":"https:\/\/www.a-qui-s.fr\/le-blog\/#website","url":"https:\/\/www.a-qui-s.fr\/le-blog\/","name":"LE BLOG d&#039;A-qui-S","description":"La communaut\u00e9 des &quot;Pas-Perdus&quot;","publisher":{"@id":"https:\/\/www.a-qui-s.fr\/le-blog\/#organization"},"potentialAction":[{"@type":"SearchAction","target":{"@type":"EntryPoint","urlTemplate":"https:\/\/www.a-qui-s.fr\/le-blog\/?s={search_term_string}"},"query-input":{"@type":"PropertyValueSpecification","valueRequired":true,"valueName":"search_term_string"}}],"inLanguage":"fr-FR"},{"@type":"Organization","@id":"https:\/\/www.a-qui-s.fr\/le-blog\/#organization","name":"Etiquettes & compagnie","url":"https:\/\/www.a-qui-s.fr\/le-blog\/","logo":{"@type":"ImageObject","inLanguage":"fr-FR","@id":"https:\/\/www.a-qui-s.fr\/le-blog\/#\/schema\/logo\/image\/","url":"https:\/\/www.a-qui-s.fr\/le-blog\/wp-content\/uploads\/2015\/05\/logo_a-qui-s.png","contentUrl":"https:\/\/www.a-qui-s.fr\/le-blog\/wp-content\/uploads\/2015\/05\/logo_a-qui-s.png","width":132,"height":59,"caption":"Etiquettes & compagnie"},"image":{"@id":"https:\/\/www.a-qui-s.fr\/le-blog\/#\/schema\/logo\/image\/"},"sameAs":["https:\/\/www.facebook.com\/AquiS\/","https:\/\/x.com\/aquis_fr"]},{"@type":"Person","@id":"https:\/\/www.a-qui-s.fr\/le-blog\/#\/schema\/person\/d98098c165f4481653780d6fa061f531","name":"Louise de A-qui-S","image":{"@type":"ImageObject","inLanguage":"fr-FR","@id":"https:\/\/www.a-qui-s.fr\/le-blog\/#\/schema\/person\/image\/","url":"https:\/\/secure.gravatar.com\/avatar\/7a713547ddd2e0fc4130ec55978934dc3f12ef2095fa1cba20e2f0efcd0728c4?s=96&d=mm&r=g","contentUrl":"https:\/\/secure.gravatar.com\/avatar\/7a713547ddd2e0fc4130ec55978934dc3f12ef2095fa1cba20e2f0efcd0728c4?s=96&d=mm&r=g","caption":"Louise de A-qui-S"},"url":"https:\/\/www.a-qui-s.fr\/le-blog\/author\/julia\/"}]}},"_links":{"self":[{"href":"https:\/\/www.a-qui-s.fr\/le-blog\/wp-json\/wp\/v2\/posts\/17976","targetHints":{"allow":["GET"]}}],"collection":[{"href":"https:\/\/www.a-qui-s.fr\/le-blog\/wp-json\/wp\/v2\/posts"}],"about":[{"href":"https:\/\/www.a-qui-s.fr\/le-blog\/wp-json\/wp\/v2\/types\/post"}],"author":[{"embeddable":true,"href":"https:\/\/www.a-qui-s.fr\/le-blog\/wp-json\/wp\/v2\/users\/2"}],"replies":[{"embeddable":true,"href":"https:\/\/www.a-qui-s.fr\/le-blog\/wp-json\/wp\/v2\/comments?post=17976"}],"version-history":[{"count":1,"href":"https:\/\/www.a-qui-s.fr\/le-blog\/wp-json\/wp\/v2\/posts\/17976\/revisions"}],"predecessor-version":[{"id":20290,"href":"https:\/\/www.a-qui-s.fr\/le-blog\/wp-json\/wp\/v2\/posts\/17976\/revisions\/20290"}],"wp:featuredmedia":[{"embeddable":true,"href":"https:\/\/www.a-qui-s.fr\/le-blog\/wp-json\/wp\/v2\/media\/19599"}],"wp:attachment":[{"href":"https:\/\/www.a-qui-s.fr\/le-blog\/wp-json\/wp\/v2\/media?parent=17976"}],"wp:term":[{"taxonomy":"category","embeddable":true,"href":"https:\/\/www.a-qui-s.fr\/le-blog\/wp-json\/wp\/v2\/categories?post=17976"},{"taxonomy":"post_tag","embeddable":true,"href":"https:\/\/www.a-qui-s.fr\/le-blog\/wp-json\/wp\/v2\/tags?post=17976"}],"curies":[{"name":"wp","href":"https:\/\/api.w.org\/{rel}","templated":true}]}}