{"id":17954,"date":"2024-08-27T16:08:34","date_gmt":"2024-08-27T15:08:34","guid":{"rendered":"https:\/\/www.a-qui-s.fr\/le-blog\/?p=17954"},"modified":"2025-08-26T13:41:07","modified_gmt":"2025-08-26T12:41:07","slug":"ma-pancarte-mon-premier-jour-decole-edition-2024-2025","status":"publish","type":"post","link":"https:\/\/www.a-qui-s.fr\/le-blog\/diy-bricolage-enfant\/ma-pancarte-mon-premier-jour-decole-edition-2024-2025\/","title":{"rendered":"Ma pancarte Le premier jour d&rsquo;\u00e9cole &#8211; Rentr\u00e9e  2024-2025"},"content":{"rendered":"<p>Ah, la rentr\u00e9e des classes\u202f! Ce moment magique o\u00f9 les enfants, tout frais et repos\u00e9s (ou presque), troquent les tongs pour les cartables. Que ce soit la premi\u00e8re rentr\u00e9e en maternelle ou la derni\u00e8re ann\u00e9e de primaire, chaque rentr\u00e9e est une \u00e9tape m\u00e9morable ! Alors, pourquoi ne pas immortaliser cet instant avec une pancarte personnalis\u00e9e ?<\/p>\n<h2>Ma pancarte Le premier jour d&rsquo;\u00e9cole<\/h2>\n<p>Notre pancarte \u00e0 t\u00e9l\u00e9charger <strong>gratuitement<\/strong> ci-dessous ajoutera une touche de fun \u00e0 la rentr\u00e9e ! Facile \u00e0 compl\u00e9ter, elle vous permettra de capturer l&rsquo;essentiel :<\/p>\n<ul>\n<li>le pr\u00e9nom de votre enfant<\/li>\n<li>sa classe<\/li>\n<li>son \u00e2ge, sa taille, sa pointure (pour montrer comme il grandit vite !)<\/li>\n<li>comment il se sent la veille de la rentr\u00e9e<\/li>\n<li>le pr\u00e9nom de ses amis<\/li>\n<li>le m\u00e9tier qu&rsquo;il aimerait faire<\/li>\n<li>son plus beau souvenir des vacances d&rsquo;\u00e9t\u00e9<\/li>\n<li>et&#8230; ses qualit\u00e9s ! Pour vous aider \u00e0 les rep\u00e9rer, voici une liste (non-exhaustive) de qualit\u00e9s : autonome, g\u00e9n\u00e9reux(se), r\u00e9confortant(e), g\u00e9n\u00e9reux(se), gentil(le), serviable, fonceur, actif(ve), battant(te), \u00e9nergique, efficace, persuasif(ve), artiste, imaginatif(ve), romantique, respectueux(se), r\u00eaveur(se), observateur(trice), modeste, vigilant(e), joyeux(se), dr\u00f4le, aventureux(se), enthousiaste, optimiste, positif(ve), motiv\u00e9(e), protecteur(trice), justicier(e), s\u00e9rieux(se), souriant(e), organis\u00e9(e), ordonn\u00e9(e), patient(e), ponctuel(le), perfectionniste, adroit(e), minutieux(se), courageux(se), cr\u00e9atif(ve), curieux(se), d\u00e9brouillard(e), sportif(ve), studieux(se), musicien(ne), bricoleur(se), farceur(se)<\/li>\n<\/ul>\n<h3 style=\"text-align: center;\"><strong>MODELE n\u00b01<\/strong><\/h3>\n<p style=\"text-align: center;\"><img fetchpriority=\"high\" decoding=\"async\" class=\"alignnone \" src=\"https:\/\/images.a-qui-s.fr\/image\/upload\/v1724769298\/BLOG\/pancarte-rentre%CC%81e-2024.jpg\" width=\"427\" height=\"427\"><\/p>\n<p style=\"text-align: center;\"><a href=\"https:\/\/mailchi.mp\/c6db0231491c\/niy92vk68q\"><img decoding=\"async\" class=\"alignnone size-medium\" src=\"https:\/\/images.a-qui-s.fr\/image\/upload\/v1657026870\/telecharger.png\" width=\"211\" height=\"43\"><\/a><\/p>\n<h3 style=\"text-align: center;\"><strong>MODELE n\u00b02<\/strong><\/h3>\n<p style=\"text-align: center;\"><img decoding=\"async\" class=\"alignnone \" src=\"https:\/\/images.a-qui-s.fr\/image\/upload\/v1724769294\/BLOG\/pancarte-rentre%CC%81e-2024-2.jpg\" width=\"408\" height=\"408\"><\/p>\n<p style=\"text-align: center;\"><a href=\"https:\/\/mailchi.mp\/eb1d112169d4\/zfm5nqgxzr\"><img decoding=\"async\" class=\"alignnone size-medium\" src=\"https:\/\/images.a-qui-s.fr\/image\/upload\/v1657026870\/telecharger.png\" width=\"211\" height=\"43\"><\/a><\/p>\n<h2>Pourquoi c&rsquo;est g\u00e9nial ?<\/h2>\n<p>Imaginez votre enfant posant fi\u00e8rement avec cette pancarte, sourire radieux aux l\u00e8vres, pr\u00eat \u00e0 affronter une nouvelle ann\u00e9e ! Quelques ann\u00e9es plus tard, ces photos deviendront des tr\u00e9sors de souvenirs.<\/p>\n<p>En plus d&rsquo;\u00eatre un chouette souvenir, cette pancarte est un excellent moyen de garder une trace de l\u2019\u00e9volution de vos enfants. Vous pouvez comparer chaque ann\u00e9e les photos pour voir la vitesse \u00e0 laquelle ils grandissent !<\/p>\n<h2>Et pour les plus petits&#8230;<\/h2>\n<p>Parce qu&rsquo;on veut aussi immortaliser la rentr\u00e9e de nos tout petits \u00e0 la cr\u00e8che, voici \u00e9galement le mod\u00e8le de la pancarte \u00ab\u00a0Le premier jour \u00e0 la cr\u00e8che\u00a0\u00bb !<\/p>\n<p style=\"text-align: center;\"><img loading=\"lazy\" decoding=\"async\" class=\"alignnone \" src=\"https:\/\/images.a-qui-s.fr\/image\/upload\/v1724940956\/BLOG\/pancarte-cre%CC%80che.jpg\" width=\"417\" height=\"417\"><\/p>\n<p style=\"text-align: center;\"><a href=\"https:\/\/mailchi.mp\/d76ce8cfa455\/4b6vqgnqlx\"><img decoding=\"async\" class=\"alignnone size-medium\" src=\"https:\/\/images.a-qui-s.fr\/image\/upload\/v1657026870\/telecharger.png\" width=\"211\" height=\"43\"><\/a><\/p>\n<p>Cet article vous a plu ? Pour plus d&rsquo;activit\u00e9s, rendez-vous juste <a href=\"https:\/\/www.a-qui-s.fr\/le-blog\/category\/diy-bricolage-enfant\/\"><strong>ici<\/strong><\/a> !<\/p>\n","protected":false},"excerpt":{"rendered":"<p>Ah, la rentr\u00e9e des classes\u202f! Ce moment magique o\u00f9 les enfants, tout frais et repos\u00e9s (ou presque), troquent les tongs pour les cartables. Que ce soit la premi\u00e8re rentr\u00e9e en maternelle ou la derni\u00e8re ann\u00e9e de primaire, chaque rentr\u00e9e est une \u00e9tape m\u00e9morable ! Alors, pourquoi ne pas immortaliser cet instant avec une pancarte personnalis\u00e9e [&hellip;]<\/p>\n","protected":false},"author":2,"featured_media":19605,"comment_status":"open","ping_status":"open","sticky":false,"template":"","format":"standard","meta":{"_acf_changed":false,"fifu_image_url":"https:\/\/images.a-qui-s.fr\/image\/upload\/v1724769294\/BLOG\/pancarte-rentre%CC%81e-2024-2.jpg","fifu_image_alt":"Ma pancarte Le premier jour d\u2019\u00e9cole \u2013 Rentr\u00e9e  2024-2025","footnotes":""},"categories":[59],"tags":[],"class_list":["post-17954","post","type-post","status-publish","format-standard","has-post-thumbnail","hentry","category-diy-bricolage-enfant"],"acf":[],"yoast_head":"<!-- This site is optimized with the Yoast SEO plugin v27.0 - https:\/\/yoast.com\/product\/yoast-seo-wordpress\/ -->\n<title>Ma pancarte Le premier jour d&#039;\u00e9cole - Rentr\u00e9e 2024-2025 - GRATUIT !<\/title>\n<meta name=\"description\" content=\"Une pancarte \u00e0 t\u00e9l\u00e9charger et \u00e0 compl\u00e9ter pour immortaliser le premier jour d&#039;\u00e9cole chaque ann\u00e9e !\" \/>\n<meta name=\"robots\" content=\"index, follow, max-snippet:-1, max-image-preview:large, max-video-preview:-1\" \/>\n<link rel=\"canonical\" href=\"https:\/\/www.a-qui-s.fr\/le-blog\/diy-bricolage-enfant\/ma-pancarte-mon-premier-jour-decole-edition-2024-2025\/\" \/>\n<meta property=\"og:locale\" content=\"fr_FR\" \/>\n<meta property=\"og:type\" content=\"article\" \/>\n<meta property=\"og:title\" content=\"Ma pancarte Le premier jour d&#039;\u00e9cole - Rentr\u00e9e 2024-2025 - GRATUIT !\" \/>\n<meta property=\"og:description\" content=\"Une pancarte \u00e0 t\u00e9l\u00e9charger et \u00e0 compl\u00e9ter pour immortaliser le premier jour d&#039;\u00e9cole chaque ann\u00e9e !\" \/>\n<meta property=\"og:url\" content=\"https:\/\/www.a-qui-s.fr\/le-blog\/diy-bricolage-enfant\/ma-pancarte-mon-premier-jour-decole-edition-2024-2025\/\" \/>\n<meta property=\"og:site_name\" content=\"LE BLOG d&#039;A-qui-S\" \/>\n<meta property=\"article:publisher\" content=\"https:\/\/www.facebook.com\/AquiS\/\" \/>\n<meta property=\"article:published_time\" content=\"2024-08-27T15:08:34+00:00\" \/>\n<meta property=\"article:modified_time\" content=\"2025-08-26T12:41:07+00:00\" \/>\n<meta property=\"og:image\" content=\"https:\/\/images.a-qui-s.fr\/image\/upload\/v1724769294\/BLOG\/pancarte-rentre%CC%81e-2024-2.jpg\" \/>\n<meta name=\"author\" content=\"Louise de A-qui-S\" \/>\n<meta name=\"twitter:card\" content=\"summary_large_image\" \/>\n<meta name=\"twitter:image\" content=\"https:\/\/images.a-qui-s.fr\/image\/upload\/v1724769294\/BLOG\/pancarte-rentre%CC%81e-2024-2.jpg\" \/>\n<meta name=\"twitter:creator\" content=\"@aquis_fr\" \/>\n<meta name=\"twitter:site\" content=\"@aquis_fr\" \/>\n<meta name=\"twitter:label1\" content=\"Written by\" \/>\n\t<meta name=\"twitter:data1\" content=\"Louise de A-qui-S\" \/>\n\t<meta name=\"twitter:label2\" content=\"Est. reading time\" \/>\n\t<meta name=\"twitter:data2\" content=\"3 minutes\" \/>\n<script type=\"application\/ld+json\" class=\"yoast-schema-graph\">{\"@context\":\"https:\/\/schema.org\",\"@graph\":[{\"@type\":\"Article\",\"@id\":\"https:\/\/www.a-qui-s.fr\/le-blog\/diy-bricolage-enfant\/ma-pancarte-mon-premier-jour-decole-edition-2024-2025\/#article\",\"isPartOf\":{\"@id\":\"https:\/\/www.a-qui-s.fr\/le-blog\/diy-bricolage-enfant\/ma-pancarte-mon-premier-jour-decole-edition-2024-2025\/\"},\"author\":{\"name\":\"Louise de A-qui-S\",\"@id\":\"https:\/\/www.a-qui-s.fr\/le-blog\/#\/schema\/person\/d98098c165f4481653780d6fa061f531\"},\"headline\":\"Ma pancarte Le premier jour d&rsquo;\u00e9cole &#8211; Rentr\u00e9e 2024-2025\",\"datePublished\":\"34+00:00\",\"dateModified\":\"07+00:00\",\"mainEntityOfPage\":{\"@id\":\"https:\/\/www.a-qui-s.fr\/le-blog\/diy-bricolage-enfant\/ma-pancarte-mon-premier-jour-decole-edition-2024-2025\/\"},\"wordCount\":395,\"commentCount\":0,\"publisher\":{\"@id\":\"https:\/\/www.a-qui-s.fr\/le-blog\/#organization\"},\"image\":{\"@id\":\"https:\/\/www.a-qui-s.fr\/le-blog\/diy-bricolage-enfant\/ma-pancarte-mon-premier-jour-decole-edition-2024-2025\/#primaryimage\"},\"thumbnailUrl\":\"https:\/\/images.a-qui-s.fr\/image\/upload\/v1724769294\/BLOG\/pancarte-rentre%CC%81e-2024-2.jpg\",\"articleSection\":[\"DIY - Bricolage enfant\"],\"inLanguage\":\"fr-FR\",\"potentialAction\":[{\"@type\":\"CommentAction\",\"name\":\"Comment\",\"target\":[\"https:\/\/www.a-qui-s.fr\/le-blog\/diy-bricolage-enfant\/ma-pancarte-mon-premier-jour-decole-edition-2024-2025\/#respond\"]}]},{\"@type\":\"WebPage\",\"@id\":\"https:\/\/www.a-qui-s.fr\/le-blog\/diy-bricolage-enfant\/ma-pancarte-mon-premier-jour-decole-edition-2024-2025\/\",\"url\":\"https:\/\/www.a-qui-s.fr\/le-blog\/diy-bricolage-enfant\/ma-pancarte-mon-premier-jour-decole-edition-2024-2025\/\",\"name\":\"Ma pancarte Le premier jour d'\u00e9cole - Rentr\u00e9e 2024-2025 - GRATUIT !\",\"isPartOf\":{\"@id\":\"https:\/\/www.a-qui-s.fr\/le-blog\/#website\"},\"primaryImageOfPage\":{\"@id\":\"https:\/\/www.a-qui-s.fr\/le-blog\/diy-bricolage-enfant\/ma-pancarte-mon-premier-jour-decole-edition-2024-2025\/#primaryimage\"},\"image\":{\"@id\":\"https:\/\/www.a-qui-s.fr\/le-blog\/diy-bricolage-enfant\/ma-pancarte-mon-premier-jour-decole-edition-2024-2025\/#primaryimage\"},\"thumbnailUrl\":\"https:\/\/images.a-qui-s.fr\/image\/upload\/v1724769294\/BLOG\/pancarte-rentre%CC%81e-2024-2.jpg\",\"datePublished\":\"34+00:00\",\"dateModified\":\"07+00:00\",\"description\":\"Une pancarte \u00e0 t\u00e9l\u00e9charger et \u00e0 compl\u00e9ter pour immortaliser le premier jour d'\u00e9cole chaque ann\u00e9e !\",\"breadcrumb\":{\"@id\":\"https:\/\/www.a-qui-s.fr\/le-blog\/diy-bricolage-enfant\/ma-pancarte-mon-premier-jour-decole-edition-2024-2025\/#breadcrumb\"},\"inLanguage\":\"fr-FR\",\"potentialAction\":[{\"@type\":\"ReadAction\",\"target\":[\"https:\/\/www.a-qui-s.fr\/le-blog\/diy-bricolage-enfant\/ma-pancarte-mon-premier-jour-decole-edition-2024-2025\/\"]}]},{\"@type\":\"ImageObject\",\"inLanguage\":\"fr-FR\",\"@id\":\"https:\/\/www.a-qui-s.fr\/le-blog\/diy-bricolage-enfant\/ma-pancarte-mon-premier-jour-decole-edition-2024-2025\/#primaryimage\",\"url\":\"https:\/\/images.a-qui-s.fr\/image\/upload\/v1724769294\/BLOG\/pancarte-rentre%CC%81e-2024-2.jpg\",\"contentUrl\":\"https:\/\/images.a-qui-s.fr\/image\/upload\/v1724769294\/BLOG\/pancarte-rentre%CC%81e-2024-2.jpg\",\"width\":\"800\",\"height\":\"800\",\"caption\":\"Ma pancarte Le premier jour d\u2019\u00e9cole \u2013 Rentr\u00e9e 2024-2025\"},{\"@type\":\"BreadcrumbList\",\"@id\":\"https:\/\/www.a-qui-s.fr\/le-blog\/diy-bricolage-enfant\/ma-pancarte-mon-premier-jour-decole-edition-2024-2025\/#breadcrumb\",\"itemListElement\":[{\"@type\":\"ListItem\",\"position\":1,\"name\":\"Accueil\",\"item\":\"https:\/\/www.a-qui-s.fr\/le-blog\/\"},{\"@type\":\"ListItem\",\"position\":2,\"name\":\"DIY - Bricolage enfant\",\"item\":\"https:\/\/www.a-qui-s.fr\/le-blog\/category\/diy-bricolage-enfant\/\"},{\"@type\":\"ListItem\",\"position\":3,\"name\":\"Ma pancarte Le premier jour d&rsquo;\u00e9cole &#8211; Rentr\u00e9e 2024-2025\"}]},{\"@type\":\"WebSite\",\"@id\":\"https:\/\/www.a-qui-s.fr\/le-blog\/#website\",\"url\":\"https:\/\/www.a-qui-s.fr\/le-blog\/\",\"name\":\"LE BLOG d&#039;A-qui-S\",\"description\":\"La communaut\u00e9 des &quot;Pas-Perdus&quot;\",\"publisher\":{\"@id\":\"https:\/\/www.a-qui-s.fr\/le-blog\/#organization\"},\"potentialAction\":[{\"@type\":\"SearchAction\",\"target\":{\"@type\":\"EntryPoint\",\"urlTemplate\":\"https:\/\/www.a-qui-s.fr\/le-blog\/?s={search_term_string}\"},\"query-input\":{\"@type\":\"PropertyValueSpecification\",\"valueRequired\":true,\"valueName\":\"search_term_string\"}}],\"inLanguage\":\"fr-FR\"},{\"@type\":\"Organization\",\"@id\":\"https:\/\/www.a-qui-s.fr\/le-blog\/#organization\",\"name\":\"Etiquettes & compagnie\",\"url\":\"https:\/\/www.a-qui-s.fr\/le-blog\/\",\"logo\":{\"@type\":\"ImageObject\",\"inLanguage\":\"fr-FR\",\"@id\":\"https:\/\/www.a-qui-s.fr\/le-blog\/#\/schema\/logo\/image\/\",\"url\":\"https:\/\/www.a-qui-s.fr\/le-blog\/wp-content\/uploads\/2015\/05\/logo_a-qui-s.png\",\"contentUrl\":\"https:\/\/www.a-qui-s.fr\/le-blog\/wp-content\/uploads\/2015\/05\/logo_a-qui-s.png\",\"width\":132,\"height\":59,\"caption\":\"Etiquettes & compagnie\"},\"image\":{\"@id\":\"https:\/\/www.a-qui-s.fr\/le-blog\/#\/schema\/logo\/image\/\"},\"sameAs\":[\"https:\/\/www.facebook.com\/AquiS\/\",\"https:\/\/x.com\/aquis_fr\"]},{\"@type\":\"Person\",\"@id\":\"https:\/\/www.a-qui-s.fr\/le-blog\/#\/schema\/person\/d98098c165f4481653780d6fa061f531\",\"name\":\"Louise de A-qui-S\",\"image\":{\"@type\":\"ImageObject\",\"inLanguage\":\"fr-FR\",\"@id\":\"https:\/\/www.a-qui-s.fr\/le-blog\/#\/schema\/person\/image\/\",\"url\":\"https:\/\/secure.gravatar.com\/avatar\/7a713547ddd2e0fc4130ec55978934dc3f12ef2095fa1cba20e2f0efcd0728c4?s=96&d=mm&r=g\",\"contentUrl\":\"https:\/\/secure.gravatar.com\/avatar\/7a713547ddd2e0fc4130ec55978934dc3f12ef2095fa1cba20e2f0efcd0728c4?s=96&d=mm&r=g\",\"caption\":\"Louise de A-qui-S\"},\"url\":\"https:\/\/www.a-qui-s.fr\/le-blog\/author\/julia\/\"}]}<\/script>\n<!-- \/ Yoast SEO plugin. -->","yoast_head_json":{"title":"Ma pancarte Le premier jour d'\u00e9cole - Rentr\u00e9e 2024-2025 - GRATUIT !","description":"Une pancarte \u00e0 t\u00e9l\u00e9charger et \u00e0 compl\u00e9ter pour immortaliser le premier jour d'\u00e9cole chaque ann\u00e9e !","robots":{"index":"index","follow":"follow","max-snippet":"max-snippet:-1","max-image-preview":"max-image-preview:large","max-video-preview":"max-video-preview:-1"},"canonical":"https:\/\/www.a-qui-s.fr\/le-blog\/diy-bricolage-enfant\/ma-pancarte-mon-premier-jour-decole-edition-2024-2025\/","og_locale":"fr_FR","og_type":"article","og_title":"Ma pancarte Le premier jour d'\u00e9cole - Rentr\u00e9e 2024-2025 - GRATUIT !","og_description":"Une pancarte \u00e0 t\u00e9l\u00e9charger et \u00e0 compl\u00e9ter pour immortaliser le premier jour d'\u00e9cole chaque ann\u00e9e !","og_url":"https:\/\/www.a-qui-s.fr\/le-blog\/diy-bricolage-enfant\/ma-pancarte-mon-premier-jour-decole-edition-2024-2025\/","og_site_name":"LE BLOG d&#039;A-qui-S","article_publisher":"https:\/\/www.facebook.com\/AquiS\/","article_published_time":"2024-08-27T15:08:34+00:00","article_modified_time":"2025-08-26T12:41:07+00:00","og_image":[{"url":"https:\/\/images.a-qui-s.fr\/image\/upload\/v1724769294\/BLOG\/pancarte-rentre%CC%81e-2024-2.jpg","type":"","width":"","height":""}],"author":"Louise de A-qui-S","twitter_card":"summary_large_image","twitter_image":"https:\/\/images.a-qui-s.fr\/image\/upload\/v1724769294\/BLOG\/pancarte-rentre%CC%81e-2024-2.jpg","twitter_creator":"@aquis_fr","twitter_site":"@aquis_fr","twitter_misc":{"Written by":"Louise de A-qui-S","Est. reading time":"3 minutes"},"schema":{"@context":"https:\/\/schema.org","@graph":[{"@type":"Article","@id":"https:\/\/www.a-qui-s.fr\/le-blog\/diy-bricolage-enfant\/ma-pancarte-mon-premier-jour-decole-edition-2024-2025\/#article","isPartOf":{"@id":"https:\/\/www.a-qui-s.fr\/le-blog\/diy-bricolage-enfant\/ma-pancarte-mon-premier-jour-decole-edition-2024-2025\/"},"author":{"name":"Louise de A-qui-S","@id":"https:\/\/www.a-qui-s.fr\/le-blog\/#\/schema\/person\/d98098c165f4481653780d6fa061f531"},"headline":"Ma pancarte Le premier jour d&rsquo;\u00e9cole &#8211; Rentr\u00e9e 2024-2025","datePublished":"34+00:00","dateModified":"07+00:00","mainEntityOfPage":{"@id":"https:\/\/www.a-qui-s.fr\/le-blog\/diy-bricolage-enfant\/ma-pancarte-mon-premier-jour-decole-edition-2024-2025\/"},"wordCount":395,"commentCount":0,"publisher":{"@id":"https:\/\/www.a-qui-s.fr\/le-blog\/#organization"},"image":{"@id":"https:\/\/www.a-qui-s.fr\/le-blog\/diy-bricolage-enfant\/ma-pancarte-mon-premier-jour-decole-edition-2024-2025\/#primaryimage"},"thumbnailUrl":"https:\/\/images.a-qui-s.fr\/image\/upload\/v1724769294\/BLOG\/pancarte-rentre%CC%81e-2024-2.jpg","articleSection":["DIY - Bricolage enfant"],"inLanguage":"fr-FR","potentialAction":[{"@type":"CommentAction","name":"Comment","target":["https:\/\/www.a-qui-s.fr\/le-blog\/diy-bricolage-enfant\/ma-pancarte-mon-premier-jour-decole-edition-2024-2025\/#respond"]}]},{"@type":"WebPage","@id":"https:\/\/www.a-qui-s.fr\/le-blog\/diy-bricolage-enfant\/ma-pancarte-mon-premier-jour-decole-edition-2024-2025\/","url":"https:\/\/www.a-qui-s.fr\/le-blog\/diy-bricolage-enfant\/ma-pancarte-mon-premier-jour-decole-edition-2024-2025\/","name":"Ma pancarte Le premier jour d'\u00e9cole - Rentr\u00e9e 2024-2025 - GRATUIT !","isPartOf":{"@id":"https:\/\/www.a-qui-s.fr\/le-blog\/#website"},"primaryImageOfPage":{"@id":"https:\/\/www.a-qui-s.fr\/le-blog\/diy-bricolage-enfant\/ma-pancarte-mon-premier-jour-decole-edition-2024-2025\/#primaryimage"},"image":{"@id":"https:\/\/www.a-qui-s.fr\/le-blog\/diy-bricolage-enfant\/ma-pancarte-mon-premier-jour-decole-edition-2024-2025\/#primaryimage"},"thumbnailUrl":"https:\/\/images.a-qui-s.fr\/image\/upload\/v1724769294\/BLOG\/pancarte-rentre%CC%81e-2024-2.jpg","datePublished":"34+00:00","dateModified":"07+00:00","description":"Une pancarte \u00e0 t\u00e9l\u00e9charger et \u00e0 compl\u00e9ter pour immortaliser le premier jour d'\u00e9cole chaque ann\u00e9e !","breadcrumb":{"@id":"https:\/\/www.a-qui-s.fr\/le-blog\/diy-bricolage-enfant\/ma-pancarte-mon-premier-jour-decole-edition-2024-2025\/#breadcrumb"},"inLanguage":"fr-FR","potentialAction":[{"@type":"ReadAction","target":["https:\/\/www.a-qui-s.fr\/le-blog\/diy-bricolage-enfant\/ma-pancarte-mon-premier-jour-decole-edition-2024-2025\/"]}]},{"@type":"ImageObject","inLanguage":"fr-FR","@id":"https:\/\/www.a-qui-s.fr\/le-blog\/diy-bricolage-enfant\/ma-pancarte-mon-premier-jour-decole-edition-2024-2025\/#primaryimage","url":"https:\/\/images.a-qui-s.fr\/image\/upload\/v1724769294\/BLOG\/pancarte-rentre%CC%81e-2024-2.jpg","contentUrl":"https:\/\/images.a-qui-s.fr\/image\/upload\/v1724769294\/BLOG\/pancarte-rentre%CC%81e-2024-2.jpg","width":"800","height":"800","caption":"Ma pancarte Le premier jour d\u2019\u00e9cole \u2013 Rentr\u00e9e 2024-2025"},{"@type":"BreadcrumbList","@id":"https:\/\/www.a-qui-s.fr\/le-blog\/diy-bricolage-enfant\/ma-pancarte-mon-premier-jour-decole-edition-2024-2025\/#breadcrumb","itemListElement":[{"@type":"ListItem","position":1,"name":"Accueil","item":"https:\/\/www.a-qui-s.fr\/le-blog\/"},{"@type":"ListItem","position":2,"name":"DIY - Bricolage enfant","item":"https:\/\/www.a-qui-s.fr\/le-blog\/category\/diy-bricolage-enfant\/"},{"@type":"ListItem","position":3,"name":"Ma pancarte Le premier jour d&rsquo;\u00e9cole &#8211; Rentr\u00e9e 2024-2025"}]},{"@type":"WebSite","@id":"https:\/\/www.a-qui-s.fr\/le-blog\/#website","url":"https:\/\/www.a-qui-s.fr\/le-blog\/","name":"LE BLOG d&#039;A-qui-S","description":"La communaut\u00e9 des &quot;Pas-Perdus&quot;","publisher":{"@id":"https:\/\/www.a-qui-s.fr\/le-blog\/#organization"},"potentialAction":[{"@type":"SearchAction","target":{"@type":"EntryPoint","urlTemplate":"https:\/\/www.a-qui-s.fr\/le-blog\/?s={search_term_string}"},"query-input":{"@type":"PropertyValueSpecification","valueRequired":true,"valueName":"search_term_string"}}],"inLanguage":"fr-FR"},{"@type":"Organization","@id":"https:\/\/www.a-qui-s.fr\/le-blog\/#organization","name":"Etiquettes & compagnie","url":"https:\/\/www.a-qui-s.fr\/le-blog\/","logo":{"@type":"ImageObject","inLanguage":"fr-FR","@id":"https:\/\/www.a-qui-s.fr\/le-blog\/#\/schema\/logo\/image\/","url":"https:\/\/www.a-qui-s.fr\/le-blog\/wp-content\/uploads\/2015\/05\/logo_a-qui-s.png","contentUrl":"https:\/\/www.a-qui-s.fr\/le-blog\/wp-content\/uploads\/2015\/05\/logo_a-qui-s.png","width":132,"height":59,"caption":"Etiquettes & compagnie"},"image":{"@id":"https:\/\/www.a-qui-s.fr\/le-blog\/#\/schema\/logo\/image\/"},"sameAs":["https:\/\/www.facebook.com\/AquiS\/","https:\/\/x.com\/aquis_fr"]},{"@type":"Person","@id":"https:\/\/www.a-qui-s.fr\/le-blog\/#\/schema\/person\/d98098c165f4481653780d6fa061f531","name":"Louise de A-qui-S","image":{"@type":"ImageObject","inLanguage":"fr-FR","@id":"https:\/\/www.a-qui-s.fr\/le-blog\/#\/schema\/person\/image\/","url":"https:\/\/secure.gravatar.com\/avatar\/7a713547ddd2e0fc4130ec55978934dc3f12ef2095fa1cba20e2f0efcd0728c4?s=96&d=mm&r=g","contentUrl":"https:\/\/secure.gravatar.com\/avatar\/7a713547ddd2e0fc4130ec55978934dc3f12ef2095fa1cba20e2f0efcd0728c4?s=96&d=mm&r=g","caption":"Louise de A-qui-S"},"url":"https:\/\/www.a-qui-s.fr\/le-blog\/author\/julia\/"}]}},"_links":{"self":[{"href":"https:\/\/www.a-qui-s.fr\/le-blog\/wp-json\/wp\/v2\/posts\/17954","targetHints":{"allow":["GET"]}}],"collection":[{"href":"https:\/\/www.a-qui-s.fr\/le-blog\/wp-json\/wp\/v2\/posts"}],"about":[{"href":"https:\/\/www.a-qui-s.fr\/le-blog\/wp-json\/wp\/v2\/types\/post"}],"author":[{"embeddable":true,"href":"https:\/\/www.a-qui-s.fr\/le-blog\/wp-json\/wp\/v2\/users\/2"}],"replies":[{"embeddable":true,"href":"https:\/\/www.a-qui-s.fr\/le-blog\/wp-json\/wp\/v2\/comments?post=17954"}],"version-history":[{"count":0,"href":"https:\/\/www.a-qui-s.fr\/le-blog\/wp-json\/wp\/v2\/posts\/17954\/revisions"}],"wp:featuredmedia":[{"embeddable":true,"href":"https:\/\/www.a-qui-s.fr\/le-blog\/wp-json\/wp\/v2\/media\/19605"}],"wp:attachment":[{"href":"https:\/\/www.a-qui-s.fr\/le-blog\/wp-json\/wp\/v2\/media?parent=17954"}],"wp:term":[{"taxonomy":"category","embeddable":true,"href":"https:\/\/www.a-qui-s.fr\/le-blog\/wp-json\/wp\/v2\/categories?post=17954"},{"taxonomy":"post_tag","embeddable":true,"href":"https:\/\/www.a-qui-s.fr\/le-blog\/wp-json\/wp\/v2\/tags?post=17954"}],"curies":[{"name":"wp","href":"https:\/\/api.w.org\/{rel}","templated":true}]}}