{"id":17831,"date":"2024-06-05T13:32:12","date_gmt":"2024-06-05T12:32:12","guid":{"rendered":"https:\/\/www.a-qui-s.fr\/le-blog\/?p=17831"},"modified":"2025-08-21T12:18:28","modified_gmt":"2025-08-21T11:18:28","slug":"comment-preparer-le-sejour-linguistique-de-son-enfant","status":"publish","type":"post","link":"https:\/\/www.a-qui-s.fr\/le-blog\/trucs-et-astuces\/comment-preparer-le-sejour-linguistique-de-son-enfant\/","title":{"rendered":"Comment pr\u00e9parer le s\u00e9jour linguistique de son enfant ?"},"content":{"rendered":"<p><b>Partir en s\u00e9jour linguistique<\/b><span style=\"font-weight: 400;\"> est l&rsquo;opportunit\u00e9 id\u00e9ale d&rsquo;<\/span><b>apprendre une langue \u00e9trang\u00e8re<\/b><span style=\"font-weight: 400;\"> tout en d\u00e9couvrant de nouvelles destinations et de nouvelles cultures. Le CEI vous propose de nombreux s\u00e9jours adapt\u00e9s \u00e0 tous les niveaux. Vous souhaitez pr\u00e9parer au mieux le d\u00e9part de votre enfant en s\u00e9jour linguistique ? Voici quelques conseils pour organiser un d\u00e9part serein.<\/span><\/p>\n<p><img fetchpriority=\"high\" decoding=\"async\" class=\"aligncenter\" src=\"https:\/\/images.a-qui-s.fr\/image\/upload\/v1717590478\/BLOG\/sejourlinguistique.jpg\" width=\"440\" height=\"293\"><\/p>\n<h3><strong>Choisir un s\u00e9jour linguistique adapt\u00e9 \u00e0 ses besoins<\/strong><\/h3>\n<p><span style=\"font-weight: 400;\">Avant de <\/span><b>pr\u00e9parer le voyage linguistique de son enfant<\/b><span style=\"font-weight: 400;\">, il est important de choisir le s\u00e9jour le plus adapt\u00e9. Prenez le temps de discuter avec votre enfant afin de mieux conna\u00eetre ses envies et de savoir dans quelle(s) langue(s) il souhaite s&rsquo;am\u00e9liorer.<\/span><\/p>\n<p><span style=\"font-weight: 400;\">Parmi nos <\/span><b>offres de s\u00e9jours pour jeunes<\/b><span style=\"font-weight: 400;\">, nous vous proposons notamment plusieurs<\/span><b> s\u00e9jours linguistiques en anglais<\/b><span style=\"font-weight: 400;\">. &nbsp;\u00c9tant la langue la plus parl\u00e9e au monde, cela permettra \u00e0 votre enfant de s&rsquo;am\u00e9liorer tant sur le plan personnel, acad\u00e9mique et professionnel.&nbsp;<\/span><\/p>\n<p><span style=\"font-weight: 400;\">Notre<\/span><a href=\"https:\/\/www.cei-voyage.fr\/sejours\/sejours-linguistiques\/angleterre\/english-camp-college-anglais\/#utm_source=AquiS&amp;utm_medium=article&amp;utm_campaign=05-24&amp;utm_content=premier-sl\"> <b>s\u00e9jour linguistique English Camp<\/b><\/a><span style=\"font-weight: 400;\">, ouvert aux enfants d\u00e8s l&rsquo;\u00e2ge de 10 ans, est l&rsquo;option privil\u00e9gi\u00e9e pour \u00eatre en totale immersion dans un <\/span><b>cadre typique de coll\u00e8ge anglais<\/b><span style=\"font-weight: 400;\">. Votre enfant pourra perfectionner son anglais gr\u00e2ce \u00e0 des cours interactifs assur\u00e9s par des professeurs exp\u00e9riment\u00e9s. C&rsquo;est l&rsquo;occasion d&rsquo;apprendre en s&rsquo;amusant car, en fonction du coll\u00e8ge d&rsquo;accueil, il est possible d&rsquo;avoir acc\u00e8s \u00e0 diff\u00e9rentes infrastructures sportives telles que : mur d&rsquo;escalade, terrains de tennis ou encore un circuit de quad. La <\/span><b>combinaison des cours et des activit\u00e9s sportives<\/b><span style=\"font-weight: 400;\"> est typique des coll\u00e8ges anglais.<\/span><\/p>\n<p>&nbsp;<\/p>\n<h3><strong>D\u00e9part en s\u00e9jour linguistique&nbsp;: pr\u00e9parer les documents \u00e0 avoir<\/strong><\/h3>\n<p><span style=\"font-weight: 400;\">Pr\u00e9parer le s\u00e9jour linguistique de votre enfant n\u00e9cessite de savoir quels documents sont n\u00e9cessaires pour <\/span><b>voyager \u00e0 l&rsquo;\u00e9tranger<\/b><span style=\"font-weight: 400;\">. Afin de vous faciliter la t\u00e2che, le CEI vous met \u00e0 disposition une liste de tous les documents obligatoires sur la plateforme <\/span><a href=\"https:\/\/cei.visiocolo.com\/#utm_source=AquiS&amp;utm_medium=article&amp;utm_campaign=05-24&amp;utm_content=premier-sl\"><b>www.visiocolo.com<\/b><\/a><span style=\"font-weight: 400;\">. La convocation de d\u00e9part indique toutes les formalit\u00e9s du voyage. Vous retrouverez \u00e9galement ces informations sur la page du site d\u00e9di\u00e9e au <\/span><b>s\u00e9jour linguistique<\/b><span style=\"font-weight: 400;\"> que vous avez choisi. Nous vous recommandons de v\u00e9rifier les sp\u00e9cificit\u00e9s \u00e9ventuelles.&nbsp;<\/span><\/p>\n<p><span style=\"font-weight: 400;\">\u00c0 titre d&rsquo;exemple, dans le cas de notre <\/span><a href=\"https:\/\/www.cei-voyage.fr\/sejours\/sejours-linguistiques\/angleterre\/anglais-famille-bournemouth\/#utm_source=AquiS&amp;utm_medium=article&amp;utm_campaign=05-24&amp;utm_content=premier-sl\"><b>voyage linguistique anglais \u00e0 Bournemouth<\/b><\/a><span style=\"font-weight: 400;\">, le passeport est obligatoire et doit \u00eatre valable au minimum jusqu&rsquo;au retour du s\u00e9jour. Si votre enfant a envie de soleil et de plages dans <\/span><b>un<\/b> <b>cadre baln\u00e9aire<\/b> <b>tout en perfectionnant son anglais<\/b><span style=\"font-weight: 400;\">, ce s\u00e9jour est id\u00e9al. La plage de sable fin de Bournemouth figure parmi les plus sublimes d&rsquo;Angleterre. L&rsquo;h\u00e9bergement en famille d&rsquo;accueil permet \u00e9galement d&rsquo;approfondir l&rsquo;immersion. Vous pourrez voir toutes les photos de votre enfant pendant son s\u00e9jour \u00e0 Bournemouth sur le site <\/span><a href=\"https:\/\/cei.visiocolo.com\/#utm_source=AquiS&amp;utm_medium=article&amp;utm_campaign=05-24&amp;utm_content=premier-sl\"><b>www.visiocolo.com<\/b><\/a><span style=\"font-weight: 400;\"> !<\/span><\/p>\n<p>&nbsp;<\/p>\n<h3><strong>Sa familiariser avec la langue avant le d\u00e9part<\/strong><\/h3>\n<p><span style=\"font-weight: 400;\">Avant son <\/span><b>d\u00e9part en s\u00e9jour linguistique<\/b><span style=\"font-weight: 400;\">, vous pouvez conseiller \u00e0 votre enfant de se familiariser avec la langue du pays de destination. Mais comment faire ? Voici quelques astuces simples pour vous aider :<\/span><\/p>\n<ul>\n<li style=\"font-weight: 400;\" aria-level=\"1\"><span style=\"font-weight: 400;\">Changer la langue de votre t\u00e9l\u00e9phone ou ordinateur pour apprendre de nouveaux mots et enrichir votre vocabulaire.&nbsp;<\/span><\/li>\n<li style=\"font-weight: 400;\" aria-level=\"1\"><span style=\"font-weight: 400;\">Lire des livres ou des articles dans la langue du pays de destination pour am\u00e9liorer votre compr\u00e9hension \u00e9crite.&nbsp;<\/span><\/li>\n<li style=\"font-weight: 400;\" aria-level=\"1\"><span style=\"font-weight: 400;\">Regarder des s\u00e9ries ou des vid\u00e9os pour am\u00e9liorer votre compr\u00e9hension orale.&nbsp;<\/span><\/li>\n<li style=\"font-weight: 400;\" aria-level=\"1\"><span style=\"font-weight: 400;\">Encourager votre enfant avec les <\/span><a href=\"https:\/\/www.a-qui-s.fr\/etiquettes-bienveillance\"><span style=\"font-weight: 400;\">\u00e9tiquettes bienveillantes<\/span><\/a><span style=\"font-weight: 400;\"> A-qui-S <\/span><i><span style=\"font-weight: 400;\">(\u00e9galement disponible en anglais et espagnol).<\/span><\/i><span style=\"font-weight: 400;\">&nbsp;<\/span><\/li>\n<\/ul>\n<p>&nbsp;<\/p>\n<p><span style=\"font-weight: 400;\">Si vous souhaitez par exemple <\/span><b>am\u00e9liorer votre espagnol<\/b><span style=\"font-weight: 400;\">, de nombreuses s\u00e9ries c\u00e9l\u00e8bres utilisent cette langue : \u00ab&nbsp;La Casa de Papel&nbsp;\u00bb, \u00ab&nbsp;Jane the Virgin&nbsp;\u00bb, \u00ab&nbsp;Narcos&nbsp;\u00bb &#8230;<\/span><\/p>\n<p><span style=\"font-weight: 400;\">Pour perfectionner votre progression en espagnol, nous vous proposons de nombreux <\/span><b>s\u00e9jours linguistiques en Espagne en r\u00e9sidence ou en<\/b> <b>famille<\/b><span style=\"font-weight: 400;\">. Un de nos s\u00e9jours ouvert aux 11-17 ans, propose notamment des <\/span><b>cours bilangues espagnol-anglais<\/b><span style=\"font-weight: 400;\"> !<\/span><\/p>\n<p><span style=\"font-weight: 400;\">Si vous pr\u00e9f\u00e9rez vous concentrer uniquement sur l&rsquo;espagnol, notre <\/span><a href=\"https:\/\/www.cei-voyage.fr\/sejours\/sejours-linguistiques\/espagne\/espagnol-multiactivites-famille-daccueil\/#utm_source=AquiS&amp;utm_medium=article&amp;utm_campaign=05-24&amp;utm_content=premier-sl\"><b>s\u00e9jour linguistique espagnol et multi activit\u00e9s<\/b><\/a><span style=\"font-weight: 400;\"> vous conviendra parfaitement. L\u2019accent sera mis sur l\u2019apprentissage au quotidien, car en plus des cours, vous s\u00e9journerez au sein d\u2019une <\/span><b>famille d\u2019accueil<\/b><span style=\"font-weight: 400;\">. Des activit\u00e9s culturelles et sportives sont \u00e9galement au programme pour vous permettre d&rsquo;apprendre tout en profitant des vacances d&rsquo;\u00e9t\u00e9 !<\/span><\/p>\n<p>&nbsp;<\/p>\n<h3><strong>Pr\u00e9paration de la valise<\/strong><\/h3>\n<p><img decoding=\"async\" class=\"aligncenter\" src=\"https:\/\/images.a-qui-s.fr\/image\/upload\/v1717590478\/BLOG\/voyagelinguistique.jpg\" width=\"442\" height=\"294\"><\/p>\n<p><b>Pr\u00e9parer un s\u00e9jour linguistique<\/b><span style=\"font-weight: 400;\"> passe forc\u00e9ment par l&rsquo;\u00e9tape de pr\u00e9paration de la valise. Afin de vous faciliter cette t\u00e2che, nous mettons \u00e0 disposition un exemple de valise-type. Pour y acc\u00e9der, c&rsquo;est simple, rendez-vous dans votre espace de connexion sur <\/span><a href=\"https:\/\/cei.visiocolo.com\/#utm_source=AquiS&amp;utm_medium=article&amp;utm_campaign=05-24&amp;utm_content=premier-sl\"><b>www.visiocolo.com<\/b><\/a><span style=\"font-weight: 400;\">, dans la rubrique \u00ab\u00a0trousseau\u00a0\u00bb. Vous y trouverez tous nos conseils pour savoir ce qui est conseill\u00e9 d&rsquo;amener ou non en fonction de la destination.&nbsp;<\/span><\/p>\n<p><span style=\"font-weight: 400;\">Lors d&rsquo;un <\/span><b>s\u00e9jour linguistique \u00e0 l&rsquo;\u00e9tranger<\/b><span style=\"font-weight: 400;\">, pensez \u00e0 mettre dans votre valise les adaptateurs de prise n\u00e9cessaires dans certaines destinations. Pour les pays concern\u00e9s, il est \u00e9galement pr\u00e9f\u00e9rable de changer la monnaie avant le d\u00e9part pour \u00e9viter les frais de change.&nbsp;<\/span><\/p>\n<p><span style=\"font-weight: 400;\">Dernier conseil : commencez l&rsquo;organisation de vos bagages quelques jours avant le d\u00e9part afin d&rsquo;\u00e9viter le stress de la valise faite \u00e0 la derni\u00e8re minute. Bien s\u00fbr, on n\u2019oublie pas de marquer les affaires&nbsp;! Con\u00e7u pour les d\u00e9parts en vacances, le <\/span><a href=\"https:\/\/www.a-qui-s.fr\/pack-etiquettes-colonie\"><b>pack colo<\/b><\/a><span style=\"font-weight: 400;\"> sera votre meilleur alli\u00e9&nbsp;pour \u00eatre s\u00fbr de tout retrouver&nbsp;! <\/span><span style=\"font-weight: 400;\">\ud83d\ude09<\/span><\/p>\n","protected":false},"excerpt":{"rendered":"<p>Partir en s\u00e9jour linguistique est l&rsquo;opportunit\u00e9 id\u00e9ale d&rsquo;apprendre une langue \u00e9trang\u00e8re tout en d\u00e9couvrant de nouvelles destinations et de nouvelles cultures. Le CEI vous propose de nombreux s\u00e9jours adapt\u00e9s \u00e0 tous les niveaux. Vous souhaitez pr\u00e9parer au mieux le d\u00e9part de votre enfant en s\u00e9jour linguistique ? Voici quelques conseils pour organiser un d\u00e9part serein. [&hellip;]<\/p>\n","protected":false},"author":2,"featured_media":19627,"comment_status":"open","ping_status":"open","sticky":false,"template":"","format":"standard","meta":{"_acf_changed":false,"fifu_image_url":"https:\/\/images.a-qui-s.fr\/image\/upload\/v1717590478\/BLOG\/sejourlinguistique.jpg","fifu_image_alt":"Comment pr\u00e9parer le s\u00e9jour linguistique de son enfant ?","footnotes":""},"categories":[55],"tags":[],"class_list":["post-17831","post","type-post","status-publish","format-standard","has-post-thumbnail","hentry","category-trucs-et-astuces"],"acf":[],"yoast_head":"<!-- This site is optimized with the Yoast SEO plugin v27.0 - https:\/\/yoast.com\/product\/yoast-seo-wordpress\/ -->\n<title>Comment pr\u00e9parer le s\u00e9jour linguistique de son enfant ? -<\/title>\n<meta name=\"description\" content=\"Vous souhaitez pr\u00e9parer au mieux le d\u00e9part de votre enfant en s\u00e9jour linguistique ? Voici quelques conseils pour organiser un d\u00e9part serein.\" \/>\n<meta name=\"robots\" content=\"index, follow, max-snippet:-1, max-image-preview:large, max-video-preview:-1\" \/>\n<link rel=\"canonical\" href=\"https:\/\/www.a-qui-s.fr\/le-blog\/trucs-et-astuces\/comment-preparer-le-sejour-linguistique-de-son-enfant\/\" \/>\n<meta property=\"og:locale\" content=\"fr_FR\" \/>\n<meta property=\"og:type\" content=\"article\" \/>\n<meta property=\"og:title\" content=\"Comment pr\u00e9parer le s\u00e9jour linguistique de son enfant ? -\" \/>\n<meta property=\"og:description\" content=\"Vous souhaitez pr\u00e9parer au mieux le d\u00e9part de votre enfant en s\u00e9jour linguistique ? Voici quelques conseils pour organiser un d\u00e9part serein.\" \/>\n<meta property=\"og:url\" content=\"https:\/\/www.a-qui-s.fr\/le-blog\/trucs-et-astuces\/comment-preparer-le-sejour-linguistique-de-son-enfant\/\" \/>\n<meta property=\"og:site_name\" content=\"LE BLOG d&#039;A-qui-S\" \/>\n<meta property=\"article:publisher\" content=\"https:\/\/www.facebook.com\/AquiS\/\" \/>\n<meta property=\"article:published_time\" content=\"2024-06-05T12:32:12+00:00\" \/>\n<meta property=\"article:modified_time\" content=\"2025-08-21T11:18:28+00:00\" \/>\n<meta property=\"og:image\" content=\"https:\/\/images.a-qui-s.fr\/image\/upload\/v1717590478\/BLOG\/sejourlinguistique.jpg\" \/>\n<meta name=\"author\" content=\"Louise de A-qui-S\" \/>\n<meta name=\"twitter:card\" content=\"summary_large_image\" \/>\n<meta name=\"twitter:image\" content=\"https:\/\/images.a-qui-s.fr\/image\/upload\/v1717590478\/BLOG\/sejourlinguistique.jpg\" \/>\n<meta name=\"twitter:creator\" content=\"@aquis_fr\" \/>\n<meta name=\"twitter:site\" content=\"@aquis_fr\" \/>\n<meta name=\"twitter:label1\" content=\"Written by\" \/>\n\t<meta name=\"twitter:data1\" content=\"Louise de A-qui-S\" \/>\n\t<meta name=\"twitter:label2\" content=\"Est. reading time\" \/>\n\t<meta name=\"twitter:data2\" content=\"4 minutes\" \/>\n<script type=\"application\/ld+json\" class=\"yoast-schema-graph\">{\"@context\":\"https:\/\/schema.org\",\"@graph\":[{\"@type\":\"Article\",\"@id\":\"https:\/\/www.a-qui-s.fr\/le-blog\/trucs-et-astuces\/comment-preparer-le-sejour-linguistique-de-son-enfant\/#article\",\"isPartOf\":{\"@id\":\"https:\/\/www.a-qui-s.fr\/le-blog\/trucs-et-astuces\/comment-preparer-le-sejour-linguistique-de-son-enfant\/\"},\"author\":{\"name\":\"Louise de A-qui-S\",\"@id\":\"https:\/\/www.a-qui-s.fr\/le-blog\/#\/schema\/person\/d98098c165f4481653780d6fa061f531\"},\"headline\":\"Comment pr\u00e9parer le s\u00e9jour linguistique de son enfant ?\",\"datePublished\":\"12+00:00\",\"dateModified\":\"28+00:00\",\"mainEntityOfPage\":{\"@id\":\"https:\/\/www.a-qui-s.fr\/le-blog\/trucs-et-astuces\/comment-preparer-le-sejour-linguistique-de-son-enfant\/\"},\"wordCount\":941,\"commentCount\":0,\"publisher\":{\"@id\":\"https:\/\/www.a-qui-s.fr\/le-blog\/#organization\"},\"image\":{\"@id\":\"https:\/\/www.a-qui-s.fr\/le-blog\/trucs-et-astuces\/comment-preparer-le-sejour-linguistique-de-son-enfant\/#primaryimage\"},\"thumbnailUrl\":\"https:\/\/images.a-qui-s.fr\/image\/upload\/v1717590478\/BLOG\/sejourlinguistique.jpg\",\"articleSection\":[\"Trucs et Astuces\"],\"inLanguage\":\"fr-FR\",\"potentialAction\":[{\"@type\":\"CommentAction\",\"name\":\"Comment\",\"target\":[\"https:\/\/www.a-qui-s.fr\/le-blog\/trucs-et-astuces\/comment-preparer-le-sejour-linguistique-de-son-enfant\/#respond\"]}]},{\"@type\":\"WebPage\",\"@id\":\"https:\/\/www.a-qui-s.fr\/le-blog\/trucs-et-astuces\/comment-preparer-le-sejour-linguistique-de-son-enfant\/\",\"url\":\"https:\/\/www.a-qui-s.fr\/le-blog\/trucs-et-astuces\/comment-preparer-le-sejour-linguistique-de-son-enfant\/\",\"name\":\"Comment pr\u00e9parer le s\u00e9jour linguistique de son enfant ? -\",\"isPartOf\":{\"@id\":\"https:\/\/www.a-qui-s.fr\/le-blog\/#website\"},\"primaryImageOfPage\":{\"@id\":\"https:\/\/www.a-qui-s.fr\/le-blog\/trucs-et-astuces\/comment-preparer-le-sejour-linguistique-de-son-enfant\/#primaryimage\"},\"image\":{\"@id\":\"https:\/\/www.a-qui-s.fr\/le-blog\/trucs-et-astuces\/comment-preparer-le-sejour-linguistique-de-son-enfant\/#primaryimage\"},\"thumbnailUrl\":\"https:\/\/images.a-qui-s.fr\/image\/upload\/v1717590478\/BLOG\/sejourlinguistique.jpg\",\"datePublished\":\"12+00:00\",\"dateModified\":\"28+00:00\",\"description\":\"Vous souhaitez pr\u00e9parer au mieux le d\u00e9part de votre enfant en s\u00e9jour linguistique ? Voici quelques conseils pour organiser un d\u00e9part serein.\",\"breadcrumb\":{\"@id\":\"https:\/\/www.a-qui-s.fr\/le-blog\/trucs-et-astuces\/comment-preparer-le-sejour-linguistique-de-son-enfant\/#breadcrumb\"},\"inLanguage\":\"fr-FR\",\"potentialAction\":[{\"@type\":\"ReadAction\",\"target\":[\"https:\/\/www.a-qui-s.fr\/le-blog\/trucs-et-astuces\/comment-preparer-le-sejour-linguistique-de-son-enfant\/\"]}]},{\"@type\":\"ImageObject\",\"inLanguage\":\"fr-FR\",\"@id\":\"https:\/\/www.a-qui-s.fr\/le-blog\/trucs-et-astuces\/comment-preparer-le-sejour-linguistique-de-son-enfant\/#primaryimage\",\"url\":\"https:\/\/images.a-qui-s.fr\/image\/upload\/v1717590478\/BLOG\/sejourlinguistique.jpg\",\"contentUrl\":\"https:\/\/images.a-qui-s.fr\/image\/upload\/v1717590478\/BLOG\/sejourlinguistique.jpg\",\"caption\":\"Comment pr\u00e9parer le s\u00e9jour linguistique de son enfant ?\"},{\"@type\":\"BreadcrumbList\",\"@id\":\"https:\/\/www.a-qui-s.fr\/le-blog\/trucs-et-astuces\/comment-preparer-le-sejour-linguistique-de-son-enfant\/#breadcrumb\",\"itemListElement\":[{\"@type\":\"ListItem\",\"position\":1,\"name\":\"Accueil\",\"item\":\"https:\/\/www.a-qui-s.fr\/le-blog\/\"},{\"@type\":\"ListItem\",\"position\":2,\"name\":\"Trucs et Astuces\",\"item\":\"https:\/\/www.a-qui-s.fr\/le-blog\/category\/trucs-et-astuces\/\"},{\"@type\":\"ListItem\",\"position\":3,\"name\":\"Comment pr\u00e9parer le s\u00e9jour linguistique de son enfant ?\"}]},{\"@type\":\"WebSite\",\"@id\":\"https:\/\/www.a-qui-s.fr\/le-blog\/#website\",\"url\":\"https:\/\/www.a-qui-s.fr\/le-blog\/\",\"name\":\"LE BLOG d&#039;A-qui-S\",\"description\":\"La communaut\u00e9 des &quot;Pas-Perdus&quot;\",\"publisher\":{\"@id\":\"https:\/\/www.a-qui-s.fr\/le-blog\/#organization\"},\"potentialAction\":[{\"@type\":\"SearchAction\",\"target\":{\"@type\":\"EntryPoint\",\"urlTemplate\":\"https:\/\/www.a-qui-s.fr\/le-blog\/?s={search_term_string}\"},\"query-input\":{\"@type\":\"PropertyValueSpecification\",\"valueRequired\":true,\"valueName\":\"search_term_string\"}}],\"inLanguage\":\"fr-FR\"},{\"@type\":\"Organization\",\"@id\":\"https:\/\/www.a-qui-s.fr\/le-blog\/#organization\",\"name\":\"Etiquettes & compagnie\",\"url\":\"https:\/\/www.a-qui-s.fr\/le-blog\/\",\"logo\":{\"@type\":\"ImageObject\",\"inLanguage\":\"fr-FR\",\"@id\":\"https:\/\/www.a-qui-s.fr\/le-blog\/#\/schema\/logo\/image\/\",\"url\":\"https:\/\/www.a-qui-s.fr\/le-blog\/wp-content\/uploads\/2015\/05\/logo_a-qui-s.png\",\"contentUrl\":\"https:\/\/www.a-qui-s.fr\/le-blog\/wp-content\/uploads\/2015\/05\/logo_a-qui-s.png\",\"width\":132,\"height\":59,\"caption\":\"Etiquettes & compagnie\"},\"image\":{\"@id\":\"https:\/\/www.a-qui-s.fr\/le-blog\/#\/schema\/logo\/image\/\"},\"sameAs\":[\"https:\/\/www.facebook.com\/AquiS\/\",\"https:\/\/x.com\/aquis_fr\"]},{\"@type\":\"Person\",\"@id\":\"https:\/\/www.a-qui-s.fr\/le-blog\/#\/schema\/person\/d98098c165f4481653780d6fa061f531\",\"name\":\"Louise de A-qui-S\",\"image\":{\"@type\":\"ImageObject\",\"inLanguage\":\"fr-FR\",\"@id\":\"https:\/\/www.a-qui-s.fr\/le-blog\/#\/schema\/person\/image\/\",\"url\":\"https:\/\/secure.gravatar.com\/avatar\/7a713547ddd2e0fc4130ec55978934dc3f12ef2095fa1cba20e2f0efcd0728c4?s=96&d=mm&r=g\",\"contentUrl\":\"https:\/\/secure.gravatar.com\/avatar\/7a713547ddd2e0fc4130ec55978934dc3f12ef2095fa1cba20e2f0efcd0728c4?s=96&d=mm&r=g\",\"caption\":\"Louise de A-qui-S\"},\"url\":\"https:\/\/www.a-qui-s.fr\/le-blog\/author\/julia\/\"}]}<\/script>\n<!-- \/ Yoast SEO plugin. -->","yoast_head_json":{"title":"Comment pr\u00e9parer le s\u00e9jour linguistique de son enfant ? -","description":"Vous souhaitez pr\u00e9parer au mieux le d\u00e9part de votre enfant en s\u00e9jour linguistique ? Voici quelques conseils pour organiser un d\u00e9part serein.","robots":{"index":"index","follow":"follow","max-snippet":"max-snippet:-1","max-image-preview":"max-image-preview:large","max-video-preview":"max-video-preview:-1"},"canonical":"https:\/\/www.a-qui-s.fr\/le-blog\/trucs-et-astuces\/comment-preparer-le-sejour-linguistique-de-son-enfant\/","og_locale":"fr_FR","og_type":"article","og_title":"Comment pr\u00e9parer le s\u00e9jour linguistique de son enfant ? -","og_description":"Vous souhaitez pr\u00e9parer au mieux le d\u00e9part de votre enfant en s\u00e9jour linguistique ? Voici quelques conseils pour organiser un d\u00e9part serein.","og_url":"https:\/\/www.a-qui-s.fr\/le-blog\/trucs-et-astuces\/comment-preparer-le-sejour-linguistique-de-son-enfant\/","og_site_name":"LE BLOG d&#039;A-qui-S","article_publisher":"https:\/\/www.facebook.com\/AquiS\/","article_published_time":"2024-06-05T12:32:12+00:00","article_modified_time":"2025-08-21T11:18:28+00:00","og_image":[{"url":"https:\/\/images.a-qui-s.fr\/image\/upload\/v1717590478\/BLOG\/sejourlinguistique.jpg","type":"","width":"","height":""}],"author":"Louise de A-qui-S","twitter_card":"summary_large_image","twitter_image":"https:\/\/images.a-qui-s.fr\/image\/upload\/v1717590478\/BLOG\/sejourlinguistique.jpg","twitter_creator":"@aquis_fr","twitter_site":"@aquis_fr","twitter_misc":{"Written by":"Louise de A-qui-S","Est. reading time":"4 minutes"},"schema":{"@context":"https:\/\/schema.org","@graph":[{"@type":"Article","@id":"https:\/\/www.a-qui-s.fr\/le-blog\/trucs-et-astuces\/comment-preparer-le-sejour-linguistique-de-son-enfant\/#article","isPartOf":{"@id":"https:\/\/www.a-qui-s.fr\/le-blog\/trucs-et-astuces\/comment-preparer-le-sejour-linguistique-de-son-enfant\/"},"author":{"name":"Louise de A-qui-S","@id":"https:\/\/www.a-qui-s.fr\/le-blog\/#\/schema\/person\/d98098c165f4481653780d6fa061f531"},"headline":"Comment pr\u00e9parer le s\u00e9jour linguistique de son enfant ?","datePublished":"12+00:00","dateModified":"28+00:00","mainEntityOfPage":{"@id":"https:\/\/www.a-qui-s.fr\/le-blog\/trucs-et-astuces\/comment-preparer-le-sejour-linguistique-de-son-enfant\/"},"wordCount":941,"commentCount":0,"publisher":{"@id":"https:\/\/www.a-qui-s.fr\/le-blog\/#organization"},"image":{"@id":"https:\/\/www.a-qui-s.fr\/le-blog\/trucs-et-astuces\/comment-preparer-le-sejour-linguistique-de-son-enfant\/#primaryimage"},"thumbnailUrl":"https:\/\/images.a-qui-s.fr\/image\/upload\/v1717590478\/BLOG\/sejourlinguistique.jpg","articleSection":["Trucs et Astuces"],"inLanguage":"fr-FR","potentialAction":[{"@type":"CommentAction","name":"Comment","target":["https:\/\/www.a-qui-s.fr\/le-blog\/trucs-et-astuces\/comment-preparer-le-sejour-linguistique-de-son-enfant\/#respond"]}]},{"@type":"WebPage","@id":"https:\/\/www.a-qui-s.fr\/le-blog\/trucs-et-astuces\/comment-preparer-le-sejour-linguistique-de-son-enfant\/","url":"https:\/\/www.a-qui-s.fr\/le-blog\/trucs-et-astuces\/comment-preparer-le-sejour-linguistique-de-son-enfant\/","name":"Comment pr\u00e9parer le s\u00e9jour linguistique de son enfant ? -","isPartOf":{"@id":"https:\/\/www.a-qui-s.fr\/le-blog\/#website"},"primaryImageOfPage":{"@id":"https:\/\/www.a-qui-s.fr\/le-blog\/trucs-et-astuces\/comment-preparer-le-sejour-linguistique-de-son-enfant\/#primaryimage"},"image":{"@id":"https:\/\/www.a-qui-s.fr\/le-blog\/trucs-et-astuces\/comment-preparer-le-sejour-linguistique-de-son-enfant\/#primaryimage"},"thumbnailUrl":"https:\/\/images.a-qui-s.fr\/image\/upload\/v1717590478\/BLOG\/sejourlinguistique.jpg","datePublished":"12+00:00","dateModified":"28+00:00","description":"Vous souhaitez pr\u00e9parer au mieux le d\u00e9part de votre enfant en s\u00e9jour linguistique ? Voici quelques conseils pour organiser un d\u00e9part serein.","breadcrumb":{"@id":"https:\/\/www.a-qui-s.fr\/le-blog\/trucs-et-astuces\/comment-preparer-le-sejour-linguistique-de-son-enfant\/#breadcrumb"},"inLanguage":"fr-FR","potentialAction":[{"@type":"ReadAction","target":["https:\/\/www.a-qui-s.fr\/le-blog\/trucs-et-astuces\/comment-preparer-le-sejour-linguistique-de-son-enfant\/"]}]},{"@type":"ImageObject","inLanguage":"fr-FR","@id":"https:\/\/www.a-qui-s.fr\/le-blog\/trucs-et-astuces\/comment-preparer-le-sejour-linguistique-de-son-enfant\/#primaryimage","url":"https:\/\/images.a-qui-s.fr\/image\/upload\/v1717590478\/BLOG\/sejourlinguistique.jpg","contentUrl":"https:\/\/images.a-qui-s.fr\/image\/upload\/v1717590478\/BLOG\/sejourlinguistique.jpg","caption":"Comment pr\u00e9parer le s\u00e9jour linguistique de son enfant ?"},{"@type":"BreadcrumbList","@id":"https:\/\/www.a-qui-s.fr\/le-blog\/trucs-et-astuces\/comment-preparer-le-sejour-linguistique-de-son-enfant\/#breadcrumb","itemListElement":[{"@type":"ListItem","position":1,"name":"Accueil","item":"https:\/\/www.a-qui-s.fr\/le-blog\/"},{"@type":"ListItem","position":2,"name":"Trucs et Astuces","item":"https:\/\/www.a-qui-s.fr\/le-blog\/category\/trucs-et-astuces\/"},{"@type":"ListItem","position":3,"name":"Comment pr\u00e9parer le s\u00e9jour linguistique de son enfant ?"}]},{"@type":"WebSite","@id":"https:\/\/www.a-qui-s.fr\/le-blog\/#website","url":"https:\/\/www.a-qui-s.fr\/le-blog\/","name":"LE BLOG d&#039;A-qui-S","description":"La communaut\u00e9 des &quot;Pas-Perdus&quot;","publisher":{"@id":"https:\/\/www.a-qui-s.fr\/le-blog\/#organization"},"potentialAction":[{"@type":"SearchAction","target":{"@type":"EntryPoint","urlTemplate":"https:\/\/www.a-qui-s.fr\/le-blog\/?s={search_term_string}"},"query-input":{"@type":"PropertyValueSpecification","valueRequired":true,"valueName":"search_term_string"}}],"inLanguage":"fr-FR"},{"@type":"Organization","@id":"https:\/\/www.a-qui-s.fr\/le-blog\/#organization","name":"Etiquettes & compagnie","url":"https:\/\/www.a-qui-s.fr\/le-blog\/","logo":{"@type":"ImageObject","inLanguage":"fr-FR","@id":"https:\/\/www.a-qui-s.fr\/le-blog\/#\/schema\/logo\/image\/","url":"https:\/\/www.a-qui-s.fr\/le-blog\/wp-content\/uploads\/2015\/05\/logo_a-qui-s.png","contentUrl":"https:\/\/www.a-qui-s.fr\/le-blog\/wp-content\/uploads\/2015\/05\/logo_a-qui-s.png","width":132,"height":59,"caption":"Etiquettes & compagnie"},"image":{"@id":"https:\/\/www.a-qui-s.fr\/le-blog\/#\/schema\/logo\/image\/"},"sameAs":["https:\/\/www.facebook.com\/AquiS\/","https:\/\/x.com\/aquis_fr"]},{"@type":"Person","@id":"https:\/\/www.a-qui-s.fr\/le-blog\/#\/schema\/person\/d98098c165f4481653780d6fa061f531","name":"Louise de A-qui-S","image":{"@type":"ImageObject","inLanguage":"fr-FR","@id":"https:\/\/www.a-qui-s.fr\/le-blog\/#\/schema\/person\/image\/","url":"https:\/\/secure.gravatar.com\/avatar\/7a713547ddd2e0fc4130ec55978934dc3f12ef2095fa1cba20e2f0efcd0728c4?s=96&d=mm&r=g","contentUrl":"https:\/\/secure.gravatar.com\/avatar\/7a713547ddd2e0fc4130ec55978934dc3f12ef2095fa1cba20e2f0efcd0728c4?s=96&d=mm&r=g","caption":"Louise de A-qui-S"},"url":"https:\/\/www.a-qui-s.fr\/le-blog\/author\/julia\/"}]}},"_links":{"self":[{"href":"https:\/\/www.a-qui-s.fr\/le-blog\/wp-json\/wp\/v2\/posts\/17831","targetHints":{"allow":["GET"]}}],"collection":[{"href":"https:\/\/www.a-qui-s.fr\/le-blog\/wp-json\/wp\/v2\/posts"}],"about":[{"href":"https:\/\/www.a-qui-s.fr\/le-blog\/wp-json\/wp\/v2\/types\/post"}],"author":[{"embeddable":true,"href":"https:\/\/www.a-qui-s.fr\/le-blog\/wp-json\/wp\/v2\/users\/2"}],"replies":[{"embeddable":true,"href":"https:\/\/www.a-qui-s.fr\/le-blog\/wp-json\/wp\/v2\/comments?post=17831"}],"version-history":[{"count":0,"href":"https:\/\/www.a-qui-s.fr\/le-blog\/wp-json\/wp\/v2\/posts\/17831\/revisions"}],"wp:featuredmedia":[{"embeddable":true,"href":"https:\/\/www.a-qui-s.fr\/le-blog\/wp-json\/wp\/v2\/media\/19627"}],"wp:attachment":[{"href":"https:\/\/www.a-qui-s.fr\/le-blog\/wp-json\/wp\/v2\/media?parent=17831"}],"wp:term":[{"taxonomy":"category","embeddable":true,"href":"https:\/\/www.a-qui-s.fr\/le-blog\/wp-json\/wp\/v2\/categories?post=17831"},{"taxonomy":"post_tag","embeddable":true,"href":"https:\/\/www.a-qui-s.fr\/le-blog\/wp-json\/wp\/v2\/tags?post=17831"}],"curies":[{"name":"wp","href":"https:\/\/api.w.org\/{rel}","templated":true}]}}