{"id":17377,"date":"2023-06-29T11:17:24","date_gmt":"2023-06-29T10:17:24","guid":{"rendered":"https:\/\/www.a-qui-s.fr\/le-blog\/?p=17377"},"modified":"2026-02-10T14:26:58","modified_gmt":"2026-02-10T13:26:58","slug":"5-idees-de-cadeaux-personnalises-pour-remercier-les-maitres","status":"publish","type":"post","link":"https:\/\/www.a-qui-s.fr\/le-blog\/trucs-et-astuces\/5-idees-de-cadeaux-personnalises-pour-remercier-les-maitres\/","title":{"rendered":"7 id\u00e9es de cadeaux personnalis\u00e9s pour remercier les ma\u00eetres"},"content":{"rendered":"\n<p>La fin de l\u2019ann\u00e9e approche et il est temps de remercier les ma\u00eetres, ma\u00eetresses, nounous, ATSEMs, AESHs, personnel de cr\u00e8che qui ont tant pris soin de nos enfants tout au long de l\u2019ann\u00e9e. S\u2019il est facile de trouver des id\u00e9es de cadeaux pour les ma\u00eetresses, la t\u00e2che se complique pour les ma\u00eetres ! Alors, pour vous aider, on vous souffle 7 belles id\u00e9es de cadeaux pour g\u00e2ter les ma\u00eetres \u00e0 la fin de l\u2019ann\u00e9e.<\/p>\n\n\n\n<h2 class=\"wp-block-heading\">La gourde isotherme personnalis\u00e9e<\/h2>\n\n\n\n<p><strong>Fabriqu\u00e9e en France<\/strong>, au pied des Pyr\u00e9n\u00e9es, la <a href=\"https:\/\/www.a-qui-s.fr\/gourde-personnalisee\"><strong>gourde en inox<\/strong><\/a> s\u2019emporte partout\u00a0! Sa qualit\u00e9 <strong>isotherme<\/strong> lui permet de maintenir les boissons au chaud pendant 12h et au froid pendant 24h. Deux contenances (<strong>350ml ou 600ml<\/strong>) et plusieurs th\u00e8mes disponibles.<br><\/p>\n\n\n\n<figure class=\"wp-block-image aligncenter size-large is-resized\"><img decoding=\"async\" src=\"https:\/\/images.a-qui-s.fr\/image\/upload\/v1622732433\/produits\/gourde\/PKGG\/1_Gourde-isotherme-personnalisee-merci-maitresse.jpg\" alt=\"\" style=\"width:312px;height:auto\"\/><\/figure>\n\n\n\n<p>Une belle alternative \u00e0 la bouteille en plastique, <strong>r\u00e9sistante<\/strong> et r\u00e9utilisable \u00e0 l\u2019infini ! Personnalis\u00e9 \u00e0 son nom, ce cadeau ne manquera pas de s\u00e9duire le ma\u00eetre de votre enfant !<span style=\"color: initial; font-family: -apple-system, BlinkMacSystemFont, 'Segoe UI', Roboto, 'Helvetica Neue', Arial, 'Noto Sans', sans-serif, 'Apple Color Emoji', 'Segoe UI Emoji', 'Segoe UI Symbol', 'Noto Color Emoji'; font-size: revert;\">Le sac tote-bag personnalis\u00e9<\/span><\/p>\n\n\n\n<p>Une id\u00e9e cadeau originale mais pratique avant tout ! Le <a href=\"https:\/\/www.a-qui-s.fr\/sac-tote-bag-cadeau\"><strong>tote-bag<\/strong><\/a> est id\u00e9al pour transporter les affaires du quotidien, les cahiers et les fournitures dont son ma\u00eetre a besoin. Plusieurs th\u00e8mes sont disponibles pour ce joli tote-bag que vous pourrez personnaliser avec le pr\u00e9nom de l\u2019enseignant et une phrase qui lui ressemble et qui lui fera plaisir.<\/p>\n\n\n\n<figure class=\"wp-block-image aligncenter is-resized\"><img decoding=\"async\" src=\"https:\/\/images.a-qui-s.fr\/image\/upload\/v1531475644\/merci-maitresse-cadeau-sac-etiquette.jpg\" alt=\"\" style=\"width:310px;height:auto\"\/><\/figure>\n\n\n\n<p><\/p>\n\n\n\n<h2 class=\"wp-block-heading\">La trousse personnalis\u00e9e<\/h2>\n\n\n\n<p>Fabriqu\u00e9e en France, la <a href=\"https:\/\/www.a-qui-s.fr\/trousse-personnalisee\"><strong>trousse<\/strong><\/a> en coton biologique est un cadeau \u00e0 la fois cool et&#8230; school ! Id\u00e9ale pour y glisser les crayons, les feutres, les stylos et toutes les fournitures dont le ma\u00eetre a besoin au quotidien !<\/p>\n\n\n\n<figure class=\"wp-block-image aligncenter is-resized\"><img decoding=\"async\" src=\"https:\/\/images.a-qui-s.fr\/image\/upload\/v1688032600\/BLOG\/trousse.jpg\" alt=\"\" style=\"width:374px;height:auto\"\/><\/figure>\n\n\n\n<p><\/p>\n\n\n\n<h2 class=\"wp-block-heading\">La pochette personnalis\u00e9e<\/h2>\n\n\n\n<p>&nbsp;Zipp\u00e9e et en coton biologique, la <a href=\"https:\/\/www.a-qui-s.fr\/pochette-personnalisee\"><strong>pochette<\/strong><\/a> a la m\u00eame utilit\u00e9 que la trousse mais son format est un peu plus grand ! Elle est un cadeau original, utile et pratique. A personnaliser avec son pr\u00e9nom et un petit message qui lui ressemble, ou qui vous ressemble, ce cadeau fera \u00e0 coup s\u00fbr plaisir \u00e0 l&rsquo;enseignant !<\/p>\n\n\n\n<figure class=\"wp-block-image aligncenter is-resized\"><img decoding=\"async\" src=\"https:\/\/images.a-qui-s.fr\/image\/upload\/v1688032807\/BLOG\/pochette_mai%CC%82tre.jpg\" alt=\"\" style=\"width:338px;height:auto\"\/><\/figure>\n\n\n\n<p><\/p>\n\n\n\n<h2 class=\"wp-block-heading\">Le pack d\u2019\u00e9tiquettes merci ma\u00eetre\u2026sse<\/h2>\n\n\n\n<p>Le <strong><a href=\"https:\/\/www.a-qui-s.fr\/pack-etiquettes-cadeau-maitresse\">pack d\u2019\u00e9tiquettes merci ma\u00eetre\u2026sse<\/a><\/strong> : un cadeau utile et pas cher ! Parfait pour marquer \u00e0 son nom toutes ses affaires de classe et fournitures scolaires.<\/p>\n\n\n\n<p>Le pack se compose de&nbsp;:<\/p>\n\n\n\n<ul class=\"wp-block-list\">\n<li>6 autocollants ronds personnalis\u00e9s<\/li>\n\n\n\n<li>4 autocollants rectangulaires<\/li>\n\n\n\n<li>12 petits autocollants<\/li>\n\n\n\n<li>8 mini autocollants<\/li>\n\n\n\n<li>2 autocollants carr\u00e9s sur lesquels vous pouvez inscrire un petit message de remerciement (ex\u00a0: \u00ab\u00a0Pour mon ma\u00eetre qui m\u2019a aid\u00e9 \u00e0 grandir\u00a0\u00bb ou encore \u00ab\u00a0Les vrais h\u00e9ros ne portent pas de cape. Ils enseignent\u00a0\u00bb). Ces autocollants pourront \u00eatre coll\u00e9s sur des petits cadeaux annexes, comme une bougie parfum\u00e9e ou un pot de confiture par exemple.<\/li>\n<\/ul>\n\n\n\n<figure class=\"wp-block-image aligncenter is-resized\"><img decoding=\"async\" src=\"https:\/\/images.a-qui-s.fr\/image\/upload\/v1687350504\/BLOG\/merci_mai%CC%82tresse.png\" alt=\"\" style=\"aspect-ratio:1.00164744645799;width:307px;height:auto\"\/><\/figure>\n\n\n\n<h2 class=\"wp-block-heading\">De la confiture<\/h2>\n\n\n\n<p>Un cadeau gourmand pour remercier l&rsquo;enseignant pour l\u2019ann\u00e9e \u00e9coul\u00e9e. Le pot de confiture, c\u2019est la petite attention qui ravira tous les ma\u00eetres sans exception ! Que vous optiez pour une <a href=\"https:\/\/www.a-qui-s.fr\/le-blog\/recettes\/confiture-de-fraise-des-idees-pour-la-rendre-originale\/\"><strong>confiture faite maison<\/strong><\/a> ou non, vous pourrez personnaliser le pot avec un petit autocollant et un message qui le touchera.<\/p>\n\n\n\n<figure class=\"wp-block-image aligncenter is-resized\"><img decoding=\"async\" src=\"https:\/\/images.a-qui-s.fr\/image\/upload\/v1617094363\/BLOG\/etiquette-confiture-fraise.jpg\" alt=\"\" style=\"width:328px;height:auto\"\/><\/figure>\n\n\n\n<h2 class=\"wp-block-heading\">La fiche d&rsquo;\u00e9valuation \u00e0 imprimer et \u00e0 compl\u00e9ter<\/h2>\n\n\n\n<p>Une attention pleine d\u2019humour que vos enfants se feront un plaisir de remplir et d\u2019offrir \u00e0 leur ma\u00eetre bien-aim\u00e9 ! La <strong>fiche d&rsquo;\u00e9valuation<\/strong> est \u00e0 <a href=\"https:\/\/www.a-qui-s.fr\/le-blog\/diy-bricolage-enfant\/diy-merci-maitresse-maitre\/\"><strong>t\u00e9l\u00e9charger<\/strong><\/a> gratuitement, \u00e0 imprimer et \u00e0 compl\u00e9ter.<\/p>\n\n\n\n<p>Aussi, vous pouvez retrouver notre <a href=\"https:\/\/www.a-qui-s.fr\/le-blog\/diy-bricolage-enfant\/diy-carte-a-gratter-merci-maitresse\/\"><strong>jolie carte \u00e0 gratter<\/strong><\/a> !<\/p>\n\n\n\n<p>&nbsp;<\/p>\n\n\n\n<p>&nbsp;<\/p>\n\n\n\n<p>&nbsp;<\/p>\n","protected":false},"excerpt":{"rendered":"<p>La fin de l\u2019ann\u00e9e approche et il est temps de remercier les ma\u00eetres, ma\u00eetresses, nounous, ATSEMs, AESHs, personnel de cr\u00e8che qui ont tant pris soin de nos enfants tout au long de l\u2019ann\u00e9e. S\u2019il est facile de trouver des id\u00e9es de cadeaux pour les ma\u00eetresses, la t\u00e2che se complique pour les ma\u00eetres ! Alors, pour [&hellip;]<\/p>\n","protected":false},"author":2,"featured_media":19688,"comment_status":"open","ping_status":"open","sticky":false,"template":"","format":"standard","meta":{"_acf_changed":false,"fifu_image_url":"https:\/\/images.a-qui-s.fr\/image\/upload\/v1622732433\/produits\/gourde\/PKGG\/1_Gourde-isotherme-personnalisee-merci-maitresse.jpg","fifu_image_alt":"5 id\u00e9es de cadeaux personnalis\u00e9s pour remercier les ma\u00eetres","footnotes":""},"categories":[55],"tags":[],"class_list":["post-17377","post","type-post","status-publish","format-standard","has-post-thumbnail","hentry","category-trucs-et-astuces"],"acf":[],"yoast_head":"<!-- This site is optimized with the Yoast SEO plugin v27.0 - https:\/\/yoast.com\/product\/yoast-seo-wordpress\/ -->\n<title>7 id\u00e9es de cadeaux personnalis\u00e9s pour remercier les ma\u00eetres<\/title>\n<meta name=\"description\" content=\"Voici quelques id\u00e9es de cadeaux utiles, pratiques et 100% personnalisables pour remercier les ma\u00eetres \u00e0 la fin de l&#039;ann\u00e9e scolaire !\" \/>\n<meta name=\"robots\" content=\"index, follow, max-snippet:-1, max-image-preview:large, max-video-preview:-1\" \/>\n<link rel=\"canonical\" href=\"https:\/\/www.a-qui-s.fr\/le-blog\/trucs-et-astuces\/5-idees-de-cadeaux-personnalises-pour-remercier-les-maitres\/\" \/>\n<meta property=\"og:locale\" content=\"fr_FR\" \/>\n<meta property=\"og:type\" content=\"article\" \/>\n<meta property=\"og:title\" content=\"7 id\u00e9es de cadeaux personnalis\u00e9s pour remercier les ma\u00eetres\" \/>\n<meta property=\"og:description\" content=\"Voici quelques id\u00e9es de cadeaux utiles, pratiques et 100% personnalisables pour remercier les ma\u00eetres \u00e0 la fin de l&#039;ann\u00e9e scolaire !\" \/>\n<meta property=\"og:url\" content=\"https:\/\/www.a-qui-s.fr\/le-blog\/trucs-et-astuces\/5-idees-de-cadeaux-personnalises-pour-remercier-les-maitres\/\" \/>\n<meta property=\"og:site_name\" content=\"LE BLOG d&#039;A-qui-S\" \/>\n<meta property=\"article:publisher\" content=\"https:\/\/www.facebook.com\/AquiS\/\" \/>\n<meta property=\"article:published_time\" content=\"2023-06-29T10:17:24+00:00\" \/>\n<meta property=\"article:modified_time\" content=\"2026-02-10T13:26:58+00:00\" \/>\n<meta property=\"og:image\" content=\"https:\/\/images.a-qui-s.fr\/image\/upload\/v1622732433\/produits\/gourde\/PKGG\/1_Gourde-isotherme-personnalisee-merci-maitresse.jpg\" \/>\n<meta name=\"author\" content=\"Louise de A-qui-S\" \/>\n<meta name=\"twitter:card\" content=\"summary_large_image\" \/>\n<meta name=\"twitter:image\" content=\"https:\/\/images.a-qui-s.fr\/image\/upload\/v1622732433\/produits\/gourde\/PKGG\/1_Gourde-isotherme-personnalisee-merci-maitresse.jpg\" \/>\n<meta name=\"twitter:creator\" content=\"@aquis_fr\" \/>\n<meta name=\"twitter:site\" content=\"@aquis_fr\" \/>\n<meta name=\"twitter:label1\" content=\"Written by\" \/>\n\t<meta name=\"twitter:data1\" content=\"Louise de A-qui-S\" \/>\n\t<meta name=\"twitter:label2\" content=\"Est. reading time\" \/>\n\t<meta name=\"twitter:data2\" content=\"5 minutes\" \/>\n<script type=\"application\/ld+json\" class=\"yoast-schema-graph\">{\"@context\":\"https:\/\/schema.org\",\"@graph\":[{\"@type\":\"Article\",\"@id\":\"https:\/\/www.a-qui-s.fr\/le-blog\/trucs-et-astuces\/5-idees-de-cadeaux-personnalises-pour-remercier-les-maitres\/#article\",\"isPartOf\":{\"@id\":\"https:\/\/www.a-qui-s.fr\/le-blog\/trucs-et-astuces\/5-idees-de-cadeaux-personnalises-pour-remercier-les-maitres\/\"},\"author\":{\"name\":\"Louise de A-qui-S\",\"@id\":\"https:\/\/www.a-qui-s.fr\/le-blog\/#\/schema\/person\/d98098c165f4481653780d6fa061f531\"},\"headline\":\"7 id\u00e9es de cadeaux personnalis\u00e9s pour remercier les ma\u00eetres\",\"datePublished\":\"24+00:00\",\"dateModified\":\"58+00:00\",\"mainEntityOfPage\":{\"@id\":\"https:\/\/www.a-qui-s.fr\/le-blog\/trucs-et-astuces\/5-idees-de-cadeaux-personnalises-pour-remercier-les-maitres\/\"},\"wordCount\":574,\"commentCount\":0,\"publisher\":{\"@id\":\"https:\/\/www.a-qui-s.fr\/le-blog\/#organization\"},\"image\":{\"@id\":\"https:\/\/www.a-qui-s.fr\/le-blog\/trucs-et-astuces\/5-idees-de-cadeaux-personnalises-pour-remercier-les-maitres\/#primaryimage\"},\"thumbnailUrl\":\"https:\/\/images.a-qui-s.fr\/image\/upload\/v1622732433\/produits\/gourde\/PKGG\/1_Gourde-isotherme-personnalisee-merci-maitresse.jpg\",\"articleSection\":[\"Trucs et Astuces\"],\"inLanguage\":\"fr-FR\",\"potentialAction\":[{\"@type\":\"CommentAction\",\"name\":\"Comment\",\"target\":[\"https:\/\/www.a-qui-s.fr\/le-blog\/trucs-et-astuces\/5-idees-de-cadeaux-personnalises-pour-remercier-les-maitres\/#respond\"]}]},{\"@type\":\"WebPage\",\"@id\":\"https:\/\/www.a-qui-s.fr\/le-blog\/trucs-et-astuces\/5-idees-de-cadeaux-personnalises-pour-remercier-les-maitres\/\",\"url\":\"https:\/\/www.a-qui-s.fr\/le-blog\/trucs-et-astuces\/5-idees-de-cadeaux-personnalises-pour-remercier-les-maitres\/\",\"name\":\"7 id\u00e9es de cadeaux personnalis\u00e9s pour remercier les ma\u00eetres\",\"isPartOf\":{\"@id\":\"https:\/\/www.a-qui-s.fr\/le-blog\/#website\"},\"primaryImageOfPage\":{\"@id\":\"https:\/\/www.a-qui-s.fr\/le-blog\/trucs-et-astuces\/5-idees-de-cadeaux-personnalises-pour-remercier-les-maitres\/#primaryimage\"},\"image\":{\"@id\":\"https:\/\/www.a-qui-s.fr\/le-blog\/trucs-et-astuces\/5-idees-de-cadeaux-personnalises-pour-remercier-les-maitres\/#primaryimage\"},\"thumbnailUrl\":\"https:\/\/images.a-qui-s.fr\/image\/upload\/v1622732433\/produits\/gourde\/PKGG\/1_Gourde-isotherme-personnalisee-merci-maitresse.jpg\",\"datePublished\":\"24+00:00\",\"dateModified\":\"58+00:00\",\"description\":\"Voici quelques id\u00e9es de cadeaux utiles, pratiques et 100% personnalisables pour remercier les ma\u00eetres \u00e0 la fin de l'ann\u00e9e scolaire !\",\"breadcrumb\":{\"@id\":\"https:\/\/www.a-qui-s.fr\/le-blog\/trucs-et-astuces\/5-idees-de-cadeaux-personnalises-pour-remercier-les-maitres\/#breadcrumb\"},\"inLanguage\":\"fr-FR\",\"potentialAction\":[{\"@type\":\"ReadAction\",\"target\":[\"https:\/\/www.a-qui-s.fr\/le-blog\/trucs-et-astuces\/5-idees-de-cadeaux-personnalises-pour-remercier-les-maitres\/\"]}]},{\"@type\":\"ImageObject\",\"inLanguage\":\"fr-FR\",\"@id\":\"https:\/\/www.a-qui-s.fr\/le-blog\/trucs-et-astuces\/5-idees-de-cadeaux-personnalises-pour-remercier-les-maitres\/#primaryimage\",\"url\":\"https:\/\/images.a-qui-s.fr\/image\/upload\/v1622732433\/produits\/gourde\/PKGG\/1_Gourde-isotherme-personnalisee-merci-maitresse.jpg\",\"contentUrl\":\"https:\/\/images.a-qui-s.fr\/image\/upload\/v1622732433\/produits\/gourde\/PKGG\/1_Gourde-isotherme-personnalisee-merci-maitresse.jpg\",\"width\":\"2000\",\"height\":\"2000\",\"caption\":\"5 id\u00e9es de cadeaux personnalis\u00e9s pour remercier les ma\u00eetres\"},{\"@type\":\"BreadcrumbList\",\"@id\":\"https:\/\/www.a-qui-s.fr\/le-blog\/trucs-et-astuces\/5-idees-de-cadeaux-personnalises-pour-remercier-les-maitres\/#breadcrumb\",\"itemListElement\":[{\"@type\":\"ListItem\",\"position\":1,\"name\":\"Accueil\",\"item\":\"https:\/\/www.a-qui-s.fr\/le-blog\/\"},{\"@type\":\"ListItem\",\"position\":2,\"name\":\"Trucs et Astuces\",\"item\":\"https:\/\/www.a-qui-s.fr\/le-blog\/category\/trucs-et-astuces\/\"},{\"@type\":\"ListItem\",\"position\":3,\"name\":\"7 id\u00e9es de cadeaux personnalis\u00e9s pour remercier les ma\u00eetres\"}]},{\"@type\":\"WebSite\",\"@id\":\"https:\/\/www.a-qui-s.fr\/le-blog\/#website\",\"url\":\"https:\/\/www.a-qui-s.fr\/le-blog\/\",\"name\":\"LE BLOG d&#039;A-qui-S\",\"description\":\"La communaut\u00e9 des &quot;Pas-Perdus&quot;\",\"publisher\":{\"@id\":\"https:\/\/www.a-qui-s.fr\/le-blog\/#organization\"},\"potentialAction\":[{\"@type\":\"SearchAction\",\"target\":{\"@type\":\"EntryPoint\",\"urlTemplate\":\"https:\/\/www.a-qui-s.fr\/le-blog\/?s={search_term_string}\"},\"query-input\":{\"@type\":\"PropertyValueSpecification\",\"valueRequired\":true,\"valueName\":\"search_term_string\"}}],\"inLanguage\":\"fr-FR\"},{\"@type\":\"Organization\",\"@id\":\"https:\/\/www.a-qui-s.fr\/le-blog\/#organization\",\"name\":\"Etiquettes & compagnie\",\"url\":\"https:\/\/www.a-qui-s.fr\/le-blog\/\",\"logo\":{\"@type\":\"ImageObject\",\"inLanguage\":\"fr-FR\",\"@id\":\"https:\/\/www.a-qui-s.fr\/le-blog\/#\/schema\/logo\/image\/\",\"url\":\"https:\/\/www.a-qui-s.fr\/le-blog\/wp-content\/uploads\/2015\/05\/logo_a-qui-s.png\",\"contentUrl\":\"https:\/\/www.a-qui-s.fr\/le-blog\/wp-content\/uploads\/2015\/05\/logo_a-qui-s.png\",\"width\":132,\"height\":59,\"caption\":\"Etiquettes & compagnie\"},\"image\":{\"@id\":\"https:\/\/www.a-qui-s.fr\/le-blog\/#\/schema\/logo\/image\/\"},\"sameAs\":[\"https:\/\/www.facebook.com\/AquiS\/\",\"https:\/\/x.com\/aquis_fr\"]},{\"@type\":\"Person\",\"@id\":\"https:\/\/www.a-qui-s.fr\/le-blog\/#\/schema\/person\/d98098c165f4481653780d6fa061f531\",\"name\":\"Louise de A-qui-S\",\"image\":{\"@type\":\"ImageObject\",\"inLanguage\":\"fr-FR\",\"@id\":\"https:\/\/www.a-qui-s.fr\/le-blog\/#\/schema\/person\/image\/\",\"url\":\"https:\/\/secure.gravatar.com\/avatar\/7a713547ddd2e0fc4130ec55978934dc3f12ef2095fa1cba20e2f0efcd0728c4?s=96&d=mm&r=g\",\"contentUrl\":\"https:\/\/secure.gravatar.com\/avatar\/7a713547ddd2e0fc4130ec55978934dc3f12ef2095fa1cba20e2f0efcd0728c4?s=96&d=mm&r=g\",\"caption\":\"Louise de A-qui-S\"},\"url\":\"https:\/\/www.a-qui-s.fr\/le-blog\/author\/julia\/\"}]}<\/script>\n<!-- \/ Yoast SEO plugin. -->","yoast_head_json":{"title":"7 id\u00e9es de cadeaux personnalis\u00e9s pour remercier les ma\u00eetres","description":"Voici quelques id\u00e9es de cadeaux utiles, pratiques et 100% personnalisables pour remercier les ma\u00eetres \u00e0 la fin de l'ann\u00e9e scolaire !","robots":{"index":"index","follow":"follow","max-snippet":"max-snippet:-1","max-image-preview":"max-image-preview:large","max-video-preview":"max-video-preview:-1"},"canonical":"https:\/\/www.a-qui-s.fr\/le-blog\/trucs-et-astuces\/5-idees-de-cadeaux-personnalises-pour-remercier-les-maitres\/","og_locale":"fr_FR","og_type":"article","og_title":"7 id\u00e9es de cadeaux personnalis\u00e9s pour remercier les ma\u00eetres","og_description":"Voici quelques id\u00e9es de cadeaux utiles, pratiques et 100% personnalisables pour remercier les ma\u00eetres \u00e0 la fin de l'ann\u00e9e scolaire !","og_url":"https:\/\/www.a-qui-s.fr\/le-blog\/trucs-et-astuces\/5-idees-de-cadeaux-personnalises-pour-remercier-les-maitres\/","og_site_name":"LE BLOG d&#039;A-qui-S","article_publisher":"https:\/\/www.facebook.com\/AquiS\/","article_published_time":"2023-06-29T10:17:24+00:00","article_modified_time":"2026-02-10T13:26:58+00:00","og_image":[{"url":"https:\/\/images.a-qui-s.fr\/image\/upload\/v1622732433\/produits\/gourde\/PKGG\/1_Gourde-isotherme-personnalisee-merci-maitresse.jpg","type":"","width":"","height":""}],"author":"Louise de A-qui-S","twitter_card":"summary_large_image","twitter_image":"https:\/\/images.a-qui-s.fr\/image\/upload\/v1622732433\/produits\/gourde\/PKGG\/1_Gourde-isotherme-personnalisee-merci-maitresse.jpg","twitter_creator":"@aquis_fr","twitter_site":"@aquis_fr","twitter_misc":{"Written by":"Louise de A-qui-S","Est. reading time":"5 minutes"},"schema":{"@context":"https:\/\/schema.org","@graph":[{"@type":"Article","@id":"https:\/\/www.a-qui-s.fr\/le-blog\/trucs-et-astuces\/5-idees-de-cadeaux-personnalises-pour-remercier-les-maitres\/#article","isPartOf":{"@id":"https:\/\/www.a-qui-s.fr\/le-blog\/trucs-et-astuces\/5-idees-de-cadeaux-personnalises-pour-remercier-les-maitres\/"},"author":{"name":"Louise de A-qui-S","@id":"https:\/\/www.a-qui-s.fr\/le-blog\/#\/schema\/person\/d98098c165f4481653780d6fa061f531"},"headline":"7 id\u00e9es de cadeaux personnalis\u00e9s pour remercier les ma\u00eetres","datePublished":"24+00:00","dateModified":"58+00:00","mainEntityOfPage":{"@id":"https:\/\/www.a-qui-s.fr\/le-blog\/trucs-et-astuces\/5-idees-de-cadeaux-personnalises-pour-remercier-les-maitres\/"},"wordCount":574,"commentCount":0,"publisher":{"@id":"https:\/\/www.a-qui-s.fr\/le-blog\/#organization"},"image":{"@id":"https:\/\/www.a-qui-s.fr\/le-blog\/trucs-et-astuces\/5-idees-de-cadeaux-personnalises-pour-remercier-les-maitres\/#primaryimage"},"thumbnailUrl":"https:\/\/images.a-qui-s.fr\/image\/upload\/v1622732433\/produits\/gourde\/PKGG\/1_Gourde-isotherme-personnalisee-merci-maitresse.jpg","articleSection":["Trucs et Astuces"],"inLanguage":"fr-FR","potentialAction":[{"@type":"CommentAction","name":"Comment","target":["https:\/\/www.a-qui-s.fr\/le-blog\/trucs-et-astuces\/5-idees-de-cadeaux-personnalises-pour-remercier-les-maitres\/#respond"]}]},{"@type":"WebPage","@id":"https:\/\/www.a-qui-s.fr\/le-blog\/trucs-et-astuces\/5-idees-de-cadeaux-personnalises-pour-remercier-les-maitres\/","url":"https:\/\/www.a-qui-s.fr\/le-blog\/trucs-et-astuces\/5-idees-de-cadeaux-personnalises-pour-remercier-les-maitres\/","name":"7 id\u00e9es de cadeaux personnalis\u00e9s pour remercier les ma\u00eetres","isPartOf":{"@id":"https:\/\/www.a-qui-s.fr\/le-blog\/#website"},"primaryImageOfPage":{"@id":"https:\/\/www.a-qui-s.fr\/le-blog\/trucs-et-astuces\/5-idees-de-cadeaux-personnalises-pour-remercier-les-maitres\/#primaryimage"},"image":{"@id":"https:\/\/www.a-qui-s.fr\/le-blog\/trucs-et-astuces\/5-idees-de-cadeaux-personnalises-pour-remercier-les-maitres\/#primaryimage"},"thumbnailUrl":"https:\/\/images.a-qui-s.fr\/image\/upload\/v1622732433\/produits\/gourde\/PKGG\/1_Gourde-isotherme-personnalisee-merci-maitresse.jpg","datePublished":"24+00:00","dateModified":"58+00:00","description":"Voici quelques id\u00e9es de cadeaux utiles, pratiques et 100% personnalisables pour remercier les ma\u00eetres \u00e0 la fin de l'ann\u00e9e scolaire !","breadcrumb":{"@id":"https:\/\/www.a-qui-s.fr\/le-blog\/trucs-et-astuces\/5-idees-de-cadeaux-personnalises-pour-remercier-les-maitres\/#breadcrumb"},"inLanguage":"fr-FR","potentialAction":[{"@type":"ReadAction","target":["https:\/\/www.a-qui-s.fr\/le-blog\/trucs-et-astuces\/5-idees-de-cadeaux-personnalises-pour-remercier-les-maitres\/"]}]},{"@type":"ImageObject","inLanguage":"fr-FR","@id":"https:\/\/www.a-qui-s.fr\/le-blog\/trucs-et-astuces\/5-idees-de-cadeaux-personnalises-pour-remercier-les-maitres\/#primaryimage","url":"https:\/\/images.a-qui-s.fr\/image\/upload\/v1622732433\/produits\/gourde\/PKGG\/1_Gourde-isotherme-personnalisee-merci-maitresse.jpg","contentUrl":"https:\/\/images.a-qui-s.fr\/image\/upload\/v1622732433\/produits\/gourde\/PKGG\/1_Gourde-isotherme-personnalisee-merci-maitresse.jpg","width":"2000","height":"2000","caption":"5 id\u00e9es de cadeaux personnalis\u00e9s pour remercier les ma\u00eetres"},{"@type":"BreadcrumbList","@id":"https:\/\/www.a-qui-s.fr\/le-blog\/trucs-et-astuces\/5-idees-de-cadeaux-personnalises-pour-remercier-les-maitres\/#breadcrumb","itemListElement":[{"@type":"ListItem","position":1,"name":"Accueil","item":"https:\/\/www.a-qui-s.fr\/le-blog\/"},{"@type":"ListItem","position":2,"name":"Trucs et Astuces","item":"https:\/\/www.a-qui-s.fr\/le-blog\/category\/trucs-et-astuces\/"},{"@type":"ListItem","position":3,"name":"7 id\u00e9es de cadeaux personnalis\u00e9s pour remercier les ma\u00eetres"}]},{"@type":"WebSite","@id":"https:\/\/www.a-qui-s.fr\/le-blog\/#website","url":"https:\/\/www.a-qui-s.fr\/le-blog\/","name":"LE BLOG d&#039;A-qui-S","description":"La communaut\u00e9 des &quot;Pas-Perdus&quot;","publisher":{"@id":"https:\/\/www.a-qui-s.fr\/le-blog\/#organization"},"potentialAction":[{"@type":"SearchAction","target":{"@type":"EntryPoint","urlTemplate":"https:\/\/www.a-qui-s.fr\/le-blog\/?s={search_term_string}"},"query-input":{"@type":"PropertyValueSpecification","valueRequired":true,"valueName":"search_term_string"}}],"inLanguage":"fr-FR"},{"@type":"Organization","@id":"https:\/\/www.a-qui-s.fr\/le-blog\/#organization","name":"Etiquettes & compagnie","url":"https:\/\/www.a-qui-s.fr\/le-blog\/","logo":{"@type":"ImageObject","inLanguage":"fr-FR","@id":"https:\/\/www.a-qui-s.fr\/le-blog\/#\/schema\/logo\/image\/","url":"https:\/\/www.a-qui-s.fr\/le-blog\/wp-content\/uploads\/2015\/05\/logo_a-qui-s.png","contentUrl":"https:\/\/www.a-qui-s.fr\/le-blog\/wp-content\/uploads\/2015\/05\/logo_a-qui-s.png","width":132,"height":59,"caption":"Etiquettes & compagnie"},"image":{"@id":"https:\/\/www.a-qui-s.fr\/le-blog\/#\/schema\/logo\/image\/"},"sameAs":["https:\/\/www.facebook.com\/AquiS\/","https:\/\/x.com\/aquis_fr"]},{"@type":"Person","@id":"https:\/\/www.a-qui-s.fr\/le-blog\/#\/schema\/person\/d98098c165f4481653780d6fa061f531","name":"Louise de A-qui-S","image":{"@type":"ImageObject","inLanguage":"fr-FR","@id":"https:\/\/www.a-qui-s.fr\/le-blog\/#\/schema\/person\/image\/","url":"https:\/\/secure.gravatar.com\/avatar\/7a713547ddd2e0fc4130ec55978934dc3f12ef2095fa1cba20e2f0efcd0728c4?s=96&d=mm&r=g","contentUrl":"https:\/\/secure.gravatar.com\/avatar\/7a713547ddd2e0fc4130ec55978934dc3f12ef2095fa1cba20e2f0efcd0728c4?s=96&d=mm&r=g","caption":"Louise de A-qui-S"},"url":"https:\/\/www.a-qui-s.fr\/le-blog\/author\/julia\/"}]}},"_links":{"self":[{"href":"https:\/\/www.a-qui-s.fr\/le-blog\/wp-json\/wp\/v2\/posts\/17377","targetHints":{"allow":["GET"]}}],"collection":[{"href":"https:\/\/www.a-qui-s.fr\/le-blog\/wp-json\/wp\/v2\/posts"}],"about":[{"href":"https:\/\/www.a-qui-s.fr\/le-blog\/wp-json\/wp\/v2\/types\/post"}],"author":[{"embeddable":true,"href":"https:\/\/www.a-qui-s.fr\/le-blog\/wp-json\/wp\/v2\/users\/2"}],"replies":[{"embeddable":true,"href":"https:\/\/www.a-qui-s.fr\/le-blog\/wp-json\/wp\/v2\/comments?post=17377"}],"version-history":[{"count":2,"href":"https:\/\/www.a-qui-s.fr\/le-blog\/wp-json\/wp\/v2\/posts\/17377\/revisions"}],"predecessor-version":[{"id":20598,"href":"https:\/\/www.a-qui-s.fr\/le-blog\/wp-json\/wp\/v2\/posts\/17377\/revisions\/20598"}],"wp:featuredmedia":[{"embeddable":true,"href":"https:\/\/www.a-qui-s.fr\/le-blog\/wp-json\/wp\/v2\/media\/19688"}],"wp:attachment":[{"href":"https:\/\/www.a-qui-s.fr\/le-blog\/wp-json\/wp\/v2\/media?parent=17377"}],"wp:term":[{"taxonomy":"category","embeddable":true,"href":"https:\/\/www.a-qui-s.fr\/le-blog\/wp-json\/wp\/v2\/categories?post=17377"},{"taxonomy":"post_tag","embeddable":true,"href":"https:\/\/www.a-qui-s.fr\/le-blog\/wp-json\/wp\/v2\/tags?post=17377"}],"curies":[{"name":"wp","href":"https:\/\/api.w.org\/{rel}","templated":true}]}}