{"id":17293,"date":"2023-04-25T12:19:48","date_gmt":"2023-04-25T11:19:48","guid":{"rendered":"https:\/\/www.a-qui-s.fr\/le-blog\/?p=17293"},"modified":"2025-08-21T12:20:18","modified_gmt":"2025-08-21T11:20:18","slug":"bracelet-personnalise","status":"publish","type":"post","link":"https:\/\/www.a-qui-s.fr\/le-blog\/a-qui-s-et-vous\/bracelet-personnalise\/","title":{"rendered":"Le bracelet personnalis\u00e9 A-qui-Lie"},"content":{"rendered":"<p>Il fait la une en ce moment chez A-qui-S ! Eh oui, nous sommes tr\u00e8s heureux de vous pr\u00e9senter notre tout nouveau <strong>bracelet personnalis\u00e9<\/strong> ! Un bracelet tout mignon \u00e0 porter pour de multiples occasions ! Dans cet article, on vous en dit un peu plus \u00e0 son sujet, et on en profite pour vous souffler quelques (bonnes) id\u00e9es d&rsquo;utilisations !<\/p>\n<p><img fetchpriority=\"high\" decoding=\"async\" class=\"aligncenter\" src=\"https:\/\/images.a-qui-s.fr\/image\/upload\/v1685609719\/produits\/BP\/2-Bracelet-personnalise-ecole.jpg\" width=\"362\" height=\"362\"><\/p>\n<h2>L&rsquo;origine du bracelet personnalis\u00e9 d&rsquo;A-qui-S<\/h2>\n<p>Certains d&rsquo;entres vous ont certainement connu notre tout premier <strong>bracelet&nbsp; \u00ab\u00a0Si je me perds\u00a0\u00bb<\/strong> ? Ce bracelet en tissu personnalisable <strong>\u00e0 nouer autour du poignet<\/strong> des petits (et des grands bien s\u00fbr) et qui a rencontr\u00e9 un fort succ\u00e8s ces derni\u00e8res ann\u00e9es ! Et pour cause ! On pouvait y inscrire un <strong>nom<\/strong>, un <strong>pr\u00e9nom<\/strong> et un <strong>num\u00e9ro de t\u00e9l\u00e9phone<\/strong>, une s\u00e9curit\u00e9 pour les parents qui partent en vadrouille avec les enfants ! Oui, parce qu&rsquo;on ne sait jamais ce qu&rsquo;il peut se passer avec nos petits bouts&#8230;<\/p>\n<p>Plus r\u00e9cemment, nous avons d\u00e9velopp\u00e9 les <a href=\"https:\/\/www.a-qui-s.fr\/bracelets-duo\"><strong>bracelets duo<\/strong><\/a>, ces deux bracelets en satin qui rassurent votre enfant lors d&rsquo;une rentr\u00e9e \u00e0 la cr\u00e8che, lors d&rsquo;un 1er jour d\u2019\u00e9cole ou pour supporter plus facilement tout autre s\u00e9paration avec papa et maman.<\/p>\n<p>Chez A-qui-S, nous avons \u00e0 coeur d&rsquo;innover pour continuer de vous satisfaire en vous proposant des produits toujours plus jolis mais toujours aussi utiles ! C&rsquo;est pour cela que derni\u00e8rement, nous avons d\u00e9cid\u00e9 de r\u00e9inventer notre <strong>bracelet personnalis\u00e9<\/strong> ! En \u00e9largissant les possibilit\u00e9s de personnalisations, nous avons ainsi \u00e9tendu son champs d&rsquo;utilisation ! Aujourd&rsquo;hui, nous sommes extr\u00eamement fiers de vous pr\u00e9senter le tout nouveau <a href=\"https:\/\/www.a-qui-s.fr\/bracelet-personnalise\"><strong>bracelet personnalis\u00e9 A-qui-Lie<\/strong><\/a> !<\/p>\n<h2>Le bracelet personnalis\u00e9 A-qui-Lie<\/h2>\n<p>Vous l&rsquo;avez compris, le <strong>bracelet A-qui-Lie<\/strong>, c&rsquo;est LE bracelet qui fait le lien ! Un <strong>bracelet en satin<\/strong>, 100% made in France, et \u00e0 personnaliser \u00e0 votre guise ! Oui oui, un tr\u00e8s large choix s&rsquo;offre \u00e0 vous en terme de personnalisations !<\/p>\n<p>Premi\u00e8rement, vous pouvez opter soit pour un <strong>bracelet \u00e0 motif<\/strong> (5 motifs au choix), soit pour un <strong>bracelet uni<\/strong> (vous pouvez choisir parmi les 10 coloris, les 6 \u00e9critures et les 172 logos propos\u00e9s).<\/p>\n<p>Aussi, vous pouvez y inscrire le <strong>message<\/strong> de votre choix ! D&rsquo;ailleurs, on vous propose de nombreuses <strong>id\u00e9es de personnalisation<\/strong>, des messages adapt\u00e9s pour de multiples occasions.<\/p>\n<p>Le bracelet A-qui-Lie, c&rsquo;est un bracelet tout <strong>doux <\/strong>et imprim\u00e9 avec des <strong>encres sans solvant <\/strong>(toujours bien s\u00fbr !).&nbsp;En plus, il est <strong>r\u00e9sistant \u00e0 l&rsquo;eau<\/strong> ! Petit d\u00e9tail non n\u00e9gligeable car cela vous permettra de le garder longtemps !<\/p>\n<h2>Le bracelet personnalis\u00e9, pour quelles occasions ?<\/h2>\n<p>Pour <strong>toutes<\/strong> les occasions ! Pour les mariages, les bapt\u00eames, les communions, la f\u00eate des m\u00e8res, des grands-m\u00e8res&#8230; Le bracelet tissu personnalis\u00e9, c&rsquo;est le&nbsp;<strong>cadeau personnalis\u00e9<\/strong> id\u00e9al \u00e0 offrir ou \u00e0 s&rsquo;offrir ! Une petite attention personnalis\u00e9e qui pourra \u00eatre port\u00e9e puis conserv\u00e9e longtemps, pour devenir un joli souvenir !<\/p>\n<p>Voici quelques belles id\u00e9es de personnalisations qui pourront peut-\u00eatre vous aider !<\/p>\n<h3 id=\"lebraceletpersonnalispourlesftesetclbrationsmariagebaptmeanniversaire\">Le bracelet personnalis\u00e9 pour les f\u00eates et les c\u00e9l\u00e9brations<\/h3>\n<p>Un <strong>mariage<\/strong>, un <strong>bapt\u00eame<\/strong>, une <strong>communion<\/strong>, un <strong>anniversaire<\/strong> en perspective ? Le bracelet tissu A-qui-Lie peut \u00eatre personnalis\u00e9 avec le pr\u00e9nom de l&rsquo;enfant qui se fait baptiser ou bien celui des mari\u00e9s. D&rsquo;ailleurs, vous pouvez aussi y inscrire la date de l&rsquo;\u00e9v\u00e8nement ! Un joli petit cadeau \u00e0 glisser dans les invitations, ou \u00e0 d\u00e9poser sur la table des invit\u00e9s, qui peut tout \u00e0 fait remplacer (ou compl\u00e9ter) le traditionnel <a href=\"https:\/\/www.a-qui-s.fr\/le-blog\/diy-bricolage-enfant\/patron-boite-dragees\/\"><strong>paquet de drag\u00e9es<\/strong><\/a>.<\/p>\n<p>Vous pouvez \u00e9galement personnaliser un bracelet pour les <strong>t\u00e9moins <\/strong>du mariage ou pour les <strong>demoiselles d&rsquo;honneur<\/strong>. Bien \u00e9videmment, on n&rsquo;oublie pas le traditionnel enterrement de vie de jeune fille\/gar\u00e7on. Ici encore, le <strong>bracelet EVJF<\/strong> ou le <strong>bracelet EVJG<\/strong> peut \u00eatre personnalis\u00e9 \u00e0 cette occasion et \u00eatre offert \u00e0 tous les participants.<\/p>\n<p>Le bracelet personnalisable est aussi id\u00e9al pour les <strong>anniversaires<\/strong>, les <strong>babyshowers<\/strong>, les <strong>soir\u00e9es<\/strong> ou les <strong>festivals<\/strong>.<\/p>\n<h3 id=\"lebraceletpersonnalisprnompourleurdirecombienonlesaimepourlesremercier\">Le bracelet personnalis\u00e9 pour leur dire qu&rsquo;on les aime ou leur dire merci<\/h3>\n<p>Pour la&nbsp;<strong>f\u00eate des m\u00e8res<\/strong>, des grands-m\u00e8res, des p\u00e8res ou des grands-p\u00e8res, le bracelet personnalis\u00e9 tissu, c&rsquo;est la petite attention remplie d&rsquo;amour qui fera plaisir \u00e0 coup s\u00fbr. A personnaliser avec un petit mot d&rsquo;amour et votre pr\u00e9nom. Un joli <strong>souvenir<\/strong> qu&rsquo;ils garderont pr\u00e9cieusement.<\/p>\n<p>Le bracelet en tissu personnalis\u00e9 peut \u00e9galement convenir aux amoureux, aux amis et aux meilleurs amis, comme un <strong>bracelet de l&rsquo;amiti\u00e9<\/strong> ou un bracelet BFF comme les plus jeunes pourraient le dire.<\/p>\n<p>Le bracelet personnalis\u00e9 est aussi une excellente occasion de <strong>remercier les ma\u00eetres et ma\u00eetresses<\/strong>, <strong>animateurs<\/strong>, <strong>coachs<\/strong>, <strong>ATSEM<\/strong>, <strong>nounous<\/strong>&#8230;<\/p>\n<h3 id=\"lebraceletidentificationoulebraceletscurit\">Le bracelet d&rsquo;identification\/ de s\u00e9curit\u00e9<\/h3>\n<p>La particularit\u00e9 de ces bracelets en tissu, c&rsquo;est qu&rsquo;ils peuvent rester accroch\u00e9s longtemps autour du poignet de leur propri\u00e9taire. <strong>R\u00e9sistants \u00e0 l&rsquo;eau<\/strong>, ils peuvent vous accompagner dans les activit\u00e9s du quotidien. Inutile de les \u00f4ter matin et soir, ils restent accroch\u00e9s tout le temps ! Le <strong>bracelet d&rsquo;identification<\/strong> est donc un objet particuli\u00e8rement utile pour les <strong>enfants<\/strong>&nbsp;ou les personnes qui ont des&nbsp;<strong>allergies <\/strong>ou des<strong> pathologies sp\u00e9cifiques <\/strong>(diab\u00e8te par exemple). Cela permet d&rsquo;informer leur entourage si un probl\u00e8me survient, par exemple, \u00e0 l&rsquo;\u00e9cole.<\/p>\n<p>Pour les enfants, les <strong>bracelets d&rsquo;identification<\/strong> peuvent aussi \u00eatre utiles en vacances, \u00e0 la plage ou en centre de loisirs par exemple. Il suffit de le personnaliser avec le <strong>nom<\/strong> et le <strong>pr\u00e9nom<\/strong> de son petit propri\u00e9taire, ainsi qu&rsquo;un <strong>num\u00e9ro de t\u00e9l\u00e9phone<\/strong> \u00e0 joindre en cas d&rsquo;urgence. Ainsi, s&rsquo;il se perd, quelqu&rsquo;un pourra bien plus facilement vous contacter.<\/p>\n<h3 id=\"lebraceletmessagepersonnalis\">D&rsquo;autres messages pour personnaliser son bracelet<\/h3>\n<p>\u00ab\u00a0Tu vas \u00eatre tata !\u00a0\u00bb En voil\u00e0 une jolie id\u00e9e de cadeau pour<strong>&nbsp;annoncer sa grossesse<\/strong> ou une heureuse nouvelle \u00e0 ses proches. Pour les <strong>futurs papas<\/strong>, parrains, <strong>marraines<\/strong>, papis, mamies, tontons, taties&#8230; le bracelet personnalis\u00e9 en tissu est une jolie id\u00e9e cadeau qui marquera ces jolis moments et constituera un beau souvenir \u00e0 ressortir quelques ann\u00e9es plus tard.&nbsp;<\/p>\n<p>Le bracelet \u00e0 message peut aussi \u00eatre personnalis\u00e9 avec un mot d&rsquo;encouragement : \u00ab\u00a0Je crois en toi\u00a0\u00bb, \u00ab\u00a0Tu vas y arriver\u00a0\u00bb\u2026 des <strong>petits messages bienveillants et encourageants<\/strong> \u00e0 distribuer aux enfants.<\/p>\n<p>Enfin, le bracelet mot personnalis\u00e9 peut aussi \u00eatre vecteur de messages de&nbsp;<strong>sensibilisation pour la plan\u00e8te<\/strong> : \u00ab\u00a0Sois un h\u00e9ros, prends ton v\u00e9lo\u00a0\u00bb, \u00ab\u00a0Le troc, c&rsquo;est rock\u00a0\u00bb&#8230; de <strong><a href=\"https:\/\/www.a-qui-s.fr\/le-blog\/diy-bricolage-enfant\/des-messages-bienveillants-pour-la-planete\/\">nombreux messages bienveillants pour la plan\u00e8te<\/a><\/strong> \u00e0 inscrire sur un bracelet et \u00e0 distribuer aux \u00e9l\u00e8ves d&rsquo;une classe pour les <strong>sensibiliser \u00e0 la protection de l&rsquo;environnement<\/strong>.<\/p>\n<h3 id=\"lebraceletvnementielpourlesvnementsprofessionnels\">Le bracelet personnalis\u00e9 pour les \u00e9v\u00e9nements professionnels<\/h3>\n<p>Lors de <strong>s\u00e9minaires professionnels<\/strong>, workshops, team building ou tout autre \u00e9v\u00e8nement qui r\u00e9unit une \u00e9quipe, le bracelet personnalis\u00e9 renforcera la <strong>coh\u00e9sion de groupe entre coll\u00e8gues<\/strong> !<\/p>\n<p>&nbsp;<\/p>\n<p>Comme vous le voyez, le <a href=\"https:\/\/www.a-qui-s.fr\/bracelet-personnalise\"><strong>bracelet personnalis\u00e9<\/strong><\/a> peut \u00eatre utilis\u00e9 pour de tr\u00e8s nombreuses occasions ! A vous de personnaliser le v\u00f4tre pour le rendre unique !<\/p>\n<p>Pour tout renseignement suppl\u00e9mentaire, n&rsquo;h\u00e9sitez pas \u00e0 contacter notre&nbsp;<strong>service client<\/strong>&nbsp;au <strong>05.59.27.17.27<\/strong> ou par mail \u00e0 <strong>info@a-qui-s.fr<\/strong><\/p>\n","protected":false},"excerpt":{"rendered":"<p>Il fait la une en ce moment chez A-qui-S ! Eh oui, nous sommes tr\u00e8s heureux de vous pr\u00e9senter notre tout nouveau bracelet personnalis\u00e9 ! Un bracelet tout mignon \u00e0 porter pour de multiples occasions ! Dans cet article, on vous en dit un peu plus \u00e0 son sujet, et on en profite pour vous [&hellip;]<\/p>\n","protected":false},"author":2,"featured_media":19702,"comment_status":"open","ping_status":"open","sticky":false,"template":"","format":"standard","meta":{"_acf_changed":false,"fifu_image_url":"https:\/\/images.a-qui-s.fr\/image\/upload\/v1680789575\/carousel\/fr\/Mobile\/bracelet-personnalise-mobile.jpg","fifu_image_alt":"Le bracelet personnalis\u00e9 A-qui-Lie","footnotes":""},"categories":[216],"tags":[],"class_list":["post-17293","post","type-post","status-publish","format-standard","has-post-thumbnail","hentry","category-a-qui-s-et-vous"],"acf":[],"yoast_head":"<!-- This site is optimized with the Yoast SEO plugin v27.0 - https:\/\/yoast.com\/product\/yoast-seo-wordpress\/ -->\n<title>Le bracelet personnalis\u00e9 A-qui-Lie - Id\u00e9al pour les f\u00eates et les c\u00e9l\u00e9brations !<\/title>\n<meta name=\"description\" content=\"R\u00e9sistant \u00e0 l&#039;eau et imprim\u00e9 avec des encres sans solvant, ce joli bracelet personnalis\u00e9 vous accompagnera pour de multiples occasions !\" \/>\n<meta name=\"robots\" content=\"index, follow, max-snippet:-1, max-image-preview:large, max-video-preview:-1\" \/>\n<link rel=\"canonical\" href=\"https:\/\/www.a-qui-s.fr\/le-blog\/a-qui-s-et-vous\/bracelet-personnalise\/\" \/>\n<meta property=\"og:locale\" content=\"fr_FR\" \/>\n<meta property=\"og:type\" content=\"article\" \/>\n<meta property=\"og:title\" content=\"Le bracelet personnalis\u00e9 A-qui-Lie - Id\u00e9al pour les f\u00eates et les c\u00e9l\u00e9brations !\" \/>\n<meta property=\"og:description\" content=\"R\u00e9sistant \u00e0 l&#039;eau et imprim\u00e9 avec des encres sans solvant, ce joli bracelet personnalis\u00e9 vous accompagnera pour de multiples occasions !\" \/>\n<meta property=\"og:url\" content=\"https:\/\/www.a-qui-s.fr\/le-blog\/a-qui-s-et-vous\/bracelet-personnalise\/\" \/>\n<meta property=\"og:site_name\" content=\"LE BLOG d&#039;A-qui-S\" \/>\n<meta property=\"article:publisher\" content=\"https:\/\/www.facebook.com\/AquiS\/\" \/>\n<meta property=\"article:published_time\" content=\"2023-04-25T11:19:48+00:00\" \/>\n<meta property=\"article:modified_time\" content=\"2025-08-21T11:20:18+00:00\" \/>\n<meta property=\"og:image\" content=\"https:\/\/images.a-qui-s.fr\/image\/upload\/v1680789575\/carousel\/fr\/Mobile\/bracelet-personnalise-mobile.jpg\" \/>\n<meta name=\"author\" content=\"Louise de A-qui-S\" \/>\n<meta name=\"twitter:card\" content=\"summary_large_image\" \/>\n<meta name=\"twitter:image\" content=\"https:\/\/images.a-qui-s.fr\/image\/upload\/v1680789575\/carousel\/fr\/Mobile\/bracelet-personnalise-mobile.jpg\" \/>\n<meta name=\"twitter:creator\" content=\"@aquis_fr\" \/>\n<meta name=\"twitter:site\" content=\"@aquis_fr\" \/>\n<meta name=\"twitter:label1\" content=\"Written by\" \/>\n\t<meta name=\"twitter:data1\" content=\"Louise de A-qui-S\" \/>\n\t<meta name=\"twitter:label2\" content=\"Est. reading time\" \/>\n\t<meta name=\"twitter:data2\" content=\"5 minutes\" \/>\n<script type=\"application\/ld+json\" class=\"yoast-schema-graph\">{\"@context\":\"https:\/\/schema.org\",\"@graph\":[{\"@type\":\"Article\",\"@id\":\"https:\/\/www.a-qui-s.fr\/le-blog\/a-qui-s-et-vous\/bracelet-personnalise\/#article\",\"isPartOf\":{\"@id\":\"https:\/\/www.a-qui-s.fr\/le-blog\/a-qui-s-et-vous\/bracelet-personnalise\/\"},\"author\":{\"name\":\"Louise de A-qui-S\",\"@id\":\"https:\/\/www.a-qui-s.fr\/le-blog\/#\/schema\/person\/d98098c165f4481653780d6fa061f531\"},\"headline\":\"Le bracelet personnalis\u00e9 A-qui-Lie\",\"datePublished\":\"48+00:00\",\"dateModified\":\"18+00:00\",\"mainEntityOfPage\":{\"@id\":\"https:\/\/www.a-qui-s.fr\/le-blog\/a-qui-s-et-vous\/bracelet-personnalise\/\"},\"wordCount\":1209,\"commentCount\":0,\"publisher\":{\"@id\":\"https:\/\/www.a-qui-s.fr\/le-blog\/#organization\"},\"image\":{\"@id\":\"https:\/\/www.a-qui-s.fr\/le-blog\/a-qui-s-et-vous\/bracelet-personnalise\/#primaryimage\"},\"thumbnailUrl\":\"https:\/\/images.a-qui-s.fr\/image\/upload\/v1680789575\/carousel\/fr\/Mobile\/bracelet-personnalise-mobile.jpg\",\"articleSection\":[\"A-qui-S &amp; Vous\"],\"inLanguage\":\"fr-FR\",\"potentialAction\":[{\"@type\":\"CommentAction\",\"name\":\"Comment\",\"target\":[\"https:\/\/www.a-qui-s.fr\/le-blog\/a-qui-s-et-vous\/bracelet-personnalise\/#respond\"]}]},{\"@type\":\"WebPage\",\"@id\":\"https:\/\/www.a-qui-s.fr\/le-blog\/a-qui-s-et-vous\/bracelet-personnalise\/\",\"url\":\"https:\/\/www.a-qui-s.fr\/le-blog\/a-qui-s-et-vous\/bracelet-personnalise\/\",\"name\":\"Le bracelet personnalis\u00e9 A-qui-Lie - Id\u00e9al pour les f\u00eates et les c\u00e9l\u00e9brations !\",\"isPartOf\":{\"@id\":\"https:\/\/www.a-qui-s.fr\/le-blog\/#website\"},\"primaryImageOfPage\":{\"@id\":\"https:\/\/www.a-qui-s.fr\/le-blog\/a-qui-s-et-vous\/bracelet-personnalise\/#primaryimage\"},\"image\":{\"@id\":\"https:\/\/www.a-qui-s.fr\/le-blog\/a-qui-s-et-vous\/bracelet-personnalise\/#primaryimage\"},\"thumbnailUrl\":\"https:\/\/images.a-qui-s.fr\/image\/upload\/v1680789575\/carousel\/fr\/Mobile\/bracelet-personnalise-mobile.jpg\",\"datePublished\":\"48+00:00\",\"dateModified\":\"18+00:00\",\"description\":\"R\u00e9sistant \u00e0 l'eau et imprim\u00e9 avec des encres sans solvant, ce joli bracelet personnalis\u00e9 vous accompagnera pour de multiples occasions !\",\"breadcrumb\":{\"@id\":\"https:\/\/www.a-qui-s.fr\/le-blog\/a-qui-s-et-vous\/bracelet-personnalise\/#breadcrumb\"},\"inLanguage\":\"fr-FR\",\"potentialAction\":[{\"@type\":\"ReadAction\",\"target\":[\"https:\/\/www.a-qui-s.fr\/le-blog\/a-qui-s-et-vous\/bracelet-personnalise\/\"]}]},{\"@type\":\"ImageObject\",\"inLanguage\":\"fr-FR\",\"@id\":\"https:\/\/www.a-qui-s.fr\/le-blog\/a-qui-s-et-vous\/bracelet-personnalise\/#primaryimage\",\"url\":\"https:\/\/images.a-qui-s.fr\/image\/upload\/v1680789575\/carousel\/fr\/Mobile\/bracelet-personnalise-mobile.jpg\",\"contentUrl\":\"https:\/\/images.a-qui-s.fr\/image\/upload\/v1680789575\/carousel\/fr\/Mobile\/bracelet-personnalise-mobile.jpg\",\"caption\":\"Le bracelet personnalis\u00e9 A-qui-Lie\"},{\"@type\":\"BreadcrumbList\",\"@id\":\"https:\/\/www.a-qui-s.fr\/le-blog\/a-qui-s-et-vous\/bracelet-personnalise\/#breadcrumb\",\"itemListElement\":[{\"@type\":\"ListItem\",\"position\":1,\"name\":\"Accueil\",\"item\":\"https:\/\/www.a-qui-s.fr\/le-blog\/\"},{\"@type\":\"ListItem\",\"position\":2,\"name\":\"A-qui-S &amp; Vous\",\"item\":\"https:\/\/www.a-qui-s.fr\/le-blog\/category\/a-qui-s-et-vous\/\"},{\"@type\":\"ListItem\",\"position\":3,\"name\":\"Le bracelet personnalis\u00e9 A-qui-Lie\"}]},{\"@type\":\"WebSite\",\"@id\":\"https:\/\/www.a-qui-s.fr\/le-blog\/#website\",\"url\":\"https:\/\/www.a-qui-s.fr\/le-blog\/\",\"name\":\"LE BLOG d&#039;A-qui-S\",\"description\":\"La communaut\u00e9 des &quot;Pas-Perdus&quot;\",\"publisher\":{\"@id\":\"https:\/\/www.a-qui-s.fr\/le-blog\/#organization\"},\"potentialAction\":[{\"@type\":\"SearchAction\",\"target\":{\"@type\":\"EntryPoint\",\"urlTemplate\":\"https:\/\/www.a-qui-s.fr\/le-blog\/?s={search_term_string}\"},\"query-input\":{\"@type\":\"PropertyValueSpecification\",\"valueRequired\":true,\"valueName\":\"search_term_string\"}}],\"inLanguage\":\"fr-FR\"},{\"@type\":\"Organization\",\"@id\":\"https:\/\/www.a-qui-s.fr\/le-blog\/#organization\",\"name\":\"Etiquettes & compagnie\",\"url\":\"https:\/\/www.a-qui-s.fr\/le-blog\/\",\"logo\":{\"@type\":\"ImageObject\",\"inLanguage\":\"fr-FR\",\"@id\":\"https:\/\/www.a-qui-s.fr\/le-blog\/#\/schema\/logo\/image\/\",\"url\":\"https:\/\/www.a-qui-s.fr\/le-blog\/wp-content\/uploads\/2015\/05\/logo_a-qui-s.png\",\"contentUrl\":\"https:\/\/www.a-qui-s.fr\/le-blog\/wp-content\/uploads\/2015\/05\/logo_a-qui-s.png\",\"width\":132,\"height\":59,\"caption\":\"Etiquettes & compagnie\"},\"image\":{\"@id\":\"https:\/\/www.a-qui-s.fr\/le-blog\/#\/schema\/logo\/image\/\"},\"sameAs\":[\"https:\/\/www.facebook.com\/AquiS\/\",\"https:\/\/x.com\/aquis_fr\"]},{\"@type\":\"Person\",\"@id\":\"https:\/\/www.a-qui-s.fr\/le-blog\/#\/schema\/person\/d98098c165f4481653780d6fa061f531\",\"name\":\"Louise de A-qui-S\",\"image\":{\"@type\":\"ImageObject\",\"inLanguage\":\"fr-FR\",\"@id\":\"https:\/\/www.a-qui-s.fr\/le-blog\/#\/schema\/person\/image\/\",\"url\":\"https:\/\/secure.gravatar.com\/avatar\/7a713547ddd2e0fc4130ec55978934dc3f12ef2095fa1cba20e2f0efcd0728c4?s=96&d=mm&r=g\",\"contentUrl\":\"https:\/\/secure.gravatar.com\/avatar\/7a713547ddd2e0fc4130ec55978934dc3f12ef2095fa1cba20e2f0efcd0728c4?s=96&d=mm&r=g\",\"caption\":\"Louise de A-qui-S\"},\"url\":\"https:\/\/www.a-qui-s.fr\/le-blog\/author\/julia\/\"}]}<\/script>\n<!-- \/ Yoast SEO plugin. -->","yoast_head_json":{"title":"Le bracelet personnalis\u00e9 A-qui-Lie - Id\u00e9al pour les f\u00eates et les c\u00e9l\u00e9brations !","description":"R\u00e9sistant \u00e0 l'eau et imprim\u00e9 avec des encres sans solvant, ce joli bracelet personnalis\u00e9 vous accompagnera pour de multiples occasions !","robots":{"index":"index","follow":"follow","max-snippet":"max-snippet:-1","max-image-preview":"max-image-preview:large","max-video-preview":"max-video-preview:-1"},"canonical":"https:\/\/www.a-qui-s.fr\/le-blog\/a-qui-s-et-vous\/bracelet-personnalise\/","og_locale":"fr_FR","og_type":"article","og_title":"Le bracelet personnalis\u00e9 A-qui-Lie - Id\u00e9al pour les f\u00eates et les c\u00e9l\u00e9brations !","og_description":"R\u00e9sistant \u00e0 l'eau et imprim\u00e9 avec des encres sans solvant, ce joli bracelet personnalis\u00e9 vous accompagnera pour de multiples occasions !","og_url":"https:\/\/www.a-qui-s.fr\/le-blog\/a-qui-s-et-vous\/bracelet-personnalise\/","og_site_name":"LE BLOG d&#039;A-qui-S","article_publisher":"https:\/\/www.facebook.com\/AquiS\/","article_published_time":"2023-04-25T11:19:48+00:00","article_modified_time":"2025-08-21T11:20:18+00:00","og_image":[{"url":"https:\/\/images.a-qui-s.fr\/image\/upload\/v1680789575\/carousel\/fr\/Mobile\/bracelet-personnalise-mobile.jpg","type":"","width":"","height":""}],"author":"Louise de A-qui-S","twitter_card":"summary_large_image","twitter_image":"https:\/\/images.a-qui-s.fr\/image\/upload\/v1680789575\/carousel\/fr\/Mobile\/bracelet-personnalise-mobile.jpg","twitter_creator":"@aquis_fr","twitter_site":"@aquis_fr","twitter_misc":{"Written by":"Louise de A-qui-S","Est. reading time":"5 minutes"},"schema":{"@context":"https:\/\/schema.org","@graph":[{"@type":"Article","@id":"https:\/\/www.a-qui-s.fr\/le-blog\/a-qui-s-et-vous\/bracelet-personnalise\/#article","isPartOf":{"@id":"https:\/\/www.a-qui-s.fr\/le-blog\/a-qui-s-et-vous\/bracelet-personnalise\/"},"author":{"name":"Louise de A-qui-S","@id":"https:\/\/www.a-qui-s.fr\/le-blog\/#\/schema\/person\/d98098c165f4481653780d6fa061f531"},"headline":"Le bracelet personnalis\u00e9 A-qui-Lie","datePublished":"48+00:00","dateModified":"18+00:00","mainEntityOfPage":{"@id":"https:\/\/www.a-qui-s.fr\/le-blog\/a-qui-s-et-vous\/bracelet-personnalise\/"},"wordCount":1209,"commentCount":0,"publisher":{"@id":"https:\/\/www.a-qui-s.fr\/le-blog\/#organization"},"image":{"@id":"https:\/\/www.a-qui-s.fr\/le-blog\/a-qui-s-et-vous\/bracelet-personnalise\/#primaryimage"},"thumbnailUrl":"https:\/\/images.a-qui-s.fr\/image\/upload\/v1680789575\/carousel\/fr\/Mobile\/bracelet-personnalise-mobile.jpg","articleSection":["A-qui-S &amp; Vous"],"inLanguage":"fr-FR","potentialAction":[{"@type":"CommentAction","name":"Comment","target":["https:\/\/www.a-qui-s.fr\/le-blog\/a-qui-s-et-vous\/bracelet-personnalise\/#respond"]}]},{"@type":"WebPage","@id":"https:\/\/www.a-qui-s.fr\/le-blog\/a-qui-s-et-vous\/bracelet-personnalise\/","url":"https:\/\/www.a-qui-s.fr\/le-blog\/a-qui-s-et-vous\/bracelet-personnalise\/","name":"Le bracelet personnalis\u00e9 A-qui-Lie - Id\u00e9al pour les f\u00eates et les c\u00e9l\u00e9brations !","isPartOf":{"@id":"https:\/\/www.a-qui-s.fr\/le-blog\/#website"},"primaryImageOfPage":{"@id":"https:\/\/www.a-qui-s.fr\/le-blog\/a-qui-s-et-vous\/bracelet-personnalise\/#primaryimage"},"image":{"@id":"https:\/\/www.a-qui-s.fr\/le-blog\/a-qui-s-et-vous\/bracelet-personnalise\/#primaryimage"},"thumbnailUrl":"https:\/\/images.a-qui-s.fr\/image\/upload\/v1680789575\/carousel\/fr\/Mobile\/bracelet-personnalise-mobile.jpg","datePublished":"48+00:00","dateModified":"18+00:00","description":"R\u00e9sistant \u00e0 l'eau et imprim\u00e9 avec des encres sans solvant, ce joli bracelet personnalis\u00e9 vous accompagnera pour de multiples occasions !","breadcrumb":{"@id":"https:\/\/www.a-qui-s.fr\/le-blog\/a-qui-s-et-vous\/bracelet-personnalise\/#breadcrumb"},"inLanguage":"fr-FR","potentialAction":[{"@type":"ReadAction","target":["https:\/\/www.a-qui-s.fr\/le-blog\/a-qui-s-et-vous\/bracelet-personnalise\/"]}]},{"@type":"ImageObject","inLanguage":"fr-FR","@id":"https:\/\/www.a-qui-s.fr\/le-blog\/a-qui-s-et-vous\/bracelet-personnalise\/#primaryimage","url":"https:\/\/images.a-qui-s.fr\/image\/upload\/v1680789575\/carousel\/fr\/Mobile\/bracelet-personnalise-mobile.jpg","contentUrl":"https:\/\/images.a-qui-s.fr\/image\/upload\/v1680789575\/carousel\/fr\/Mobile\/bracelet-personnalise-mobile.jpg","caption":"Le bracelet personnalis\u00e9 A-qui-Lie"},{"@type":"BreadcrumbList","@id":"https:\/\/www.a-qui-s.fr\/le-blog\/a-qui-s-et-vous\/bracelet-personnalise\/#breadcrumb","itemListElement":[{"@type":"ListItem","position":1,"name":"Accueil","item":"https:\/\/www.a-qui-s.fr\/le-blog\/"},{"@type":"ListItem","position":2,"name":"A-qui-S &amp; Vous","item":"https:\/\/www.a-qui-s.fr\/le-blog\/category\/a-qui-s-et-vous\/"},{"@type":"ListItem","position":3,"name":"Le bracelet personnalis\u00e9 A-qui-Lie"}]},{"@type":"WebSite","@id":"https:\/\/www.a-qui-s.fr\/le-blog\/#website","url":"https:\/\/www.a-qui-s.fr\/le-blog\/","name":"LE BLOG d&#039;A-qui-S","description":"La communaut\u00e9 des &quot;Pas-Perdus&quot;","publisher":{"@id":"https:\/\/www.a-qui-s.fr\/le-blog\/#organization"},"potentialAction":[{"@type":"SearchAction","target":{"@type":"EntryPoint","urlTemplate":"https:\/\/www.a-qui-s.fr\/le-blog\/?s={search_term_string}"},"query-input":{"@type":"PropertyValueSpecification","valueRequired":true,"valueName":"search_term_string"}}],"inLanguage":"fr-FR"},{"@type":"Organization","@id":"https:\/\/www.a-qui-s.fr\/le-blog\/#organization","name":"Etiquettes & compagnie","url":"https:\/\/www.a-qui-s.fr\/le-blog\/","logo":{"@type":"ImageObject","inLanguage":"fr-FR","@id":"https:\/\/www.a-qui-s.fr\/le-blog\/#\/schema\/logo\/image\/","url":"https:\/\/www.a-qui-s.fr\/le-blog\/wp-content\/uploads\/2015\/05\/logo_a-qui-s.png","contentUrl":"https:\/\/www.a-qui-s.fr\/le-blog\/wp-content\/uploads\/2015\/05\/logo_a-qui-s.png","width":132,"height":59,"caption":"Etiquettes & compagnie"},"image":{"@id":"https:\/\/www.a-qui-s.fr\/le-blog\/#\/schema\/logo\/image\/"},"sameAs":["https:\/\/www.facebook.com\/AquiS\/","https:\/\/x.com\/aquis_fr"]},{"@type":"Person","@id":"https:\/\/www.a-qui-s.fr\/le-blog\/#\/schema\/person\/d98098c165f4481653780d6fa061f531","name":"Louise de A-qui-S","image":{"@type":"ImageObject","inLanguage":"fr-FR","@id":"https:\/\/www.a-qui-s.fr\/le-blog\/#\/schema\/person\/image\/","url":"https:\/\/secure.gravatar.com\/avatar\/7a713547ddd2e0fc4130ec55978934dc3f12ef2095fa1cba20e2f0efcd0728c4?s=96&d=mm&r=g","contentUrl":"https:\/\/secure.gravatar.com\/avatar\/7a713547ddd2e0fc4130ec55978934dc3f12ef2095fa1cba20e2f0efcd0728c4?s=96&d=mm&r=g","caption":"Louise de A-qui-S"},"url":"https:\/\/www.a-qui-s.fr\/le-blog\/author\/julia\/"}]}},"_links":{"self":[{"href":"https:\/\/www.a-qui-s.fr\/le-blog\/wp-json\/wp\/v2\/posts\/17293","targetHints":{"allow":["GET"]}}],"collection":[{"href":"https:\/\/www.a-qui-s.fr\/le-blog\/wp-json\/wp\/v2\/posts"}],"about":[{"href":"https:\/\/www.a-qui-s.fr\/le-blog\/wp-json\/wp\/v2\/types\/post"}],"author":[{"embeddable":true,"href":"https:\/\/www.a-qui-s.fr\/le-blog\/wp-json\/wp\/v2\/users\/2"}],"replies":[{"embeddable":true,"href":"https:\/\/www.a-qui-s.fr\/le-blog\/wp-json\/wp\/v2\/comments?post=17293"}],"version-history":[{"count":0,"href":"https:\/\/www.a-qui-s.fr\/le-blog\/wp-json\/wp\/v2\/posts\/17293\/revisions"}],"wp:featuredmedia":[{"embeddable":true,"href":"https:\/\/www.a-qui-s.fr\/le-blog\/wp-json\/wp\/v2\/media\/19702"}],"wp:attachment":[{"href":"https:\/\/www.a-qui-s.fr\/le-blog\/wp-json\/wp\/v2\/media?parent=17293"}],"wp:term":[{"taxonomy":"category","embeddable":true,"href":"https:\/\/www.a-qui-s.fr\/le-blog\/wp-json\/wp\/v2\/categories?post=17293"},{"taxonomy":"post_tag","embeddable":true,"href":"https:\/\/www.a-qui-s.fr\/le-blog\/wp-json\/wp\/v2\/tags?post=17293"}],"curies":[{"name":"wp","href":"https:\/\/api.w.org\/{rel}","templated":true}]}}