{"id":16996,"date":"2023-01-11T12:26:17","date_gmt":"2023-01-11T11:26:17","guid":{"rendered":"https:\/\/www.a-qui-s.fr\/le-blog\/?p=16996"},"modified":"2025-08-21T12:20:43","modified_gmt":"2025-08-21T11:20:43","slug":"vacances-dhiver-partir-une-journee-a-la-neige-avec-les-enfants","status":"publish","type":"post","link":"https:\/\/www.a-qui-s.fr\/le-blog\/trucs-et-astuces\/vacances-dhiver-partir-une-journee-a-la-neige-avec-les-enfants\/","title":{"rendered":"Vacances d&rsquo;hiver :  partir une journ\u00e9e \u00e0 la neige avec les enfants"},"content":{"rendered":"<p>Les <strong>vacances d&rsquo;hiver<\/strong> approchent et vous pr\u00e9voyez de partir une journ\u00e9e \u00e0 la <strong>neige<\/strong> avec les petits (et les moins petits aussi d&rsquo;ailleurs ! ) ? Pour \u00eatre s\u00fbr de ne rien oublier le jour du d\u00e9part, nous vous aidons \u00e0 pr\u00e9parer votre sac pour partir une journ\u00e9e \u00e0 la neige avec les enfants !<\/p>\n<h2>1\/ Mat\u00e9riel n\u00e9cessaire pour une journ\u00e9e \u00e0 la neige avec b\u00e9b\u00e9<\/h2>\n<h3>Les v\u00eatements<\/h3>\n<p>A la montagne, il fait froid ! Et b\u00e9b\u00e9 \u00e9tant relativement statique, il faudra bien le couvrir ! Il est donc essentiel de pr\u00e9voir des v\u00eatements bien chauds pour que b\u00e9b\u00e9 profite au maximum de la neige (surtout si c&rsquo;est la premi\u00e8re fois qu&rsquo;il la voit !) et qu&rsquo;il n&rsquo;attrape pas froid. Pour vous aider, nous avons essay\u00e9 de r\u00e9pertorier les v\u00eatements qui, selon nous, sont n\u00e9cessaires pour profiter pleinement d&rsquo;une journ\u00e9e \u00e0 la neige avec b\u00e9b\u00e9. La liste est loin d&rsquo;\u00eatre exhaustive, d&rsquo;ailleurs n&rsquo;oubliez pas le linge de rechange, un accident est vite arriv\u00e9 avec nos petits bouts !<\/p>\n<p>La <strong>combi-pilote,<\/strong> c&rsquo;est l&rsquo;id\u00e9al pour une sortie dans la neige, et faire de la luge ! Fourr\u00e9e et imperm\u00e9able, elle permettra de garder b\u00e9b\u00e9 au chaud, et au sec ! Certaines sont m\u00eame dot\u00e9es de moufles, de pieds et d&rsquo;une capuche.<\/p>\n<p>Selon l&rsquo;\u00e2ge de votre petit bout, vous opterez pour une combinaison sans pied. Avec de jolies <strong>bottes de neige<\/strong>, il pourra se d\u00e9placer librement. D&rsquo;ailleurs, n&rsquo;oubliez pas de prendre des <strong>moufles imperm\u00e9ables<\/strong>, si elles ne sont pas incluses avec la combinaison.<\/p>\n<p>Sous la combinaison, vous pouvez pr\u00e9voir un <strong>body \u00e0 manches longues<\/strong>, ainsi qu&rsquo;un <strong>pull<\/strong>. Pour le bas, un <strong>collant<\/strong> ou un <strong>legging<\/strong> sera parfait. Aussi, pour garder les petits pieds de b\u00e9b\u00e9 au chaud, on vous conseille de choisir des <strong>chaussettes de ski<\/strong> bien chaudes.<\/p>\n<p>&nbsp;Un petit <strong>bonnet<\/strong> pour bien prot\u00e9ger les oreilles, et hop, b\u00e9b\u00e9 est (presque) pr\u00eat pour profiter !<\/p>\n<p>A noter qu&rsquo;il vaut mieux des <strong>v\u00eatements techniques,<\/strong> con\u00e7us sp\u00e9cialement pour le froid, plut\u00f4t que de superposer les couches de v\u00eatements !<\/p>\n<h3>Les accessoires et les produits de soin<\/h3>\n<p>L&rsquo;air de la montagne est particuli\u00e8rement sec. C&rsquo;est pour cela qu&rsquo;on vous conseille de <strong>bien hydrater<\/strong> la peau de b\u00e9b\u00e9, souvent fragile. Et les rayons du soleil \u00e9tant dangereux, il ne faut surtout pas oublier les <strong>lunettes de soleil<\/strong>, ainsi que la <strong>cr\u00e8me solaire<\/strong> (indice 50) !<\/p>\n<p>A noter que si vous poss\u00e9dez une <strong>poussette<\/strong> compatible avec les terrains montagneux ou enneig\u00e9s, elle ne sera pas de trop ! Cela permettra \u00e0 votre petit bout (et \u00e0 vous aussi !) de vous reposer de temps en temps !<\/p>\n<h2>2\/ Mat\u00e9riel n\u00e9cessaire pour une journ\u00e9e \u00e0 la neige avec un enfant (un peu plus grand)<\/h2>\n<p>Le mat\u00e9riel n\u00e9cessaire pour une sortie \u00e0 la neige avec un enfant plus grand est presque identique !<\/p>\n<p>En effet, une <strong>combinaison de ski<\/strong> bien chaude et d\u00e9perlante permettra \u00e0 votre enfant de rester bien au chaud et au sec. Aussi, les <strong>boots<\/strong> seront parfaits pour crapahuter dans la neige, et les <strong>gants de ski imperm\u00e9ables<\/strong> permettront de prot\u00e9ger les mains du froid, certes, mais aussi de faire de jolis bonhommes de neige !<\/p>\n<p>Sous la combinaison, vous pouvez pr\u00e9voir un <strong>sous-pull<\/strong> et un <strong>pull<\/strong>. Pour le bas, un <strong>legging<\/strong> fera l&rsquo;affaire ! Sans oublier les <strong>chaussettes de ski<\/strong> toutes chaudes !<\/p>\n<p>Ici encore, un joli <strong>bonnet,<\/strong> des <strong>lunettes de soleil<\/strong>, et vous n&rsquo;aurez plus qu&rsquo;\u00e0 badigeonner sa petite frimousse de <strong>cr\u00e8me solaire<\/strong> ! Un <strong>tour de cou<\/strong> permettra \u00e9galement de ne pas attraper froid !<\/p>\n<p>Enfin, que serait une sortie \u00e0 la neige, sans la <strong>luge<\/strong>, les <strong>skis<\/strong> et tout le mat\u00e9riel qui va avec ? A ne surtout pas oublier !<\/p>\n<h2>3\/ Marquer le mat\u00e9riel pour ne rien \u00e9garer !<\/h2>\n<p>Pour les s\u00e9jours un peu plus longs (en famille ou en colonie de vacances), n&rsquo;h\u00e9sitez pas \u00e0 identifier les v\u00eatements et objets personnels de votre enfant pour ne pas les perdre ! Nous avons justement con\u00e7u un pack d&rsquo;\u00e9tiquettes sp\u00e9cial neige ! Gr\u00e2ce au <a href=\"https:\/\/www.a-qui-s.fr\/pack-etiquettes-colonie-neige\"><strong>Pack Colo Neige<\/strong><\/a>, vous aurez <strong>144 \u00e9tiquettes pour marquer tout SKI faut !<\/strong> Id\u00e9al pour marquer skis, b\u00e2tons, casque, masque, lunettes de soleil, cr\u00e8me solaire, consoles, t\u00e9l\u00e9phone, livres, n\u00e9cessaire de toilettes (brosse \u00e0 dents, dentifrice, baume \u00e0 l\u00e8vres&#8230;), chaussures, chaussons, v\u00eatements. Bref, tout ce qui a besoin d&rsquo;\u00eatre retrouv\u00e9 !<\/p>\n<p style=\"text-align: center;\"><img fetchpriority=\"high\" decoding=\"async\" class=\"alignnone \" src=\"https:\/\/images.a-qui-s.fr\/image\/upload\/v1574249248\/produits\/PK4SKI\/pack-e%CC%81tiquette-colonie-1.png\" width=\"421\" height=\"421\"><\/p>\n<p>D&rsquo;ailleurs, vous pouvez retrouvez <a href=\"https:\/\/www.a-qui-s.fr\/le-blog\/trucs-et-astuces\/organiser-valise-partir-a-laventure\/\"><strong>ici<\/strong><\/a> notre check-list pour bien organiser la valise des enfants avant le d\u00e9part en vacances !<\/p>\n<p>Et voil\u00e0, on esp\u00e8re que ce petit article vous sera utile et on vous souhaite bien \u00e9videmment de passer de bons moments \u00e0 la neige en famille !<\/p>\n<p>&nbsp;<\/p>\n","protected":false},"excerpt":{"rendered":"<p>Les vacances d&rsquo;hiver approchent et vous pr\u00e9voyez de partir une journ\u00e9e \u00e0 la neige avec les petits (et les moins petits aussi d&rsquo;ailleurs ! ) ? Pour \u00eatre s\u00fbr de ne rien oublier le jour du d\u00e9part, nous vous aidons \u00e0 pr\u00e9parer votre sac pour partir une journ\u00e9e \u00e0 la neige avec les enfants ! [&hellip;]<\/p>\n","protected":false},"author":2,"featured_media":19728,"comment_status":"open","ping_status":"open","sticky":false,"template":"","format":"standard","meta":{"_acf_changed":false,"fifu_image_url":"https:\/\/images.a-qui-s.fr\/image\/upload\/v1574249248\/produits\/PK4SKI\/pack-e%CC%81tiquette-colonie-1.png","fifu_image_alt":"Vacances d\u2019hiver : notre check-list pour une journ\u00e9e au ski avec les enfants","footnotes":""},"categories":[55],"tags":[],"class_list":["post-16996","post","type-post","status-publish","format-standard","has-post-thumbnail","hentry","category-trucs-et-astuces"],"acf":[],"yoast_head":"<!-- This site is optimized with the Yoast SEO plugin v27.0 - https:\/\/yoast.com\/product\/yoast-seo-wordpress\/ -->\n<title>Vacances d&#039;hiver : partir une journ\u00e9e \u00e0 la neige avec les enfants<\/title>\n<meta name=\"description\" content=\"A l&#039;approche des vacances d&#039;hiver, on vous aide \u00e0 pr\u00e9parer tout le mat\u00e9riel n\u00e9cessaire pour profiter d&#039;une journ\u00e9e \u00e0 la neige avec les enfants !\" \/>\n<meta name=\"robots\" content=\"index, follow, max-snippet:-1, max-image-preview:large, max-video-preview:-1\" \/>\n<link rel=\"canonical\" href=\"https:\/\/www.a-qui-s.fr\/le-blog\/trucs-et-astuces\/vacances-dhiver-partir-une-journee-a-la-neige-avec-les-enfants\/\" \/>\n<meta property=\"og:locale\" content=\"fr_FR\" \/>\n<meta property=\"og:type\" content=\"article\" \/>\n<meta property=\"og:title\" content=\"Vacances d&#039;hiver : partir une journ\u00e9e \u00e0 la neige avec les enfants\" \/>\n<meta property=\"og:description\" content=\"A l&#039;approche des vacances d&#039;hiver, on vous aide \u00e0 pr\u00e9parer tout le mat\u00e9riel n\u00e9cessaire pour profiter d&#039;une journ\u00e9e \u00e0 la neige avec les enfants !\" \/>\n<meta property=\"og:url\" content=\"https:\/\/www.a-qui-s.fr\/le-blog\/trucs-et-astuces\/vacances-dhiver-partir-une-journee-a-la-neige-avec-les-enfants\/\" \/>\n<meta property=\"og:site_name\" content=\"LE BLOG d&#039;A-qui-S\" \/>\n<meta property=\"article:publisher\" content=\"https:\/\/www.facebook.com\/AquiS\/\" \/>\n<meta property=\"article:published_time\" content=\"2023-01-11T11:26:17+00:00\" \/>\n<meta property=\"article:modified_time\" content=\"2025-08-21T11:20:43+00:00\" \/>\n<meta property=\"og:image\" content=\"https:\/\/images.a-qui-s.fr\/image\/upload\/v1574249248\/produits\/PK4SKI\/pack-e%CC%81tiquette-colonie-1.png\" \/>\n<meta name=\"author\" content=\"Louise de A-qui-S\" \/>\n<meta name=\"twitter:card\" content=\"summary_large_image\" \/>\n<meta name=\"twitter:image\" content=\"https:\/\/images.a-qui-s.fr\/image\/upload\/v1574249248\/produits\/PK4SKI\/pack-e%CC%81tiquette-colonie-1.png\" \/>\n<meta name=\"twitter:creator\" content=\"@aquis_fr\" \/>\n<meta name=\"twitter:site\" content=\"@aquis_fr\" \/>\n<meta name=\"twitter:label1\" content=\"Written by\" \/>\n\t<meta name=\"twitter:data1\" content=\"Louise de A-qui-S\" \/>\n\t<meta name=\"twitter:label2\" content=\"Est. reading time\" \/>\n\t<meta name=\"twitter:data2\" content=\"4 minutes\" \/>\n<script type=\"application\/ld+json\" class=\"yoast-schema-graph\">{\"@context\":\"https:\/\/schema.org\",\"@graph\":[{\"@type\":\"Article\",\"@id\":\"https:\/\/www.a-qui-s.fr\/le-blog\/trucs-et-astuces\/vacances-dhiver-partir-une-journee-a-la-neige-avec-les-enfants\/#article\",\"isPartOf\":{\"@id\":\"https:\/\/www.a-qui-s.fr\/le-blog\/trucs-et-astuces\/vacances-dhiver-partir-une-journee-a-la-neige-avec-les-enfants\/\"},\"author\":{\"name\":\"Louise de A-qui-S\",\"@id\":\"https:\/\/www.a-qui-s.fr\/le-blog\/#\/schema\/person\/d98098c165f4481653780d6fa061f531\"},\"headline\":\"Vacances d&rsquo;hiver : partir une journ\u00e9e \u00e0 la neige avec les enfants\",\"datePublished\":\"17+00:00\",\"dateModified\":\"43+00:00\",\"mainEntityOfPage\":{\"@id\":\"https:\/\/www.a-qui-s.fr\/le-blog\/trucs-et-astuces\/vacances-dhiver-partir-une-journee-a-la-neige-avec-les-enfants\/\"},\"wordCount\":820,\"commentCount\":0,\"publisher\":{\"@id\":\"https:\/\/www.a-qui-s.fr\/le-blog\/#organization\"},\"image\":{\"@id\":\"https:\/\/www.a-qui-s.fr\/le-blog\/trucs-et-astuces\/vacances-dhiver-partir-une-journee-a-la-neige-avec-les-enfants\/#primaryimage\"},\"thumbnailUrl\":\"https:\/\/images.a-qui-s.fr\/image\/upload\/v1574249248\/produits\/PK4SKI\/pack-e%CC%81tiquette-colonie-1.png\",\"articleSection\":[\"Trucs et Astuces\"],\"inLanguage\":\"fr-FR\",\"potentialAction\":[{\"@type\":\"CommentAction\",\"name\":\"Comment\",\"target\":[\"https:\/\/www.a-qui-s.fr\/le-blog\/trucs-et-astuces\/vacances-dhiver-partir-une-journee-a-la-neige-avec-les-enfants\/#respond\"]}]},{\"@type\":\"WebPage\",\"@id\":\"https:\/\/www.a-qui-s.fr\/le-blog\/trucs-et-astuces\/vacances-dhiver-partir-une-journee-a-la-neige-avec-les-enfants\/\",\"url\":\"https:\/\/www.a-qui-s.fr\/le-blog\/trucs-et-astuces\/vacances-dhiver-partir-une-journee-a-la-neige-avec-les-enfants\/\",\"name\":\"Vacances d'hiver : partir une journ\u00e9e \u00e0 la neige avec les enfants\",\"isPartOf\":{\"@id\":\"https:\/\/www.a-qui-s.fr\/le-blog\/#website\"},\"primaryImageOfPage\":{\"@id\":\"https:\/\/www.a-qui-s.fr\/le-blog\/trucs-et-astuces\/vacances-dhiver-partir-une-journee-a-la-neige-avec-les-enfants\/#primaryimage\"},\"image\":{\"@id\":\"https:\/\/www.a-qui-s.fr\/le-blog\/trucs-et-astuces\/vacances-dhiver-partir-une-journee-a-la-neige-avec-les-enfants\/#primaryimage\"},\"thumbnailUrl\":\"https:\/\/images.a-qui-s.fr\/image\/upload\/v1574249248\/produits\/PK4SKI\/pack-e%CC%81tiquette-colonie-1.png\",\"datePublished\":\"17+00:00\",\"dateModified\":\"43+00:00\",\"description\":\"A l'approche des vacances d'hiver, on vous aide \u00e0 pr\u00e9parer tout le mat\u00e9riel n\u00e9cessaire pour profiter d'une journ\u00e9e \u00e0 la neige avec les enfants !\",\"breadcrumb\":{\"@id\":\"https:\/\/www.a-qui-s.fr\/le-blog\/trucs-et-astuces\/vacances-dhiver-partir-une-journee-a-la-neige-avec-les-enfants\/#breadcrumb\"},\"inLanguage\":\"fr-FR\",\"potentialAction\":[{\"@type\":\"ReadAction\",\"target\":[\"https:\/\/www.a-qui-s.fr\/le-blog\/trucs-et-astuces\/vacances-dhiver-partir-une-journee-a-la-neige-avec-les-enfants\/\"]}]},{\"@type\":\"ImageObject\",\"inLanguage\":\"fr-FR\",\"@id\":\"https:\/\/www.a-qui-s.fr\/le-blog\/trucs-et-astuces\/vacances-dhiver-partir-une-journee-a-la-neige-avec-les-enfants\/#primaryimage\",\"url\":\"https:\/\/images.a-qui-s.fr\/image\/upload\/v1574249248\/produits\/PK4SKI\/pack-e%CC%81tiquette-colonie-1.png\",\"contentUrl\":\"https:\/\/images.a-qui-s.fr\/image\/upload\/v1574249248\/produits\/PK4SKI\/pack-e%CC%81tiquette-colonie-1.png\",\"caption\":\"Vacances d\u2019hiver : notre check-list pour une journ\u00e9e au ski avec les enfants\"},{\"@type\":\"BreadcrumbList\",\"@id\":\"https:\/\/www.a-qui-s.fr\/le-blog\/trucs-et-astuces\/vacances-dhiver-partir-une-journee-a-la-neige-avec-les-enfants\/#breadcrumb\",\"itemListElement\":[{\"@type\":\"ListItem\",\"position\":1,\"name\":\"Accueil\",\"item\":\"https:\/\/www.a-qui-s.fr\/le-blog\/\"},{\"@type\":\"ListItem\",\"position\":2,\"name\":\"Trucs et Astuces\",\"item\":\"https:\/\/www.a-qui-s.fr\/le-blog\/category\/trucs-et-astuces\/\"},{\"@type\":\"ListItem\",\"position\":3,\"name\":\"Vacances d&rsquo;hiver : partir une journ\u00e9e \u00e0 la neige avec les enfants\"}]},{\"@type\":\"WebSite\",\"@id\":\"https:\/\/www.a-qui-s.fr\/le-blog\/#website\",\"url\":\"https:\/\/www.a-qui-s.fr\/le-blog\/\",\"name\":\"LE BLOG d&#039;A-qui-S\",\"description\":\"La communaut\u00e9 des &quot;Pas-Perdus&quot;\",\"publisher\":{\"@id\":\"https:\/\/www.a-qui-s.fr\/le-blog\/#organization\"},\"potentialAction\":[{\"@type\":\"SearchAction\",\"target\":{\"@type\":\"EntryPoint\",\"urlTemplate\":\"https:\/\/www.a-qui-s.fr\/le-blog\/?s={search_term_string}\"},\"query-input\":{\"@type\":\"PropertyValueSpecification\",\"valueRequired\":true,\"valueName\":\"search_term_string\"}}],\"inLanguage\":\"fr-FR\"},{\"@type\":\"Organization\",\"@id\":\"https:\/\/www.a-qui-s.fr\/le-blog\/#organization\",\"name\":\"Etiquettes & compagnie\",\"url\":\"https:\/\/www.a-qui-s.fr\/le-blog\/\",\"logo\":{\"@type\":\"ImageObject\",\"inLanguage\":\"fr-FR\",\"@id\":\"https:\/\/www.a-qui-s.fr\/le-blog\/#\/schema\/logo\/image\/\",\"url\":\"https:\/\/www.a-qui-s.fr\/le-blog\/wp-content\/uploads\/2015\/05\/logo_a-qui-s.png\",\"contentUrl\":\"https:\/\/www.a-qui-s.fr\/le-blog\/wp-content\/uploads\/2015\/05\/logo_a-qui-s.png\",\"width\":132,\"height\":59,\"caption\":\"Etiquettes & compagnie\"},\"image\":{\"@id\":\"https:\/\/www.a-qui-s.fr\/le-blog\/#\/schema\/logo\/image\/\"},\"sameAs\":[\"https:\/\/www.facebook.com\/AquiS\/\",\"https:\/\/x.com\/aquis_fr\"]},{\"@type\":\"Person\",\"@id\":\"https:\/\/www.a-qui-s.fr\/le-blog\/#\/schema\/person\/d98098c165f4481653780d6fa061f531\",\"name\":\"Louise de A-qui-S\",\"image\":{\"@type\":\"ImageObject\",\"inLanguage\":\"fr-FR\",\"@id\":\"https:\/\/www.a-qui-s.fr\/le-blog\/#\/schema\/person\/image\/\",\"url\":\"https:\/\/secure.gravatar.com\/avatar\/7a713547ddd2e0fc4130ec55978934dc3f12ef2095fa1cba20e2f0efcd0728c4?s=96&d=mm&r=g\",\"contentUrl\":\"https:\/\/secure.gravatar.com\/avatar\/7a713547ddd2e0fc4130ec55978934dc3f12ef2095fa1cba20e2f0efcd0728c4?s=96&d=mm&r=g\",\"caption\":\"Louise de A-qui-S\"},\"url\":\"https:\/\/www.a-qui-s.fr\/le-blog\/author\/julia\/\"}]}<\/script>\n<!-- \/ Yoast SEO plugin. -->","yoast_head_json":{"title":"Vacances d'hiver : partir une journ\u00e9e \u00e0 la neige avec les enfants","description":"A l'approche des vacances d'hiver, on vous aide \u00e0 pr\u00e9parer tout le mat\u00e9riel n\u00e9cessaire pour profiter d'une journ\u00e9e \u00e0 la neige avec les enfants !","robots":{"index":"index","follow":"follow","max-snippet":"max-snippet:-1","max-image-preview":"max-image-preview:large","max-video-preview":"max-video-preview:-1"},"canonical":"https:\/\/www.a-qui-s.fr\/le-blog\/trucs-et-astuces\/vacances-dhiver-partir-une-journee-a-la-neige-avec-les-enfants\/","og_locale":"fr_FR","og_type":"article","og_title":"Vacances d'hiver : partir une journ\u00e9e \u00e0 la neige avec les enfants","og_description":"A l'approche des vacances d'hiver, on vous aide \u00e0 pr\u00e9parer tout le mat\u00e9riel n\u00e9cessaire pour profiter d'une journ\u00e9e \u00e0 la neige avec les enfants !","og_url":"https:\/\/www.a-qui-s.fr\/le-blog\/trucs-et-astuces\/vacances-dhiver-partir-une-journee-a-la-neige-avec-les-enfants\/","og_site_name":"LE BLOG d&#039;A-qui-S","article_publisher":"https:\/\/www.facebook.com\/AquiS\/","article_published_time":"2023-01-11T11:26:17+00:00","article_modified_time":"2025-08-21T11:20:43+00:00","og_image":[{"url":"https:\/\/images.a-qui-s.fr\/image\/upload\/v1574249248\/produits\/PK4SKI\/pack-e%CC%81tiquette-colonie-1.png","type":"","width":"","height":""}],"author":"Louise de A-qui-S","twitter_card":"summary_large_image","twitter_image":"https:\/\/images.a-qui-s.fr\/image\/upload\/v1574249248\/produits\/PK4SKI\/pack-e%CC%81tiquette-colonie-1.png","twitter_creator":"@aquis_fr","twitter_site":"@aquis_fr","twitter_misc":{"Written by":"Louise de A-qui-S","Est. reading time":"4 minutes"},"schema":{"@context":"https:\/\/schema.org","@graph":[{"@type":"Article","@id":"https:\/\/www.a-qui-s.fr\/le-blog\/trucs-et-astuces\/vacances-dhiver-partir-une-journee-a-la-neige-avec-les-enfants\/#article","isPartOf":{"@id":"https:\/\/www.a-qui-s.fr\/le-blog\/trucs-et-astuces\/vacances-dhiver-partir-une-journee-a-la-neige-avec-les-enfants\/"},"author":{"name":"Louise de A-qui-S","@id":"https:\/\/www.a-qui-s.fr\/le-blog\/#\/schema\/person\/d98098c165f4481653780d6fa061f531"},"headline":"Vacances d&rsquo;hiver : partir une journ\u00e9e \u00e0 la neige avec les enfants","datePublished":"17+00:00","dateModified":"43+00:00","mainEntityOfPage":{"@id":"https:\/\/www.a-qui-s.fr\/le-blog\/trucs-et-astuces\/vacances-dhiver-partir-une-journee-a-la-neige-avec-les-enfants\/"},"wordCount":820,"commentCount":0,"publisher":{"@id":"https:\/\/www.a-qui-s.fr\/le-blog\/#organization"},"image":{"@id":"https:\/\/www.a-qui-s.fr\/le-blog\/trucs-et-astuces\/vacances-dhiver-partir-une-journee-a-la-neige-avec-les-enfants\/#primaryimage"},"thumbnailUrl":"https:\/\/images.a-qui-s.fr\/image\/upload\/v1574249248\/produits\/PK4SKI\/pack-e%CC%81tiquette-colonie-1.png","articleSection":["Trucs et Astuces"],"inLanguage":"fr-FR","potentialAction":[{"@type":"CommentAction","name":"Comment","target":["https:\/\/www.a-qui-s.fr\/le-blog\/trucs-et-astuces\/vacances-dhiver-partir-une-journee-a-la-neige-avec-les-enfants\/#respond"]}]},{"@type":"WebPage","@id":"https:\/\/www.a-qui-s.fr\/le-blog\/trucs-et-astuces\/vacances-dhiver-partir-une-journee-a-la-neige-avec-les-enfants\/","url":"https:\/\/www.a-qui-s.fr\/le-blog\/trucs-et-astuces\/vacances-dhiver-partir-une-journee-a-la-neige-avec-les-enfants\/","name":"Vacances d'hiver : partir une journ\u00e9e \u00e0 la neige avec les enfants","isPartOf":{"@id":"https:\/\/www.a-qui-s.fr\/le-blog\/#website"},"primaryImageOfPage":{"@id":"https:\/\/www.a-qui-s.fr\/le-blog\/trucs-et-astuces\/vacances-dhiver-partir-une-journee-a-la-neige-avec-les-enfants\/#primaryimage"},"image":{"@id":"https:\/\/www.a-qui-s.fr\/le-blog\/trucs-et-astuces\/vacances-dhiver-partir-une-journee-a-la-neige-avec-les-enfants\/#primaryimage"},"thumbnailUrl":"https:\/\/images.a-qui-s.fr\/image\/upload\/v1574249248\/produits\/PK4SKI\/pack-e%CC%81tiquette-colonie-1.png","datePublished":"17+00:00","dateModified":"43+00:00","description":"A l'approche des vacances d'hiver, on vous aide \u00e0 pr\u00e9parer tout le mat\u00e9riel n\u00e9cessaire pour profiter d'une journ\u00e9e \u00e0 la neige avec les enfants !","breadcrumb":{"@id":"https:\/\/www.a-qui-s.fr\/le-blog\/trucs-et-astuces\/vacances-dhiver-partir-une-journee-a-la-neige-avec-les-enfants\/#breadcrumb"},"inLanguage":"fr-FR","potentialAction":[{"@type":"ReadAction","target":["https:\/\/www.a-qui-s.fr\/le-blog\/trucs-et-astuces\/vacances-dhiver-partir-une-journee-a-la-neige-avec-les-enfants\/"]}]},{"@type":"ImageObject","inLanguage":"fr-FR","@id":"https:\/\/www.a-qui-s.fr\/le-blog\/trucs-et-astuces\/vacances-dhiver-partir-une-journee-a-la-neige-avec-les-enfants\/#primaryimage","url":"https:\/\/images.a-qui-s.fr\/image\/upload\/v1574249248\/produits\/PK4SKI\/pack-e%CC%81tiquette-colonie-1.png","contentUrl":"https:\/\/images.a-qui-s.fr\/image\/upload\/v1574249248\/produits\/PK4SKI\/pack-e%CC%81tiquette-colonie-1.png","caption":"Vacances d\u2019hiver : notre check-list pour une journ\u00e9e au ski avec les enfants"},{"@type":"BreadcrumbList","@id":"https:\/\/www.a-qui-s.fr\/le-blog\/trucs-et-astuces\/vacances-dhiver-partir-une-journee-a-la-neige-avec-les-enfants\/#breadcrumb","itemListElement":[{"@type":"ListItem","position":1,"name":"Accueil","item":"https:\/\/www.a-qui-s.fr\/le-blog\/"},{"@type":"ListItem","position":2,"name":"Trucs et Astuces","item":"https:\/\/www.a-qui-s.fr\/le-blog\/category\/trucs-et-astuces\/"},{"@type":"ListItem","position":3,"name":"Vacances d&rsquo;hiver : partir une journ\u00e9e \u00e0 la neige avec les enfants"}]},{"@type":"WebSite","@id":"https:\/\/www.a-qui-s.fr\/le-blog\/#website","url":"https:\/\/www.a-qui-s.fr\/le-blog\/","name":"LE BLOG d&#039;A-qui-S","description":"La communaut\u00e9 des &quot;Pas-Perdus&quot;","publisher":{"@id":"https:\/\/www.a-qui-s.fr\/le-blog\/#organization"},"potentialAction":[{"@type":"SearchAction","target":{"@type":"EntryPoint","urlTemplate":"https:\/\/www.a-qui-s.fr\/le-blog\/?s={search_term_string}"},"query-input":{"@type":"PropertyValueSpecification","valueRequired":true,"valueName":"search_term_string"}}],"inLanguage":"fr-FR"},{"@type":"Organization","@id":"https:\/\/www.a-qui-s.fr\/le-blog\/#organization","name":"Etiquettes & compagnie","url":"https:\/\/www.a-qui-s.fr\/le-blog\/","logo":{"@type":"ImageObject","inLanguage":"fr-FR","@id":"https:\/\/www.a-qui-s.fr\/le-blog\/#\/schema\/logo\/image\/","url":"https:\/\/www.a-qui-s.fr\/le-blog\/wp-content\/uploads\/2015\/05\/logo_a-qui-s.png","contentUrl":"https:\/\/www.a-qui-s.fr\/le-blog\/wp-content\/uploads\/2015\/05\/logo_a-qui-s.png","width":132,"height":59,"caption":"Etiquettes & compagnie"},"image":{"@id":"https:\/\/www.a-qui-s.fr\/le-blog\/#\/schema\/logo\/image\/"},"sameAs":["https:\/\/www.facebook.com\/AquiS\/","https:\/\/x.com\/aquis_fr"]},{"@type":"Person","@id":"https:\/\/www.a-qui-s.fr\/le-blog\/#\/schema\/person\/d98098c165f4481653780d6fa061f531","name":"Louise de A-qui-S","image":{"@type":"ImageObject","inLanguage":"fr-FR","@id":"https:\/\/www.a-qui-s.fr\/le-blog\/#\/schema\/person\/image\/","url":"https:\/\/secure.gravatar.com\/avatar\/7a713547ddd2e0fc4130ec55978934dc3f12ef2095fa1cba20e2f0efcd0728c4?s=96&d=mm&r=g","contentUrl":"https:\/\/secure.gravatar.com\/avatar\/7a713547ddd2e0fc4130ec55978934dc3f12ef2095fa1cba20e2f0efcd0728c4?s=96&d=mm&r=g","caption":"Louise de A-qui-S"},"url":"https:\/\/www.a-qui-s.fr\/le-blog\/author\/julia\/"}]}},"_links":{"self":[{"href":"https:\/\/www.a-qui-s.fr\/le-blog\/wp-json\/wp\/v2\/posts\/16996","targetHints":{"allow":["GET"]}}],"collection":[{"href":"https:\/\/www.a-qui-s.fr\/le-blog\/wp-json\/wp\/v2\/posts"}],"about":[{"href":"https:\/\/www.a-qui-s.fr\/le-blog\/wp-json\/wp\/v2\/types\/post"}],"author":[{"embeddable":true,"href":"https:\/\/www.a-qui-s.fr\/le-blog\/wp-json\/wp\/v2\/users\/2"}],"replies":[{"embeddable":true,"href":"https:\/\/www.a-qui-s.fr\/le-blog\/wp-json\/wp\/v2\/comments?post=16996"}],"version-history":[{"count":0,"href":"https:\/\/www.a-qui-s.fr\/le-blog\/wp-json\/wp\/v2\/posts\/16996\/revisions"}],"wp:featuredmedia":[{"embeddable":true,"href":"https:\/\/www.a-qui-s.fr\/le-blog\/wp-json\/wp\/v2\/media\/19728"}],"wp:attachment":[{"href":"https:\/\/www.a-qui-s.fr\/le-blog\/wp-json\/wp\/v2\/media?parent=16996"}],"wp:term":[{"taxonomy":"category","embeddable":true,"href":"https:\/\/www.a-qui-s.fr\/le-blog\/wp-json\/wp\/v2\/categories?post=16996"},{"taxonomy":"post_tag","embeddable":true,"href":"https:\/\/www.a-qui-s.fr\/le-blog\/wp-json\/wp\/v2\/tags?post=16996"}],"curies":[{"name":"wp","href":"https:\/\/api.w.org\/{rel}","templated":true}]}}