{"id":16967,"date":"2025-12-26T17:05:52","date_gmt":"2025-12-26T16:05:52","guid":{"rendered":"https:\/\/www.a-qui-s.fr\/le-blog\/?p=16967"},"modified":"2025-12-26T17:09:04","modified_gmt":"2025-12-26T16:09:04","slug":"1ere-rentree-a-la-creche-les-indispensables-pour-une-organisation-au-top","status":"publish","type":"post","link":"https:\/\/www.a-qui-s.fr\/le-blog\/trucs-et-astuces\/1ere-rentree-a-la-creche-les-indispensables-pour-une-organisation-au-top\/","title":{"rendered":"1\u00e8re rentr\u00e9e \u00e0 la cr\u00e8che : les indispensables pour une organisation au top !"},"content":{"rendered":"\n<p>Vous reprenez le travail et votre petit bout s&rsquo;appr\u00eate \u00e0 rentrer \u00e0 la cr\u00e8che pour la premi\u00e8re fois ? Cette \u00e9tape, pourtant n\u00e9cessaire, n&rsquo;est pas toujours \u00e9vidente \u00e0 vivre pour nous les parents ! Alors pour faire en sorte que cette premi\u00e8re s\u00e9paration se passe en douceur et pour vous aider \u00e0 vous organiser, voici quelques <strong>indispensables<\/strong> pour pr\u00e9parer la rentr\u00e9e de votre tout-petit \u00e0 la cr\u00e8che ! Cette liste est bien \u00e9videmment valable si votre petit bout va chez nounou !<\/p>\n\n\n\n<h2 class=\"wp-block-heading\">Les indispensables pour rentrer \u00e0 la cr\u00e8che<\/h2>\n\n\n\n<p>Cette liste est loin d&rsquo;\u00eatre exhaustive, mais voici les <strong>essentiels<\/strong> \u00e0 fournir pour que votre enfant ne manque de rien !<\/p>\n\n\n\n<ul class=\"wp-block-list\">\n<li>Linge de rechange (\u00e0 renouveler r\u00e9guli\u00e8rement car nos petits grandissent vite \u00e0 cet \u00e2ge-l\u00e0)<\/li>\n\n\n\n<li>Doudou<\/li>\n\n\n\n<li>Gigoteuse<\/li>\n\n\n\n<li>Bavoirs<\/li>\n\n\n\n<li>T\u00e9tine (+\/- attache-t\u00e9tine)<\/li>\n\n\n\n<li>Biberons (certaines cr\u00e8ches les fournissent)<\/li>\n\n\n\n<li>Lunettes de soleil<\/li>\n\n\n\n<li>Casquette, chapeau ou bonnet selon la saison<\/li>\n\n\n\n<li>Bottes de pluie, chaussons<\/li>\n<\/ul>\n\n\n\n<p>Le lait infantile, les couches et les produits pour le change sont g\u00e9n\u00e9ralement fournis par la cr\u00e8che, veillez tout de m\u00eame \u00e0 vous renseigner en amont. Dans le cas o\u00f9 vous pr\u00e9f\u00e9rez utilisez des produits sp\u00e9cifiques, sachez qu&rsquo;une ordonnance vous sera demand\u00e9e (m\u00eame pour des lingettes !) . Contrairement \u00e0 la cr\u00e8che, chez nounou, il est g\u00e9n\u00e9ralement n\u00e9cessaire de fournir les produits d&rsquo;hygi\u00e8ne (couches, lingettes, cotons, lotion nettoyante, liniment, cr\u00e8me hydratante) !<\/p>\n\n\n\n<h2 class=\"wp-block-heading\">Les indispensables pour ne rien \u00e9garer \u00e0 la cr\u00e8che !<\/h2>\n\n\n\n<h3 class=\"wp-block-heading\">Marquer les v\u00eatements de b\u00e9b\u00e9<\/h3>\n\n\n\n<p>Tous les parents fournissent beaucoup de linge \u00e0 la cr\u00e8che, et il est parfois compliqu\u00e9 pour le personnel de la cr\u00e8che de s&rsquo;y retrouver !<\/p>\n\n\n\n<p>Alors pour \u00eatre s\u00fbr de retrouver tous les v\u00eatements et affaires de rechange de votre petit bout \u00e0 la fin de la journ\u00e9e, l&rsquo;id\u00e9al, c&rsquo;est de les marquer ! Con\u00e7ues pour qu&rsquo;il n&rsquo;y ait plus de confusion de v\u00eatements, nos <strong>\u00e9tiquettes v\u00eatements<\/strong> sont personnalisables et disponibles en version thermocollante ou autocollante.<\/p>\n\n\n\n<p>Les <a href=\"https:\/\/www.a-qui-s.fr\/etiquettes-vetements-thermocollantes\"><strong>\u00e9tiquettes<\/strong> <strong>thermocollantes<\/strong><\/a> sont con\u00e7ues pour marquer les v\u00eatements et tout type de tissu ou textile pouvant \u00eatre repass\u00e9. Elles se posent facilement (en moins de 8 secondes) avec un fer \u00e0 repasser et sont con\u00e7ues pour r\u00e9sister aux lavages et s\u00e9chages en machine (pendant 10 ans maximum).<\/p>\n\n\n\n<p>Les <a href=\"https:\/\/www.a-qui-s.fr\/etiquettes-vetements-autocollantes\"><strong>\u00e9tiquettes autocollantes <\/strong><\/a>se collent directement sur l\u2019\u00e9tiquette de marque ou de composition du v\u00eatement. Ces \u00e9tiquettes<strong> adh\u00e9sives<\/strong> peuvent aussi se coller directement sur les tissus synth\u00e9tiques, type polyester (maillots de bain, les K-way\u00ae, T-shirts polyester, casquettes). Elles r\u00e9sistent aux lavages en machine (60\u00b0) et s\u2019enl\u00e8vent plus facilement que les \u00e9tiquettes thermocollantes si vous souhaitez donner ou revendre le v\u00eatement.<\/p>\n\n\n\n<p>Toutes les \u00e9tiquettes sont imprim\u00e9es avec une <strong>encre sans solvant<\/strong> pour respecter la peau des b\u00e9b\u00e9s.<\/p>\n\n\n\n<h3 class=\"wp-block-heading\">Marquer le mat\u00e9riel et les objets<\/h3>\n\n\n\n<p>Vous avez aussi la possibilit\u00e9 de marquer le mat\u00e9riel que vous fournissez \u00e0 la cr\u00e8che pour ne pas l&rsquo;\u00e9garer !<\/p>\n\n\n\n<p>Les <a href=\"https:\/\/www.a-qui-s.fr\/etiquettes-autocollantes-rondes\"><strong>autocollants ronds<\/strong><\/a> permettent de marquer au nom de votre enfant <strong>biberons<\/strong>, <strong>t\u00e9tines<\/strong> et <strong>bo\u00eetes \u00e0 go\u00fbter<\/strong>.<\/p>\n\n\n\n<figure class=\"wp-block-image aligncenter is-resized\"><img decoding=\"async\" src=\"https:\/\/images.a-qui-s.fr\/image\/upload\/v1664203895\/produits\/PK2\/AquiS-pack-etiquette-personnalise-creche.jpg\" alt=\"\" style=\"width:344px;height:auto\"\/><figcaption class=\"wp-element-caption\">Les autocollants \u00e0 personnaliser<\/figcaption><\/figure>\n\n\n\n<p><\/p>\n\n\n\n<p>Chez nounou, vous pouvez \u00e9galement marquer ses petites affaires personnelles&nbsp;avec des <a href=\"https:\/\/www.a-qui-s.fr\/petites-etiquettes-autocollantes\"><strong>petits autocollants<\/strong><\/a> (\u00e9osine, cr\u00e8me de change, liniment, eau nettoyante, lait de toilette, cr\u00e8me hydratante, s\u00e9rum physiologique, cr\u00e8me arnica, cr\u00e8me solaire, lunettes de soleil, thermom\u00e8tre).<\/p>\n\n\n\n<p>Les <a href=\"https:\/\/www.a-qui-s.fr\/etiquettes-autocollantes-rectangulaires\"><strong>autocollants rectangulaires<\/strong><\/a> peuvent aussi vous permettre de personnaliser le carnet de liaison, le sac et les petites affaires de votre enfant.<\/p>\n\n\n\n<p>Enfin, nos <a href=\"https:\/\/www.a-qui-s.fr\/etiquettes-autocollantes-chaussures\"><strong>autocollants pour chaussures<\/strong><\/a> vous permettront de marquer les petits chaussons, les petites chaussures et les bottes de pluie de b\u00e9b\u00e9.<\/p>\n\n\n\n<h3 class=\"wp-block-heading\">Marquer le doudou<\/h3>\n\n\n\n<p>Ne perdez plus jamais le compagnon pr\u00e9f\u00e9r\u00e9 de votre enfant !<\/p>\n\n\n\n<p>Nos \u00e9tiquettes pour doudou ont \u00e9t\u00e9 con\u00e7ues pour pallier le probl\u00e8me du doudou perdu ! <strong>Thermocollantes<\/strong>, ces \u00e9tiquettes sont personnalisables et adapt\u00e9es \u00e0 tous les doudous en tissu pouvant \u00eatre repass\u00e9s. Elles r\u00e9sistent aux lavages en machine \u00e0 60\u00b0 et au s\u00e8che-linge ! Certifi\u00e9es Oeko-Tex, ces \u00e9tiquettes sont imprim\u00e9es avec des encres sans solvant et de nombreux th\u00e8mes sont disponibles.<\/p>\n\n\n\n<figure class=\"wp-block-image aligncenter is-resized\"><img decoding=\"async\" src=\"https:\/\/images.a-qui-s.fr\/image\/upload\/v1664205481\/produits\/AQDD1\/2-Etiquette-doudou.jpg\" alt=\"\" style=\"width:360px;height:auto\"\/><figcaption class=\"wp-element-caption\">Etiquette doudou thermo-collantes<\/figcaption><\/figure>\n\n\n\n<h3 class=\"wp-block-heading\"><\/h3>\n\n\n\n<h3 class=\"wp-block-heading\">Vous pr\u00e9f\u00e9rez la couture ? D\u00e9couvrez nos \u00e9tiquettes \u00e0 coudre !<\/h3>\n\n\n\n<p>Pour les doudous les plus fragiles, aux poils longs ou dont la mati\u00e8re ne supporte pas la chaleur du fer \u00e0 repasser, nous proposons \u00e9galement nos <strong>\u00e9tiquettes \u00e0 coudre<\/strong>.<\/p>\n\n\n\n<ul class=\"wp-block-list\">\n<li><strong>Douceur garantie :<\/strong> Elles respectent la peau sensible des tout-petits et ne grattent pas.<\/li>\n\n\n\n<li><strong>Durabilit\u00e9 extr\u00eame :<\/strong> Une fois cousues, elles font corps avec le doudou et ne bougent plus, m\u00eame apr\u00e8s des ann\u00e9es de c\u00e2lins et de lavages intensifs.<\/li>\n<\/ul>\n\n\n\n<p>Qu\u2019elles soient \u00e0 coller ou \u00e0 coudre, nos \u00e9tiquettes portent fi\u00e8rement le nom de votre enfant pour que son pr\u00e9cieux compagnon retrouve toujours le chemin de la maison.<\/p>\n\n\n\n<p><\/p>\n\n\n\n<figure class=\"wp-block-image aligncenter size-large is-resized\"><img decoding=\"async\" src=\"https:\/\/images.a-qui-s.fr\/image\/upload\/v1766756956\/BLOG\/01_etiquette-doudou-personalisee.jpg\" alt=\"\" style=\"width:366px;height:auto\"\/><figcaption class=\"wp-element-caption\">Etiquette doudou \u00e0 coudre <\/figcaption><\/figure>\n\n\n\n<h4 class=\"wp-block-heading\">Le sac doudou en coton<\/h4>\n\n\n\n<p>Avec ses anses originales en formes d&rsquo;oreilles de lapin, le <a href=\"https:\/\/www.a-qui-s.fr\/sac-doudou-personalise\"><strong>sac doudou personnalis\u00e9<\/strong><\/a> suivra son petit propri\u00e9taire partout ! A la cr\u00e8che, chez nounou, il pourra m\u00eame l&rsquo;accompagner sur les bancs de l&rsquo;\u00e9cole maternelle !<\/p>\n\n\n\n<p>Vous pourrez y glisser le linge et les petites affaires de b\u00e9b\u00e9, des petits jouets\u2026 mais surtout, son doudou !<\/p>\n\n\n\n<figure class=\"wp-block-image aligncenter is-resized\"><img decoding=\"async\" src=\"https:\/\/images.a-qui-s.fr\/image\/upload\/v1632494519\/produits\/SLAD\/sac-doudou-personnalise-aquis.jpg\" alt=\"\" style=\"width:330px;height:auto\"\/><figcaption class=\"wp-element-caption\">Le sac \u00e0 doudou en coton<\/figcaption><\/figure>\n\n\n\n<p><\/p>\n\n\n\n<h4 class=\"wp-block-heading\">Le sac en coton personnalis\u00e9<\/h4>\n\n\n\n<p>Disponible en 3 tailles diff\u00e9rentes, l&rsquo;A-qui-Pocket\u00ae,<a href=\"https:\/\/www.a-qui-s.fr\/sac-coton-personnalise\"><strong> sac en coton personnalis\u00e9<\/strong><\/a>, s&rsquo;adapte \u00e0 tous vos besoins, et se glisse partout ! On vous propose 28 th\u00e8mes pour le personnaliser selon l&rsquo;utilit\u00e9 que vous en aurez : \u00ab\u00a0Les affaires de rechange de &#8230;\u00a0\u00bb ; \u00ab\u00a0Les affaires de cr\u00e8che de &#8230;\u00a0\u00bb ; \u00ab\u00a0Les livres de biblioth\u00e8que de &#8230;\u00a0\u00bb ; \u00ab\u00a0Le linge sale de &#8230;\u00a0\u00bb et bien plus encore !<\/p>\n\n\n\n<figure class=\"wp-block-image aligncenter\"><img decoding=\"async\" src=\"https:\/\/images.a-qui-s.fr\/image\/upload\/v1658913293\/produits\/SPM\/1aquis-pocket-2022-800x800.jpg\" alt=\"\"\/><\/figure>\n\n\n\n<p><\/p>\n\n\n\n<p>&nbsp;<\/p>\n\n\n\n<p>On esp\u00e8re que cette petite liste d&rsquo;indispensables vous aidera \u00e0 organiser plus sereinement la rentr\u00e9e de votre enfant \u00e0 la cr\u00e8che ! D&rsquo;ailleurs, pour vous aider \u00e0 y voir plus clair, nous avons con\u00e7u un <a href=\"https:\/\/www.a-qui-s.fr\/pack-etiquettes-creche\"><strong>Pack \u00e9tiquettes Sp\u00e9cial Cr\u00e8che<\/strong><\/a> ! Pas mal, non ?<\/p>\n\n\n\n<p>On souhaite une excellente rentr\u00e9e \u00e0 tous vos petitous ! A bient\u00f4t \ud83d\ude09<\/p>\n\n\n\n<p>&nbsp;<\/p>\n\n\n\n<h3 class=\"wp-block-heading\"><\/h3>\n","protected":false},"excerpt":{"rendered":"<p>Vous reprenez le travail et votre petit bout s&rsquo;appr\u00eate \u00e0 rentrer \u00e0 la cr\u00e8che pour la premi\u00e8re fois ? Cette \u00e9tape, pourtant n\u00e9cessaire, n&rsquo;est pas toujours \u00e9vidente \u00e0 vivre pour nous les parents ! Alors pour faire en sorte que cette premi\u00e8re s\u00e9paration se passe en douceur et pour vous aider \u00e0 vous organiser, voici [&hellip;]<\/p>\n","protected":false},"author":2,"featured_media":19732,"comment_status":"open","ping_status":"open","sticky":false,"template":"","format":"standard","meta":{"_acf_changed":false,"fifu_image_url":"https:\/\/res.cloudinary.com\/aquis\/image\/upload\/v1664203895\/produits\/PK2\/AquiS-pack-etiquette-personnalise-creche.jpg","fifu_image_alt":"1\u00e8re rentr\u00e9e \u00e0 la cr\u00e8che : les indispensables pour une organisation au top !","footnotes":""},"categories":[55],"tags":[],"class_list":["post-16967","post","type-post","status-publish","format-standard","has-post-thumbnail","hentry","category-trucs-et-astuces"],"acf":[],"yoast_head":"<!-- This site is optimized with the Yoast SEO plugin v27.0 - https:\/\/yoast.com\/product\/yoast-seo-wordpress\/ -->\n<title>1\u00e8re rentr\u00e9e \u00e0 la cr\u00e8che : les indispensables pour une organisation au top !<\/title>\n<meta name=\"description\" content=\"Votre petit bout s&#039;appr\u00eate \u00e0 rentrer \u00e0 la cr\u00e8che ? Voici des indispensables pour organiser et pr\u00e9parer sa rentr\u00e9e \u00e0 la cr\u00e8che sereinement !\" \/>\n<meta name=\"robots\" content=\"index, follow, max-snippet:-1, max-image-preview:large, max-video-preview:-1\" \/>\n<link rel=\"canonical\" href=\"https:\/\/www.a-qui-s.fr\/le-blog\/trucs-et-astuces\/1ere-rentree-a-la-creche-les-indispensables-pour-une-organisation-au-top\/\" \/>\n<meta property=\"og:locale\" content=\"fr_FR\" \/>\n<meta property=\"og:type\" content=\"article\" \/>\n<meta property=\"og:title\" content=\"1\u00e8re rentr\u00e9e \u00e0 la cr\u00e8che : les indispensables pour une organisation au top !\" \/>\n<meta property=\"og:description\" content=\"Votre petit bout s&#039;appr\u00eate \u00e0 rentrer \u00e0 la cr\u00e8che ? Voici des indispensables pour organiser et pr\u00e9parer sa rentr\u00e9e \u00e0 la cr\u00e8che sereinement !\" \/>\n<meta property=\"og:url\" content=\"https:\/\/www.a-qui-s.fr\/le-blog\/trucs-et-astuces\/1ere-rentree-a-la-creche-les-indispensables-pour-une-organisation-au-top\/\" \/>\n<meta property=\"og:site_name\" content=\"LE BLOG d&#039;A-qui-S\" \/>\n<meta property=\"article:publisher\" content=\"https:\/\/www.facebook.com\/AquiS\/\" \/>\n<meta property=\"article:published_time\" content=\"2025-12-26T16:05:52+00:00\" \/>\n<meta property=\"article:modified_time\" content=\"2025-12-26T16:09:04+00:00\" \/>\n<meta property=\"og:image\" content=\"https:\/\/res.cloudinary.com\/aquis\/image\/upload\/v1664203895\/produits\/PK2\/AquiS-pack-etiquette-personnalise-creche.jpg\" \/>\n<meta name=\"author\" content=\"Louise de A-qui-S\" \/>\n<meta name=\"twitter:card\" content=\"summary_large_image\" \/>\n<meta name=\"twitter:image\" content=\"https:\/\/res.cloudinary.com\/aquis\/image\/upload\/v1664203895\/produits\/PK2\/AquiS-pack-etiquette-personnalise-creche.jpg\" \/>\n<meta name=\"twitter:creator\" content=\"@aquis_fr\" \/>\n<meta name=\"twitter:site\" content=\"@aquis_fr\" \/>\n<meta name=\"twitter:label1\" content=\"Written by\" \/>\n\t<meta name=\"twitter:data1\" content=\"Louise de A-qui-S\" \/>\n\t<meta name=\"twitter:label2\" content=\"Est. reading time\" \/>\n\t<meta name=\"twitter:data2\" content=\"6 minutes\" \/>\n<script type=\"application\/ld+json\" class=\"yoast-schema-graph\">{\"@context\":\"https:\/\/schema.org\",\"@graph\":[{\"@type\":\"Article\",\"@id\":\"https:\/\/www.a-qui-s.fr\/le-blog\/trucs-et-astuces\/1ere-rentree-a-la-creche-les-indispensables-pour-une-organisation-au-top\/#article\",\"isPartOf\":{\"@id\":\"https:\/\/www.a-qui-s.fr\/le-blog\/trucs-et-astuces\/1ere-rentree-a-la-creche-les-indispensables-pour-une-organisation-au-top\/\"},\"author\":{\"name\":\"Louise de A-qui-S\",\"@id\":\"https:\/\/www.a-qui-s.fr\/le-blog\/#\/schema\/person\/d98098c165f4481653780d6fa061f531\"},\"headline\":\"1\u00e8re rentr\u00e9e \u00e0 la cr\u00e8che : les indispensables pour une organisation au top !\",\"datePublished\":\"52+00:00\",\"dateModified\":\"04+00:00\",\"mainEntityOfPage\":{\"@id\":\"https:\/\/www.a-qui-s.fr\/le-blog\/trucs-et-astuces\/1ere-rentree-a-la-creche-les-indispensables-pour-une-organisation-au-top\/\"},\"wordCount\":1016,\"commentCount\":0,\"publisher\":{\"@id\":\"https:\/\/www.a-qui-s.fr\/le-blog\/#organization\"},\"image\":{\"@id\":\"https:\/\/www.a-qui-s.fr\/le-blog\/trucs-et-astuces\/1ere-rentree-a-la-creche-les-indispensables-pour-une-organisation-au-top\/#primaryimage\"},\"thumbnailUrl\":\"https:\/\/res.cloudinary.com\/aquis\/image\/upload\/v1664203895\/produits\/PK2\/AquiS-pack-etiquette-personnalise-creche.jpg\",\"articleSection\":[\"Trucs et Astuces\"],\"inLanguage\":\"fr-FR\",\"potentialAction\":[{\"@type\":\"CommentAction\",\"name\":\"Comment\",\"target\":[\"https:\/\/www.a-qui-s.fr\/le-blog\/trucs-et-astuces\/1ere-rentree-a-la-creche-les-indispensables-pour-une-organisation-au-top\/#respond\"]}]},{\"@type\":\"WebPage\",\"@id\":\"https:\/\/www.a-qui-s.fr\/le-blog\/trucs-et-astuces\/1ere-rentree-a-la-creche-les-indispensables-pour-une-organisation-au-top\/\",\"url\":\"https:\/\/www.a-qui-s.fr\/le-blog\/trucs-et-astuces\/1ere-rentree-a-la-creche-les-indispensables-pour-une-organisation-au-top\/\",\"name\":\"1\u00e8re rentr\u00e9e \u00e0 la cr\u00e8che : les indispensables pour une organisation au top !\",\"isPartOf\":{\"@id\":\"https:\/\/www.a-qui-s.fr\/le-blog\/#website\"},\"primaryImageOfPage\":{\"@id\":\"https:\/\/www.a-qui-s.fr\/le-blog\/trucs-et-astuces\/1ere-rentree-a-la-creche-les-indispensables-pour-une-organisation-au-top\/#primaryimage\"},\"image\":{\"@id\":\"https:\/\/www.a-qui-s.fr\/le-blog\/trucs-et-astuces\/1ere-rentree-a-la-creche-les-indispensables-pour-une-organisation-au-top\/#primaryimage\"},\"thumbnailUrl\":\"https:\/\/res.cloudinary.com\/aquis\/image\/upload\/v1664203895\/produits\/PK2\/AquiS-pack-etiquette-personnalise-creche.jpg\",\"datePublished\":\"52+00:00\",\"dateModified\":\"04+00:00\",\"description\":\"Votre petit bout s'appr\u00eate \u00e0 rentrer \u00e0 la cr\u00e8che ? Voici des indispensables pour organiser et pr\u00e9parer sa rentr\u00e9e \u00e0 la cr\u00e8che sereinement !\",\"breadcrumb\":{\"@id\":\"https:\/\/www.a-qui-s.fr\/le-blog\/trucs-et-astuces\/1ere-rentree-a-la-creche-les-indispensables-pour-une-organisation-au-top\/#breadcrumb\"},\"inLanguage\":\"fr-FR\",\"potentialAction\":[{\"@type\":\"ReadAction\",\"target\":[\"https:\/\/www.a-qui-s.fr\/le-blog\/trucs-et-astuces\/1ere-rentree-a-la-creche-les-indispensables-pour-une-organisation-au-top\/\"]}]},{\"@type\":\"ImageObject\",\"inLanguage\":\"fr-FR\",\"@id\":\"https:\/\/www.a-qui-s.fr\/le-blog\/trucs-et-astuces\/1ere-rentree-a-la-creche-les-indispensables-pour-une-organisation-au-top\/#primaryimage\",\"url\":\"https:\/\/res.cloudinary.com\/aquis\/image\/upload\/v1664203895\/produits\/PK2\/AquiS-pack-etiquette-personnalise-creche.jpg\",\"contentUrl\":\"https:\/\/res.cloudinary.com\/aquis\/image\/upload\/v1664203895\/produits\/PK2\/AquiS-pack-etiquette-personnalise-creche.jpg\",\"width\":\"800\",\"height\":\"800\",\"caption\":\"1\u00e8re rentr\u00e9e \u00e0 la cr\u00e8che : les indispensables pour une organisation au top !\"},{\"@type\":\"BreadcrumbList\",\"@id\":\"https:\/\/www.a-qui-s.fr\/le-blog\/trucs-et-astuces\/1ere-rentree-a-la-creche-les-indispensables-pour-une-organisation-au-top\/#breadcrumb\",\"itemListElement\":[{\"@type\":\"ListItem\",\"position\":1,\"name\":\"Accueil\",\"item\":\"https:\/\/www.a-qui-s.fr\/le-blog\/\"},{\"@type\":\"ListItem\",\"position\":2,\"name\":\"Trucs et Astuces\",\"item\":\"https:\/\/www.a-qui-s.fr\/le-blog\/category\/trucs-et-astuces\/\"},{\"@type\":\"ListItem\",\"position\":3,\"name\":\"1\u00e8re rentr\u00e9e \u00e0 la cr\u00e8che : les indispensables pour une organisation au top !\"}]},{\"@type\":\"WebSite\",\"@id\":\"https:\/\/www.a-qui-s.fr\/le-blog\/#website\",\"url\":\"https:\/\/www.a-qui-s.fr\/le-blog\/\",\"name\":\"LE BLOG d&#039;A-qui-S\",\"description\":\"La communaut\u00e9 des &quot;Pas-Perdus&quot;\",\"publisher\":{\"@id\":\"https:\/\/www.a-qui-s.fr\/le-blog\/#organization\"},\"potentialAction\":[{\"@type\":\"SearchAction\",\"target\":{\"@type\":\"EntryPoint\",\"urlTemplate\":\"https:\/\/www.a-qui-s.fr\/le-blog\/?s={search_term_string}\"},\"query-input\":{\"@type\":\"PropertyValueSpecification\",\"valueRequired\":true,\"valueName\":\"search_term_string\"}}],\"inLanguage\":\"fr-FR\"},{\"@type\":\"Organization\",\"@id\":\"https:\/\/www.a-qui-s.fr\/le-blog\/#organization\",\"name\":\"Etiquettes & compagnie\",\"url\":\"https:\/\/www.a-qui-s.fr\/le-blog\/\",\"logo\":{\"@type\":\"ImageObject\",\"inLanguage\":\"fr-FR\",\"@id\":\"https:\/\/www.a-qui-s.fr\/le-blog\/#\/schema\/logo\/image\/\",\"url\":\"https:\/\/www.a-qui-s.fr\/le-blog\/wp-content\/uploads\/2015\/05\/logo_a-qui-s.png\",\"contentUrl\":\"https:\/\/www.a-qui-s.fr\/le-blog\/wp-content\/uploads\/2015\/05\/logo_a-qui-s.png\",\"width\":132,\"height\":59,\"caption\":\"Etiquettes & compagnie\"},\"image\":{\"@id\":\"https:\/\/www.a-qui-s.fr\/le-blog\/#\/schema\/logo\/image\/\"},\"sameAs\":[\"https:\/\/www.facebook.com\/AquiS\/\",\"https:\/\/x.com\/aquis_fr\"]},{\"@type\":\"Person\",\"@id\":\"https:\/\/www.a-qui-s.fr\/le-blog\/#\/schema\/person\/d98098c165f4481653780d6fa061f531\",\"name\":\"Louise de A-qui-S\",\"image\":{\"@type\":\"ImageObject\",\"inLanguage\":\"fr-FR\",\"@id\":\"https:\/\/www.a-qui-s.fr\/le-blog\/#\/schema\/person\/image\/\",\"url\":\"https:\/\/secure.gravatar.com\/avatar\/7a713547ddd2e0fc4130ec55978934dc3f12ef2095fa1cba20e2f0efcd0728c4?s=96&d=mm&r=g\",\"contentUrl\":\"https:\/\/secure.gravatar.com\/avatar\/7a713547ddd2e0fc4130ec55978934dc3f12ef2095fa1cba20e2f0efcd0728c4?s=96&d=mm&r=g\",\"caption\":\"Louise de A-qui-S\"},\"url\":\"https:\/\/www.a-qui-s.fr\/le-blog\/author\/julia\/\"}]}<\/script>\n<!-- \/ Yoast SEO plugin. -->","yoast_head_json":{"title":"1\u00e8re rentr\u00e9e \u00e0 la cr\u00e8che : les indispensables pour une organisation au top !","description":"Votre petit bout s'appr\u00eate \u00e0 rentrer \u00e0 la cr\u00e8che ? Voici des indispensables pour organiser et pr\u00e9parer sa rentr\u00e9e \u00e0 la cr\u00e8che sereinement !","robots":{"index":"index","follow":"follow","max-snippet":"max-snippet:-1","max-image-preview":"max-image-preview:large","max-video-preview":"max-video-preview:-1"},"canonical":"https:\/\/www.a-qui-s.fr\/le-blog\/trucs-et-astuces\/1ere-rentree-a-la-creche-les-indispensables-pour-une-organisation-au-top\/","og_locale":"fr_FR","og_type":"article","og_title":"1\u00e8re rentr\u00e9e \u00e0 la cr\u00e8che : les indispensables pour une organisation au top !","og_description":"Votre petit bout s'appr\u00eate \u00e0 rentrer \u00e0 la cr\u00e8che ? Voici des indispensables pour organiser et pr\u00e9parer sa rentr\u00e9e \u00e0 la cr\u00e8che sereinement !","og_url":"https:\/\/www.a-qui-s.fr\/le-blog\/trucs-et-astuces\/1ere-rentree-a-la-creche-les-indispensables-pour-une-organisation-au-top\/","og_site_name":"LE BLOG d&#039;A-qui-S","article_publisher":"https:\/\/www.facebook.com\/AquiS\/","article_published_time":"2025-12-26T16:05:52+00:00","article_modified_time":"2025-12-26T16:09:04+00:00","og_image":[{"url":"https:\/\/res.cloudinary.com\/aquis\/image\/upload\/v1664203895\/produits\/PK2\/AquiS-pack-etiquette-personnalise-creche.jpg","type":"","width":"","height":""}],"author":"Louise de A-qui-S","twitter_card":"summary_large_image","twitter_image":"https:\/\/res.cloudinary.com\/aquis\/image\/upload\/v1664203895\/produits\/PK2\/AquiS-pack-etiquette-personnalise-creche.jpg","twitter_creator":"@aquis_fr","twitter_site":"@aquis_fr","twitter_misc":{"Written by":"Louise de A-qui-S","Est. reading time":"6 minutes"},"schema":{"@context":"https:\/\/schema.org","@graph":[{"@type":"Article","@id":"https:\/\/www.a-qui-s.fr\/le-blog\/trucs-et-astuces\/1ere-rentree-a-la-creche-les-indispensables-pour-une-organisation-au-top\/#article","isPartOf":{"@id":"https:\/\/www.a-qui-s.fr\/le-blog\/trucs-et-astuces\/1ere-rentree-a-la-creche-les-indispensables-pour-une-organisation-au-top\/"},"author":{"name":"Louise de A-qui-S","@id":"https:\/\/www.a-qui-s.fr\/le-blog\/#\/schema\/person\/d98098c165f4481653780d6fa061f531"},"headline":"1\u00e8re rentr\u00e9e \u00e0 la cr\u00e8che : les indispensables pour une organisation au top !","datePublished":"52+00:00","dateModified":"04+00:00","mainEntityOfPage":{"@id":"https:\/\/www.a-qui-s.fr\/le-blog\/trucs-et-astuces\/1ere-rentree-a-la-creche-les-indispensables-pour-une-organisation-au-top\/"},"wordCount":1016,"commentCount":0,"publisher":{"@id":"https:\/\/www.a-qui-s.fr\/le-blog\/#organization"},"image":{"@id":"https:\/\/www.a-qui-s.fr\/le-blog\/trucs-et-astuces\/1ere-rentree-a-la-creche-les-indispensables-pour-une-organisation-au-top\/#primaryimage"},"thumbnailUrl":"https:\/\/res.cloudinary.com\/aquis\/image\/upload\/v1664203895\/produits\/PK2\/AquiS-pack-etiquette-personnalise-creche.jpg","articleSection":["Trucs et Astuces"],"inLanguage":"fr-FR","potentialAction":[{"@type":"CommentAction","name":"Comment","target":["https:\/\/www.a-qui-s.fr\/le-blog\/trucs-et-astuces\/1ere-rentree-a-la-creche-les-indispensables-pour-une-organisation-au-top\/#respond"]}]},{"@type":"WebPage","@id":"https:\/\/www.a-qui-s.fr\/le-blog\/trucs-et-astuces\/1ere-rentree-a-la-creche-les-indispensables-pour-une-organisation-au-top\/","url":"https:\/\/www.a-qui-s.fr\/le-blog\/trucs-et-astuces\/1ere-rentree-a-la-creche-les-indispensables-pour-une-organisation-au-top\/","name":"1\u00e8re rentr\u00e9e \u00e0 la cr\u00e8che : les indispensables pour une organisation au top !","isPartOf":{"@id":"https:\/\/www.a-qui-s.fr\/le-blog\/#website"},"primaryImageOfPage":{"@id":"https:\/\/www.a-qui-s.fr\/le-blog\/trucs-et-astuces\/1ere-rentree-a-la-creche-les-indispensables-pour-une-organisation-au-top\/#primaryimage"},"image":{"@id":"https:\/\/www.a-qui-s.fr\/le-blog\/trucs-et-astuces\/1ere-rentree-a-la-creche-les-indispensables-pour-une-organisation-au-top\/#primaryimage"},"thumbnailUrl":"https:\/\/res.cloudinary.com\/aquis\/image\/upload\/v1664203895\/produits\/PK2\/AquiS-pack-etiquette-personnalise-creche.jpg","datePublished":"52+00:00","dateModified":"04+00:00","description":"Votre petit bout s'appr\u00eate \u00e0 rentrer \u00e0 la cr\u00e8che ? Voici des indispensables pour organiser et pr\u00e9parer sa rentr\u00e9e \u00e0 la cr\u00e8che sereinement !","breadcrumb":{"@id":"https:\/\/www.a-qui-s.fr\/le-blog\/trucs-et-astuces\/1ere-rentree-a-la-creche-les-indispensables-pour-une-organisation-au-top\/#breadcrumb"},"inLanguage":"fr-FR","potentialAction":[{"@type":"ReadAction","target":["https:\/\/www.a-qui-s.fr\/le-blog\/trucs-et-astuces\/1ere-rentree-a-la-creche-les-indispensables-pour-une-organisation-au-top\/"]}]},{"@type":"ImageObject","inLanguage":"fr-FR","@id":"https:\/\/www.a-qui-s.fr\/le-blog\/trucs-et-astuces\/1ere-rentree-a-la-creche-les-indispensables-pour-une-organisation-au-top\/#primaryimage","url":"https:\/\/res.cloudinary.com\/aquis\/image\/upload\/v1664203895\/produits\/PK2\/AquiS-pack-etiquette-personnalise-creche.jpg","contentUrl":"https:\/\/res.cloudinary.com\/aquis\/image\/upload\/v1664203895\/produits\/PK2\/AquiS-pack-etiquette-personnalise-creche.jpg","width":"800","height":"800","caption":"1\u00e8re rentr\u00e9e \u00e0 la cr\u00e8che : les indispensables pour une organisation au top !"},{"@type":"BreadcrumbList","@id":"https:\/\/www.a-qui-s.fr\/le-blog\/trucs-et-astuces\/1ere-rentree-a-la-creche-les-indispensables-pour-une-organisation-au-top\/#breadcrumb","itemListElement":[{"@type":"ListItem","position":1,"name":"Accueil","item":"https:\/\/www.a-qui-s.fr\/le-blog\/"},{"@type":"ListItem","position":2,"name":"Trucs et Astuces","item":"https:\/\/www.a-qui-s.fr\/le-blog\/category\/trucs-et-astuces\/"},{"@type":"ListItem","position":3,"name":"1\u00e8re rentr\u00e9e \u00e0 la cr\u00e8che : les indispensables pour une organisation au top !"}]},{"@type":"WebSite","@id":"https:\/\/www.a-qui-s.fr\/le-blog\/#website","url":"https:\/\/www.a-qui-s.fr\/le-blog\/","name":"LE BLOG d&#039;A-qui-S","description":"La communaut\u00e9 des &quot;Pas-Perdus&quot;","publisher":{"@id":"https:\/\/www.a-qui-s.fr\/le-blog\/#organization"},"potentialAction":[{"@type":"SearchAction","target":{"@type":"EntryPoint","urlTemplate":"https:\/\/www.a-qui-s.fr\/le-blog\/?s={search_term_string}"},"query-input":{"@type":"PropertyValueSpecification","valueRequired":true,"valueName":"search_term_string"}}],"inLanguage":"fr-FR"},{"@type":"Organization","@id":"https:\/\/www.a-qui-s.fr\/le-blog\/#organization","name":"Etiquettes & compagnie","url":"https:\/\/www.a-qui-s.fr\/le-blog\/","logo":{"@type":"ImageObject","inLanguage":"fr-FR","@id":"https:\/\/www.a-qui-s.fr\/le-blog\/#\/schema\/logo\/image\/","url":"https:\/\/www.a-qui-s.fr\/le-blog\/wp-content\/uploads\/2015\/05\/logo_a-qui-s.png","contentUrl":"https:\/\/www.a-qui-s.fr\/le-blog\/wp-content\/uploads\/2015\/05\/logo_a-qui-s.png","width":132,"height":59,"caption":"Etiquettes & compagnie"},"image":{"@id":"https:\/\/www.a-qui-s.fr\/le-blog\/#\/schema\/logo\/image\/"},"sameAs":["https:\/\/www.facebook.com\/AquiS\/","https:\/\/x.com\/aquis_fr"]},{"@type":"Person","@id":"https:\/\/www.a-qui-s.fr\/le-blog\/#\/schema\/person\/d98098c165f4481653780d6fa061f531","name":"Louise de A-qui-S","image":{"@type":"ImageObject","inLanguage":"fr-FR","@id":"https:\/\/www.a-qui-s.fr\/le-blog\/#\/schema\/person\/image\/","url":"https:\/\/secure.gravatar.com\/avatar\/7a713547ddd2e0fc4130ec55978934dc3f12ef2095fa1cba20e2f0efcd0728c4?s=96&d=mm&r=g","contentUrl":"https:\/\/secure.gravatar.com\/avatar\/7a713547ddd2e0fc4130ec55978934dc3f12ef2095fa1cba20e2f0efcd0728c4?s=96&d=mm&r=g","caption":"Louise de A-qui-S"},"url":"https:\/\/www.a-qui-s.fr\/le-blog\/author\/julia\/"}]}},"_links":{"self":[{"href":"https:\/\/www.a-qui-s.fr\/le-blog\/wp-json\/wp\/v2\/posts\/16967","targetHints":{"allow":["GET"]}}],"collection":[{"href":"https:\/\/www.a-qui-s.fr\/le-blog\/wp-json\/wp\/v2\/posts"}],"about":[{"href":"https:\/\/www.a-qui-s.fr\/le-blog\/wp-json\/wp\/v2\/types\/post"}],"author":[{"embeddable":true,"href":"https:\/\/www.a-qui-s.fr\/le-blog\/wp-json\/wp\/v2\/users\/2"}],"replies":[{"embeddable":true,"href":"https:\/\/www.a-qui-s.fr\/le-blog\/wp-json\/wp\/v2\/comments?post=16967"}],"version-history":[{"count":6,"href":"https:\/\/www.a-qui-s.fr\/le-blog\/wp-json\/wp\/v2\/posts\/16967\/revisions"}],"predecessor-version":[{"id":20432,"href":"https:\/\/www.a-qui-s.fr\/le-blog\/wp-json\/wp\/v2\/posts\/16967\/revisions\/20432"}],"wp:featuredmedia":[{"embeddable":true,"href":"https:\/\/www.a-qui-s.fr\/le-blog\/wp-json\/wp\/v2\/media\/19732"}],"wp:attachment":[{"href":"https:\/\/www.a-qui-s.fr\/le-blog\/wp-json\/wp\/v2\/media?parent=16967"}],"wp:term":[{"taxonomy":"category","embeddable":true,"href":"https:\/\/www.a-qui-s.fr\/le-blog\/wp-json\/wp\/v2\/categories?post=16967"},{"taxonomy":"post_tag","embeddable":true,"href":"https:\/\/www.a-qui-s.fr\/le-blog\/wp-json\/wp\/v2\/tags?post=16967"}],"curies":[{"name":"wp","href":"https:\/\/api.w.org\/{rel}","templated":true}]}}