{"id":16108,"date":"2021-11-12T17:56:09","date_gmt":"2021-11-12T16:56:09","guid":{"rendered":"https:\/\/www.a-qui-s.fr\/le-blog\/?p=16108"},"modified":"2025-08-21T12:22:18","modified_gmt":"2025-08-21T11:22:18","slug":"hotte-solidaire-de-noel-organiser-une-collecte-solidaire","status":"publish","type":"post","link":"https:\/\/www.a-qui-s.fr\/le-blog\/a-qui-s-et-vous\/hotte-solidaire-de-noel-organiser-une-collecte-solidaire\/","title":{"rendered":"Hotte solidaire de No\u00ebl : organiser une collecte solidaire"},"content":{"rendered":"<p>No\u00ebl approche \u00e0 grand pas, c&rsquo;est un moment de partage appr\u00e9ci\u00e9 de tous. Et si cette ann\u00e9e on faisait plaisir aux autres en organisant une collecte solidaire ? On vous explique comment mettre en place une hotte solidaire de No\u00ebl !<\/p>\n<h2>Hotte solidaire de No\u00ebl : Qu&rsquo;est-ce que c&rsquo;est ?<\/h2>\n<p>Vous \u00eates membre d&rsquo;une association ou professeur des \u00e9coles ou encore parents d&rsquo;\u00e9l\u00e8ves ou bien plus encore ? Vous pouvez recevoir une hotte de No\u00ebl pour organiser une collecte de cadeaux de No\u00ebl ! L&rsquo;objectif est de r\u00e9chauffer le coeur et de faire plaisir aux personnes isol\u00e9es et aux plus d\u00e9munis.<\/p>\n<h3>Commet \u00e7a fonctionne ?<\/h3>\n<p>Vous connaissez peut-\u00eatre des personnes qui seraient heureuses de recevoir une jolie attention \u00e0 No\u00ebl ? Des personnes \u00e2g\u00e9es en maison de retraite, des enfants hospitalis\u00e9s et qui n&rsquo;ont pas la chance de passer No\u00ebl entour\u00e9 de leur famille et qui ont besoin de r\u00e9confort.<\/p>\n<p>Alors pour faire preuve de solidarit\u00e9 envers toutes ces personnes, et pour recueillir un maximum d&rsquo;attentions, vous pouvez installer une <strong><a href=\"https:\/\/www.a-qui-s.fr\/sac-hotte-noel-personnalise\">hotte de No\u00ebl<\/a> <\/strong>dans un endroit tr\u00e8s fr\u00e9quent\u00e9 qui permettra \u00e0 chacun d&rsquo;y d\u00e9poser un petit quelque chose. Elle peut \u00eatre mise dans une \u00e9cole ou un local d&rsquo;association par exemple. Et, chaque jour de l&rsquo;Avent, chacun y d\u00e9pose un cadeau ! Lorsque la hotte est remplie, vous n&rsquo;avez plus qu&rsquo;\u00e0 la livrer \u00e0 son destinataire ! Sourire et paillettes dans les yeux garantis !<\/p>\n<h3>Que mettre dans la hotte ?<\/h3>\n<p><img fetchpriority=\"high\" decoding=\"async\" class=\" aligncenter\" src=\"https:\/\/images.a-qui-s.fr\/image\/upload\/v1636735176\/BLOG\/la-hotte-solidaire-noel.jpg\" width=\"520\" height=\"520\"><\/p>\n<h3>Comment participer \u00e0 la hotte solidaire de No\u00ebl ?<\/h3>\n<p>Pour participer \u00e0 la hotte solidaire de A-qui-S, c&rsquo;est tr\u00e8s simple. Il vous suffit de faire votre <a href=\"https:\/\/docs.google.com\/forms\/d\/e\/1FAIpQLSem1uq6Z0T0x_ayRNol_9wZ7CaCvSt2FcIF-IJJn9_U5MLuTg\/viewform?mc_cid=f8f21286d2&amp;mc_eid=UNIQID\"><b>demande juste ici <\/b><\/a>et si celle-ci r\u00e9pond \u00e0 un projet solidaire et collectif, nous vous enverrons <strong>gratuitement<\/strong> une hotte personnalis\u00e9e afin de d\u00e9buter la collecte de cadeaux et l&rsquo;offrir aux personnes qui ont besoin de r\u00e9confort durant cette p\u00e9riode !<\/p>\n","protected":false},"excerpt":{"rendered":"<p>No\u00ebl approche \u00e0 grand pas, c&rsquo;est un moment de partage appr\u00e9ci\u00e9 de tous. Et si cette ann\u00e9e on faisait plaisir aux autres en organisant une collecte solidaire ? On vous explique comment mettre en place une hotte solidaire de No\u00ebl ! Hotte solidaire de No\u00ebl : Qu&rsquo;est-ce que c&rsquo;est ? Vous \u00eates membre d&rsquo;une association [&hellip;]<\/p>\n","protected":false},"author":12,"featured_media":19814,"comment_status":"open","ping_status":"open","sticky":false,"template":"","format":"standard","meta":{"_acf_changed":false,"fifu_image_url":"https:\/\/images.a-qui-s.fr\/image\/upload\/v1636735539\/BLOG\/hotte-solidaire-aquis.jpg","fifu_image_alt":"Hotte solidaire de No\u00ebl","footnotes":""},"categories":[216],"tags":[],"class_list":["post-16108","post","type-post","status-publish","format-standard","has-post-thumbnail","hentry","category-a-qui-s-et-vous"],"acf":[],"yoast_head":"<!-- This site is optimized with the Yoast SEO plugin v27.0 - https:\/\/yoast.com\/product\/yoast-seo-wordpress\/ -->\n<title>Hotte solidaire de No\u00ebl : organiser une collecte solidaire -<\/title>\n<meta name=\"description\" content=\"La hotte solidaire de No\u00ebl by A-qui-S c&#039;est offrir de jolies attentions aux plus d\u00e9munis. On vous explique comment participer !\" \/>\n<meta name=\"robots\" content=\"index, follow, max-snippet:-1, max-image-preview:large, max-video-preview:-1\" \/>\n<link rel=\"canonical\" href=\"https:\/\/www.a-qui-s.fr\/le-blog\/a-qui-s-et-vous\/hotte-solidaire-de-noel-organiser-une-collecte-solidaire\/\" \/>\n<meta property=\"og:locale\" content=\"fr_FR\" \/>\n<meta property=\"og:type\" content=\"article\" \/>\n<meta property=\"og:title\" content=\"Hotte solidaire de No\u00ebl : organiser une collecte solidaire -\" \/>\n<meta property=\"og:description\" content=\"La hotte solidaire de No\u00ebl by A-qui-S c&#039;est offrir de jolies attentions aux plus d\u00e9munis. On vous explique comment participer !\" \/>\n<meta property=\"og:url\" content=\"https:\/\/www.a-qui-s.fr\/le-blog\/a-qui-s-et-vous\/hotte-solidaire-de-noel-organiser-une-collecte-solidaire\/\" \/>\n<meta property=\"og:site_name\" content=\"LE BLOG d&#039;A-qui-S\" \/>\n<meta property=\"article:publisher\" content=\"https:\/\/www.facebook.com\/AquiS\/\" \/>\n<meta property=\"article:published_time\" content=\"2021-11-12T16:56:09+00:00\" \/>\n<meta property=\"article:modified_time\" content=\"2025-08-21T11:22:18+00:00\" \/>\n<meta property=\"og:image\" content=\"https:\/\/images.a-qui-s.fr\/image\/upload\/v1636735539\/BLOG\/hotte-solidaire-aquis.jpg\" \/>\n<meta name=\"author\" content=\"Elisa\" \/>\n<meta name=\"twitter:card\" content=\"summary_large_image\" \/>\n<meta name=\"twitter:image\" content=\"https:\/\/images.a-qui-s.fr\/image\/upload\/v1636735539\/BLOG\/hotte-solidaire-aquis.jpg\" \/>\n<meta name=\"twitter:creator\" content=\"@aquis_fr\" \/>\n<meta name=\"twitter:site\" content=\"@aquis_fr\" \/>\n<meta name=\"twitter:label1\" content=\"Written by\" \/>\n\t<meta name=\"twitter:data1\" content=\"Elisa\" \/>\n\t<meta name=\"twitter:label2\" content=\"Est. reading time\" \/>\n\t<meta name=\"twitter:data2\" content=\"2 minutes\" \/>\n<script type=\"application\/ld+json\" class=\"yoast-schema-graph\">{\"@context\":\"https:\/\/schema.org\",\"@graph\":[{\"@type\":\"Article\",\"@id\":\"https:\/\/www.a-qui-s.fr\/le-blog\/a-qui-s-et-vous\/hotte-solidaire-de-noel-organiser-une-collecte-solidaire\/#article\",\"isPartOf\":{\"@id\":\"https:\/\/www.a-qui-s.fr\/le-blog\/a-qui-s-et-vous\/hotte-solidaire-de-noel-organiser-une-collecte-solidaire\/\"},\"author\":{\"name\":\"Elisa\",\"@id\":\"https:\/\/www.a-qui-s.fr\/le-blog\/#\/schema\/person\/51dc65c81b2bbb3339c2e639e68d816f\"},\"headline\":\"Hotte solidaire de No\u00ebl : organiser une collecte solidaire\",\"datePublished\":\"09+00:00\",\"dateModified\":\"18+00:00\",\"mainEntityOfPage\":{\"@id\":\"https:\/\/www.a-qui-s.fr\/le-blog\/a-qui-s-et-vous\/hotte-solidaire-de-noel-organiser-une-collecte-solidaire\/\"},\"wordCount\":338,\"commentCount\":0,\"publisher\":{\"@id\":\"https:\/\/www.a-qui-s.fr\/le-blog\/#organization\"},\"image\":{\"@id\":\"https:\/\/www.a-qui-s.fr\/le-blog\/a-qui-s-et-vous\/hotte-solidaire-de-noel-organiser-une-collecte-solidaire\/#primaryimage\"},\"thumbnailUrl\":\"https:\/\/images.a-qui-s.fr\/image\/upload\/v1636735539\/BLOG\/hotte-solidaire-aquis.jpg\",\"articleSection\":[\"A-qui-S &amp; Vous\"],\"inLanguage\":\"fr-FR\",\"potentialAction\":[{\"@type\":\"CommentAction\",\"name\":\"Comment\",\"target\":[\"https:\/\/www.a-qui-s.fr\/le-blog\/a-qui-s-et-vous\/hotte-solidaire-de-noel-organiser-une-collecte-solidaire\/#respond\"]}]},{\"@type\":\"WebPage\",\"@id\":\"https:\/\/www.a-qui-s.fr\/le-blog\/a-qui-s-et-vous\/hotte-solidaire-de-noel-organiser-une-collecte-solidaire\/\",\"url\":\"https:\/\/www.a-qui-s.fr\/le-blog\/a-qui-s-et-vous\/hotte-solidaire-de-noel-organiser-une-collecte-solidaire\/\",\"name\":\"Hotte solidaire de No\u00ebl : organiser une collecte solidaire -\",\"isPartOf\":{\"@id\":\"https:\/\/www.a-qui-s.fr\/le-blog\/#website\"},\"primaryImageOfPage\":{\"@id\":\"https:\/\/www.a-qui-s.fr\/le-blog\/a-qui-s-et-vous\/hotte-solidaire-de-noel-organiser-une-collecte-solidaire\/#primaryimage\"},\"image\":{\"@id\":\"https:\/\/www.a-qui-s.fr\/le-blog\/a-qui-s-et-vous\/hotte-solidaire-de-noel-organiser-une-collecte-solidaire\/#primaryimage\"},\"thumbnailUrl\":\"https:\/\/images.a-qui-s.fr\/image\/upload\/v1636735539\/BLOG\/hotte-solidaire-aquis.jpg\",\"datePublished\":\"09+00:00\",\"dateModified\":\"18+00:00\",\"description\":\"La hotte solidaire de No\u00ebl by A-qui-S c'est offrir de jolies attentions aux plus d\u00e9munis. On vous explique comment participer !\",\"breadcrumb\":{\"@id\":\"https:\/\/www.a-qui-s.fr\/le-blog\/a-qui-s-et-vous\/hotte-solidaire-de-noel-organiser-une-collecte-solidaire\/#breadcrumb\"},\"inLanguage\":\"fr-FR\",\"potentialAction\":[{\"@type\":\"ReadAction\",\"target\":[\"https:\/\/www.a-qui-s.fr\/le-blog\/a-qui-s-et-vous\/hotte-solidaire-de-noel-organiser-une-collecte-solidaire\/\"]}]},{\"@type\":\"ImageObject\",\"inLanguage\":\"fr-FR\",\"@id\":\"https:\/\/www.a-qui-s.fr\/le-blog\/a-qui-s-et-vous\/hotte-solidaire-de-noel-organiser-une-collecte-solidaire\/#primaryimage\",\"url\":\"https:\/\/images.a-qui-s.fr\/image\/upload\/v1636735539\/BLOG\/hotte-solidaire-aquis.jpg\",\"contentUrl\":\"https:\/\/images.a-qui-s.fr\/image\/upload\/v1636735539\/BLOG\/hotte-solidaire-aquis.jpg\",\"caption\":\"Hotte solidaire de No\u00ebl\"},{\"@type\":\"BreadcrumbList\",\"@id\":\"https:\/\/www.a-qui-s.fr\/le-blog\/a-qui-s-et-vous\/hotte-solidaire-de-noel-organiser-une-collecte-solidaire\/#breadcrumb\",\"itemListElement\":[{\"@type\":\"ListItem\",\"position\":1,\"name\":\"Accueil\",\"item\":\"https:\/\/www.a-qui-s.fr\/le-blog\/\"},{\"@type\":\"ListItem\",\"position\":2,\"name\":\"A-qui-S &amp; Vous\",\"item\":\"https:\/\/www.a-qui-s.fr\/le-blog\/category\/a-qui-s-et-vous\/\"},{\"@type\":\"ListItem\",\"position\":3,\"name\":\"Hotte solidaire de No\u00ebl : organiser une collecte solidaire\"}]},{\"@type\":\"WebSite\",\"@id\":\"https:\/\/www.a-qui-s.fr\/le-blog\/#website\",\"url\":\"https:\/\/www.a-qui-s.fr\/le-blog\/\",\"name\":\"LE BLOG d&#039;A-qui-S\",\"description\":\"La communaut\u00e9 des &quot;Pas-Perdus&quot;\",\"publisher\":{\"@id\":\"https:\/\/www.a-qui-s.fr\/le-blog\/#organization\"},\"potentialAction\":[{\"@type\":\"SearchAction\",\"target\":{\"@type\":\"EntryPoint\",\"urlTemplate\":\"https:\/\/www.a-qui-s.fr\/le-blog\/?s={search_term_string}\"},\"query-input\":{\"@type\":\"PropertyValueSpecification\",\"valueRequired\":true,\"valueName\":\"search_term_string\"}}],\"inLanguage\":\"fr-FR\"},{\"@type\":\"Organization\",\"@id\":\"https:\/\/www.a-qui-s.fr\/le-blog\/#organization\",\"name\":\"Etiquettes & compagnie\",\"url\":\"https:\/\/www.a-qui-s.fr\/le-blog\/\",\"logo\":{\"@type\":\"ImageObject\",\"inLanguage\":\"fr-FR\",\"@id\":\"https:\/\/www.a-qui-s.fr\/le-blog\/#\/schema\/logo\/image\/\",\"url\":\"https:\/\/www.a-qui-s.fr\/le-blog\/wp-content\/uploads\/2015\/05\/logo_a-qui-s.png\",\"contentUrl\":\"https:\/\/www.a-qui-s.fr\/le-blog\/wp-content\/uploads\/2015\/05\/logo_a-qui-s.png\",\"width\":132,\"height\":59,\"caption\":\"Etiquettes & compagnie\"},\"image\":{\"@id\":\"https:\/\/www.a-qui-s.fr\/le-blog\/#\/schema\/logo\/image\/\"},\"sameAs\":[\"https:\/\/www.facebook.com\/AquiS\/\",\"https:\/\/x.com\/aquis_fr\"]},{\"@type\":\"Person\",\"@id\":\"https:\/\/www.a-qui-s.fr\/le-blog\/#\/schema\/person\/51dc65c81b2bbb3339c2e639e68d816f\",\"name\":\"Elisa\",\"image\":{\"@type\":\"ImageObject\",\"inLanguage\":\"fr-FR\",\"@id\":\"https:\/\/www.a-qui-s.fr\/le-blog\/#\/schema\/person\/image\/\",\"url\":\"https:\/\/secure.gravatar.com\/avatar\/144a8e9e9e3c7f37a16345b5ae2d1535bf5c93bb34500bfefa3e2cfdda702896?s=96&d=mm&r=g\",\"contentUrl\":\"https:\/\/secure.gravatar.com\/avatar\/144a8e9e9e3c7f37a16345b5ae2d1535bf5c93bb34500bfefa3e2cfdda702896?s=96&d=mm&r=g\",\"caption\":\"Elisa\"},\"url\":\"https:\/\/www.a-qui-s.fr\/le-blog\/author\/elisa\/\"}]}<\/script>\n<!-- \/ Yoast SEO plugin. -->","yoast_head_json":{"title":"Hotte solidaire de No\u00ebl : organiser une collecte solidaire -","description":"La hotte solidaire de No\u00ebl by A-qui-S c'est offrir de jolies attentions aux plus d\u00e9munis. On vous explique comment participer !","robots":{"index":"index","follow":"follow","max-snippet":"max-snippet:-1","max-image-preview":"max-image-preview:large","max-video-preview":"max-video-preview:-1"},"canonical":"https:\/\/www.a-qui-s.fr\/le-blog\/a-qui-s-et-vous\/hotte-solidaire-de-noel-organiser-une-collecte-solidaire\/","og_locale":"fr_FR","og_type":"article","og_title":"Hotte solidaire de No\u00ebl : organiser une collecte solidaire -","og_description":"La hotte solidaire de No\u00ebl by A-qui-S c'est offrir de jolies attentions aux plus d\u00e9munis. On vous explique comment participer !","og_url":"https:\/\/www.a-qui-s.fr\/le-blog\/a-qui-s-et-vous\/hotte-solidaire-de-noel-organiser-une-collecte-solidaire\/","og_site_name":"LE BLOG d&#039;A-qui-S","article_publisher":"https:\/\/www.facebook.com\/AquiS\/","article_published_time":"2021-11-12T16:56:09+00:00","article_modified_time":"2025-08-21T11:22:18+00:00","og_image":[{"url":"https:\/\/images.a-qui-s.fr\/image\/upload\/v1636735539\/BLOG\/hotte-solidaire-aquis.jpg","type":"","width":"","height":""}],"author":"Elisa","twitter_card":"summary_large_image","twitter_image":"https:\/\/images.a-qui-s.fr\/image\/upload\/v1636735539\/BLOG\/hotte-solidaire-aquis.jpg","twitter_creator":"@aquis_fr","twitter_site":"@aquis_fr","twitter_misc":{"Written by":"Elisa","Est. reading time":"2 minutes"},"schema":{"@context":"https:\/\/schema.org","@graph":[{"@type":"Article","@id":"https:\/\/www.a-qui-s.fr\/le-blog\/a-qui-s-et-vous\/hotte-solidaire-de-noel-organiser-une-collecte-solidaire\/#article","isPartOf":{"@id":"https:\/\/www.a-qui-s.fr\/le-blog\/a-qui-s-et-vous\/hotte-solidaire-de-noel-organiser-une-collecte-solidaire\/"},"author":{"name":"Elisa","@id":"https:\/\/www.a-qui-s.fr\/le-blog\/#\/schema\/person\/51dc65c81b2bbb3339c2e639e68d816f"},"headline":"Hotte solidaire de No\u00ebl : organiser une collecte solidaire","datePublished":"09+00:00","dateModified":"18+00:00","mainEntityOfPage":{"@id":"https:\/\/www.a-qui-s.fr\/le-blog\/a-qui-s-et-vous\/hotte-solidaire-de-noel-organiser-une-collecte-solidaire\/"},"wordCount":338,"commentCount":0,"publisher":{"@id":"https:\/\/www.a-qui-s.fr\/le-blog\/#organization"},"image":{"@id":"https:\/\/www.a-qui-s.fr\/le-blog\/a-qui-s-et-vous\/hotte-solidaire-de-noel-organiser-une-collecte-solidaire\/#primaryimage"},"thumbnailUrl":"https:\/\/images.a-qui-s.fr\/image\/upload\/v1636735539\/BLOG\/hotte-solidaire-aquis.jpg","articleSection":["A-qui-S &amp; Vous"],"inLanguage":"fr-FR","potentialAction":[{"@type":"CommentAction","name":"Comment","target":["https:\/\/www.a-qui-s.fr\/le-blog\/a-qui-s-et-vous\/hotte-solidaire-de-noel-organiser-une-collecte-solidaire\/#respond"]}]},{"@type":"WebPage","@id":"https:\/\/www.a-qui-s.fr\/le-blog\/a-qui-s-et-vous\/hotte-solidaire-de-noel-organiser-une-collecte-solidaire\/","url":"https:\/\/www.a-qui-s.fr\/le-blog\/a-qui-s-et-vous\/hotte-solidaire-de-noel-organiser-une-collecte-solidaire\/","name":"Hotte solidaire de No\u00ebl : organiser une collecte solidaire -","isPartOf":{"@id":"https:\/\/www.a-qui-s.fr\/le-blog\/#website"},"primaryImageOfPage":{"@id":"https:\/\/www.a-qui-s.fr\/le-blog\/a-qui-s-et-vous\/hotte-solidaire-de-noel-organiser-une-collecte-solidaire\/#primaryimage"},"image":{"@id":"https:\/\/www.a-qui-s.fr\/le-blog\/a-qui-s-et-vous\/hotte-solidaire-de-noel-organiser-une-collecte-solidaire\/#primaryimage"},"thumbnailUrl":"https:\/\/images.a-qui-s.fr\/image\/upload\/v1636735539\/BLOG\/hotte-solidaire-aquis.jpg","datePublished":"09+00:00","dateModified":"18+00:00","description":"La hotte solidaire de No\u00ebl by A-qui-S c'est offrir de jolies attentions aux plus d\u00e9munis. On vous explique comment participer !","breadcrumb":{"@id":"https:\/\/www.a-qui-s.fr\/le-blog\/a-qui-s-et-vous\/hotte-solidaire-de-noel-organiser-une-collecte-solidaire\/#breadcrumb"},"inLanguage":"fr-FR","potentialAction":[{"@type":"ReadAction","target":["https:\/\/www.a-qui-s.fr\/le-blog\/a-qui-s-et-vous\/hotte-solidaire-de-noel-organiser-une-collecte-solidaire\/"]}]},{"@type":"ImageObject","inLanguage":"fr-FR","@id":"https:\/\/www.a-qui-s.fr\/le-blog\/a-qui-s-et-vous\/hotte-solidaire-de-noel-organiser-une-collecte-solidaire\/#primaryimage","url":"https:\/\/images.a-qui-s.fr\/image\/upload\/v1636735539\/BLOG\/hotte-solidaire-aquis.jpg","contentUrl":"https:\/\/images.a-qui-s.fr\/image\/upload\/v1636735539\/BLOG\/hotte-solidaire-aquis.jpg","caption":"Hotte solidaire de No\u00ebl"},{"@type":"BreadcrumbList","@id":"https:\/\/www.a-qui-s.fr\/le-blog\/a-qui-s-et-vous\/hotte-solidaire-de-noel-organiser-une-collecte-solidaire\/#breadcrumb","itemListElement":[{"@type":"ListItem","position":1,"name":"Accueil","item":"https:\/\/www.a-qui-s.fr\/le-blog\/"},{"@type":"ListItem","position":2,"name":"A-qui-S &amp; Vous","item":"https:\/\/www.a-qui-s.fr\/le-blog\/category\/a-qui-s-et-vous\/"},{"@type":"ListItem","position":3,"name":"Hotte solidaire de No\u00ebl : organiser une collecte solidaire"}]},{"@type":"WebSite","@id":"https:\/\/www.a-qui-s.fr\/le-blog\/#website","url":"https:\/\/www.a-qui-s.fr\/le-blog\/","name":"LE BLOG d&#039;A-qui-S","description":"La communaut\u00e9 des &quot;Pas-Perdus&quot;","publisher":{"@id":"https:\/\/www.a-qui-s.fr\/le-blog\/#organization"},"potentialAction":[{"@type":"SearchAction","target":{"@type":"EntryPoint","urlTemplate":"https:\/\/www.a-qui-s.fr\/le-blog\/?s={search_term_string}"},"query-input":{"@type":"PropertyValueSpecification","valueRequired":true,"valueName":"search_term_string"}}],"inLanguage":"fr-FR"},{"@type":"Organization","@id":"https:\/\/www.a-qui-s.fr\/le-blog\/#organization","name":"Etiquettes & compagnie","url":"https:\/\/www.a-qui-s.fr\/le-blog\/","logo":{"@type":"ImageObject","inLanguage":"fr-FR","@id":"https:\/\/www.a-qui-s.fr\/le-blog\/#\/schema\/logo\/image\/","url":"https:\/\/www.a-qui-s.fr\/le-blog\/wp-content\/uploads\/2015\/05\/logo_a-qui-s.png","contentUrl":"https:\/\/www.a-qui-s.fr\/le-blog\/wp-content\/uploads\/2015\/05\/logo_a-qui-s.png","width":132,"height":59,"caption":"Etiquettes & compagnie"},"image":{"@id":"https:\/\/www.a-qui-s.fr\/le-blog\/#\/schema\/logo\/image\/"},"sameAs":["https:\/\/www.facebook.com\/AquiS\/","https:\/\/x.com\/aquis_fr"]},{"@type":"Person","@id":"https:\/\/www.a-qui-s.fr\/le-blog\/#\/schema\/person\/51dc65c81b2bbb3339c2e639e68d816f","name":"Elisa","image":{"@type":"ImageObject","inLanguage":"fr-FR","@id":"https:\/\/www.a-qui-s.fr\/le-blog\/#\/schema\/person\/image\/","url":"https:\/\/secure.gravatar.com\/avatar\/144a8e9e9e3c7f37a16345b5ae2d1535bf5c93bb34500bfefa3e2cfdda702896?s=96&d=mm&r=g","contentUrl":"https:\/\/secure.gravatar.com\/avatar\/144a8e9e9e3c7f37a16345b5ae2d1535bf5c93bb34500bfefa3e2cfdda702896?s=96&d=mm&r=g","caption":"Elisa"},"url":"https:\/\/www.a-qui-s.fr\/le-blog\/author\/elisa\/"}]}},"_links":{"self":[{"href":"https:\/\/www.a-qui-s.fr\/le-blog\/wp-json\/wp\/v2\/posts\/16108","targetHints":{"allow":["GET"]}}],"collection":[{"href":"https:\/\/www.a-qui-s.fr\/le-blog\/wp-json\/wp\/v2\/posts"}],"about":[{"href":"https:\/\/www.a-qui-s.fr\/le-blog\/wp-json\/wp\/v2\/types\/post"}],"author":[{"embeddable":true,"href":"https:\/\/www.a-qui-s.fr\/le-blog\/wp-json\/wp\/v2\/users\/12"}],"replies":[{"embeddable":true,"href":"https:\/\/www.a-qui-s.fr\/le-blog\/wp-json\/wp\/v2\/comments?post=16108"}],"version-history":[{"count":0,"href":"https:\/\/www.a-qui-s.fr\/le-blog\/wp-json\/wp\/v2\/posts\/16108\/revisions"}],"wp:featuredmedia":[{"embeddable":true,"href":"https:\/\/www.a-qui-s.fr\/le-blog\/wp-json\/wp\/v2\/media\/19814"}],"wp:attachment":[{"href":"https:\/\/www.a-qui-s.fr\/le-blog\/wp-json\/wp\/v2\/media?parent=16108"}],"wp:term":[{"taxonomy":"category","embeddable":true,"href":"https:\/\/www.a-qui-s.fr\/le-blog\/wp-json\/wp\/v2\/categories?post=16108"},{"taxonomy":"post_tag","embeddable":true,"href":"https:\/\/www.a-qui-s.fr\/le-blog\/wp-json\/wp\/v2\/tags?post=16108"}],"curies":[{"name":"wp","href":"https:\/\/api.w.org\/{rel}","templated":true}]}}