{"id":15324,"date":"2020-11-27T17:39:31","date_gmt":"2020-11-27T16:39:31","guid":{"rendered":"https:\/\/www.a-qui-s.fr\/le-blog\/?p=15324"},"modified":"2025-08-21T12:23:47","modified_gmt":"2025-08-21T11:23:47","slug":"la-hotte-solidaire-a-qui-s","status":"publish","type":"post","link":"https:\/\/www.a-qui-s.fr\/le-blog\/a-qui-s-et-vous\/la-hotte-solidaire-a-qui-s\/","title":{"rendered":"La hotte solidaire A-qui-S"},"content":{"rendered":"<p style=\"text-align: left;\">En cette ann\u00e9e si particuli\u00e8re, beaucoup de personnes \u00e2g\u00e9es manquent de liens affectifs. \u00c0 l&rsquo;occasion de No\u00ebl, nous avions envie de leur apporter du r\u00e9confort gr\u00e2ce \u00e0 notre hotte solidaire.<\/p>\n<h2>Comment ?<\/h2>\n<p><img fetchpriority=\"high\" decoding=\"async\" class=\"aligncenter\" src=\"https:\/\/images.a-qui-s.fr\/image\/upload\/v1606493373\/BLOG\/shema-comment%C3%A7amarche.jpg\" width=\"285\" height=\"285\"><\/p>\n<p><img decoding=\"async\" src=\"https:\/\/mcusercontent.com\/5a6149b6f2c81e58356956ddd\/images\/dc467fcb-22de-47d0-9b58-d86c52a85da0.png\" width=\"13\" height=\"18\" data-file-id=\"1116413\"> En invitant les enfants \u00e0 fabriquer un cadeau fait-maison (un dessin, un bricolage, un po\u00e8me, un collier &#8230;.)<\/p>\n<p><img decoding=\"async\" src=\"https:\/\/mcusercontent.com\/5a6149b6f2c81e58356956ddd\/images\/dc467fcb-22de-47d0-9b58-d86c52a85da0.png\" width=\"13\" height=\"18\" data-file-id=\"1116413\"> En collectant les cadeaux dans une <a href=\"https:\/\/www.a-qui-s.fr\/le-blog\/a-qui-s-et-vous\/les-hottes-de-noel-personnalisee\/\">hotte personnalis\u00e9e<\/a>&nbsp;<strong>OFFERTE PAR A-QUI-S<\/strong><\/p>\n<p><img decoding=\"async\" src=\"https:\/\/mcusercontent.com\/5a6149b6f2c81e58356956ddd\/images\/dc467fcb-22de-47d0-9b58-d86c52a85da0.png\" width=\"13\" height=\"18\" data-file-id=\"1116413\"> En d\u00e9posant la hotte solidaire, avant No\u00ebl, dans une Maison de Retraite pr\u00e8s de chez vous.<\/p>\n<h2>Comment participer ?<\/h2>\n<p><img decoding=\"async\" class=\"aligncenter\" src=\"https:\/\/images.a-qui-s.fr\/image\/upload\/v1606493381\/BLOG\/SJC-cadeaux.jpg\" width=\"265\" height=\"265\"><\/p>\n<p>Vous repr\u00e9sentez une classe, une \u00e9cole, une association de parents d&rsquo;\u00e9l\u00e8ves et connaissez une maison de retraite pr\u00e8s de chez vous ? Alors pour personnaliser la hotte au nom de la maison de retraite, contactez nous. Nous la personnaliserons et vous l&rsquo;enverrons gratuitement*.<\/p>\n<p><a href=\"https:\/\/www.a-qui-s.fr\/contactez-nous\/\"><img loading=\"lazy\" decoding=\"async\" class=\"aligncenter\" src=\"https:\/\/images.a-qui-s.fr\/image\/upload\/v1606493350\/BLOG\/Plan_de_travail_65.png\" width=\"217\" height=\"39\"><\/a><\/p>\n<p>&nbsp;<\/p>\n<div>Ensuite, installez la hotte solidaire dans ma classe, dans mon \u00e9cole&#8230;. Chaque enfant pourra venir y d\u00e9poser son cadeau fait-maison.&nbsp;<\/div>\n<div>Avant No\u00ebl, livrez la hotte, remplie de belles intentions et de marques d&rsquo;affections, \u00e0 la maison de retraite.<\/div>\n<div>&nbsp;<\/div>\n<div><img loading=\"lazy\" decoding=\"async\" class=\"aligncenter\" src=\"https:\/\/images.a-qui-s.fr\/image\/upload\/v1606493385\/BLOG\/caroline.jpg\" width=\"234\" height=\"234\"><\/div>\n<div>&nbsp;<\/div>\n<div>&nbsp;<\/div>\n<h2>Quelques id\u00e9es de bricolage et de cadeaux faits-maison \u00e0 glisser dans les hottes&nbsp;<\/h2>\n<div>Dans ces hottes vous pourrez ici glisser, des petits mots doux que vous pouvez <a href=\"https:\/\/www.a-qui-s.fr\/le-blog\/diy-bricolage-enfant\/des-petits-mots-pour-soutenir-les-personnes-agees-en-maison-de-retraite\/\">t\u00e9l\u00e9charger ici&nbsp;<\/a> , des DIY que vous pouvez r\u00e9aliser&nbsp; facilement en vous inspirant <a href=\"https:\/\/www.a-qui-s.fr\/le-blog\/diy-bricolage-enfant\/fabriquer-des-decorations-de-noel\/\">ici<\/a> ou <a href=\"https:\/\/www.a-qui-s.fr\/le-blog\/diy-bricolage-enfant\/11823\/\">ici<\/a>, des <a href=\"https:\/\/www.a-qui-s.fr\/le-blog\/recettes\/recette-de-confiture-poire-kiwi-orange-et-etiquettes-personnalisees\/\">confitures maisons<\/a> ou m\u00eame des <a href=\"https:\/\/www.a-qui-s.fr\/le-blog\/recettes\/recette-pour-le-gouter-les-monstrueux-cookies\/\">cookies rigolos<\/a> ou encore des po\u00e8mes etc&#8230;<\/div>\n<div>&nbsp;<\/div>\n<div>&nbsp;<\/div>\n<div>*L&rsquo;op\u00e9ration&nbsp;Hotte Solidaire est une initiative qui existe depuis 2017, sans obligation d&rsquo;achat. Hottes offertes gratuitement dans la limite des stocks disponibles. A-qui-S se r\u00e9serve le droit de refuser toute demande qui ne correspondrait pas aux objectifs de collecte \u00e0 vis\u00e9e solidaire.<\/div>\n","protected":false},"excerpt":{"rendered":"<p>En cette ann\u00e9e si particuli\u00e8re, beaucoup de personnes \u00e2g\u00e9es manquent de liens affectifs. \u00c0 l&rsquo;occasion de No\u00ebl, nous avions envie de leur apporter du r\u00e9confort gr\u00e2ce \u00e0 notre hotte solidaire. Comment ? En invitant les enfants \u00e0 fabriquer un cadeau fait-maison (un dessin, un bricolage, un po\u00e8me, un collier &#8230;.) En collectant les cadeaux dans [&hellip;]<\/p>\n","protected":false},"author":2,"featured_media":19876,"comment_status":"open","ping_status":"open","sticky":false,"template":"","format":"standard","meta":{"_acf_changed":false,"fifu_image_url":"https:\/\/images.a-qui-s.fr\/image\/upload\/v1606493381\/BLOG\/SJC-cadeaux.jpg","fifu_image_alt":"La hotte solidaire A-qui-S","footnotes":""},"categories":[216],"tags":[],"class_list":["post-15324","post","type-post","status-publish","format-standard","has-post-thumbnail","hentry","category-a-qui-s-et-vous"],"acf":[],"yoast_head":"<!-- This site is optimized with the Yoast SEO plugin v27.0 - https:\/\/yoast.com\/product\/yoast-seo-wordpress\/ -->\n<title>La hotte solidaire A-qui-S -<\/title>\n<meta name=\"description\" content=\"Pour No\u00ebl, beaucoup de personnes manquent de liens affectifs. Nous avions envie de leur apporter du r\u00e9confort gr\u00e2ce \u00e0 notre hotte solidaire.\" \/>\n<meta name=\"robots\" content=\"index, follow, max-snippet:-1, max-image-preview:large, max-video-preview:-1\" \/>\n<link rel=\"canonical\" href=\"https:\/\/www.a-qui-s.fr\/le-blog\/a-qui-s-et-vous\/la-hotte-solidaire-a-qui-s\/\" \/>\n<meta property=\"og:locale\" content=\"fr_FR\" \/>\n<meta property=\"og:type\" content=\"article\" \/>\n<meta property=\"og:title\" content=\"La hotte solidaire A-qui-S -\" \/>\n<meta property=\"og:description\" content=\"Pour No\u00ebl, beaucoup de personnes manquent de liens affectifs. Nous avions envie de leur apporter du r\u00e9confort gr\u00e2ce \u00e0 notre hotte solidaire.\" \/>\n<meta property=\"og:url\" content=\"https:\/\/www.a-qui-s.fr\/le-blog\/a-qui-s-et-vous\/la-hotte-solidaire-a-qui-s\/\" \/>\n<meta property=\"og:site_name\" content=\"LE BLOG d&#039;A-qui-S\" \/>\n<meta property=\"article:publisher\" content=\"https:\/\/www.facebook.com\/AquiS\/\" \/>\n<meta property=\"article:published_time\" content=\"2020-11-27T16:39:31+00:00\" \/>\n<meta property=\"article:modified_time\" content=\"2025-08-21T11:23:47+00:00\" \/>\n<meta property=\"og:image\" content=\"https:\/\/images.a-qui-s.fr\/image\/upload\/v1606493381\/BLOG\/SJC-cadeaux.jpg\" \/>\n<meta name=\"author\" content=\"Louise de A-qui-S\" \/>\n<meta name=\"twitter:card\" content=\"summary_large_image\" \/>\n<meta name=\"twitter:image\" content=\"https:\/\/images.a-qui-s.fr\/image\/upload\/v1606493381\/BLOG\/SJC-cadeaux.jpg\" \/>\n<meta name=\"twitter:creator\" content=\"@aquis_fr\" \/>\n<meta name=\"twitter:site\" content=\"@aquis_fr\" \/>\n<meta name=\"twitter:label1\" content=\"Written by\" \/>\n\t<meta name=\"twitter:data1\" content=\"Louise de A-qui-S\" \/>\n\t<meta name=\"twitter:label2\" content=\"Est. reading time\" \/>\n\t<meta name=\"twitter:data2\" content=\"1 minute\" \/>\n<script type=\"application\/ld+json\" class=\"yoast-schema-graph\">{\"@context\":\"https:\/\/schema.org\",\"@graph\":[{\"@type\":\"Article\",\"@id\":\"https:\/\/www.a-qui-s.fr\/le-blog\/a-qui-s-et-vous\/la-hotte-solidaire-a-qui-s\/#article\",\"isPartOf\":{\"@id\":\"https:\/\/www.a-qui-s.fr\/le-blog\/a-qui-s-et-vous\/la-hotte-solidaire-a-qui-s\/\"},\"author\":{\"name\":\"Louise de A-qui-S\",\"@id\":\"https:\/\/www.a-qui-s.fr\/le-blog\/#\/schema\/person\/d98098c165f4481653780d6fa061f531\"},\"headline\":\"La hotte solidaire A-qui-S\",\"datePublished\":\"31+00:00\",\"dateModified\":\"47+00:00\",\"mainEntityOfPage\":{\"@id\":\"https:\/\/www.a-qui-s.fr\/le-blog\/a-qui-s-et-vous\/la-hotte-solidaire-a-qui-s\/\"},\"wordCount\":294,\"commentCount\":0,\"publisher\":{\"@id\":\"https:\/\/www.a-qui-s.fr\/le-blog\/#organization\"},\"image\":{\"@id\":\"https:\/\/www.a-qui-s.fr\/le-blog\/a-qui-s-et-vous\/la-hotte-solidaire-a-qui-s\/#primaryimage\"},\"thumbnailUrl\":\"https:\/\/images.a-qui-s.fr\/image\/upload\/v1606493381\/BLOG\/SJC-cadeaux.jpg\",\"articleSection\":[\"A-qui-S &amp; Vous\"],\"inLanguage\":\"fr-FR\",\"potentialAction\":[{\"@type\":\"CommentAction\",\"name\":\"Comment\",\"target\":[\"https:\/\/www.a-qui-s.fr\/le-blog\/a-qui-s-et-vous\/la-hotte-solidaire-a-qui-s\/#respond\"]}]},{\"@type\":\"WebPage\",\"@id\":\"https:\/\/www.a-qui-s.fr\/le-blog\/a-qui-s-et-vous\/la-hotte-solidaire-a-qui-s\/\",\"url\":\"https:\/\/www.a-qui-s.fr\/le-blog\/a-qui-s-et-vous\/la-hotte-solidaire-a-qui-s\/\",\"name\":\"La hotte solidaire A-qui-S -\",\"isPartOf\":{\"@id\":\"https:\/\/www.a-qui-s.fr\/le-blog\/#website\"},\"primaryImageOfPage\":{\"@id\":\"https:\/\/www.a-qui-s.fr\/le-blog\/a-qui-s-et-vous\/la-hotte-solidaire-a-qui-s\/#primaryimage\"},\"image\":{\"@id\":\"https:\/\/www.a-qui-s.fr\/le-blog\/a-qui-s-et-vous\/la-hotte-solidaire-a-qui-s\/#primaryimage\"},\"thumbnailUrl\":\"https:\/\/images.a-qui-s.fr\/image\/upload\/v1606493381\/BLOG\/SJC-cadeaux.jpg\",\"datePublished\":\"31+00:00\",\"dateModified\":\"47+00:00\",\"description\":\"Pour No\u00ebl, beaucoup de personnes manquent de liens affectifs. Nous avions envie de leur apporter du r\u00e9confort gr\u00e2ce \u00e0 notre hotte solidaire.\",\"breadcrumb\":{\"@id\":\"https:\/\/www.a-qui-s.fr\/le-blog\/a-qui-s-et-vous\/la-hotte-solidaire-a-qui-s\/#breadcrumb\"},\"inLanguage\":\"fr-FR\",\"potentialAction\":[{\"@type\":\"ReadAction\",\"target\":[\"https:\/\/www.a-qui-s.fr\/le-blog\/a-qui-s-et-vous\/la-hotte-solidaire-a-qui-s\/\"]}]},{\"@type\":\"ImageObject\",\"inLanguage\":\"fr-FR\",\"@id\":\"https:\/\/www.a-qui-s.fr\/le-blog\/a-qui-s-et-vous\/la-hotte-solidaire-a-qui-s\/#primaryimage\",\"url\":\"https:\/\/images.a-qui-s.fr\/image\/upload\/v1606493381\/BLOG\/SJC-cadeaux.jpg\",\"contentUrl\":\"https:\/\/images.a-qui-s.fr\/image\/upload\/v1606493381\/BLOG\/SJC-cadeaux.jpg\",\"caption\":\"La hotte solidaire A-qui-S\"},{\"@type\":\"BreadcrumbList\",\"@id\":\"https:\/\/www.a-qui-s.fr\/le-blog\/a-qui-s-et-vous\/la-hotte-solidaire-a-qui-s\/#breadcrumb\",\"itemListElement\":[{\"@type\":\"ListItem\",\"position\":1,\"name\":\"Accueil\",\"item\":\"https:\/\/www.a-qui-s.fr\/le-blog\/\"},{\"@type\":\"ListItem\",\"position\":2,\"name\":\"A-qui-S &amp; Vous\",\"item\":\"https:\/\/www.a-qui-s.fr\/le-blog\/category\/a-qui-s-et-vous\/\"},{\"@type\":\"ListItem\",\"position\":3,\"name\":\"La hotte solidaire A-qui-S\"}]},{\"@type\":\"WebSite\",\"@id\":\"https:\/\/www.a-qui-s.fr\/le-blog\/#website\",\"url\":\"https:\/\/www.a-qui-s.fr\/le-blog\/\",\"name\":\"LE BLOG d&#039;A-qui-S\",\"description\":\"La communaut\u00e9 des &quot;Pas-Perdus&quot;\",\"publisher\":{\"@id\":\"https:\/\/www.a-qui-s.fr\/le-blog\/#organization\"},\"potentialAction\":[{\"@type\":\"SearchAction\",\"target\":{\"@type\":\"EntryPoint\",\"urlTemplate\":\"https:\/\/www.a-qui-s.fr\/le-blog\/?s={search_term_string}\"},\"query-input\":{\"@type\":\"PropertyValueSpecification\",\"valueRequired\":true,\"valueName\":\"search_term_string\"}}],\"inLanguage\":\"fr-FR\"},{\"@type\":\"Organization\",\"@id\":\"https:\/\/www.a-qui-s.fr\/le-blog\/#organization\",\"name\":\"Etiquettes & compagnie\",\"url\":\"https:\/\/www.a-qui-s.fr\/le-blog\/\",\"logo\":{\"@type\":\"ImageObject\",\"inLanguage\":\"fr-FR\",\"@id\":\"https:\/\/www.a-qui-s.fr\/le-blog\/#\/schema\/logo\/image\/\",\"url\":\"https:\/\/www.a-qui-s.fr\/le-blog\/wp-content\/uploads\/2015\/05\/logo_a-qui-s.png\",\"contentUrl\":\"https:\/\/www.a-qui-s.fr\/le-blog\/wp-content\/uploads\/2015\/05\/logo_a-qui-s.png\",\"width\":132,\"height\":59,\"caption\":\"Etiquettes & compagnie\"},\"image\":{\"@id\":\"https:\/\/www.a-qui-s.fr\/le-blog\/#\/schema\/logo\/image\/\"},\"sameAs\":[\"https:\/\/www.facebook.com\/AquiS\/\",\"https:\/\/x.com\/aquis_fr\"]},{\"@type\":\"Person\",\"@id\":\"https:\/\/www.a-qui-s.fr\/le-blog\/#\/schema\/person\/d98098c165f4481653780d6fa061f531\",\"name\":\"Louise de A-qui-S\",\"image\":{\"@type\":\"ImageObject\",\"inLanguage\":\"fr-FR\",\"@id\":\"https:\/\/www.a-qui-s.fr\/le-blog\/#\/schema\/person\/image\/\",\"url\":\"https:\/\/secure.gravatar.com\/avatar\/7a713547ddd2e0fc4130ec55978934dc3f12ef2095fa1cba20e2f0efcd0728c4?s=96&d=mm&r=g\",\"contentUrl\":\"https:\/\/secure.gravatar.com\/avatar\/7a713547ddd2e0fc4130ec55978934dc3f12ef2095fa1cba20e2f0efcd0728c4?s=96&d=mm&r=g\",\"caption\":\"Louise de A-qui-S\"},\"url\":\"https:\/\/www.a-qui-s.fr\/le-blog\/author\/julia\/\"}]}<\/script>\n<!-- \/ Yoast SEO plugin. -->","yoast_head_json":{"title":"La hotte solidaire A-qui-S -","description":"Pour No\u00ebl, beaucoup de personnes manquent de liens affectifs. Nous avions envie de leur apporter du r\u00e9confort gr\u00e2ce \u00e0 notre hotte solidaire.","robots":{"index":"index","follow":"follow","max-snippet":"max-snippet:-1","max-image-preview":"max-image-preview:large","max-video-preview":"max-video-preview:-1"},"canonical":"https:\/\/www.a-qui-s.fr\/le-blog\/a-qui-s-et-vous\/la-hotte-solidaire-a-qui-s\/","og_locale":"fr_FR","og_type":"article","og_title":"La hotte solidaire A-qui-S -","og_description":"Pour No\u00ebl, beaucoup de personnes manquent de liens affectifs. Nous avions envie de leur apporter du r\u00e9confort gr\u00e2ce \u00e0 notre hotte solidaire.","og_url":"https:\/\/www.a-qui-s.fr\/le-blog\/a-qui-s-et-vous\/la-hotte-solidaire-a-qui-s\/","og_site_name":"LE BLOG d&#039;A-qui-S","article_publisher":"https:\/\/www.facebook.com\/AquiS\/","article_published_time":"2020-11-27T16:39:31+00:00","article_modified_time":"2025-08-21T11:23:47+00:00","og_image":[{"url":"https:\/\/images.a-qui-s.fr\/image\/upload\/v1606493381\/BLOG\/SJC-cadeaux.jpg","type":"","width":"","height":""}],"author":"Louise de A-qui-S","twitter_card":"summary_large_image","twitter_image":"https:\/\/images.a-qui-s.fr\/image\/upload\/v1606493381\/BLOG\/SJC-cadeaux.jpg","twitter_creator":"@aquis_fr","twitter_site":"@aquis_fr","twitter_misc":{"Written by":"Louise de A-qui-S","Est. reading time":"1 minute"},"schema":{"@context":"https:\/\/schema.org","@graph":[{"@type":"Article","@id":"https:\/\/www.a-qui-s.fr\/le-blog\/a-qui-s-et-vous\/la-hotte-solidaire-a-qui-s\/#article","isPartOf":{"@id":"https:\/\/www.a-qui-s.fr\/le-blog\/a-qui-s-et-vous\/la-hotte-solidaire-a-qui-s\/"},"author":{"name":"Louise de A-qui-S","@id":"https:\/\/www.a-qui-s.fr\/le-blog\/#\/schema\/person\/d98098c165f4481653780d6fa061f531"},"headline":"La hotte solidaire A-qui-S","datePublished":"31+00:00","dateModified":"47+00:00","mainEntityOfPage":{"@id":"https:\/\/www.a-qui-s.fr\/le-blog\/a-qui-s-et-vous\/la-hotte-solidaire-a-qui-s\/"},"wordCount":294,"commentCount":0,"publisher":{"@id":"https:\/\/www.a-qui-s.fr\/le-blog\/#organization"},"image":{"@id":"https:\/\/www.a-qui-s.fr\/le-blog\/a-qui-s-et-vous\/la-hotte-solidaire-a-qui-s\/#primaryimage"},"thumbnailUrl":"https:\/\/images.a-qui-s.fr\/image\/upload\/v1606493381\/BLOG\/SJC-cadeaux.jpg","articleSection":["A-qui-S &amp; Vous"],"inLanguage":"fr-FR","potentialAction":[{"@type":"CommentAction","name":"Comment","target":["https:\/\/www.a-qui-s.fr\/le-blog\/a-qui-s-et-vous\/la-hotte-solidaire-a-qui-s\/#respond"]}]},{"@type":"WebPage","@id":"https:\/\/www.a-qui-s.fr\/le-blog\/a-qui-s-et-vous\/la-hotte-solidaire-a-qui-s\/","url":"https:\/\/www.a-qui-s.fr\/le-blog\/a-qui-s-et-vous\/la-hotte-solidaire-a-qui-s\/","name":"La hotte solidaire A-qui-S -","isPartOf":{"@id":"https:\/\/www.a-qui-s.fr\/le-blog\/#website"},"primaryImageOfPage":{"@id":"https:\/\/www.a-qui-s.fr\/le-blog\/a-qui-s-et-vous\/la-hotte-solidaire-a-qui-s\/#primaryimage"},"image":{"@id":"https:\/\/www.a-qui-s.fr\/le-blog\/a-qui-s-et-vous\/la-hotte-solidaire-a-qui-s\/#primaryimage"},"thumbnailUrl":"https:\/\/images.a-qui-s.fr\/image\/upload\/v1606493381\/BLOG\/SJC-cadeaux.jpg","datePublished":"31+00:00","dateModified":"47+00:00","description":"Pour No\u00ebl, beaucoup de personnes manquent de liens affectifs. Nous avions envie de leur apporter du r\u00e9confort gr\u00e2ce \u00e0 notre hotte solidaire.","breadcrumb":{"@id":"https:\/\/www.a-qui-s.fr\/le-blog\/a-qui-s-et-vous\/la-hotte-solidaire-a-qui-s\/#breadcrumb"},"inLanguage":"fr-FR","potentialAction":[{"@type":"ReadAction","target":["https:\/\/www.a-qui-s.fr\/le-blog\/a-qui-s-et-vous\/la-hotte-solidaire-a-qui-s\/"]}]},{"@type":"ImageObject","inLanguage":"fr-FR","@id":"https:\/\/www.a-qui-s.fr\/le-blog\/a-qui-s-et-vous\/la-hotte-solidaire-a-qui-s\/#primaryimage","url":"https:\/\/images.a-qui-s.fr\/image\/upload\/v1606493381\/BLOG\/SJC-cadeaux.jpg","contentUrl":"https:\/\/images.a-qui-s.fr\/image\/upload\/v1606493381\/BLOG\/SJC-cadeaux.jpg","caption":"La hotte solidaire A-qui-S"},{"@type":"BreadcrumbList","@id":"https:\/\/www.a-qui-s.fr\/le-blog\/a-qui-s-et-vous\/la-hotte-solidaire-a-qui-s\/#breadcrumb","itemListElement":[{"@type":"ListItem","position":1,"name":"Accueil","item":"https:\/\/www.a-qui-s.fr\/le-blog\/"},{"@type":"ListItem","position":2,"name":"A-qui-S &amp; Vous","item":"https:\/\/www.a-qui-s.fr\/le-blog\/category\/a-qui-s-et-vous\/"},{"@type":"ListItem","position":3,"name":"La hotte solidaire A-qui-S"}]},{"@type":"WebSite","@id":"https:\/\/www.a-qui-s.fr\/le-blog\/#website","url":"https:\/\/www.a-qui-s.fr\/le-blog\/","name":"LE BLOG d&#039;A-qui-S","description":"La communaut\u00e9 des &quot;Pas-Perdus&quot;","publisher":{"@id":"https:\/\/www.a-qui-s.fr\/le-blog\/#organization"},"potentialAction":[{"@type":"SearchAction","target":{"@type":"EntryPoint","urlTemplate":"https:\/\/www.a-qui-s.fr\/le-blog\/?s={search_term_string}"},"query-input":{"@type":"PropertyValueSpecification","valueRequired":true,"valueName":"search_term_string"}}],"inLanguage":"fr-FR"},{"@type":"Organization","@id":"https:\/\/www.a-qui-s.fr\/le-blog\/#organization","name":"Etiquettes & compagnie","url":"https:\/\/www.a-qui-s.fr\/le-blog\/","logo":{"@type":"ImageObject","inLanguage":"fr-FR","@id":"https:\/\/www.a-qui-s.fr\/le-blog\/#\/schema\/logo\/image\/","url":"https:\/\/www.a-qui-s.fr\/le-blog\/wp-content\/uploads\/2015\/05\/logo_a-qui-s.png","contentUrl":"https:\/\/www.a-qui-s.fr\/le-blog\/wp-content\/uploads\/2015\/05\/logo_a-qui-s.png","width":132,"height":59,"caption":"Etiquettes & compagnie"},"image":{"@id":"https:\/\/www.a-qui-s.fr\/le-blog\/#\/schema\/logo\/image\/"},"sameAs":["https:\/\/www.facebook.com\/AquiS\/","https:\/\/x.com\/aquis_fr"]},{"@type":"Person","@id":"https:\/\/www.a-qui-s.fr\/le-blog\/#\/schema\/person\/d98098c165f4481653780d6fa061f531","name":"Louise de A-qui-S","image":{"@type":"ImageObject","inLanguage":"fr-FR","@id":"https:\/\/www.a-qui-s.fr\/le-blog\/#\/schema\/person\/image\/","url":"https:\/\/secure.gravatar.com\/avatar\/7a713547ddd2e0fc4130ec55978934dc3f12ef2095fa1cba20e2f0efcd0728c4?s=96&d=mm&r=g","contentUrl":"https:\/\/secure.gravatar.com\/avatar\/7a713547ddd2e0fc4130ec55978934dc3f12ef2095fa1cba20e2f0efcd0728c4?s=96&d=mm&r=g","caption":"Louise de A-qui-S"},"url":"https:\/\/www.a-qui-s.fr\/le-blog\/author\/julia\/"}]}},"_links":{"self":[{"href":"https:\/\/www.a-qui-s.fr\/le-blog\/wp-json\/wp\/v2\/posts\/15324","targetHints":{"allow":["GET"]}}],"collection":[{"href":"https:\/\/www.a-qui-s.fr\/le-blog\/wp-json\/wp\/v2\/posts"}],"about":[{"href":"https:\/\/www.a-qui-s.fr\/le-blog\/wp-json\/wp\/v2\/types\/post"}],"author":[{"embeddable":true,"href":"https:\/\/www.a-qui-s.fr\/le-blog\/wp-json\/wp\/v2\/users\/2"}],"replies":[{"embeddable":true,"href":"https:\/\/www.a-qui-s.fr\/le-blog\/wp-json\/wp\/v2\/comments?post=15324"}],"version-history":[{"count":0,"href":"https:\/\/www.a-qui-s.fr\/le-blog\/wp-json\/wp\/v2\/posts\/15324\/revisions"}],"wp:featuredmedia":[{"embeddable":true,"href":"https:\/\/www.a-qui-s.fr\/le-blog\/wp-json\/wp\/v2\/media\/19876"}],"wp:attachment":[{"href":"https:\/\/www.a-qui-s.fr\/le-blog\/wp-json\/wp\/v2\/media?parent=15324"}],"wp:term":[{"taxonomy":"category","embeddable":true,"href":"https:\/\/www.a-qui-s.fr\/le-blog\/wp-json\/wp\/v2\/categories?post=15324"},{"taxonomy":"post_tag","embeddable":true,"href":"https:\/\/www.a-qui-s.fr\/le-blog\/wp-json\/wp\/v2\/tags?post=15324"}],"curies":[{"name":"wp","href":"https:\/\/api.w.org\/{rel}","templated":true}]}}