{"id":15297,"date":"2020-11-26T17:05:59","date_gmt":"2020-11-26T16:05:59","guid":{"rendered":"https:\/\/www.a-qui-s.fr\/le-blog\/?p=15297"},"modified":"2025-08-21T12:23:53","modified_gmt":"2025-08-21T11:23:53","slug":"recette-de-confiture-poire-kiwi-orange-et-etiquettes-personnalisees","status":"publish","type":"post","link":"https:\/\/www.a-qui-s.fr\/le-blog\/recettes\/recette-de-confiture-poire-kiwi-orange-et-etiquettes-personnalisees\/","title":{"rendered":"Recette de confiture poire-kiwi-orange et \u00e9tiquettes personnalis\u00e9es"},"content":{"rendered":"<p class=\"p1\"><span class=\"s1\">&nbsp;<\/span><\/p>\n<p class=\"p1\"><span class=\"s1\">No\u00ebl en vue, les feuilles finissent de tomber, les chocolats fument; on active le mode cocooning. Et pour ajouter une petite touche de gourmandise \u00e0 tout ce d\u00e9cor, nous vous pr\u00e9sentons<\/span><span class=\"s1\"> la recette de confiture qui va enchanter les petits-d\u00e9jeuner et le go\u00fbter des petits et de grands.&nbsp; Aujourd&rsquo;hui, nous vous proposons de concocter une d\u00e9licieuse recette de confiture maison de poire, kiwi et orange.<\/span><\/p>\n<h2 class=\"p3\"><span class=\"s1\"><b>Une confiture de No\u00ebl : la confiture Poire, Kiwi et Orange.<\/b><\/span><\/h2>\n<p class=\"p1\"><span class=\"s1\">La confiture de Poire, Kiwi et Orange est une recette qui sent bon les \u00e9pices de No\u00ebl et qui permet de manger une excellente confiture maison avec des fruits de saison.&nbsp; Cette recette est tellement d\u00e9licieuse ET originale qu&rsquo;elle est parfaite \u00e0 offrir ! Avec une jolie <a href=\"https:\/\/www.a-qui-s.fr\/etiquette-confiture\">\u00e9tiquette confiture personnalis\u00e9e <\/a>et gliss\u00e9e dans une petite <a href=\"https:\/\/www.a-qui-s.fr\/le-blog\/a-qui-s-et-vous\/les-hottes-de-noel-personnalisee\/\">hotte du p\u00e8re No\u00ebl&nbsp; <\/a>personnalis\u00e9e, le succ\u00e8s est garanti \ud83d\ude09<\/span><\/p>\n<p><span class=\"s1\"><img fetchpriority=\"high\" decoding=\"async\" class=\"aligncenter\" src=\"https:\/\/images.a-qui-s.fr\/image\/upload\/v1606406584\/BLOG\/FR_AquiS-Confiturekiwi-02.jpg\" width=\"294\" height=\"294\"><\/span><\/p>\n<p class=\"p1\"><span class=\"s1\">Pour r\u00e9aliser 2 pots de cette confiture de No\u00ebl, il vous faudra:<\/span><\/p>\n<ul class=\"ul1\">\n<li class=\"li1\"><span class=\"s1\">6 kiwis <\/span><\/li>\n<li class=\"li1\"><span class=\"s1\">4 poires<\/span><\/li>\n<li class=\"li1\"><span class=\"s1\">300g de sucre roux<\/span><\/li>\n<li class=\"li1\"><span class=\"s1\">1 cc d\u2019\u00e9pices pour <a href=\"https:\/\/www.epices-roellinger.com\/fr\/products\/poudre-a-pain-d-epices\">pain d\u2019\u00e9pices<\/a><\/span><\/li>\n<li class=\"li1\"><span class=\"s1\">1\/2 cc de girofle moulu<\/span><\/li>\n<li class=\"li1\"><span class=\"s1\">2 \u00e9toiles de badiane<\/span><\/li>\n<li class=\"li1\"><span class=\"s1\">1 gousse de vanille<\/span><\/li>\n<li class=\"li1\"><span class=\"s1\">Le zeste d\u2019<a href=\"https:\/\/www.a-qui-s.fr\/le-blog\/recettes\/confiture-d-orange-la-recette-facile-rapide-et-delicieuse\/\">une orange<\/a><\/span><\/li>\n<li class=\"li1\"><span class=\"s1\">Le jus d\u2019une orange<\/span><\/li>\n<li class=\"li1\"><span class=\"s1\">1 g d\u2019agar agar <\/span><\/li>\n<\/ul>\n<h2 class=\"p3\"><span class=\"s1\"><b>La recette pas \u00e0 pas <\/b><\/span><\/h2>\n<p class=\"p1\"><span class=\"s1\">Dans un premier temps, \u00e9pluchez vos kiwis et vos poires puis coupez-les en petits d\u00e9s tr\u00e8s fin. Mettez vos d\u00e9s de fruits dans un faitout.<\/span><\/p>\n<p class=\"p1\"><span class=\"s1\">Ensuite, prenez votre gousse de vanille et coupez-la en deux dans le sens de la longueur. R\u00e9cup\u00e9rez les grains qu\u2019il y a \u00e0 l\u2019int\u00e9rieur et ajoutez-les \u00e0 vos d\u00e9s de fruits.<\/span><\/p>\n<p class=\"p1\"><span class=\"s1\">Ajoutez le sucre, les \u00e9pices \u00e0 pain d\u2019\u00e9pices, la girofle moulue, les \u00e9toiles de badiane, le zeste d\u2019orange et le jus d\u2019orange puis m\u00e9langez.<\/span><\/p>\n<p class=\"p1\"><span class=\"s1\">Couvrez votre faitout et laissez votre m\u00e9lange mac\u00e9rer toute une nuit.<\/span><\/p>\n<p class=\"p1\"><span class=\"s1\">Le lendemain, mettez votre casserole sur le feu et faites cuire votre m\u00e9lange de fruits et d\u2019\u00e9pices jusqu\u2019\u00e0 \u00e9bullition. Une fois que votre m\u00e9lange est arriv\u00e9 \u00e0 \u00e9bullition, laissez cuire \u00e0 feu doux pendant 45 minutes. <\/span><\/p>\n<p class=\"p1\"><span class=\"s1\">Au bout de 45min, ajoutez votre agar-agar et faites cuire votre m\u00e9lange pendant encore 1 minute, sans cesser de remuer.<\/span><\/p>\n<p class=\"p1\"><span class=\"s1\">C\u2019est pr\u00eat ! Vous pouvez mettre la confiture de Poire, Kiwi, Orange sp\u00e9ciale No\u00ebl dans un pot et il ne vous restera plus qu\u2019\u00e0 d\u00e9guster ! <\/span><\/p>\n<h2 class=\"p3\"><span class=\"s1\"><b>Pensez \u00e0 \u00e9tiqueter vos pots de confiture !<\/b><\/span><\/h2>\n<p class=\"p5\"><span class=\"s1\"><b>Les \u00e9tiquettes sont la touche finale de votre confiture. <\/b><\/span><\/p>\n<p class=\"p6\"><span class=\"s1\">Pour d\u00e9corer vos pots de confiture, offrir \u00e0 vos proches ou tout simplement marquer vos pots de fa\u00e7on unique, d\u00e9couvrez nos \u00e9tiquettes confiture personnalis\u00e9es.<\/span><\/p>\n<p><img decoding=\"async\" class=\"aligncenter\" src=\"https:\/\/images.a-qui-s.fr\/image\/upload\/v1606231136\/BLOG\/confiture-noel-kiwi-poire.jpg\" width=\"364\" height=\"364\"><\/p>\n<p class=\"p6\"><span class=\"s1\">Vous pouvez personnaliser vos \u00e9tiquettes sur notre site a-qui-s.fr, en choisissant l\u2019\u00e9criture, le dessin (animaux, sport, loisirs, fleurs ou transport) ainsi que la couleur du fond (couleur ou transparent) qui vous plait ! <\/span><\/p>\n<p class=\"p6\"><span class=\"s1\">Gr\u00e2ce \u00e0 leur souplesse, leur finesse et leur taille (45x45cm), nos <a href=\"https:\/\/www.a-qui-s.fr\/tous-nos-produits\/\">\u00e9tiquettes<\/a> s\u2019adaptent \u00e0 toutes les formes de bocaux (<a href=\"https:\/\/www.a-qui-s.fr\/etiquettes-autocollantes-rondes\">rond<\/a>, carr\u00e9, ovale, rectangle\u2026)<\/span><\/p>\n<p class=\"p6\"><span class=\"s1\">Les \u00e9tiquettes A-Qui-S sont autocollantes, r\u00e9sistantes et transparentes. Elles sont fabriqu\u00e9es avec des encres sans solvant, leur qualit\u00e9 est garantie. De plus, toutes nos \u00e9tiquettes \u00e0 bocaux sont imprim\u00e9es en 24h, dans notre atelier situ\u00e9 au pied des Pyr\u00e9n\u00e9es, et livr\u00e9es gratuitement, chez vous, dans votre boite aux lettres, alors profitez-en !<\/span><\/p>\n","protected":false},"excerpt":{"rendered":"<p>&nbsp; No\u00ebl en vue, les feuilles finissent de tomber, les chocolats fument; on active le mode cocooning. Et pour ajouter une petite touche de gourmandise \u00e0 tout ce d\u00e9cor, nous vous pr\u00e9sentons la recette de confiture qui va enchanter les petits-d\u00e9jeuner et le go\u00fbter des petits et de grands.&nbsp; Aujourd&rsquo;hui, nous vous proposons de concocter [&hellip;]<\/p>\n","protected":false},"author":2,"featured_media":19880,"comment_status":"open","ping_status":"open","sticky":false,"template":"","format":"standard","meta":{"_acf_changed":false,"fifu_image_url":"https:\/\/images.a-qui-s.fr\/image\/upload\/v1606406584\/BLOG\/FR_AquiS-Confiturekiwi-02.jpg","fifu_image_alt":"Recette de confiture poire-kiwi-orange et \u00e9tiquettes personnalis\u00e9es","footnotes":""},"categories":[11],"tags":[],"class_list":["post-15297","post","type-post","status-publish","format-standard","has-post-thumbnail","hentry","category-recettes"],"acf":[],"yoast_head":"<!-- This site is optimized with the Yoast SEO plugin v27.0 - https:\/\/yoast.com\/product\/yoast-seo-wordpress\/ -->\n<title>Recette de confiture poire-kiwi-orange et \u00e9tiquettes personnalis\u00e9es -<\/title>\n<meta name=\"description\" content=\"D\u00e9couvrez la recette de la confiture de poire-kiwi-orange et comment personnaliser vos pots faits-maison gr\u00e2ce \u00e0 nos \u00e9tiquettes confitures\" \/>\n<meta name=\"robots\" content=\"index, follow, max-snippet:-1, max-image-preview:large, max-video-preview:-1\" \/>\n<link rel=\"canonical\" href=\"https:\/\/www.a-qui-s.fr\/le-blog\/recettes\/recette-de-confiture-poire-kiwi-orange-et-etiquettes-personnalisees\/\" \/>\n<meta property=\"og:locale\" content=\"fr_FR\" \/>\n<meta property=\"og:type\" content=\"article\" \/>\n<meta property=\"og:title\" content=\"Recette de confiture poire-kiwi-orange et \u00e9tiquettes personnalis\u00e9es -\" \/>\n<meta property=\"og:description\" content=\"D\u00e9couvrez la recette de la confiture de poire-kiwi-orange et comment personnaliser vos pots faits-maison gr\u00e2ce \u00e0 nos \u00e9tiquettes confitures\" \/>\n<meta property=\"og:url\" content=\"https:\/\/www.a-qui-s.fr\/le-blog\/recettes\/recette-de-confiture-poire-kiwi-orange-et-etiquettes-personnalisees\/\" \/>\n<meta property=\"og:site_name\" content=\"LE BLOG d&#039;A-qui-S\" \/>\n<meta property=\"article:publisher\" content=\"https:\/\/www.facebook.com\/AquiS\/\" \/>\n<meta property=\"article:published_time\" content=\"2020-11-26T16:05:59+00:00\" \/>\n<meta property=\"article:modified_time\" content=\"2025-08-21T11:23:53+00:00\" \/>\n<meta property=\"og:image\" content=\"https:\/\/images.a-qui-s.fr\/image\/upload\/v1606406584\/BLOG\/FR_AquiS-Confiturekiwi-02.jpg\" \/>\n<meta name=\"author\" content=\"Louise de A-qui-S\" \/>\n<meta name=\"twitter:card\" content=\"summary_large_image\" \/>\n<meta name=\"twitter:image\" content=\"https:\/\/images.a-qui-s.fr\/image\/upload\/v1606406584\/BLOG\/FR_AquiS-Confiturekiwi-02.jpg\" \/>\n<meta name=\"twitter:creator\" content=\"@aquis_fr\" \/>\n<meta name=\"twitter:site\" content=\"@aquis_fr\" \/>\n<meta name=\"twitter:label1\" content=\"Written by\" \/>\n\t<meta name=\"twitter:data1\" content=\"Louise de A-qui-S\" \/>\n\t<meta name=\"twitter:label2\" content=\"Est. reading time\" \/>\n\t<meta name=\"twitter:data2\" content=\"3 minutes\" \/>\n<script type=\"application\/ld+json\" class=\"yoast-schema-graph\">{\"@context\":\"https:\/\/schema.org\",\"@graph\":[{\"@type\":\"Article\",\"@id\":\"https:\/\/www.a-qui-s.fr\/le-blog\/recettes\/recette-de-confiture-poire-kiwi-orange-et-etiquettes-personnalisees\/#article\",\"isPartOf\":{\"@id\":\"https:\/\/www.a-qui-s.fr\/le-blog\/recettes\/recette-de-confiture-poire-kiwi-orange-et-etiquettes-personnalisees\/\"},\"author\":{\"name\":\"Louise de A-qui-S\",\"@id\":\"https:\/\/www.a-qui-s.fr\/le-blog\/#\/schema\/person\/d98098c165f4481653780d6fa061f531\"},\"headline\":\"Recette de confiture poire-kiwi-orange et \u00e9tiquettes personnalis\u00e9es\",\"datePublished\":\"59+00:00\",\"dateModified\":\"53+00:00\",\"mainEntityOfPage\":{\"@id\":\"https:\/\/www.a-qui-s.fr\/le-blog\/recettes\/recette-de-confiture-poire-kiwi-orange-et-etiquettes-personnalisees\/\"},\"wordCount\":563,\"commentCount\":0,\"publisher\":{\"@id\":\"https:\/\/www.a-qui-s.fr\/le-blog\/#organization\"},\"image\":{\"@id\":\"https:\/\/www.a-qui-s.fr\/le-blog\/recettes\/recette-de-confiture-poire-kiwi-orange-et-etiquettes-personnalisees\/#primaryimage\"},\"thumbnailUrl\":\"https:\/\/images.a-qui-s.fr\/image\/upload\/v1606406584\/BLOG\/FR_AquiS-Confiturekiwi-02.jpg\",\"articleSection\":[\"Recettes\"],\"inLanguage\":\"fr-FR\",\"potentialAction\":[{\"@type\":\"CommentAction\",\"name\":\"Comment\",\"target\":[\"https:\/\/www.a-qui-s.fr\/le-blog\/recettes\/recette-de-confiture-poire-kiwi-orange-et-etiquettes-personnalisees\/#respond\"]}]},{\"@type\":\"WebPage\",\"@id\":\"https:\/\/www.a-qui-s.fr\/le-blog\/recettes\/recette-de-confiture-poire-kiwi-orange-et-etiquettes-personnalisees\/\",\"url\":\"https:\/\/www.a-qui-s.fr\/le-blog\/recettes\/recette-de-confiture-poire-kiwi-orange-et-etiquettes-personnalisees\/\",\"name\":\"Recette de confiture poire-kiwi-orange et \u00e9tiquettes personnalis\u00e9es -\",\"isPartOf\":{\"@id\":\"https:\/\/www.a-qui-s.fr\/le-blog\/#website\"},\"primaryImageOfPage\":{\"@id\":\"https:\/\/www.a-qui-s.fr\/le-blog\/recettes\/recette-de-confiture-poire-kiwi-orange-et-etiquettes-personnalisees\/#primaryimage\"},\"image\":{\"@id\":\"https:\/\/www.a-qui-s.fr\/le-blog\/recettes\/recette-de-confiture-poire-kiwi-orange-et-etiquettes-personnalisees\/#primaryimage\"},\"thumbnailUrl\":\"https:\/\/images.a-qui-s.fr\/image\/upload\/v1606406584\/BLOG\/FR_AquiS-Confiturekiwi-02.jpg\",\"datePublished\":\"59+00:00\",\"dateModified\":\"53+00:00\",\"description\":\"D\u00e9couvrez la recette de la confiture de poire-kiwi-orange et comment personnaliser vos pots faits-maison gr\u00e2ce \u00e0 nos \u00e9tiquettes confitures\",\"breadcrumb\":{\"@id\":\"https:\/\/www.a-qui-s.fr\/le-blog\/recettes\/recette-de-confiture-poire-kiwi-orange-et-etiquettes-personnalisees\/#breadcrumb\"},\"inLanguage\":\"fr-FR\",\"potentialAction\":[{\"@type\":\"ReadAction\",\"target\":[\"https:\/\/www.a-qui-s.fr\/le-blog\/recettes\/recette-de-confiture-poire-kiwi-orange-et-etiquettes-personnalisees\/\"]}]},{\"@type\":\"ImageObject\",\"inLanguage\":\"fr-FR\",\"@id\":\"https:\/\/www.a-qui-s.fr\/le-blog\/recettes\/recette-de-confiture-poire-kiwi-orange-et-etiquettes-personnalisees\/#primaryimage\",\"url\":\"https:\/\/images.a-qui-s.fr\/image\/upload\/v1606406584\/BLOG\/FR_AquiS-Confiturekiwi-02.jpg\",\"contentUrl\":\"https:\/\/images.a-qui-s.fr\/image\/upload\/v1606406584\/BLOG\/FR_AquiS-Confiturekiwi-02.jpg\",\"caption\":\"Recette de confiture poire-kiwi-orange et \u00e9tiquettes personnalis\u00e9es\"},{\"@type\":\"BreadcrumbList\",\"@id\":\"https:\/\/www.a-qui-s.fr\/le-blog\/recettes\/recette-de-confiture-poire-kiwi-orange-et-etiquettes-personnalisees\/#breadcrumb\",\"itemListElement\":[{\"@type\":\"ListItem\",\"position\":1,\"name\":\"Accueil\",\"item\":\"https:\/\/www.a-qui-s.fr\/le-blog\/\"},{\"@type\":\"ListItem\",\"position\":2,\"name\":\"Recettes\",\"item\":\"https:\/\/www.a-qui-s.fr\/le-blog\/category\/recettes\/\"},{\"@type\":\"ListItem\",\"position\":3,\"name\":\"Recette de confiture poire-kiwi-orange et \u00e9tiquettes personnalis\u00e9es\"}]},{\"@type\":\"WebSite\",\"@id\":\"https:\/\/www.a-qui-s.fr\/le-blog\/#website\",\"url\":\"https:\/\/www.a-qui-s.fr\/le-blog\/\",\"name\":\"LE BLOG d&#039;A-qui-S\",\"description\":\"La communaut\u00e9 des &quot;Pas-Perdus&quot;\",\"publisher\":{\"@id\":\"https:\/\/www.a-qui-s.fr\/le-blog\/#organization\"},\"potentialAction\":[{\"@type\":\"SearchAction\",\"target\":{\"@type\":\"EntryPoint\",\"urlTemplate\":\"https:\/\/www.a-qui-s.fr\/le-blog\/?s={search_term_string}\"},\"query-input\":{\"@type\":\"PropertyValueSpecification\",\"valueRequired\":true,\"valueName\":\"search_term_string\"}}],\"inLanguage\":\"fr-FR\"},{\"@type\":\"Organization\",\"@id\":\"https:\/\/www.a-qui-s.fr\/le-blog\/#organization\",\"name\":\"Etiquettes & compagnie\",\"url\":\"https:\/\/www.a-qui-s.fr\/le-blog\/\",\"logo\":{\"@type\":\"ImageObject\",\"inLanguage\":\"fr-FR\",\"@id\":\"https:\/\/www.a-qui-s.fr\/le-blog\/#\/schema\/logo\/image\/\",\"url\":\"https:\/\/www.a-qui-s.fr\/le-blog\/wp-content\/uploads\/2015\/05\/logo_a-qui-s.png\",\"contentUrl\":\"https:\/\/www.a-qui-s.fr\/le-blog\/wp-content\/uploads\/2015\/05\/logo_a-qui-s.png\",\"width\":132,\"height\":59,\"caption\":\"Etiquettes & compagnie\"},\"image\":{\"@id\":\"https:\/\/www.a-qui-s.fr\/le-blog\/#\/schema\/logo\/image\/\"},\"sameAs\":[\"https:\/\/www.facebook.com\/AquiS\/\",\"https:\/\/x.com\/aquis_fr\"]},{\"@type\":\"Person\",\"@id\":\"https:\/\/www.a-qui-s.fr\/le-blog\/#\/schema\/person\/d98098c165f4481653780d6fa061f531\",\"name\":\"Louise de A-qui-S\",\"image\":{\"@type\":\"ImageObject\",\"inLanguage\":\"fr-FR\",\"@id\":\"https:\/\/www.a-qui-s.fr\/le-blog\/#\/schema\/person\/image\/\",\"url\":\"https:\/\/secure.gravatar.com\/avatar\/7a713547ddd2e0fc4130ec55978934dc3f12ef2095fa1cba20e2f0efcd0728c4?s=96&d=mm&r=g\",\"contentUrl\":\"https:\/\/secure.gravatar.com\/avatar\/7a713547ddd2e0fc4130ec55978934dc3f12ef2095fa1cba20e2f0efcd0728c4?s=96&d=mm&r=g\",\"caption\":\"Louise de A-qui-S\"},\"url\":\"https:\/\/www.a-qui-s.fr\/le-blog\/author\/julia\/\"}]}<\/script>\n<!-- \/ Yoast SEO plugin. -->","yoast_head_json":{"title":"Recette de confiture poire-kiwi-orange et \u00e9tiquettes personnalis\u00e9es -","description":"D\u00e9couvrez la recette de la confiture de poire-kiwi-orange et comment personnaliser vos pots faits-maison gr\u00e2ce \u00e0 nos \u00e9tiquettes confitures","robots":{"index":"index","follow":"follow","max-snippet":"max-snippet:-1","max-image-preview":"max-image-preview:large","max-video-preview":"max-video-preview:-1"},"canonical":"https:\/\/www.a-qui-s.fr\/le-blog\/recettes\/recette-de-confiture-poire-kiwi-orange-et-etiquettes-personnalisees\/","og_locale":"fr_FR","og_type":"article","og_title":"Recette de confiture poire-kiwi-orange et \u00e9tiquettes personnalis\u00e9es -","og_description":"D\u00e9couvrez la recette de la confiture de poire-kiwi-orange et comment personnaliser vos pots faits-maison gr\u00e2ce \u00e0 nos \u00e9tiquettes confitures","og_url":"https:\/\/www.a-qui-s.fr\/le-blog\/recettes\/recette-de-confiture-poire-kiwi-orange-et-etiquettes-personnalisees\/","og_site_name":"LE BLOG d&#039;A-qui-S","article_publisher":"https:\/\/www.facebook.com\/AquiS\/","article_published_time":"2020-11-26T16:05:59+00:00","article_modified_time":"2025-08-21T11:23:53+00:00","og_image":[{"url":"https:\/\/images.a-qui-s.fr\/image\/upload\/v1606406584\/BLOG\/FR_AquiS-Confiturekiwi-02.jpg","type":"","width":"","height":""}],"author":"Louise de A-qui-S","twitter_card":"summary_large_image","twitter_image":"https:\/\/images.a-qui-s.fr\/image\/upload\/v1606406584\/BLOG\/FR_AquiS-Confiturekiwi-02.jpg","twitter_creator":"@aquis_fr","twitter_site":"@aquis_fr","twitter_misc":{"Written by":"Louise de A-qui-S","Est. reading time":"3 minutes"},"schema":{"@context":"https:\/\/schema.org","@graph":[{"@type":"Article","@id":"https:\/\/www.a-qui-s.fr\/le-blog\/recettes\/recette-de-confiture-poire-kiwi-orange-et-etiquettes-personnalisees\/#article","isPartOf":{"@id":"https:\/\/www.a-qui-s.fr\/le-blog\/recettes\/recette-de-confiture-poire-kiwi-orange-et-etiquettes-personnalisees\/"},"author":{"name":"Louise de A-qui-S","@id":"https:\/\/www.a-qui-s.fr\/le-blog\/#\/schema\/person\/d98098c165f4481653780d6fa061f531"},"headline":"Recette de confiture poire-kiwi-orange et \u00e9tiquettes personnalis\u00e9es","datePublished":"59+00:00","dateModified":"53+00:00","mainEntityOfPage":{"@id":"https:\/\/www.a-qui-s.fr\/le-blog\/recettes\/recette-de-confiture-poire-kiwi-orange-et-etiquettes-personnalisees\/"},"wordCount":563,"commentCount":0,"publisher":{"@id":"https:\/\/www.a-qui-s.fr\/le-blog\/#organization"},"image":{"@id":"https:\/\/www.a-qui-s.fr\/le-blog\/recettes\/recette-de-confiture-poire-kiwi-orange-et-etiquettes-personnalisees\/#primaryimage"},"thumbnailUrl":"https:\/\/images.a-qui-s.fr\/image\/upload\/v1606406584\/BLOG\/FR_AquiS-Confiturekiwi-02.jpg","articleSection":["Recettes"],"inLanguage":"fr-FR","potentialAction":[{"@type":"CommentAction","name":"Comment","target":["https:\/\/www.a-qui-s.fr\/le-blog\/recettes\/recette-de-confiture-poire-kiwi-orange-et-etiquettes-personnalisees\/#respond"]}]},{"@type":"WebPage","@id":"https:\/\/www.a-qui-s.fr\/le-blog\/recettes\/recette-de-confiture-poire-kiwi-orange-et-etiquettes-personnalisees\/","url":"https:\/\/www.a-qui-s.fr\/le-blog\/recettes\/recette-de-confiture-poire-kiwi-orange-et-etiquettes-personnalisees\/","name":"Recette de confiture poire-kiwi-orange et \u00e9tiquettes personnalis\u00e9es -","isPartOf":{"@id":"https:\/\/www.a-qui-s.fr\/le-blog\/#website"},"primaryImageOfPage":{"@id":"https:\/\/www.a-qui-s.fr\/le-blog\/recettes\/recette-de-confiture-poire-kiwi-orange-et-etiquettes-personnalisees\/#primaryimage"},"image":{"@id":"https:\/\/www.a-qui-s.fr\/le-blog\/recettes\/recette-de-confiture-poire-kiwi-orange-et-etiquettes-personnalisees\/#primaryimage"},"thumbnailUrl":"https:\/\/images.a-qui-s.fr\/image\/upload\/v1606406584\/BLOG\/FR_AquiS-Confiturekiwi-02.jpg","datePublished":"59+00:00","dateModified":"53+00:00","description":"D\u00e9couvrez la recette de la confiture de poire-kiwi-orange et comment personnaliser vos pots faits-maison gr\u00e2ce \u00e0 nos \u00e9tiquettes confitures","breadcrumb":{"@id":"https:\/\/www.a-qui-s.fr\/le-blog\/recettes\/recette-de-confiture-poire-kiwi-orange-et-etiquettes-personnalisees\/#breadcrumb"},"inLanguage":"fr-FR","potentialAction":[{"@type":"ReadAction","target":["https:\/\/www.a-qui-s.fr\/le-blog\/recettes\/recette-de-confiture-poire-kiwi-orange-et-etiquettes-personnalisees\/"]}]},{"@type":"ImageObject","inLanguage":"fr-FR","@id":"https:\/\/www.a-qui-s.fr\/le-blog\/recettes\/recette-de-confiture-poire-kiwi-orange-et-etiquettes-personnalisees\/#primaryimage","url":"https:\/\/images.a-qui-s.fr\/image\/upload\/v1606406584\/BLOG\/FR_AquiS-Confiturekiwi-02.jpg","contentUrl":"https:\/\/images.a-qui-s.fr\/image\/upload\/v1606406584\/BLOG\/FR_AquiS-Confiturekiwi-02.jpg","caption":"Recette de confiture poire-kiwi-orange et \u00e9tiquettes personnalis\u00e9es"},{"@type":"BreadcrumbList","@id":"https:\/\/www.a-qui-s.fr\/le-blog\/recettes\/recette-de-confiture-poire-kiwi-orange-et-etiquettes-personnalisees\/#breadcrumb","itemListElement":[{"@type":"ListItem","position":1,"name":"Accueil","item":"https:\/\/www.a-qui-s.fr\/le-blog\/"},{"@type":"ListItem","position":2,"name":"Recettes","item":"https:\/\/www.a-qui-s.fr\/le-blog\/category\/recettes\/"},{"@type":"ListItem","position":3,"name":"Recette de confiture poire-kiwi-orange et \u00e9tiquettes personnalis\u00e9es"}]},{"@type":"WebSite","@id":"https:\/\/www.a-qui-s.fr\/le-blog\/#website","url":"https:\/\/www.a-qui-s.fr\/le-blog\/","name":"LE BLOG d&#039;A-qui-S","description":"La communaut\u00e9 des &quot;Pas-Perdus&quot;","publisher":{"@id":"https:\/\/www.a-qui-s.fr\/le-blog\/#organization"},"potentialAction":[{"@type":"SearchAction","target":{"@type":"EntryPoint","urlTemplate":"https:\/\/www.a-qui-s.fr\/le-blog\/?s={search_term_string}"},"query-input":{"@type":"PropertyValueSpecification","valueRequired":true,"valueName":"search_term_string"}}],"inLanguage":"fr-FR"},{"@type":"Organization","@id":"https:\/\/www.a-qui-s.fr\/le-blog\/#organization","name":"Etiquettes & compagnie","url":"https:\/\/www.a-qui-s.fr\/le-blog\/","logo":{"@type":"ImageObject","inLanguage":"fr-FR","@id":"https:\/\/www.a-qui-s.fr\/le-blog\/#\/schema\/logo\/image\/","url":"https:\/\/www.a-qui-s.fr\/le-blog\/wp-content\/uploads\/2015\/05\/logo_a-qui-s.png","contentUrl":"https:\/\/www.a-qui-s.fr\/le-blog\/wp-content\/uploads\/2015\/05\/logo_a-qui-s.png","width":132,"height":59,"caption":"Etiquettes & compagnie"},"image":{"@id":"https:\/\/www.a-qui-s.fr\/le-blog\/#\/schema\/logo\/image\/"},"sameAs":["https:\/\/www.facebook.com\/AquiS\/","https:\/\/x.com\/aquis_fr"]},{"@type":"Person","@id":"https:\/\/www.a-qui-s.fr\/le-blog\/#\/schema\/person\/d98098c165f4481653780d6fa061f531","name":"Louise de A-qui-S","image":{"@type":"ImageObject","inLanguage":"fr-FR","@id":"https:\/\/www.a-qui-s.fr\/le-blog\/#\/schema\/person\/image\/","url":"https:\/\/secure.gravatar.com\/avatar\/7a713547ddd2e0fc4130ec55978934dc3f12ef2095fa1cba20e2f0efcd0728c4?s=96&d=mm&r=g","contentUrl":"https:\/\/secure.gravatar.com\/avatar\/7a713547ddd2e0fc4130ec55978934dc3f12ef2095fa1cba20e2f0efcd0728c4?s=96&d=mm&r=g","caption":"Louise de A-qui-S"},"url":"https:\/\/www.a-qui-s.fr\/le-blog\/author\/julia\/"}]}},"_links":{"self":[{"href":"https:\/\/www.a-qui-s.fr\/le-blog\/wp-json\/wp\/v2\/posts\/15297","targetHints":{"allow":["GET"]}}],"collection":[{"href":"https:\/\/www.a-qui-s.fr\/le-blog\/wp-json\/wp\/v2\/posts"}],"about":[{"href":"https:\/\/www.a-qui-s.fr\/le-blog\/wp-json\/wp\/v2\/types\/post"}],"author":[{"embeddable":true,"href":"https:\/\/www.a-qui-s.fr\/le-blog\/wp-json\/wp\/v2\/users\/2"}],"replies":[{"embeddable":true,"href":"https:\/\/www.a-qui-s.fr\/le-blog\/wp-json\/wp\/v2\/comments?post=15297"}],"version-history":[{"count":0,"href":"https:\/\/www.a-qui-s.fr\/le-blog\/wp-json\/wp\/v2\/posts\/15297\/revisions"}],"wp:featuredmedia":[{"embeddable":true,"href":"https:\/\/www.a-qui-s.fr\/le-blog\/wp-json\/wp\/v2\/media\/19880"}],"wp:attachment":[{"href":"https:\/\/www.a-qui-s.fr\/le-blog\/wp-json\/wp\/v2\/media?parent=15297"}],"wp:term":[{"taxonomy":"category","embeddable":true,"href":"https:\/\/www.a-qui-s.fr\/le-blog\/wp-json\/wp\/v2\/categories?post=15297"},{"taxonomy":"post_tag","embeddable":true,"href":"https:\/\/www.a-qui-s.fr\/le-blog\/wp-json\/wp\/v2\/tags?post=15297"}],"curies":[{"name":"wp","href":"https:\/\/api.w.org\/{rel}","templated":true}]}}