{"id":14926,"date":"2020-03-18T16:55:55","date_gmt":"2020-03-18T15:55:55","guid":{"rendered":"https:\/\/www.a-qui-s.fr\/le-blog\/?p=14926"},"modified":"2025-08-21T12:24:28","modified_gmt":"2025-08-21T11:24:28","slug":"organisation-ecole-a-la-maison-confinement","status":"publish","type":"post","link":"https:\/\/www.a-qui-s.fr\/le-blog\/trucs-et-astuces\/organisation-ecole-a-la-maison-confinement\/","title":{"rendered":"L&rsquo;organisation \u00e9cole \u00e0 la maison durant le confinement : emplois du temps \u00e0 imprimer"},"content":{"rendered":"<p>Confinement oblige, tous les parents doivent se transformer en ma\u00eetres et ma\u00eetresses dans les prochaines semaines (courage \ud83d\ude09). Alors, chez A-qui-S, on s&rsquo;est lanc\u00e9 le d\u00e9fi de vous proposer r\u00e9guli\u00e8rement quelques astuces pour l&rsquo;organisation de l&rsquo;<a href=\"https:\/\/www.a-qui-s.fr\/pack-etiquettes-ecole\">\u00e9cole<\/a> \u00e0 la maison \ud83d\udcaa ! Pour les premiers jours de ce confinement, on commence par s&rsquo;organiser. Au programme : on ne vous propose pas d&rsquo;\u00e9tiquettes cette fois-ci mais de planifier&nbsp; les le\u00e7ons, les temps de jeux, les temps de retour au calme (tr\u00e8s important \ud83d\ude09), les go\u00fbters, les menus&#8230; Et pour cela, on vous a pr\u00e9par\u00e9 2 emplois du temps \u00e0 imprimer : <a href=\"https:\/\/www.a-qui-s.fr\/le-blog\/diy-bricolage-enfant\/masque-imprimer-licorne-papier\/\">licorne<\/a> (dont la version masque \u00e0 beaucoup de succ\u00e8s) ou dinosaure \ud83d\ude42<\/p>\n<h2>Des emplois du temps \u00e0 imprimer pour l&rsquo;organisation de l&rsquo;\u00e9cole \u00e0 la maison<\/h2>\n<p>Certains d\u2019entre vous l&rsquo;ont r\u00eav\u00e9, d\u2019autres l\u2019appr\u00e9hende : l\u2019\u00e9cole \u00e0 la maison. Les premi\u00e8res stupeurs et les premiers jours de vacances forc\u00e9s \u00e9tant pass\u00e9s il est grand temps de se remettre au travail. L\u2019organisation : c\u2019est la cl\u00e9. C\u2019est le moment pour vos bouts de chou d\u2019apprendre ou de confirmer leur autonomie dans l\u2019\u00e9laboration de leurs projets et dans la r\u00e9alisation de leurs activit\u00e9s. Pour se faire, et avant toute chose, vous trouverez \u00e0 t\u00e9l\u00e9charger ici des emplois du temps Dinosaure ou Licorne afin de pouvoir mettre en place, si vous le souhaitez, les conseils suivants.<\/p>\n<p>Nous vous envoyons gratuitement le PDF avec les emplois du temps licorne et dinosaure. Pour imprimer uniquement l&#8217;emploi du temps licorne, imprimez uniquement la page 1. \u00c0 l&rsquo;inverse pour imprimer uniquement l&#8217;emploi du temps dinosaure, imprimez uniquement la page 2.<\/p>\n<p><a href=\"https:\/\/mailchi.mp\/a-qui-s.fr\/blog-emploi-temps-licorne-dinosaure\"><img decoding=\"async\" class=\"aligncenter\" title=\"organisation de l'\u00e9cole \u00e0 la maison\" src=\"https:\/\/res.cloudinary.com\/aquis\/image\/upload\/v1579600227\/BLOG\/bouton-blog.jpg\" alt=\"organisation de l'\u00e9cole \u00e0 la maison\" width=\"200\" height=\"50\"><\/a><\/p>\n<p><a href=\"https:\/\/mailchi.mp\/a-qui-s.fr\/blog-emploi-temps-licorne-dinosaure\"><img fetchpriority=\"high\" decoding=\"async\" class=\"aligncenter\" title=\"organisation de l'\u00e9cole \u00e0 la maison\" src=\"https:\/\/res.cloudinary.com\/aquis\/image\/upload\/v1584454729\/BLOG\/emploi-du-temps-sirene.jpg\" alt=\"organisation de l'\u00e9cole \u00e0 la maison\" width=\"469\" height=\"469\"><\/a><\/p>\n<p><a href=\"https:\/\/mailchi.mp\/a-qui-s.fr\/blog-emploi-temps-licorne-dinosaure\"><img decoding=\"async\" class=\"aligncenter\" title=\"organisation de l'\u00e9cole \u00e0 la maison\" src=\"https:\/\/images.a-qui-s.fr\/image\/upload\/v1584454729\/BLOG\/emploi-du-temps.jpg\" alt=\"organisation de l'\u00e9cole \u00e0 la maison\" width=\"461\" height=\"461\"><\/a><\/p>\n<h2>&nbsp;La mise en place d&rsquo;un espace de travail propice \u00e0 l&rsquo;apprentissage<\/h2>\n<p>Concernant notre sujet principal de l\u2019\u00e9cole \u00e0 la maison, vous serez ici dispens\u00e9s des conseils classiques d\u2019\u00e9teindre les \u00e9crans et d\u2019effectuer des pauses r\u00e9guli\u00e8res. Cet article vous fournira quelques astuces afin de vivre au mieux cette nouvelle exp\u00e9rience d\u2019apprentissage. Il pourra aussi, nous l\u2019esp\u00e9rons, vous apprendre de nouvelles m\u00e9thodes de m\u00e9morisation ou d\u2019organisation.<\/p>\n<p>Pr\u00e9voyez un temps d\u2019am\u00e9nagement et d\u2019organisation de l\u2019espace de travail. Un endroit de pr\u00e9f\u00e9rence en dehors de l\u2019espace de jeu. Proposez aux plus grands de proc\u00e9der \u00e0 la planification en autonomie. Et pour plus petits, d\u2019effectuer cette partie avec eux, afin de contribuer \u00e0 l\u2019adh\u00e9sion de ces derniers \u00e0 cette nouvelle fa\u00e7on de travailler. Plusieurs types de plannings peuvent \u00eatre mis en place de la fa\u00e7on suivante : mois, semaine et journ\u00e9e. Ces diff\u00e9rents emplois du temps vont permettre successivement de visualiser, organiser et d\u00e9tailler les diff\u00e9rents objectifs et temps de travail \u00e0 mettre en place pour que se d\u00e9roule de fa\u00e7on sereine, l&rsquo;\u00e9cole \u00e0 la maison. Une fois les diff\u00e9rents temps de travail \u00e9tablis, voici quelques m\u00e9thodes qui pourront vous permettre de d\u00e9couvrir de nouvelles m\u00e9thodes et outils d\u2019apprentissage.<\/p>\n<h2>D\u00e9couvrez de nouveaux outils pour faire l&rsquo;\u00e9cole \u00e0 la maison diff\u00e9remment<\/h2>\n<h3>Des outils pour les enfants<\/h3>\n<ul>\n<li><strong><u>Cr\u00e9er des codes couleurs<\/u><\/strong>: par exemple pour une le\u00e7on des d\u2019histoire, mettre les noms et personnages en BLEU. Les dates en VERT. Les mots cl\u00e9s en ROSE. Cette m\u00e9thode permet aux plus petits, comme au plus grands, de m\u00e9moriser dans un premier temps les \u00e9l\u00e9ments cl\u00e9s par la colorisation.<\/li>\n<\/ul>\n<p>Mais cette m\u00e9thode permet aussi, lors de r\u00e9visions, d\u2019associer plus facilement les \u00e9l\u00e9ments entre eux. Elle est tr\u00e8s utile par exemple pour r\u00e9aliser une fresque chronologique.<\/p>\n<ul>\n<li><strong><u>Les flash cards<\/u><\/strong>: Cette m\u00e9thode m\u00e9connue du grand public est efficace notamment dans l\u2019apprentissage des langues ou encore des math\u00e9matiques (depuis les tables de multiplications jusqu\u2019aux formules plus complexes). Il en va de m\u00eame pour la m\u00e9morisation des d\u00e9finitions.<\/li>\n<\/ul>\n<p><img loading=\"lazy\" decoding=\"async\" class=\"aligncenter \" src=\"https:\/\/images.a-qui-s.fr\/image\/upload\/v1584606016\/BLOG\/flash_card.jpeg\" alt=\"flash card \u00e9cole\" width=\"628\" height=\"446\"><\/p>\n<p>Mode d\u2019emploi : d\u00e9couper des cartes de m\u00eames tailles. Sur une face invitez votre enfant \u00e0 dessiner o\u00f9 \u00e9crire un mot cl\u00e9 (par exemple : la \u00ab pr\u00e9histoire \u00bb). Sur l\u2019autre face, \u00e9crivez la traduction, la solution ou encore la d\u00e9finition. Vous pouvez aussi rajouter les dates ou mots cl\u00e9s relatifs \u00e0 cette id\u00e9e.<\/p>\n<p>De cette fa\u00e7on, l\u2019apprentissage se fait de fa\u00e7on plus ludique. De par la partie cr\u00e9ative du processus mais aussi en raison de la r\u00e9flexion sur les notions \u00e0 apprendre qu\u2019il implique. C\u2019est aussi une fa\u00e7on plus sympa d\u2019interroger et de r\u00e9viser.<\/p>\n<ul>\n<li><strong><u>La mindmap<\/u><\/strong>: aussi appel\u00e9e carte mentale. C&rsquo;est un outils tr\u00e8s utile pour construire un projet ou pour comprendre une le\u00e7on.<\/li>\n<\/ul>\n<p><img loading=\"lazy\" decoding=\"async\" class=\"aligncenter \" src=\"https:\/\/images.a-qui-s.fr\/image\/upload\/v1584605992\/BLOG\/mindmappblog.jpeg\" alt=\"mind map\" width=\"616\" height=\"462\"><\/p>\n<p>Utilis\u00e9 par l\u2019enfant, la mindmap va l\u2019aider \u00e0 d\u00e9cortiquer les notions essentielles de sa le\u00e7on. Mais aussi de se concentrer les mots et notions cl\u00e9s.<\/p>\n<p>Incitez-le \u00e0 utiliser des couleurs et formes diff\u00e9rentes afin qu\u2019il puisse s\u2019approprier la le\u00e7on et son contenu.<\/p>\n<p>Vous nous en direz des nouvelles&nbsp;!<\/p>\n<h3>Des outils pour les parents \ud83d\ude09<\/h3>\n<ul>\n<li><strong><u>Le tracker<\/u><\/strong>: C\u2019est tout simplement un tableau. Compos\u00e9&nbsp; de colonnes repr\u00e9sentant tous les jours du mois, et des lignes correspondant \u00e0 toutes les activit\u00e9s quotidiennes que vous voulez \u00ab tracker \u00bb.&nbsp;&nbsp;Chaque jour, vous coloriez les cases d\u00e8s que vous avez r\u00e9alis\u00e9 l\u2019activit\u00e9. C\u2019est une m\u00e9thode tr\u00e8s utilis\u00e9e par les bloggeuses bien-\u00eatre Am\u00e9ricaines. Vous pouvez m\u00eame personnaliser vos trackers avec des <a href=\"https:\/\/www.a-qui-s.fr\/petites-etiquettes-autocollantes-zuniques\">autocollants personnalis\u00e9s<\/a> A-qui-S !<\/li>\n<\/ul>\n<p>Par exemple&nbsp;: si votre enfant doit lire, se brosser les dents, faire des math\u00e9matiques, r\u00e9viser son fran\u00e7ais, faire des jeux de soci\u00e9t\u00e9s, passer moins de X temps sur les \u00e9crans&#8230; alors tracker sera pour lui un bon moyen d\u2019acc\u00e9der \u00e0 un sentiment d\u2019accomplissement et de satisfaction \u00e0 en constatant les t\u00e2ches accomplies mais aussi en pouvant v\u00e9rifier, par lui-m\u00eame dans la journ\u00e9e ce qui lui reste \u00e0 faire.<\/p>\n<p>A vous de jouer ! Bon courage, la Team A-qui-S pense \u00e0 vous \u2764<\/p>\n<p>\ud83c\udf08 Pour suivre nos aventures sur Instagram : <a href=\"https:\/\/www.instagram.com\/etiquettesaquis\/\">@etiquettesaquis<\/a> \ud83c\udf08<\/p>\n","protected":false},"excerpt":{"rendered":"<p>Confinement oblige, tous les parents doivent se transformer en ma\u00eetres et ma\u00eetresses dans les prochaines semaines (courage \ud83d\ude09). Alors, chez A-qui-S, on s&rsquo;est lanc\u00e9 le d\u00e9fi de vous proposer r\u00e9guli\u00e8rement quelques astuces pour l&rsquo;organisation de l&rsquo;\u00e9cole \u00e0 la maison \ud83d\udcaa ! Pour les premiers jours de ce confinement, on commence par s&rsquo;organiser. Au programme : [&hellip;]<\/p>\n","protected":false},"author":2,"featured_media":19908,"comment_status":"open","ping_status":"open","sticky":false,"template":"","format":"standard","meta":{"_acf_changed":false,"fifu_image_url":"https:\/\/images.a-qui-s.fr\/image\/upload\/v1584454729\/BLOG\/emploi-du-temps.jpg","fifu_image_alt":"L\u2019organisation \u00e9cole \u00e0 la maison durant le confinement : emplois du temps \u00e0 imprimer","footnotes":""},"categories":[55],"tags":[],"class_list":["post-14926","post","type-post","status-publish","format-standard","has-post-thumbnail","hentry","category-trucs-et-astuces"],"acf":[],"yoast_head":"<!-- This site is optimized with the Yoast SEO plugin v27.0 - https:\/\/yoast.com\/product\/yoast-seo-wordpress\/ -->\n<title>L&#039;organisation \u00e9cole \u00e0 la maison le confinement : emplois du temps<\/title>\n<meta name=\"description\" content=\"Organisation de l&#039;\u00e9cole \u00e0 la maison ! Confinement oblige, tous les parents doivent se tranformer en ma\u00eetre et ma\u00eetresse dans les semaines \u00e0 venir.\" \/>\n<meta name=\"robots\" content=\"index, follow, max-snippet:-1, max-image-preview:large, max-video-preview:-1\" \/>\n<link rel=\"canonical\" href=\"https:\/\/www.a-qui-s.fr\/le-blog\/trucs-et-astuces\/organisation-ecole-a-la-maison-confinement\/\" \/>\n<meta property=\"og:locale\" content=\"fr_FR\" \/>\n<meta property=\"og:type\" content=\"article\" \/>\n<meta property=\"og:title\" content=\"L&#039;organisation \u00e9cole \u00e0 la maison le confinement : emplois du temps\" \/>\n<meta property=\"og:description\" content=\"Organisation de l&#039;\u00e9cole \u00e0 la maison ! Confinement oblige, tous les parents doivent se tranformer en ma\u00eetre et ma\u00eetresse dans les semaines \u00e0 venir.\" \/>\n<meta property=\"og:url\" content=\"https:\/\/www.a-qui-s.fr\/le-blog\/trucs-et-astuces\/organisation-ecole-a-la-maison-confinement\/\" \/>\n<meta property=\"og:site_name\" content=\"LE BLOG d&#039;A-qui-S\" \/>\n<meta property=\"article:publisher\" content=\"https:\/\/www.facebook.com\/AquiS\/\" \/>\n<meta property=\"article:published_time\" content=\"2020-03-18T15:55:55+00:00\" \/>\n<meta property=\"article:modified_time\" content=\"2025-08-21T11:24:28+00:00\" \/>\n<meta property=\"og:image\" content=\"https:\/\/images.a-qui-s.fr\/image\/upload\/v1584454729\/BLOG\/emploi-du-temps.jpg\" \/>\n<meta name=\"author\" content=\"Louise de A-qui-S\" \/>\n<meta name=\"twitter:card\" content=\"summary_large_image\" \/>\n<meta name=\"twitter:image\" content=\"https:\/\/images.a-qui-s.fr\/image\/upload\/v1584454729\/BLOG\/emploi-du-temps.jpg\" \/>\n<meta name=\"twitter:creator\" content=\"@aquis_fr\" \/>\n<meta name=\"twitter:site\" content=\"@aquis_fr\" \/>\n<meta name=\"twitter:label1\" content=\"Written by\" \/>\n\t<meta name=\"twitter:data1\" content=\"Louise de A-qui-S\" \/>\n\t<meta name=\"twitter:label2\" content=\"Est. reading time\" \/>\n\t<meta name=\"twitter:data2\" content=\"5 minutes\" \/>\n<script type=\"application\/ld+json\" class=\"yoast-schema-graph\">{\"@context\":\"https:\/\/schema.org\",\"@graph\":[{\"@type\":\"Article\",\"@id\":\"https:\/\/www.a-qui-s.fr\/le-blog\/trucs-et-astuces\/organisation-ecole-a-la-maison-confinement\/#article\",\"isPartOf\":{\"@id\":\"https:\/\/www.a-qui-s.fr\/le-blog\/trucs-et-astuces\/organisation-ecole-a-la-maison-confinement\/\"},\"author\":{\"name\":\"Louise de A-qui-S\",\"@id\":\"https:\/\/www.a-qui-s.fr\/le-blog\/#\/schema\/person\/d98098c165f4481653780d6fa061f531\"},\"headline\":\"L&rsquo;organisation \u00e9cole \u00e0 la maison durant le confinement : emplois du temps \u00e0 imprimer\",\"datePublished\":\"55+00:00\",\"dateModified\":\"28+00:00\",\"mainEntityOfPage\":{\"@id\":\"https:\/\/www.a-qui-s.fr\/le-blog\/trucs-et-astuces\/organisation-ecole-a-la-maison-confinement\/\"},\"wordCount\":1039,\"commentCount\":2,\"publisher\":{\"@id\":\"https:\/\/www.a-qui-s.fr\/le-blog\/#organization\"},\"image\":{\"@id\":\"https:\/\/www.a-qui-s.fr\/le-blog\/trucs-et-astuces\/organisation-ecole-a-la-maison-confinement\/#primaryimage\"},\"thumbnailUrl\":\"https:\/\/images.a-qui-s.fr\/image\/upload\/v1584454729\/BLOG\/emploi-du-temps.jpg\",\"articleSection\":[\"Trucs et Astuces\"],\"inLanguage\":\"fr-FR\",\"potentialAction\":[{\"@type\":\"CommentAction\",\"name\":\"Comment\",\"target\":[\"https:\/\/www.a-qui-s.fr\/le-blog\/trucs-et-astuces\/organisation-ecole-a-la-maison-confinement\/#respond\"]}]},{\"@type\":\"WebPage\",\"@id\":\"https:\/\/www.a-qui-s.fr\/le-blog\/trucs-et-astuces\/organisation-ecole-a-la-maison-confinement\/\",\"url\":\"https:\/\/www.a-qui-s.fr\/le-blog\/trucs-et-astuces\/organisation-ecole-a-la-maison-confinement\/\",\"name\":\"L'organisation \u00e9cole \u00e0 la maison le confinement : emplois du temps\",\"isPartOf\":{\"@id\":\"https:\/\/www.a-qui-s.fr\/le-blog\/#website\"},\"primaryImageOfPage\":{\"@id\":\"https:\/\/www.a-qui-s.fr\/le-blog\/trucs-et-astuces\/organisation-ecole-a-la-maison-confinement\/#primaryimage\"},\"image\":{\"@id\":\"https:\/\/www.a-qui-s.fr\/le-blog\/trucs-et-astuces\/organisation-ecole-a-la-maison-confinement\/#primaryimage\"},\"thumbnailUrl\":\"https:\/\/images.a-qui-s.fr\/image\/upload\/v1584454729\/BLOG\/emploi-du-temps.jpg\",\"datePublished\":\"55+00:00\",\"dateModified\":\"28+00:00\",\"description\":\"Organisation de l'\u00e9cole \u00e0 la maison ! Confinement oblige, tous les parents doivent se tranformer en ma\u00eetre et ma\u00eetresse dans les semaines \u00e0 venir.\",\"breadcrumb\":{\"@id\":\"https:\/\/www.a-qui-s.fr\/le-blog\/trucs-et-astuces\/organisation-ecole-a-la-maison-confinement\/#breadcrumb\"},\"inLanguage\":\"fr-FR\",\"potentialAction\":[{\"@type\":\"ReadAction\",\"target\":[\"https:\/\/www.a-qui-s.fr\/le-blog\/trucs-et-astuces\/organisation-ecole-a-la-maison-confinement\/\"]}]},{\"@type\":\"ImageObject\",\"inLanguage\":\"fr-FR\",\"@id\":\"https:\/\/www.a-qui-s.fr\/le-blog\/trucs-et-astuces\/organisation-ecole-a-la-maison-confinement\/#primaryimage\",\"url\":\"https:\/\/images.a-qui-s.fr\/image\/upload\/v1584454729\/BLOG\/emploi-du-temps.jpg\",\"contentUrl\":\"https:\/\/images.a-qui-s.fr\/image\/upload\/v1584454729\/BLOG\/emploi-du-temps.jpg\",\"caption\":\"L\u2019organisation \u00e9cole \u00e0 la maison durant le confinement : emplois du temps \u00e0 imprimer\"},{\"@type\":\"BreadcrumbList\",\"@id\":\"https:\/\/www.a-qui-s.fr\/le-blog\/trucs-et-astuces\/organisation-ecole-a-la-maison-confinement\/#breadcrumb\",\"itemListElement\":[{\"@type\":\"ListItem\",\"position\":1,\"name\":\"Accueil\",\"item\":\"https:\/\/www.a-qui-s.fr\/le-blog\/\"},{\"@type\":\"ListItem\",\"position\":2,\"name\":\"Trucs et Astuces\",\"item\":\"https:\/\/www.a-qui-s.fr\/le-blog\/category\/trucs-et-astuces\/\"},{\"@type\":\"ListItem\",\"position\":3,\"name\":\"L&rsquo;organisation \u00e9cole \u00e0 la maison durant le confinement : emplois du temps \u00e0 imprimer\"}]},{\"@type\":\"WebSite\",\"@id\":\"https:\/\/www.a-qui-s.fr\/le-blog\/#website\",\"url\":\"https:\/\/www.a-qui-s.fr\/le-blog\/\",\"name\":\"LE BLOG d&#039;A-qui-S\",\"description\":\"La communaut\u00e9 des &quot;Pas-Perdus&quot;\",\"publisher\":{\"@id\":\"https:\/\/www.a-qui-s.fr\/le-blog\/#organization\"},\"potentialAction\":[{\"@type\":\"SearchAction\",\"target\":{\"@type\":\"EntryPoint\",\"urlTemplate\":\"https:\/\/www.a-qui-s.fr\/le-blog\/?s={search_term_string}\"},\"query-input\":{\"@type\":\"PropertyValueSpecification\",\"valueRequired\":true,\"valueName\":\"search_term_string\"}}],\"inLanguage\":\"fr-FR\"},{\"@type\":\"Organization\",\"@id\":\"https:\/\/www.a-qui-s.fr\/le-blog\/#organization\",\"name\":\"Etiquettes & compagnie\",\"url\":\"https:\/\/www.a-qui-s.fr\/le-blog\/\",\"logo\":{\"@type\":\"ImageObject\",\"inLanguage\":\"fr-FR\",\"@id\":\"https:\/\/www.a-qui-s.fr\/le-blog\/#\/schema\/logo\/image\/\",\"url\":\"https:\/\/www.a-qui-s.fr\/le-blog\/wp-content\/uploads\/2015\/05\/logo_a-qui-s.png\",\"contentUrl\":\"https:\/\/www.a-qui-s.fr\/le-blog\/wp-content\/uploads\/2015\/05\/logo_a-qui-s.png\",\"width\":132,\"height\":59,\"caption\":\"Etiquettes & compagnie\"},\"image\":{\"@id\":\"https:\/\/www.a-qui-s.fr\/le-blog\/#\/schema\/logo\/image\/\"},\"sameAs\":[\"https:\/\/www.facebook.com\/AquiS\/\",\"https:\/\/x.com\/aquis_fr\"]},{\"@type\":\"Person\",\"@id\":\"https:\/\/www.a-qui-s.fr\/le-blog\/#\/schema\/person\/d98098c165f4481653780d6fa061f531\",\"name\":\"Louise de A-qui-S\",\"image\":{\"@type\":\"ImageObject\",\"inLanguage\":\"fr-FR\",\"@id\":\"https:\/\/www.a-qui-s.fr\/le-blog\/#\/schema\/person\/image\/\",\"url\":\"https:\/\/secure.gravatar.com\/avatar\/7a713547ddd2e0fc4130ec55978934dc3f12ef2095fa1cba20e2f0efcd0728c4?s=96&d=mm&r=g\",\"contentUrl\":\"https:\/\/secure.gravatar.com\/avatar\/7a713547ddd2e0fc4130ec55978934dc3f12ef2095fa1cba20e2f0efcd0728c4?s=96&d=mm&r=g\",\"caption\":\"Louise de A-qui-S\"},\"url\":\"https:\/\/www.a-qui-s.fr\/le-blog\/author\/julia\/\"}]}<\/script>\n<!-- \/ Yoast SEO plugin. -->","yoast_head_json":{"title":"L'organisation \u00e9cole \u00e0 la maison le confinement : emplois du temps","description":"Organisation de l'\u00e9cole \u00e0 la maison ! Confinement oblige, tous les parents doivent se tranformer en ma\u00eetre et ma\u00eetresse dans les semaines \u00e0 venir.","robots":{"index":"index","follow":"follow","max-snippet":"max-snippet:-1","max-image-preview":"max-image-preview:large","max-video-preview":"max-video-preview:-1"},"canonical":"https:\/\/www.a-qui-s.fr\/le-blog\/trucs-et-astuces\/organisation-ecole-a-la-maison-confinement\/","og_locale":"fr_FR","og_type":"article","og_title":"L'organisation \u00e9cole \u00e0 la maison le confinement : emplois du temps","og_description":"Organisation de l'\u00e9cole \u00e0 la maison ! Confinement oblige, tous les parents doivent se tranformer en ma\u00eetre et ma\u00eetresse dans les semaines \u00e0 venir.","og_url":"https:\/\/www.a-qui-s.fr\/le-blog\/trucs-et-astuces\/organisation-ecole-a-la-maison-confinement\/","og_site_name":"LE BLOG d&#039;A-qui-S","article_publisher":"https:\/\/www.facebook.com\/AquiS\/","article_published_time":"2020-03-18T15:55:55+00:00","article_modified_time":"2025-08-21T11:24:28+00:00","og_image":[{"url":"https:\/\/images.a-qui-s.fr\/image\/upload\/v1584454729\/BLOG\/emploi-du-temps.jpg","type":"","width":"","height":""}],"author":"Louise de A-qui-S","twitter_card":"summary_large_image","twitter_image":"https:\/\/images.a-qui-s.fr\/image\/upload\/v1584454729\/BLOG\/emploi-du-temps.jpg","twitter_creator":"@aquis_fr","twitter_site":"@aquis_fr","twitter_misc":{"Written by":"Louise de A-qui-S","Est. reading time":"5 minutes"},"schema":{"@context":"https:\/\/schema.org","@graph":[{"@type":"Article","@id":"https:\/\/www.a-qui-s.fr\/le-blog\/trucs-et-astuces\/organisation-ecole-a-la-maison-confinement\/#article","isPartOf":{"@id":"https:\/\/www.a-qui-s.fr\/le-blog\/trucs-et-astuces\/organisation-ecole-a-la-maison-confinement\/"},"author":{"name":"Louise de A-qui-S","@id":"https:\/\/www.a-qui-s.fr\/le-blog\/#\/schema\/person\/d98098c165f4481653780d6fa061f531"},"headline":"L&rsquo;organisation \u00e9cole \u00e0 la maison durant le confinement : emplois du temps \u00e0 imprimer","datePublished":"55+00:00","dateModified":"28+00:00","mainEntityOfPage":{"@id":"https:\/\/www.a-qui-s.fr\/le-blog\/trucs-et-astuces\/organisation-ecole-a-la-maison-confinement\/"},"wordCount":1039,"commentCount":2,"publisher":{"@id":"https:\/\/www.a-qui-s.fr\/le-blog\/#organization"},"image":{"@id":"https:\/\/www.a-qui-s.fr\/le-blog\/trucs-et-astuces\/organisation-ecole-a-la-maison-confinement\/#primaryimage"},"thumbnailUrl":"https:\/\/images.a-qui-s.fr\/image\/upload\/v1584454729\/BLOG\/emploi-du-temps.jpg","articleSection":["Trucs et Astuces"],"inLanguage":"fr-FR","potentialAction":[{"@type":"CommentAction","name":"Comment","target":["https:\/\/www.a-qui-s.fr\/le-blog\/trucs-et-astuces\/organisation-ecole-a-la-maison-confinement\/#respond"]}]},{"@type":"WebPage","@id":"https:\/\/www.a-qui-s.fr\/le-blog\/trucs-et-astuces\/organisation-ecole-a-la-maison-confinement\/","url":"https:\/\/www.a-qui-s.fr\/le-blog\/trucs-et-astuces\/organisation-ecole-a-la-maison-confinement\/","name":"L'organisation \u00e9cole \u00e0 la maison le confinement : emplois du temps","isPartOf":{"@id":"https:\/\/www.a-qui-s.fr\/le-blog\/#website"},"primaryImageOfPage":{"@id":"https:\/\/www.a-qui-s.fr\/le-blog\/trucs-et-astuces\/organisation-ecole-a-la-maison-confinement\/#primaryimage"},"image":{"@id":"https:\/\/www.a-qui-s.fr\/le-blog\/trucs-et-astuces\/organisation-ecole-a-la-maison-confinement\/#primaryimage"},"thumbnailUrl":"https:\/\/images.a-qui-s.fr\/image\/upload\/v1584454729\/BLOG\/emploi-du-temps.jpg","datePublished":"55+00:00","dateModified":"28+00:00","description":"Organisation de l'\u00e9cole \u00e0 la maison ! Confinement oblige, tous les parents doivent se tranformer en ma\u00eetre et ma\u00eetresse dans les semaines \u00e0 venir.","breadcrumb":{"@id":"https:\/\/www.a-qui-s.fr\/le-blog\/trucs-et-astuces\/organisation-ecole-a-la-maison-confinement\/#breadcrumb"},"inLanguage":"fr-FR","potentialAction":[{"@type":"ReadAction","target":["https:\/\/www.a-qui-s.fr\/le-blog\/trucs-et-astuces\/organisation-ecole-a-la-maison-confinement\/"]}]},{"@type":"ImageObject","inLanguage":"fr-FR","@id":"https:\/\/www.a-qui-s.fr\/le-blog\/trucs-et-astuces\/organisation-ecole-a-la-maison-confinement\/#primaryimage","url":"https:\/\/images.a-qui-s.fr\/image\/upload\/v1584454729\/BLOG\/emploi-du-temps.jpg","contentUrl":"https:\/\/images.a-qui-s.fr\/image\/upload\/v1584454729\/BLOG\/emploi-du-temps.jpg","caption":"L\u2019organisation \u00e9cole \u00e0 la maison durant le confinement : emplois du temps \u00e0 imprimer"},{"@type":"BreadcrumbList","@id":"https:\/\/www.a-qui-s.fr\/le-blog\/trucs-et-astuces\/organisation-ecole-a-la-maison-confinement\/#breadcrumb","itemListElement":[{"@type":"ListItem","position":1,"name":"Accueil","item":"https:\/\/www.a-qui-s.fr\/le-blog\/"},{"@type":"ListItem","position":2,"name":"Trucs et Astuces","item":"https:\/\/www.a-qui-s.fr\/le-blog\/category\/trucs-et-astuces\/"},{"@type":"ListItem","position":3,"name":"L&rsquo;organisation \u00e9cole \u00e0 la maison durant le confinement : emplois du temps \u00e0 imprimer"}]},{"@type":"WebSite","@id":"https:\/\/www.a-qui-s.fr\/le-blog\/#website","url":"https:\/\/www.a-qui-s.fr\/le-blog\/","name":"LE BLOG d&#039;A-qui-S","description":"La communaut\u00e9 des &quot;Pas-Perdus&quot;","publisher":{"@id":"https:\/\/www.a-qui-s.fr\/le-blog\/#organization"},"potentialAction":[{"@type":"SearchAction","target":{"@type":"EntryPoint","urlTemplate":"https:\/\/www.a-qui-s.fr\/le-blog\/?s={search_term_string}"},"query-input":{"@type":"PropertyValueSpecification","valueRequired":true,"valueName":"search_term_string"}}],"inLanguage":"fr-FR"},{"@type":"Organization","@id":"https:\/\/www.a-qui-s.fr\/le-blog\/#organization","name":"Etiquettes & compagnie","url":"https:\/\/www.a-qui-s.fr\/le-blog\/","logo":{"@type":"ImageObject","inLanguage":"fr-FR","@id":"https:\/\/www.a-qui-s.fr\/le-blog\/#\/schema\/logo\/image\/","url":"https:\/\/www.a-qui-s.fr\/le-blog\/wp-content\/uploads\/2015\/05\/logo_a-qui-s.png","contentUrl":"https:\/\/www.a-qui-s.fr\/le-blog\/wp-content\/uploads\/2015\/05\/logo_a-qui-s.png","width":132,"height":59,"caption":"Etiquettes & compagnie"},"image":{"@id":"https:\/\/www.a-qui-s.fr\/le-blog\/#\/schema\/logo\/image\/"},"sameAs":["https:\/\/www.facebook.com\/AquiS\/","https:\/\/x.com\/aquis_fr"]},{"@type":"Person","@id":"https:\/\/www.a-qui-s.fr\/le-blog\/#\/schema\/person\/d98098c165f4481653780d6fa061f531","name":"Louise de A-qui-S","image":{"@type":"ImageObject","inLanguage":"fr-FR","@id":"https:\/\/www.a-qui-s.fr\/le-blog\/#\/schema\/person\/image\/","url":"https:\/\/secure.gravatar.com\/avatar\/7a713547ddd2e0fc4130ec55978934dc3f12ef2095fa1cba20e2f0efcd0728c4?s=96&d=mm&r=g","contentUrl":"https:\/\/secure.gravatar.com\/avatar\/7a713547ddd2e0fc4130ec55978934dc3f12ef2095fa1cba20e2f0efcd0728c4?s=96&d=mm&r=g","caption":"Louise de A-qui-S"},"url":"https:\/\/www.a-qui-s.fr\/le-blog\/author\/julia\/"}]}},"_links":{"self":[{"href":"https:\/\/www.a-qui-s.fr\/le-blog\/wp-json\/wp\/v2\/posts\/14926","targetHints":{"allow":["GET"]}}],"collection":[{"href":"https:\/\/www.a-qui-s.fr\/le-blog\/wp-json\/wp\/v2\/posts"}],"about":[{"href":"https:\/\/www.a-qui-s.fr\/le-blog\/wp-json\/wp\/v2\/types\/post"}],"author":[{"embeddable":true,"href":"https:\/\/www.a-qui-s.fr\/le-blog\/wp-json\/wp\/v2\/users\/2"}],"replies":[{"embeddable":true,"href":"https:\/\/www.a-qui-s.fr\/le-blog\/wp-json\/wp\/v2\/comments?post=14926"}],"version-history":[{"count":0,"href":"https:\/\/www.a-qui-s.fr\/le-blog\/wp-json\/wp\/v2\/posts\/14926\/revisions"}],"wp:featuredmedia":[{"embeddable":true,"href":"https:\/\/www.a-qui-s.fr\/le-blog\/wp-json\/wp\/v2\/media\/19908"}],"wp:attachment":[{"href":"https:\/\/www.a-qui-s.fr\/le-blog\/wp-json\/wp\/v2\/media?parent=14926"}],"wp:term":[{"taxonomy":"category","embeddable":true,"href":"https:\/\/www.a-qui-s.fr\/le-blog\/wp-json\/wp\/v2\/categories?post=14926"},{"taxonomy":"post_tag","embeddable":true,"href":"https:\/\/www.a-qui-s.fr\/le-blog\/wp-json\/wp\/v2\/tags?post=14926"}],"curies":[{"name":"wp","href":"https:\/\/api.w.org\/{rel}","templated":true}]}}