{"id":14750,"date":"2020-02-21T13:46:18","date_gmt":"2020-02-21T12:46:18","guid":{"rendered":"https:\/\/www.a-qui-s.fr\/le-blog\/?p=14750"},"modified":"2025-08-21T12:24:45","modified_gmt":"2025-08-21T11:24:45","slug":"etiquettes-cables-et-chargeurs","status":"publish","type":"post","link":"https:\/\/www.a-qui-s.fr\/le-blog\/etiquettes-vetement-autocollants\/etiquettes-cables-et-chargeurs\/","title":{"rendered":"\u00c9tiquettes c\u00e2bles et chargeurs, petits objets : les Sticables\u00ae par A-qui-S !"},"content":{"rendered":"<p>&nbsp;\u00c9tiquettes c\u00e2bles et chargeurs :<strong> les Sticables\u00ae <\/strong>! Les petits derniers-n\u00e9s de la A-qui-S Family \ud83d\ude0d. En tant que sp\u00e9cialiste de l&rsquo;<a href=\"https:\/\/www.a-qui-s.fr\/pack-etiquettes-ecole\">\u00e9tiquette \u00e9cole<\/a>, de l&rsquo;<a href=\"https:\/\/www.a-qui-s.fr\/etiquettes-vetements-autocollantes\">\u00e9tiquette enfant<\/a>, bref des <a href=\"https:\/\/www.a-qui-s.fr\/tous-nos-produits\/\">\u00e9tiquettes autocollantes<\/a> en g\u00e9n\u00e9ral \ud83d\ude0e, nous sommes persuad\u00e9s que les \u00e9tiquettes peuvent r\u00e9soudre bien des probl\u00e8mes&#8230;Et notamment celui du fameux \u00ab\u00a0Qui a pris MON chargeur ?\u00a0\u00bb et des nombreuses discordes qui en d\u00e9coulent, plus particuli\u00e8rement dans les fratries \ud83d\ude09. De ce constat, <strong>les Sticables\u00ae<\/strong> sont n\u00e9s ! Bye-bye les ennuis ! Des <strong>\u00e9tiquettes autocollantes<\/strong> \u00e0 coller sur les c\u00e2bles et chargeurs de t\u00e9l\u00e9phone portable mais pas que ! Personnalis\u00e9es avec un pr\u00e9nom et des initiales, elles sont id\u00e9ales pour marquer les petits objets, comme les \u00e9couteurs, les enceintes, ou m\u00eame les cl\u00e9s !&nbsp;<\/p>\n<h2 style=\"text-align: center;\"><strong>Les Sticables\u00ae les \u00e9tiquettes c\u00e2bles et chargeurs ? K\u00e9zako ?<\/strong><\/h2>\n<figure style=\"width: 459px\" class=\"wp-caption aligncenter\"><a href=\"https:\/\/www.a-qui-s.fr\/autocollants-cables-chargeurs\"><img fetchpriority=\"high\" decoding=\"async\" title=\"\u00e9tiquettes c\u00e2bles et chargeurs\" src=\"https:\/\/images.a-qui-s.fr\/image\/upload\/v1581417910\/produits\/AD\/AquiS-Etiquettes-cables-800x800.jpg\" alt=\"\u00e9tiquettes c\u00e2bles et chargeurs\" width=\"459\" height=\"459\"><\/a><figcaption class=\"wp-caption-text\">Etiquettes c\u00e2bles et chargeurs, les Sticables\u00ae by A-qui-S\u00ae<\/figcaption><\/figure>\n<p><a href=\"https:\/\/www.a-qui-s.fr\/autocollants-cables-chargeurs\"><img decoding=\"async\" class=\"aligncenter\" src=\"https:\/\/images.a-qui-s.fr\/image\/upload\/v1582207510\/BLOG\/bouton-sticables.jpg\" alt=\"\u00e9tiquettes c\u00e2bles et chargeurs\" width=\"200\" height=\"50\"><\/a><\/p>\n<p>&nbsp;<\/p>\n<p>Les <strong>Sticables\u00ae<\/strong> ce sont des \u00e9tiquettes autocollantes pr\u00e9sent\u00e9es par planche de 12. Ils sont vendus par 12,24,48 et 72 autocollants. Pour une famille l&rsquo;id\u00e9al est que chaque membre choisissent une couleur diff\u00e9rente, de mani\u00e8re \u00e0 les diff\u00e9rencier parfaitement. Gr\u00e2ce \u00e0 leur finission vinyl, ils r\u00e9sistent parfaitement \u00e0 l&rsquo;eau, aux lavages et aux UVs.&nbsp;<\/p>\n<h2 style=\"text-align: center;\">Les \u00e9tiquettes c\u00e2bles et chargeurs pour les petits objets, \u00e9couteurs, cl\u00e9s&#8230;<\/h2>\n<p><img decoding=\"async\" class=\"aligncenter\" title=\"\u00e9tiquettes c\u00e2bles et chargeurs\" src=\"https:\/\/images.a-qui-s.fr\/image\/upload\/v1582192381\/produits\/AD\/stickables3.jpg\" alt=\"\u00e9tiquettes c\u00e2bles et chargeurs\" width=\"378\" height=\"378\"><\/p>\n<h3 style=\"text-align: center;\">Comment \u00e7a marche ?&nbsp;<\/h3>\n<p style=\"text-align: left;\">La planche d&rsquo;<strong>autocollants<\/strong> contient 12 \u00e9tiquettes, 6 avec des initiales, 6 avec un pr\u00e9nom. Les stickers avec initiales sont con\u00e7us pour marquer les adaptateurs ou secteurs des portables, les bo\u00eetes, les outils, les objets du quotidien que vous souhaitez diff\u00e9rencier. Les mini-stickers avec pr\u00e9nom, eux, sont con\u00e7us pour marquer discr\u00e8tement mais surement les petits objets, comme les c\u00e2bles de t\u00e9l\u00e9phone ou d&rsquo;\u00e9couteurs, les <strong>clefs<\/strong>, les cadenas&#8230;<\/p>\n<p style=\"text-align: left;\">Leur finesse et leur souplesse s&rsquo;adapteront parfaitement aux c\u00e2bles et \u00e9pouseront id\u00e9alement les fils \u00e9lectriques.<\/p>\n<p style=\"text-align: left;\">Pour les coller, c&rsquo;est un jeu d&rsquo;enfant ! Premi\u00e8rement, assurez-vous que la surface de votre objet soit parfaitement propre et s\u00e8che. Ensuite, il vous suffit de placer votre <strong>\u00e9tiquette<\/strong> au bon endroit, et de chasser l&rsquo;air vers l&rsquo;ext\u00e9rieur, de fa\u00e7on \u00e0 \u00e9viter les bulles d&rsquo;air. Enfin, pour \u00eatre certain de la bonne tenue de l&rsquo;autocollant, nous vous conseillons de ne pas utiliser l&rsquo;objet dans les 24h suivant la pose.&nbsp;<\/p>\n<p>&nbsp;<\/p>\n<figure style=\"width: 474px\" class=\"wp-caption aligncenter\"><img loading=\"lazy\" decoding=\"async\" title=\"\u00e9tiquettes c\u00e2bles et chargeurs\" src=\"https:\/\/images.a-qui-s.fr\/image\/upload\/v1582192380\/produits\/AD\/stickables-1.jpg\" alt=\"\u00e9tiquettes pour petits objets\" width=\"474\" height=\"474\"><figcaption class=\"wp-caption-text\">A chacun son Sticables\u00ae !<\/figcaption><\/figure>\n<h2 style=\"text-align: center;\"><a href=\"https:\/\/www.a-qui-s.fr\/autocollants-cables-chargeurs\"><img decoding=\"async\" src=\"https:\/\/images.a-qui-s.fr\/image\/upload\/v1582207510\/BLOG\/bouton-sticables.jpg\"><\/a><\/h2>\n<h2 style=\"text-align: center;\">Les Sticables<strong>\u00ae <\/strong>: personnalis\u00e9s, \u00e9conomiques et Made in France !<\/h2>\n<h3 style=\"text-align: center;\">Des autocollants personnalis\u00e9s, imprim\u00e9s avec des encres sans solvant<\/h3>\n<p style=\"text-align: left;\">Qu&rsquo;ils soient coll\u00e9s sur votre chargeur, sur vos cl\u00e9s ou m\u00eame sur vos \u00e9couteurs, ces autocollants peuvent quotidiennement \u00eatre en contact avec votre peau. C&rsquo;est la raison pour laquelle nous avons choisi d&rsquo;utiliser, chez A-qui-S, des <strong>encre sans solvant<\/strong> pour personnaliser nos \u00e9tiquettes, et notamment les Sticables\u00ae. L&rsquo;utilisation d&rsquo;encre sans solvant, s&rsquo;inscrit dans nos engagements, depuis 2005, pour votre s\u00e9curit\u00e9 mais aussi pour le respect de l&rsquo;environnement \ud83c\udf31. Tous nos produits, Sticables\u00ae compris, sont fabriqu\u00e9s en France dans notre atelier des Pyr\u00e9n\u00e9es \u00e0 c\u00f4t\u00e9 de Pau.<\/p>\n<h3 style=\"text-align: center;\">\u00c0 partir de 4,50 euros et une livraison gratuite !&nbsp; &nbsp;&nbsp;<\/h3>\n<p style=\"text-align: left;\">Pour marquer vos chargeurs de t\u00e9l\u00e9phone, d&rsquo;appareil photo ou encore liseuse num\u00e9rique (adaptateurs <strong>USB + c\u00e2bles<\/strong>), vos <strong>Airpods\u00ae<\/strong> ou \u00e9couteurs avec ou sans fils , la planche de 12 \u00e9tiquettes est id\u00e9ale. Elle est au prix de 4,50 euros (avec <strong>Livraison gratuite<\/strong>). Un prix d\u00e9risoire en comparaison du prix des objets qui pourraient \u00eatre perdus, \u00e9chang\u00e9s, confondus (surtout des Airspods \ud83d\ude09) ! De plus pour ce prix l\u00e0, il vous restera des petits autocollants pour identifier rapidement d&rsquo;autres petits objets. Pour les familles nombreuses o\u00f9 chaque ado souhaite marquer SES affaires (pas touche ! \ud83d\ude09), on pourra commander un set pour chacun d&rsquo;eux. Bricoleur ? Vous souhaitez marquer tous vos outils ? Nous vous conseillons d&rsquo;opter pour 72 \u00e9tiquettes au prix de <strong>11,50euros livraison incluse<\/strong>. Ainsi, avec les autocollants initiales et les autocollants \u00ab\u00a0pr\u00e9nom\u00a0\u00bb, tournevis, cl\u00e9 \u00e0 molette et tout autres outils qui vous sont r\u00e9guli\u00e8rement emprunt\u00e9s -par les voisins, les cousins, les copains &#8211; seront marqu\u00e9s&#8230;et donc retrouv\u00e9s !&nbsp;&nbsp;<\/p>\n<p style=\"text-align: left;\">Le saviez-vous \ud83d\udca1 ? La <a href=\"https:\/\/www.instagram.com\/etiquettesaquis\/\">Team A-qui-S<\/a> met tout en place pour retrouver vos objets perdus. Vous avez retrouv\u00e9 un objet marquer d&rsquo;une \u00e9tiquette A-qui-S ? Nous vous aidons \u00e0 retrouver son propri\u00e9taire au 05.59.27.17.27 ou sur notre site internet dans l&rsquo;espace \u00ab\u00a0Rue des Pas Perdus\u00a0\u00bb sur notre page d&rsquo;accueil.<\/p>\n<figure style=\"width: 208px\" class=\"wp-caption aligncenter\"><img loading=\"lazy\" decoding=\"async\" class=\"\" src=\"https:\/\/images.a-qui-s.fr\/image\/upload\/v1582810041\/BLOG\/trouver-objet-perdu-a-qui-s.png\" alt=\"trouver un objet perdu a-qui-s\" width=\"208\" height=\"292\"><figcaption class=\"wp-caption-text\">La rue des Pas Perdus A-qui-S<\/figcaption><\/figure>\n<p style=\"text-align: left;\">Pour ceux dont les fils, c\u00e2bles, chargeurs, qui envahissent tiroirs, sac \u00e0 main, valises (etc.), avez-vous d\u00e9j\u00e0 pens\u00e9 \u00e0 les glisser dans une jolie <a href=\"https:\/\/www.a-qui-s.fr\/pochette-personnalisee\">pochette personnalis\u00e9e<\/a> ? C&rsquo;est pratique et surtout \u00e7a \u00e9vite qu&rsquo;ils s&#8217;emm\u00ealent entre eux \ud83d\ude09 !&nbsp;<\/p>\n<p>[yikes-mailchimp form=\u00a0\u00bb1&Prime; title=\u00a0\u00bb1&Prime; description=\u00a0\u00bb1&Prime;]<\/p>\n","protected":false},"excerpt":{"rendered":"<p>&nbsp;\u00c9tiquettes c\u00e2bles et chargeurs : les Sticables\u00ae ! Les petits derniers-n\u00e9s de la A-qui-S Family \ud83d\ude0d. En tant que sp\u00e9cialiste de l&rsquo;\u00e9tiquette \u00e9cole, de l&rsquo;\u00e9tiquette enfant, bref des \u00e9tiquettes autocollantes en g\u00e9n\u00e9ral \ud83d\ude0e, nous sommes persuad\u00e9s que les \u00e9tiquettes peuvent r\u00e9soudre bien des probl\u00e8mes&#8230;Et notamment celui du fameux \u00ab\u00a0Qui a pris MON chargeur ?\u00a0\u00bb et [&hellip;]<\/p>\n","protected":false},"author":6,"featured_media":19922,"comment_status":"open","ping_status":"open","sticky":false,"template":"","format":"standard","meta":{"_acf_changed":false,"fifu_image_url":"https:\/\/images.a-qui-s.fr\/image\/upload\/v1582192381\/produits\/AD\/stickables3.jpg","fifu_image_alt":"\u00c9tiquettes c\u00e2bles et chargeurs, petits objets : Les Sticables\u00ae par A-qui-S !","footnotes":""},"categories":[286],"tags":[],"class_list":["post-14750","post","type-post","status-publish","format-standard","has-post-thumbnail","hentry","category-etiquettes-vetement-autocollants"],"acf":[],"yoast_head":"<!-- This site is optimized with the Yoast SEO plugin v27.0 - https:\/\/yoast.com\/product\/yoast-seo-wordpress\/ -->\n<title>Etiquettes-cables-et-chargeurs-petits-objets-les-sticables-par-a-qui-s<\/title>\n<meta name=\"description\" content=\"\u00c9tiquettes c\u00e2bles et chargeurs, petits objets, personnalis\u00e9es avec des initiales et un pr\u00e9nom. Parfait pour ne pas perdre son chargeur, sa cl\u00e9, son cadena\" \/>\n<meta name=\"robots\" content=\"index, follow, max-snippet:-1, max-image-preview:large, max-video-preview:-1\" \/>\n<link rel=\"canonical\" href=\"https:\/\/www.a-qui-s.fr\/le-blog\/etiquettes-vetement-autocollants\/etiquettes-cables-et-chargeurs\/\" \/>\n<meta property=\"og:locale\" content=\"fr_FR\" \/>\n<meta property=\"og:type\" content=\"article\" \/>\n<meta property=\"og:title\" content=\"Etiquettes-cables-et-chargeurs-petits-objets-les-sticables-par-a-qui-s\" \/>\n<meta property=\"og:description\" content=\"\u00c9tiquettes c\u00e2bles et chargeurs, petits objets, personnalis\u00e9es avec des initiales et un pr\u00e9nom. Parfait pour ne pas perdre son chargeur, sa cl\u00e9, son cadena\" \/>\n<meta property=\"og:url\" content=\"https:\/\/www.a-qui-s.fr\/le-blog\/etiquettes-vetement-autocollants\/etiquettes-cables-et-chargeurs\/\" \/>\n<meta property=\"og:site_name\" content=\"LE BLOG d&#039;A-qui-S\" \/>\n<meta property=\"article:publisher\" content=\"https:\/\/www.facebook.com\/AquiS\/\" \/>\n<meta property=\"article:published_time\" content=\"2020-02-21T12:46:18+00:00\" \/>\n<meta property=\"article:modified_time\" content=\"2025-08-21T11:24:45+00:00\" \/>\n<meta property=\"og:image\" content=\"https:\/\/images.a-qui-s.fr\/image\/upload\/v1582192381\/produits\/AD\/stickables3.jpg\" \/>\n<meta name=\"author\" content=\"Isabelle D&#039; A-QUI-S\" \/>\n<meta name=\"twitter:card\" content=\"summary_large_image\" \/>\n<meta name=\"twitter:image\" content=\"https:\/\/images.a-qui-s.fr\/image\/upload\/v1582192381\/produits\/AD\/stickables3.jpg\" \/>\n<meta name=\"twitter:creator\" content=\"@aquis_fr\" \/>\n<meta name=\"twitter:site\" content=\"@aquis_fr\" \/>\n<meta name=\"twitter:label1\" content=\"Written by\" \/>\n\t<meta name=\"twitter:data1\" content=\"Isabelle D&#039; A-QUI-S\" \/>\n\t<meta name=\"twitter:label2\" content=\"Est. reading time\" \/>\n\t<meta name=\"twitter:data2\" content=\"4 minutes\" \/>\n<script type=\"application\/ld+json\" class=\"yoast-schema-graph\">{\"@context\":\"https:\/\/schema.org\",\"@graph\":[{\"@type\":\"Article\",\"@id\":\"https:\/\/www.a-qui-s.fr\/le-blog\/etiquettes-vetement-autocollants\/etiquettes-cables-et-chargeurs\/#article\",\"isPartOf\":{\"@id\":\"https:\/\/www.a-qui-s.fr\/le-blog\/etiquettes-vetement-autocollants\/etiquettes-cables-et-chargeurs\/\"},\"author\":{\"name\":\"Isabelle D' A-QUI-S\",\"@id\":\"https:\/\/www.a-qui-s.fr\/le-blog\/#\/schema\/person\/6137cde8b4274f12814983bcb5dbbf80\"},\"headline\":\"\u00c9tiquettes c\u00e2bles et chargeurs, petits objets : les Sticables\u00ae par A-qui-S !\",\"datePublished\":\"18+00:00\",\"dateModified\":\"45+00:00\",\"mainEntityOfPage\":{\"@id\":\"https:\/\/www.a-qui-s.fr\/le-blog\/etiquettes-vetement-autocollants\/etiquettes-cables-et-chargeurs\/\"},\"wordCount\":831,\"commentCount\":0,\"publisher\":{\"@id\":\"https:\/\/www.a-qui-s.fr\/le-blog\/#organization\"},\"image\":{\"@id\":\"https:\/\/www.a-qui-s.fr\/le-blog\/etiquettes-vetement-autocollants\/etiquettes-cables-et-chargeurs\/#primaryimage\"},\"thumbnailUrl\":\"https:\/\/images.a-qui-s.fr\/image\/upload\/v1582192381\/produits\/AD\/stickables3.jpg\",\"articleSection\":[\"\u00c9tiquettes\"],\"inLanguage\":\"fr-FR\",\"potentialAction\":[{\"@type\":\"CommentAction\",\"name\":\"Comment\",\"target\":[\"https:\/\/www.a-qui-s.fr\/le-blog\/etiquettes-vetement-autocollants\/etiquettes-cables-et-chargeurs\/#respond\"]}]},{\"@type\":\"WebPage\",\"@id\":\"https:\/\/www.a-qui-s.fr\/le-blog\/etiquettes-vetement-autocollants\/etiquettes-cables-et-chargeurs\/\",\"url\":\"https:\/\/www.a-qui-s.fr\/le-blog\/etiquettes-vetement-autocollants\/etiquettes-cables-et-chargeurs\/\",\"name\":\"Etiquettes-cables-et-chargeurs-petits-objets-les-sticables-par-a-qui-s\",\"isPartOf\":{\"@id\":\"https:\/\/www.a-qui-s.fr\/le-blog\/#website\"},\"primaryImageOfPage\":{\"@id\":\"https:\/\/www.a-qui-s.fr\/le-blog\/etiquettes-vetement-autocollants\/etiquettes-cables-et-chargeurs\/#primaryimage\"},\"image\":{\"@id\":\"https:\/\/www.a-qui-s.fr\/le-blog\/etiquettes-vetement-autocollants\/etiquettes-cables-et-chargeurs\/#primaryimage\"},\"thumbnailUrl\":\"https:\/\/images.a-qui-s.fr\/image\/upload\/v1582192381\/produits\/AD\/stickables3.jpg\",\"datePublished\":\"18+00:00\",\"dateModified\":\"45+00:00\",\"description\":\"\u00c9tiquettes c\u00e2bles et chargeurs, petits objets, personnalis\u00e9es avec des initiales et un pr\u00e9nom. Parfait pour ne pas perdre son chargeur, sa cl\u00e9, son cadena\",\"breadcrumb\":{\"@id\":\"https:\/\/www.a-qui-s.fr\/le-blog\/etiquettes-vetement-autocollants\/etiquettes-cables-et-chargeurs\/#breadcrumb\"},\"inLanguage\":\"fr-FR\",\"potentialAction\":[{\"@type\":\"ReadAction\",\"target\":[\"https:\/\/www.a-qui-s.fr\/le-blog\/etiquettes-vetement-autocollants\/etiquettes-cables-et-chargeurs\/\"]}]},{\"@type\":\"ImageObject\",\"inLanguage\":\"fr-FR\",\"@id\":\"https:\/\/www.a-qui-s.fr\/le-blog\/etiquettes-vetement-autocollants\/etiquettes-cables-et-chargeurs\/#primaryimage\",\"url\":\"https:\/\/images.a-qui-s.fr\/image\/upload\/v1582192381\/produits\/AD\/stickables3.jpg\",\"contentUrl\":\"https:\/\/images.a-qui-s.fr\/image\/upload\/v1582192381\/produits\/AD\/stickables3.jpg\",\"caption\":\"\u00c9tiquettes c\u00e2bles et chargeurs, petits objets : Les Sticables\u00ae par A-qui-S !\"},{\"@type\":\"BreadcrumbList\",\"@id\":\"https:\/\/www.a-qui-s.fr\/le-blog\/etiquettes-vetement-autocollants\/etiquettes-cables-et-chargeurs\/#breadcrumb\",\"itemListElement\":[{\"@type\":\"ListItem\",\"position\":1,\"name\":\"Accueil\",\"item\":\"https:\/\/www.a-qui-s.fr\/le-blog\/\"},{\"@type\":\"ListItem\",\"position\":2,\"name\":\"\u00c9tiquettes\",\"item\":\"https:\/\/www.a-qui-s.fr\/le-blog\/category\/etiquettes-vetement-autocollants\/\"},{\"@type\":\"ListItem\",\"position\":3,\"name\":\"\u00c9tiquettes c\u00e2bles et chargeurs, petits objets : les Sticables\u00ae par A-qui-S !\"}]},{\"@type\":\"WebSite\",\"@id\":\"https:\/\/www.a-qui-s.fr\/le-blog\/#website\",\"url\":\"https:\/\/www.a-qui-s.fr\/le-blog\/\",\"name\":\"LE BLOG d&#039;A-qui-S\",\"description\":\"La communaut\u00e9 des &quot;Pas-Perdus&quot;\",\"publisher\":{\"@id\":\"https:\/\/www.a-qui-s.fr\/le-blog\/#organization\"},\"potentialAction\":[{\"@type\":\"SearchAction\",\"target\":{\"@type\":\"EntryPoint\",\"urlTemplate\":\"https:\/\/www.a-qui-s.fr\/le-blog\/?s={search_term_string}\"},\"query-input\":{\"@type\":\"PropertyValueSpecification\",\"valueRequired\":true,\"valueName\":\"search_term_string\"}}],\"inLanguage\":\"fr-FR\"},{\"@type\":\"Organization\",\"@id\":\"https:\/\/www.a-qui-s.fr\/le-blog\/#organization\",\"name\":\"Etiquettes & compagnie\",\"url\":\"https:\/\/www.a-qui-s.fr\/le-blog\/\",\"logo\":{\"@type\":\"ImageObject\",\"inLanguage\":\"fr-FR\",\"@id\":\"https:\/\/www.a-qui-s.fr\/le-blog\/#\/schema\/logo\/image\/\",\"url\":\"https:\/\/www.a-qui-s.fr\/le-blog\/wp-content\/uploads\/2015\/05\/logo_a-qui-s.png\",\"contentUrl\":\"https:\/\/www.a-qui-s.fr\/le-blog\/wp-content\/uploads\/2015\/05\/logo_a-qui-s.png\",\"width\":132,\"height\":59,\"caption\":\"Etiquettes & compagnie\"},\"image\":{\"@id\":\"https:\/\/www.a-qui-s.fr\/le-blog\/#\/schema\/logo\/image\/\"},\"sameAs\":[\"https:\/\/www.facebook.com\/AquiS\/\",\"https:\/\/x.com\/aquis_fr\"]},{\"@type\":\"Person\",\"@id\":\"https:\/\/www.a-qui-s.fr\/le-blog\/#\/schema\/person\/6137cde8b4274f12814983bcb5dbbf80\",\"name\":\"Isabelle D' A-QUI-S\",\"image\":{\"@type\":\"ImageObject\",\"inLanguage\":\"fr-FR\",\"@id\":\"https:\/\/www.a-qui-s.fr\/le-blog\/#\/schema\/person\/image\/\",\"url\":\"https:\/\/secure.gravatar.com\/avatar\/15b54286c256bb83f3738b56573f4662227f32ef2de42e88b04b94ca206a4433?s=96&d=mm&r=g\",\"contentUrl\":\"https:\/\/secure.gravatar.com\/avatar\/15b54286c256bb83f3738b56573f4662227f32ef2de42e88b04b94ca206a4433?s=96&d=mm&r=g\",\"caption\":\"Isabelle D' A-QUI-S\"},\"url\":\"https:\/\/www.a-qui-s.fr\/le-blog\/author\/isabelle\/\"}]}<\/script>\n<!-- \/ Yoast SEO plugin. -->","yoast_head_json":{"title":"Etiquettes-cables-et-chargeurs-petits-objets-les-sticables-par-a-qui-s","description":"\u00c9tiquettes c\u00e2bles et chargeurs, petits objets, personnalis\u00e9es avec des initiales et un pr\u00e9nom. Parfait pour ne pas perdre son chargeur, sa cl\u00e9, son cadena","robots":{"index":"index","follow":"follow","max-snippet":"max-snippet:-1","max-image-preview":"max-image-preview:large","max-video-preview":"max-video-preview:-1"},"canonical":"https:\/\/www.a-qui-s.fr\/le-blog\/etiquettes-vetement-autocollants\/etiquettes-cables-et-chargeurs\/","og_locale":"fr_FR","og_type":"article","og_title":"Etiquettes-cables-et-chargeurs-petits-objets-les-sticables-par-a-qui-s","og_description":"\u00c9tiquettes c\u00e2bles et chargeurs, petits objets, personnalis\u00e9es avec des initiales et un pr\u00e9nom. Parfait pour ne pas perdre son chargeur, sa cl\u00e9, son cadena","og_url":"https:\/\/www.a-qui-s.fr\/le-blog\/etiquettes-vetement-autocollants\/etiquettes-cables-et-chargeurs\/","og_site_name":"LE BLOG d&#039;A-qui-S","article_publisher":"https:\/\/www.facebook.com\/AquiS\/","article_published_time":"2020-02-21T12:46:18+00:00","article_modified_time":"2025-08-21T11:24:45+00:00","og_image":[{"url":"https:\/\/images.a-qui-s.fr\/image\/upload\/v1582192381\/produits\/AD\/stickables3.jpg","type":"","width":"","height":""}],"author":"Isabelle D' A-QUI-S","twitter_card":"summary_large_image","twitter_image":"https:\/\/images.a-qui-s.fr\/image\/upload\/v1582192381\/produits\/AD\/stickables3.jpg","twitter_creator":"@aquis_fr","twitter_site":"@aquis_fr","twitter_misc":{"Written by":"Isabelle D' A-QUI-S","Est. reading time":"4 minutes"},"schema":{"@context":"https:\/\/schema.org","@graph":[{"@type":"Article","@id":"https:\/\/www.a-qui-s.fr\/le-blog\/etiquettes-vetement-autocollants\/etiquettes-cables-et-chargeurs\/#article","isPartOf":{"@id":"https:\/\/www.a-qui-s.fr\/le-blog\/etiquettes-vetement-autocollants\/etiquettes-cables-et-chargeurs\/"},"author":{"name":"Isabelle D' A-QUI-S","@id":"https:\/\/www.a-qui-s.fr\/le-blog\/#\/schema\/person\/6137cde8b4274f12814983bcb5dbbf80"},"headline":"\u00c9tiquettes c\u00e2bles et chargeurs, petits objets : les Sticables\u00ae par A-qui-S !","datePublished":"18+00:00","dateModified":"45+00:00","mainEntityOfPage":{"@id":"https:\/\/www.a-qui-s.fr\/le-blog\/etiquettes-vetement-autocollants\/etiquettes-cables-et-chargeurs\/"},"wordCount":831,"commentCount":0,"publisher":{"@id":"https:\/\/www.a-qui-s.fr\/le-blog\/#organization"},"image":{"@id":"https:\/\/www.a-qui-s.fr\/le-blog\/etiquettes-vetement-autocollants\/etiquettes-cables-et-chargeurs\/#primaryimage"},"thumbnailUrl":"https:\/\/images.a-qui-s.fr\/image\/upload\/v1582192381\/produits\/AD\/stickables3.jpg","articleSection":["\u00c9tiquettes"],"inLanguage":"fr-FR","potentialAction":[{"@type":"CommentAction","name":"Comment","target":["https:\/\/www.a-qui-s.fr\/le-blog\/etiquettes-vetement-autocollants\/etiquettes-cables-et-chargeurs\/#respond"]}]},{"@type":"WebPage","@id":"https:\/\/www.a-qui-s.fr\/le-blog\/etiquettes-vetement-autocollants\/etiquettes-cables-et-chargeurs\/","url":"https:\/\/www.a-qui-s.fr\/le-blog\/etiquettes-vetement-autocollants\/etiquettes-cables-et-chargeurs\/","name":"Etiquettes-cables-et-chargeurs-petits-objets-les-sticables-par-a-qui-s","isPartOf":{"@id":"https:\/\/www.a-qui-s.fr\/le-blog\/#website"},"primaryImageOfPage":{"@id":"https:\/\/www.a-qui-s.fr\/le-blog\/etiquettes-vetement-autocollants\/etiquettes-cables-et-chargeurs\/#primaryimage"},"image":{"@id":"https:\/\/www.a-qui-s.fr\/le-blog\/etiquettes-vetement-autocollants\/etiquettes-cables-et-chargeurs\/#primaryimage"},"thumbnailUrl":"https:\/\/images.a-qui-s.fr\/image\/upload\/v1582192381\/produits\/AD\/stickables3.jpg","datePublished":"18+00:00","dateModified":"45+00:00","description":"\u00c9tiquettes c\u00e2bles et chargeurs, petits objets, personnalis\u00e9es avec des initiales et un pr\u00e9nom. Parfait pour ne pas perdre son chargeur, sa cl\u00e9, son cadena","breadcrumb":{"@id":"https:\/\/www.a-qui-s.fr\/le-blog\/etiquettes-vetement-autocollants\/etiquettes-cables-et-chargeurs\/#breadcrumb"},"inLanguage":"fr-FR","potentialAction":[{"@type":"ReadAction","target":["https:\/\/www.a-qui-s.fr\/le-blog\/etiquettes-vetement-autocollants\/etiquettes-cables-et-chargeurs\/"]}]},{"@type":"ImageObject","inLanguage":"fr-FR","@id":"https:\/\/www.a-qui-s.fr\/le-blog\/etiquettes-vetement-autocollants\/etiquettes-cables-et-chargeurs\/#primaryimage","url":"https:\/\/images.a-qui-s.fr\/image\/upload\/v1582192381\/produits\/AD\/stickables3.jpg","contentUrl":"https:\/\/images.a-qui-s.fr\/image\/upload\/v1582192381\/produits\/AD\/stickables3.jpg","caption":"\u00c9tiquettes c\u00e2bles et chargeurs, petits objets : Les Sticables\u00ae par A-qui-S !"},{"@type":"BreadcrumbList","@id":"https:\/\/www.a-qui-s.fr\/le-blog\/etiquettes-vetement-autocollants\/etiquettes-cables-et-chargeurs\/#breadcrumb","itemListElement":[{"@type":"ListItem","position":1,"name":"Accueil","item":"https:\/\/www.a-qui-s.fr\/le-blog\/"},{"@type":"ListItem","position":2,"name":"\u00c9tiquettes","item":"https:\/\/www.a-qui-s.fr\/le-blog\/category\/etiquettes-vetement-autocollants\/"},{"@type":"ListItem","position":3,"name":"\u00c9tiquettes c\u00e2bles et chargeurs, petits objets : les Sticables\u00ae par A-qui-S !"}]},{"@type":"WebSite","@id":"https:\/\/www.a-qui-s.fr\/le-blog\/#website","url":"https:\/\/www.a-qui-s.fr\/le-blog\/","name":"LE BLOG d&#039;A-qui-S","description":"La communaut\u00e9 des &quot;Pas-Perdus&quot;","publisher":{"@id":"https:\/\/www.a-qui-s.fr\/le-blog\/#organization"},"potentialAction":[{"@type":"SearchAction","target":{"@type":"EntryPoint","urlTemplate":"https:\/\/www.a-qui-s.fr\/le-blog\/?s={search_term_string}"},"query-input":{"@type":"PropertyValueSpecification","valueRequired":true,"valueName":"search_term_string"}}],"inLanguage":"fr-FR"},{"@type":"Organization","@id":"https:\/\/www.a-qui-s.fr\/le-blog\/#organization","name":"Etiquettes & compagnie","url":"https:\/\/www.a-qui-s.fr\/le-blog\/","logo":{"@type":"ImageObject","inLanguage":"fr-FR","@id":"https:\/\/www.a-qui-s.fr\/le-blog\/#\/schema\/logo\/image\/","url":"https:\/\/www.a-qui-s.fr\/le-blog\/wp-content\/uploads\/2015\/05\/logo_a-qui-s.png","contentUrl":"https:\/\/www.a-qui-s.fr\/le-blog\/wp-content\/uploads\/2015\/05\/logo_a-qui-s.png","width":132,"height":59,"caption":"Etiquettes & compagnie"},"image":{"@id":"https:\/\/www.a-qui-s.fr\/le-blog\/#\/schema\/logo\/image\/"},"sameAs":["https:\/\/www.facebook.com\/AquiS\/","https:\/\/x.com\/aquis_fr"]},{"@type":"Person","@id":"https:\/\/www.a-qui-s.fr\/le-blog\/#\/schema\/person\/6137cde8b4274f12814983bcb5dbbf80","name":"Isabelle D' A-QUI-S","image":{"@type":"ImageObject","inLanguage":"fr-FR","@id":"https:\/\/www.a-qui-s.fr\/le-blog\/#\/schema\/person\/image\/","url":"https:\/\/secure.gravatar.com\/avatar\/15b54286c256bb83f3738b56573f4662227f32ef2de42e88b04b94ca206a4433?s=96&d=mm&r=g","contentUrl":"https:\/\/secure.gravatar.com\/avatar\/15b54286c256bb83f3738b56573f4662227f32ef2de42e88b04b94ca206a4433?s=96&d=mm&r=g","caption":"Isabelle D' A-QUI-S"},"url":"https:\/\/www.a-qui-s.fr\/le-blog\/author\/isabelle\/"}]}},"_links":{"self":[{"href":"https:\/\/www.a-qui-s.fr\/le-blog\/wp-json\/wp\/v2\/posts\/14750","targetHints":{"allow":["GET"]}}],"collection":[{"href":"https:\/\/www.a-qui-s.fr\/le-blog\/wp-json\/wp\/v2\/posts"}],"about":[{"href":"https:\/\/www.a-qui-s.fr\/le-blog\/wp-json\/wp\/v2\/types\/post"}],"author":[{"embeddable":true,"href":"https:\/\/www.a-qui-s.fr\/le-blog\/wp-json\/wp\/v2\/users\/6"}],"replies":[{"embeddable":true,"href":"https:\/\/www.a-qui-s.fr\/le-blog\/wp-json\/wp\/v2\/comments?post=14750"}],"version-history":[{"count":0,"href":"https:\/\/www.a-qui-s.fr\/le-blog\/wp-json\/wp\/v2\/posts\/14750\/revisions"}],"wp:featuredmedia":[{"embeddable":true,"href":"https:\/\/www.a-qui-s.fr\/le-blog\/wp-json\/wp\/v2\/media\/19922"}],"wp:attachment":[{"href":"https:\/\/www.a-qui-s.fr\/le-blog\/wp-json\/wp\/v2\/media?parent=14750"}],"wp:term":[{"taxonomy":"category","embeddable":true,"href":"https:\/\/www.a-qui-s.fr\/le-blog\/wp-json\/wp\/v2\/categories?post=14750"},{"taxonomy":"post_tag","embeddable":true,"href":"https:\/\/www.a-qui-s.fr\/le-blog\/wp-json\/wp\/v2\/tags?post=14750"}],"curies":[{"name":"wp","href":"https:\/\/api.w.org\/{rel}","templated":true}]}}