{"id":14231,"date":"2019-09-30T13:39:53","date_gmt":"2019-09-30T12:39:53","guid":{"rendered":"https:\/\/www.a-qui-s.fr\/le-blog\/?p=14231"},"modified":"2025-08-21T12:25:35","modified_gmt":"2025-08-21T11:25:35","slug":"etiquettes-vetements-autocollantes-made-in-france-par-a-qui-s","status":"publish","type":"post","link":"https:\/\/www.a-qui-s.fr\/le-blog\/etiquettes-vetement-autocollants\/etiquettes-vetements-autocollantes-made-in-france-par-a-qui-s\/","title":{"rendered":"\u00c9tiquettes v\u00eatements autocollantes made in France par A-qui-S  !"},"content":{"rendered":"<p>\u00c9tiquettes v\u00eatements \u00e0 coller ? Sans fer \u00e0 repasser ? Les <a href=\"https:\/\/www.a-qui-s.fr\/tous-nos-produits\/\">\u00e9tiquettes personnalis\u00e9es<\/a> \u00e9volues pour \u00eatre de plus en plus facile et rapide \u00e0 poser ! Les <a href=\"https:\/\/www.a-qui-s.fr\/etiquettes-vetements-autocollantes\">\u00e9tiquettes v\u00eatements \u00e0 coller<\/a> appel\u00e9es aussi \u00e9tiquettes v\u00eatements autocollantes, sont aujourd&rsquo;hui de toute \u00e9vidence, le moyen le plus rapide pour marquer les v\u00eatements des enfants. Avec elles, vous pouvez identifier avec un nom et un pr\u00e9nom, tous les habits ou tous les textiles qui comportent une \u00e9tiquette de marque ou de composition. Manteau, robe, pantalon, veste, kimono, maillot de foot&#8230;\u00e7a va coller \ud83d\ude09 !&nbsp;&nbsp;Attention, nos \u00e9tiquettes v\u00eatements \u00e0 coller, se collent <strong>uniquement sur les \u00e9tiquettes de marque ou de contexture<\/strong> ! Si par habitude vous coupez les \u00e9tiquettes des v\u00eatements neufs de votre enfants, nous vous conseillons en revanche d&rsquo;opter pour des <a href=\"https:\/\/www.a-qui-s.fr\/etiquettes-vetements\/\">\u00e9tiquettes thermocollantes<\/a> \u00e0 poser \u00e0 l&rsquo;aide d&rsquo;un fer \u00e0 repasser.&nbsp;<\/p>\n<h2>Une \u00e9tiquette v\u00eatement \u00e0 coller sur les \u00e9tiquettes de marques ou de contextures ?&nbsp;<\/h2>\n<p>Pour poser les \u00e9tiquettes c&rsquo;est tr\u00e8s simple. Tout d&rsquo;abord, d\u00e9coller l&rsquo;\u00e9tiquette choisie de la planche. Puis poser la sur votre \u00e9tiquette de marque ou de contexture, de la m\u00eame mani\u00e8re que vous colleriez un sticker. Ensuite, appuyez bien fort de fa\u00e7on \u00e0 ce que l&rsquo;\u00e9tiquette adh\u00e8re parfaitement. Pour finir, attendez 24 h avant de laver votre v\u00eatement. Et voil\u00e0 en 3 secondes top chrono, l&rsquo;affaire est marqu\u00e9e ! Il faut souligner que nos \u00e9tiquettes autocollantes personnalis\u00e9es ne se collent pas directement sur le tissu. Mais uniquement sur les \u00e9tiquettes de marque ou de contexture des v\u00eatements de votre enfant. Alors, vous vous demandez peut-\u00eatre si vos v\u00eatements poss\u00e8dent bien l&rsquo;une de ces deux \u00e9tiquettes ? On vous explique !&nbsp;<\/p>\n<figure style=\"width: 516px\" class=\"wp-caption aligncenter\"><img fetchpriority=\"high\" decoding=\"async\" title=\"\u00c9tiquettes v\u00eatements \u00e0 coller\" src=\"https:\/\/images.a-qui-s.fr\/image\/upload\/v1569837931\/site-2018\/etiquette-vetement-autocollante-sans-fer-repasser.jpg\" alt=\"\u00c9tiquettes v\u00eatements \u00e0 coller\" width=\"516\" height=\"258\"><figcaption class=\"wp-caption-text\">\u00c9tiquettes v\u00eatements \u00e0 coller directement sur les \u00e9tiquettes de composition des v\u00eatements des enfants<\/figcaption><\/figure>\n<p><strong>Les \u00e9tiquettes dites de contextures ou de compositions, <\/strong>elles apportent g\u00e9n\u00e9ralement des informations sur les mati\u00e8res utilis\u00e9es pour fabriquer les v\u00eatements.&nbsp; Mise \u00e0 part la composition de l&rsquo;habit, on y trouve le pays de fabrication, mais aussi les consignes de lavages. Ces \u00e9tiquettes sont souvent blanches et plac\u00e9es sur le c\u00f4t\u00e9 du v\u00eatements. Par exemple sur les tee-shirts, elles sont habituellement sur le c\u00f4t\u00e9 droit, dans la couture. Nos \u00e9tiquettes v\u00eatements \u00e0 coller adh\u00e8rent parfaitement sur leur mati\u00e8re.&nbsp;<\/p>\n<figure style=\"width: 342px\" class=\"wp-caption aligncenter\"><img decoding=\"async\" title=\"\u00c9tiquettes v\u00eatements \u00e0 coller\" src=\"https:\/\/images.a-qui-s.fr\/image\/upload\/v1569838510\/etiquette-vetements-a-coller-aquis.jpg\" alt=\"\u00c9tiquettes v\u00eatements \u00e0 coller\" width=\"342\" height=\"342\"><figcaption class=\"wp-caption-text\">\u00c9tiquettes v\u00eatements \u00e0 coller directement sur les \u00e9tiquettes de marque des habits des enfants<\/figcaption><\/figure>\n<p><strong>Les \u00e9tiquettes de marques<\/strong> sont pr\u00e9sentes sur les v\u00eatements pour mettre en avant la marque du fabricant. Ce sont tout simplement les \u00e9tiquettes : Vert baudet, Petit Bateau, Cyrillus&#8230; Elles sont souvent plac\u00e9es dans le col des v\u00eatements pour enfants. Leur mati\u00e8re peut \u00eatre diff\u00e9rente selon les marques. Dans tous les cas, nos \u00e9tiquettes autocollantes s&rsquo;y fixent tr\u00e8s bien.&nbsp;<\/p>\n<p>&nbsp;<\/p>\n<figure style=\"width: 385px\" class=\"wp-caption aligncenter\"><img decoding=\"async\" title=\"\u00c9tiquettes v\u00eatements \u00e0 coller \" src=\"https:\/\/images.a-qui-s.fr\/image\/upload\/v1544694243\/produits\/EVA\/EVA-Pullocre-sahraFrechi.jpg\" alt=\"\u00c9tiquettes v\u00eatements \u00e0 coller \" width=\"385\" height=\"385\"><figcaption class=\"wp-caption-text\">\u00c9tiquettes v\u00eatements \u00e0 coller sur l&rsquo;\u00e9tiquette de marque<\/figcaption><\/figure>\n<h2>Les caract\u00e9ristiques de nos \u00e9tiquettes v\u00eatements \u00e0 coller :&nbsp;<\/h2>\n<h3><strong>Des \u00e9tiquettes con\u00e7ues pour faciliter le marquage des v\u00eatements des enfants :&nbsp;<\/strong><\/h3>\n<ul>\n<li><strong>4 formes<\/strong> <strong>pour s&rsquo;adapter aux diff\u00e9rentes tailles et formes d&rsquo;\u00e9tiquettes de contexture :<\/strong> nos packs d&rsquo;\u00e9tiquettes v\u00eatements \u00e0 coller se composent d&rsquo;\u00e9tiquettes de quatre formes diff\u00e9rentes. Vous y trouverez des <a href=\"https:\/\/www.a-qui-s.fr\/etiquettes-vetements-autocollantes\">stickers ronds<\/a> (d&rsquo;un diam\u00e8tre de 18 mm), puis des \u00e9tiquettes carr\u00e9es (de 18x18mm), des \u00e9tiquettes fines (de 35&#215;8 mm) et enfin d&rsquo;\u00e9tiquettes rectangles (de 35&#215;15 mm). Les autocollants ronds se collent parfaitement sur les \u00e9tiquettes de compositions, les \u00e9tiquettes rectangles sont bien visible sur les manteaux.&nbsp;<\/li>\n<\/ul>\n<p>&nbsp;<\/p>\n<ul>\n<li><strong>Des encres sans solvant : <\/strong>nos \u00e9tiquettes autocollantes sont en contact avec la peau de vos enfants, c&rsquo;est pourquoi nous utilisons des encres sans aucun produits nocifs.&nbsp;<\/li>\n<\/ul>\n<p>&nbsp;<\/p>\n<ul>\n<li><strong>Coller en 3 secondes top chrono !&nbsp; <\/strong>Gr\u00e2ce \u00e0 ces \u00e9tiquettes il n&rsquo;y a plus besoin de fil et d&rsquo;aiguilles ou bien m\u00eame de fer \u00e0 repasser. D\u00e9sormais, tout ce dont vous avez besoin ce sont vos \u00e9tiquettes et les v\u00eatements \u00e0 marquer. Nos \u00e9tiquettes autocollantes se posent comme de simples stickers sur les \u00e9tiquettes d\u00e9j\u00e0 pr\u00e9sentes de vos v\u00eatements.<\/li>\n<\/ul>\n<p>&nbsp;<\/p>\n<ul>\n<li><strong>R\u00e9sistantes aux lavages et&nbsp; aux passages en s\u00e8che-linge : <\/strong>malgr\u00e9 leur facilit\u00e9 de pose, les \u00e9tiquettes autocollantes r\u00e9sistent au lave-linge jusqu&rsquo;a 60\u00b0C. Elles ne se d\u00e9collent pas, ni apr\u00e8s le lavage, ni apr\u00e8s le s\u00e8che-linge.&nbsp;<\/li>\n<\/ul>\n<p>&nbsp;<\/p>\n<ul>\n<li><strong>Un marquage non d\u00e9finitif : <\/strong>les enfants \u00e7a grandi (trop) vite ! Quand vient l&rsquo;heure de vendre ou de donner les habits devenus trop petits, avoir le nom et pr\u00e9nom de son enfant marqu\u00e9 sur les habits peut \u00eatre g\u00eanant. Avec nos \u00e9tiquettes v\u00eatements \u00e0 coller, vous pouvez retirer facilement l&rsquo;\u00e9tiquette. Il faut simplement d\u00e9coller un coin de l&rsquo;\u00e9tiquette et tirer \u00e9nergiquement l&rsquo;\u00e9tiquette.&nbsp;<\/li>\n<\/ul>\n<h3><strong>Une personnalisation en ligne, ludique et rapide !&nbsp;<\/strong><\/h3>\n<ul>\n<li><strong>Plus de 100 illustrations disponibles : <\/strong>vous pouvez personnaliser vos \u00e9tiquettes comme vous le d\u00e9sirez ! Les dessins sont class\u00e9s par cat\u00e9gories : animaux, sports et loisirs, transport, allergies et sant\u00e9&#8230; Il y en a pour tous les go\u00fbts ! Certains logos sont plus adapt\u00e9s pour les enfants, d&rsquo;autres pour les adolescents ou pour les adultes. Pratique pour les enfants ne sachant pas encore lire, ils se rep\u00e8rent \u00e0 l&rsquo;illustration pour retrouver facilement leurs affaires \u00e0 l&rsquo;\u00e9cole \ud83d\udc4d.&nbsp;<\/li>\n<\/ul>\n<p>&nbsp;<\/p>\n<ul>\n<li><strong>6 couleurs au choix :<\/strong> les \u00e9tiquettes autocollantes peuvent \u00eatre imprim\u00e9es en bleue, en rouge, en noire, en rose, en violet ou en orange. Petit conseil A-qui-S, si vous souhaitez identifier les v\u00eatements d&rsquo;une fratrie, nous vous conseillons d&rsquo;attribuer une couleur et une illustration \u00e0 chacun de vos enfants \ud83d\ude09. Ainsi, chacun rep\u00e8re facilement ses affaires \u00e0 la sortie du s\u00e8che-linge (et peux par la suite les ranger dans son placard en toute autonomie) !&nbsp;&nbsp;<\/li>\n<\/ul>\n<p>&nbsp;<\/p>\n<ul>\n<li><strong>Des lots de 10,30,60,10,160 ou 210 \u00e9tiquettes :&nbsp;<\/strong>choisissez votre quantit\u00e9 d&rsquo;\u00e9tiquette, selon le nombre de v\u00eatement que vous souhaitez \u00e9tiqueter. Sachez cependant que vous pouvez conserver les \u00e9tiquettes autocollantes tout au long de l&rsquo;ann\u00e9e, pour marquer les nouveaux v\u00eatements.<\/li>\n<\/ul>\n<p>&nbsp;<\/p>\n<ul>\n<li><strong>Une livraison gratuite et rapide : <\/strong>nos \u00e9tiquettes v\u00eatements \u00e0 coller sont livr\u00e9es gratuitement partout dans le monde. Nous fabriquons votre commande \u00e0 24 h -48 h. Avec la livraison gratuite vous recevez habituellement vos \u00e9tiquettes v\u00eatements sous 3-4 jours, directement dans votre bo\u00eete aux lettres.<\/li>\n<\/ul>\n<p>Des questions ? Vous h\u00e9sitez parmi les <a href=\"https:\/\/www.a-qui-s.fr\/le-blog\/etiquettes-vetement-autocollants\/etiquette-vetement\/\">diff\u00e9rents types d&rsquo;\u00e9tiquettes personnalis\u00e9e<\/a>,&nbsp; ?&nbsp; Notre service client est \u00e0 votre \u00e9coute au 05 59 27 17 27, par mail \u00e0 l&rsquo;adresse suivante : info@a-qui-s.fr \ud83d\udce8 ou sur nos <a href=\"https:\/\/www.instagram.com\/etiquettesaquis\/\">r\u00e9seaux sociaux<\/a> !&nbsp;<\/p>\n","protected":false},"excerpt":{"rendered":"<p>\u00c9tiquettes v\u00eatements \u00e0 coller ? Sans fer \u00e0 repasser ? Les \u00e9tiquettes personnalis\u00e9es \u00e9volues pour \u00eatre de plus en plus facile et rapide \u00e0 poser ! Les \u00e9tiquettes v\u00eatements \u00e0 coller appel\u00e9es aussi \u00e9tiquettes v\u00eatements autocollantes, sont aujourd&rsquo;hui de toute \u00e9vidence, le moyen le plus rapide pour marquer les v\u00eatements des enfants. Avec elles, vous [&hellip;]<\/p>\n","protected":false},"author":6,"featured_media":19968,"comment_status":"open","ping_status":"open","sticky":false,"template":"","format":"standard","meta":{"_acf_changed":false,"fifu_image_url":"https:\/\/images.a-qui-s.fr\/image\/upload\/v1544694243\/produits\/EVA\/EVA-Pullocre-sahraFrechi.jpg","fifu_image_alt":"\u00c9tiquettes v\u00eatements \u00e0 coller made in France par A-qui-S  !","footnotes":""},"categories":[286],"tags":[],"class_list":["post-14231","post","type-post","status-publish","format-standard","has-post-thumbnail","hentry","category-etiquettes-vetement-autocollants"],"acf":[],"yoast_head":"<!-- This site is optimized with the Yoast SEO plugin v27.0 - https:\/\/yoast.com\/product\/yoast-seo-wordpress\/ -->\n<title>\u00c9tiquettes v\u00eatements autocollantes made in France par A-qui-S !<\/title>\n<meta name=\"description\" content=\"\u00c9tiquettes v\u00eatements autocollantes, imagin\u00e9es et fabriqu\u00e9es en France ! Fini la corv\u00e9e de couture, le marquage des v\u00eatements des enfants devient simple !\" \/>\n<meta name=\"robots\" content=\"index, follow, max-snippet:-1, max-image-preview:large, max-video-preview:-1\" \/>\n<link rel=\"canonical\" href=\"https:\/\/www.a-qui-s.fr\/le-blog\/etiquettes-vetement-autocollants\/etiquettes-vetements-autocollantes-made-in-france-par-a-qui-s\/\" \/>\n<meta property=\"og:locale\" content=\"fr_FR\" \/>\n<meta property=\"og:type\" content=\"article\" \/>\n<meta property=\"og:title\" content=\"\u00c9tiquettes v\u00eatements autocollantes made in France par A-qui-S !\" \/>\n<meta property=\"og:description\" content=\"\u00c9tiquettes v\u00eatements autocollantes, imagin\u00e9es et fabriqu\u00e9es en France ! Fini la corv\u00e9e de couture, le marquage des v\u00eatements des enfants devient simple !\" \/>\n<meta property=\"og:url\" content=\"https:\/\/www.a-qui-s.fr\/le-blog\/etiquettes-vetement-autocollants\/etiquettes-vetements-autocollantes-made-in-france-par-a-qui-s\/\" \/>\n<meta property=\"og:site_name\" content=\"LE BLOG d&#039;A-qui-S\" \/>\n<meta property=\"article:publisher\" content=\"https:\/\/www.facebook.com\/AquiS\/\" \/>\n<meta property=\"article:published_time\" content=\"2019-09-30T12:39:53+00:00\" \/>\n<meta property=\"article:modified_time\" content=\"2025-08-21T11:25:35+00:00\" \/>\n<meta property=\"og:image\" content=\"https:\/\/images.a-qui-s.fr\/image\/upload\/v1544694243\/produits\/EVA\/EVA-Pullocre-sahraFrechi.jpg\" \/>\n<meta name=\"author\" content=\"Isabelle D&#039; A-QUI-S\" \/>\n<meta name=\"twitter:card\" content=\"summary_large_image\" \/>\n<meta name=\"twitter:image\" content=\"https:\/\/images.a-qui-s.fr\/image\/upload\/v1544694243\/produits\/EVA\/EVA-Pullocre-sahraFrechi.jpg\" \/>\n<meta name=\"twitter:creator\" content=\"@aquis_fr\" \/>\n<meta name=\"twitter:site\" content=\"@aquis_fr\" \/>\n<meta name=\"twitter:label1\" content=\"Written by\" \/>\n\t<meta name=\"twitter:data1\" content=\"Isabelle D&#039; A-QUI-S\" \/>\n\t<meta name=\"twitter:label2\" content=\"Est. reading time\" \/>\n\t<meta name=\"twitter:data2\" content=\"5 minutes\" \/>\n<script type=\"application\/ld+json\" class=\"yoast-schema-graph\">{\"@context\":\"https:\/\/schema.org\",\"@graph\":[{\"@type\":\"Article\",\"@id\":\"https:\/\/www.a-qui-s.fr\/le-blog\/etiquettes-vetement-autocollants\/etiquettes-vetements-autocollantes-made-in-france-par-a-qui-s\/#article\",\"isPartOf\":{\"@id\":\"https:\/\/www.a-qui-s.fr\/le-blog\/etiquettes-vetement-autocollants\/etiquettes-vetements-autocollantes-made-in-france-par-a-qui-s\/\"},\"author\":{\"name\":\"Isabelle D' A-QUI-S\",\"@id\":\"https:\/\/www.a-qui-s.fr\/le-blog\/#\/schema\/person\/6137cde8b4274f12814983bcb5dbbf80\"},\"headline\":\"\u00c9tiquettes v\u00eatements autocollantes made in France par A-qui-S !\",\"datePublished\":\"53+00:00\",\"dateModified\":\"35+00:00\",\"mainEntityOfPage\":{\"@id\":\"https:\/\/www.a-qui-s.fr\/le-blog\/etiquettes-vetement-autocollants\/etiquettes-vetements-autocollantes-made-in-france-par-a-qui-s\/\"},\"wordCount\":1129,\"commentCount\":0,\"publisher\":{\"@id\":\"https:\/\/www.a-qui-s.fr\/le-blog\/#organization\"},\"image\":{\"@id\":\"https:\/\/www.a-qui-s.fr\/le-blog\/etiquettes-vetement-autocollants\/etiquettes-vetements-autocollantes-made-in-france-par-a-qui-s\/#primaryimage\"},\"thumbnailUrl\":\"https:\/\/images.a-qui-s.fr\/image\/upload\/v1544694243\/produits\/EVA\/EVA-Pullocre-sahraFrechi.jpg\",\"articleSection\":[\"\u00c9tiquettes\"],\"inLanguage\":\"fr-FR\",\"potentialAction\":[{\"@type\":\"CommentAction\",\"name\":\"Comment\",\"target\":[\"https:\/\/www.a-qui-s.fr\/le-blog\/etiquettes-vetement-autocollants\/etiquettes-vetements-autocollantes-made-in-france-par-a-qui-s\/#respond\"]}]},{\"@type\":\"WebPage\",\"@id\":\"https:\/\/www.a-qui-s.fr\/le-blog\/etiquettes-vetement-autocollants\/etiquettes-vetements-autocollantes-made-in-france-par-a-qui-s\/\",\"url\":\"https:\/\/www.a-qui-s.fr\/le-blog\/etiquettes-vetement-autocollants\/etiquettes-vetements-autocollantes-made-in-france-par-a-qui-s\/\",\"name\":\"\u00c9tiquettes v\u00eatements autocollantes made in France par A-qui-S !\",\"isPartOf\":{\"@id\":\"https:\/\/www.a-qui-s.fr\/le-blog\/#website\"},\"primaryImageOfPage\":{\"@id\":\"https:\/\/www.a-qui-s.fr\/le-blog\/etiquettes-vetement-autocollants\/etiquettes-vetements-autocollantes-made-in-france-par-a-qui-s\/#primaryimage\"},\"image\":{\"@id\":\"https:\/\/www.a-qui-s.fr\/le-blog\/etiquettes-vetement-autocollants\/etiquettes-vetements-autocollantes-made-in-france-par-a-qui-s\/#primaryimage\"},\"thumbnailUrl\":\"https:\/\/images.a-qui-s.fr\/image\/upload\/v1544694243\/produits\/EVA\/EVA-Pullocre-sahraFrechi.jpg\",\"datePublished\":\"53+00:00\",\"dateModified\":\"35+00:00\",\"description\":\"\u00c9tiquettes v\u00eatements autocollantes, imagin\u00e9es et fabriqu\u00e9es en France ! Fini la corv\u00e9e de couture, le marquage des v\u00eatements des enfants devient simple !\",\"breadcrumb\":{\"@id\":\"https:\/\/www.a-qui-s.fr\/le-blog\/etiquettes-vetement-autocollants\/etiquettes-vetements-autocollantes-made-in-france-par-a-qui-s\/#breadcrumb\"},\"inLanguage\":\"fr-FR\",\"potentialAction\":[{\"@type\":\"ReadAction\",\"target\":[\"https:\/\/www.a-qui-s.fr\/le-blog\/etiquettes-vetement-autocollants\/etiquettes-vetements-autocollantes-made-in-france-par-a-qui-s\/\"]}]},{\"@type\":\"ImageObject\",\"inLanguage\":\"fr-FR\",\"@id\":\"https:\/\/www.a-qui-s.fr\/le-blog\/etiquettes-vetement-autocollants\/etiquettes-vetements-autocollantes-made-in-france-par-a-qui-s\/#primaryimage\",\"url\":\"https:\/\/images.a-qui-s.fr\/image\/upload\/v1544694243\/produits\/EVA\/EVA-Pullocre-sahraFrechi.jpg\",\"contentUrl\":\"https:\/\/images.a-qui-s.fr\/image\/upload\/v1544694243\/produits\/EVA\/EVA-Pullocre-sahraFrechi.jpg\",\"caption\":\"\u00c9tiquettes v\u00eatements \u00e0 coller made in France par A-qui-S !\"},{\"@type\":\"BreadcrumbList\",\"@id\":\"https:\/\/www.a-qui-s.fr\/le-blog\/etiquettes-vetement-autocollants\/etiquettes-vetements-autocollantes-made-in-france-par-a-qui-s\/#breadcrumb\",\"itemListElement\":[{\"@type\":\"ListItem\",\"position\":1,\"name\":\"Accueil\",\"item\":\"https:\/\/www.a-qui-s.fr\/le-blog\/\"},{\"@type\":\"ListItem\",\"position\":2,\"name\":\"\u00c9tiquettes\",\"item\":\"https:\/\/www.a-qui-s.fr\/le-blog\/category\/etiquettes-vetement-autocollants\/\"},{\"@type\":\"ListItem\",\"position\":3,\"name\":\"\u00c9tiquettes v\u00eatements autocollantes made in France par A-qui-S !\"}]},{\"@type\":\"WebSite\",\"@id\":\"https:\/\/www.a-qui-s.fr\/le-blog\/#website\",\"url\":\"https:\/\/www.a-qui-s.fr\/le-blog\/\",\"name\":\"LE BLOG d&#039;A-qui-S\",\"description\":\"La communaut\u00e9 des &quot;Pas-Perdus&quot;\",\"publisher\":{\"@id\":\"https:\/\/www.a-qui-s.fr\/le-blog\/#organization\"},\"potentialAction\":[{\"@type\":\"SearchAction\",\"target\":{\"@type\":\"EntryPoint\",\"urlTemplate\":\"https:\/\/www.a-qui-s.fr\/le-blog\/?s={search_term_string}\"},\"query-input\":{\"@type\":\"PropertyValueSpecification\",\"valueRequired\":true,\"valueName\":\"search_term_string\"}}],\"inLanguage\":\"fr-FR\"},{\"@type\":\"Organization\",\"@id\":\"https:\/\/www.a-qui-s.fr\/le-blog\/#organization\",\"name\":\"Etiquettes & compagnie\",\"url\":\"https:\/\/www.a-qui-s.fr\/le-blog\/\",\"logo\":{\"@type\":\"ImageObject\",\"inLanguage\":\"fr-FR\",\"@id\":\"https:\/\/www.a-qui-s.fr\/le-blog\/#\/schema\/logo\/image\/\",\"url\":\"https:\/\/www.a-qui-s.fr\/le-blog\/wp-content\/uploads\/2015\/05\/logo_a-qui-s.png\",\"contentUrl\":\"https:\/\/www.a-qui-s.fr\/le-blog\/wp-content\/uploads\/2015\/05\/logo_a-qui-s.png\",\"width\":132,\"height\":59,\"caption\":\"Etiquettes & compagnie\"},\"image\":{\"@id\":\"https:\/\/www.a-qui-s.fr\/le-blog\/#\/schema\/logo\/image\/\"},\"sameAs\":[\"https:\/\/www.facebook.com\/AquiS\/\",\"https:\/\/x.com\/aquis_fr\"]},{\"@type\":\"Person\",\"@id\":\"https:\/\/www.a-qui-s.fr\/le-blog\/#\/schema\/person\/6137cde8b4274f12814983bcb5dbbf80\",\"name\":\"Isabelle D' A-QUI-S\",\"image\":{\"@type\":\"ImageObject\",\"inLanguage\":\"fr-FR\",\"@id\":\"https:\/\/www.a-qui-s.fr\/le-blog\/#\/schema\/person\/image\/\",\"url\":\"https:\/\/secure.gravatar.com\/avatar\/15b54286c256bb83f3738b56573f4662227f32ef2de42e88b04b94ca206a4433?s=96&d=mm&r=g\",\"contentUrl\":\"https:\/\/secure.gravatar.com\/avatar\/15b54286c256bb83f3738b56573f4662227f32ef2de42e88b04b94ca206a4433?s=96&d=mm&r=g\",\"caption\":\"Isabelle D' A-QUI-S\"},\"url\":\"https:\/\/www.a-qui-s.fr\/le-blog\/author\/isabelle\/\"}]}<\/script>\n<!-- \/ Yoast SEO plugin. -->","yoast_head_json":{"title":"\u00c9tiquettes v\u00eatements autocollantes made in France par A-qui-S !","description":"\u00c9tiquettes v\u00eatements autocollantes, imagin\u00e9es et fabriqu\u00e9es en France ! Fini la corv\u00e9e de couture, le marquage des v\u00eatements des enfants devient simple !","robots":{"index":"index","follow":"follow","max-snippet":"max-snippet:-1","max-image-preview":"max-image-preview:large","max-video-preview":"max-video-preview:-1"},"canonical":"https:\/\/www.a-qui-s.fr\/le-blog\/etiquettes-vetement-autocollants\/etiquettes-vetements-autocollantes-made-in-france-par-a-qui-s\/","og_locale":"fr_FR","og_type":"article","og_title":"\u00c9tiquettes v\u00eatements autocollantes made in France par A-qui-S !","og_description":"\u00c9tiquettes v\u00eatements autocollantes, imagin\u00e9es et fabriqu\u00e9es en France ! Fini la corv\u00e9e de couture, le marquage des v\u00eatements des enfants devient simple !","og_url":"https:\/\/www.a-qui-s.fr\/le-blog\/etiquettes-vetement-autocollants\/etiquettes-vetements-autocollantes-made-in-france-par-a-qui-s\/","og_site_name":"LE BLOG d&#039;A-qui-S","article_publisher":"https:\/\/www.facebook.com\/AquiS\/","article_published_time":"2019-09-30T12:39:53+00:00","article_modified_time":"2025-08-21T11:25:35+00:00","og_image":[{"url":"https:\/\/images.a-qui-s.fr\/image\/upload\/v1544694243\/produits\/EVA\/EVA-Pullocre-sahraFrechi.jpg","type":"","width":"","height":""}],"author":"Isabelle D' A-QUI-S","twitter_card":"summary_large_image","twitter_image":"https:\/\/images.a-qui-s.fr\/image\/upload\/v1544694243\/produits\/EVA\/EVA-Pullocre-sahraFrechi.jpg","twitter_creator":"@aquis_fr","twitter_site":"@aquis_fr","twitter_misc":{"Written by":"Isabelle D' A-QUI-S","Est. reading time":"5 minutes"},"schema":{"@context":"https:\/\/schema.org","@graph":[{"@type":"Article","@id":"https:\/\/www.a-qui-s.fr\/le-blog\/etiquettes-vetement-autocollants\/etiquettes-vetements-autocollantes-made-in-france-par-a-qui-s\/#article","isPartOf":{"@id":"https:\/\/www.a-qui-s.fr\/le-blog\/etiquettes-vetement-autocollants\/etiquettes-vetements-autocollantes-made-in-france-par-a-qui-s\/"},"author":{"name":"Isabelle D' A-QUI-S","@id":"https:\/\/www.a-qui-s.fr\/le-blog\/#\/schema\/person\/6137cde8b4274f12814983bcb5dbbf80"},"headline":"\u00c9tiquettes v\u00eatements autocollantes made in France par A-qui-S !","datePublished":"53+00:00","dateModified":"35+00:00","mainEntityOfPage":{"@id":"https:\/\/www.a-qui-s.fr\/le-blog\/etiquettes-vetement-autocollants\/etiquettes-vetements-autocollantes-made-in-france-par-a-qui-s\/"},"wordCount":1129,"commentCount":0,"publisher":{"@id":"https:\/\/www.a-qui-s.fr\/le-blog\/#organization"},"image":{"@id":"https:\/\/www.a-qui-s.fr\/le-blog\/etiquettes-vetement-autocollants\/etiquettes-vetements-autocollantes-made-in-france-par-a-qui-s\/#primaryimage"},"thumbnailUrl":"https:\/\/images.a-qui-s.fr\/image\/upload\/v1544694243\/produits\/EVA\/EVA-Pullocre-sahraFrechi.jpg","articleSection":["\u00c9tiquettes"],"inLanguage":"fr-FR","potentialAction":[{"@type":"CommentAction","name":"Comment","target":["https:\/\/www.a-qui-s.fr\/le-blog\/etiquettes-vetement-autocollants\/etiquettes-vetements-autocollantes-made-in-france-par-a-qui-s\/#respond"]}]},{"@type":"WebPage","@id":"https:\/\/www.a-qui-s.fr\/le-blog\/etiquettes-vetement-autocollants\/etiquettes-vetements-autocollantes-made-in-france-par-a-qui-s\/","url":"https:\/\/www.a-qui-s.fr\/le-blog\/etiquettes-vetement-autocollants\/etiquettes-vetements-autocollantes-made-in-france-par-a-qui-s\/","name":"\u00c9tiquettes v\u00eatements autocollantes made in France par A-qui-S !","isPartOf":{"@id":"https:\/\/www.a-qui-s.fr\/le-blog\/#website"},"primaryImageOfPage":{"@id":"https:\/\/www.a-qui-s.fr\/le-blog\/etiquettes-vetement-autocollants\/etiquettes-vetements-autocollantes-made-in-france-par-a-qui-s\/#primaryimage"},"image":{"@id":"https:\/\/www.a-qui-s.fr\/le-blog\/etiquettes-vetement-autocollants\/etiquettes-vetements-autocollantes-made-in-france-par-a-qui-s\/#primaryimage"},"thumbnailUrl":"https:\/\/images.a-qui-s.fr\/image\/upload\/v1544694243\/produits\/EVA\/EVA-Pullocre-sahraFrechi.jpg","datePublished":"53+00:00","dateModified":"35+00:00","description":"\u00c9tiquettes v\u00eatements autocollantes, imagin\u00e9es et fabriqu\u00e9es en France ! Fini la corv\u00e9e de couture, le marquage des v\u00eatements des enfants devient simple !","breadcrumb":{"@id":"https:\/\/www.a-qui-s.fr\/le-blog\/etiquettes-vetement-autocollants\/etiquettes-vetements-autocollantes-made-in-france-par-a-qui-s\/#breadcrumb"},"inLanguage":"fr-FR","potentialAction":[{"@type":"ReadAction","target":["https:\/\/www.a-qui-s.fr\/le-blog\/etiquettes-vetement-autocollants\/etiquettes-vetements-autocollantes-made-in-france-par-a-qui-s\/"]}]},{"@type":"ImageObject","inLanguage":"fr-FR","@id":"https:\/\/www.a-qui-s.fr\/le-blog\/etiquettes-vetement-autocollants\/etiquettes-vetements-autocollantes-made-in-france-par-a-qui-s\/#primaryimage","url":"https:\/\/images.a-qui-s.fr\/image\/upload\/v1544694243\/produits\/EVA\/EVA-Pullocre-sahraFrechi.jpg","contentUrl":"https:\/\/images.a-qui-s.fr\/image\/upload\/v1544694243\/produits\/EVA\/EVA-Pullocre-sahraFrechi.jpg","caption":"\u00c9tiquettes v\u00eatements \u00e0 coller made in France par A-qui-S !"},{"@type":"BreadcrumbList","@id":"https:\/\/www.a-qui-s.fr\/le-blog\/etiquettes-vetement-autocollants\/etiquettes-vetements-autocollantes-made-in-france-par-a-qui-s\/#breadcrumb","itemListElement":[{"@type":"ListItem","position":1,"name":"Accueil","item":"https:\/\/www.a-qui-s.fr\/le-blog\/"},{"@type":"ListItem","position":2,"name":"\u00c9tiquettes","item":"https:\/\/www.a-qui-s.fr\/le-blog\/category\/etiquettes-vetement-autocollants\/"},{"@type":"ListItem","position":3,"name":"\u00c9tiquettes v\u00eatements autocollantes made in France par A-qui-S !"}]},{"@type":"WebSite","@id":"https:\/\/www.a-qui-s.fr\/le-blog\/#website","url":"https:\/\/www.a-qui-s.fr\/le-blog\/","name":"LE BLOG d&#039;A-qui-S","description":"La communaut\u00e9 des &quot;Pas-Perdus&quot;","publisher":{"@id":"https:\/\/www.a-qui-s.fr\/le-blog\/#organization"},"potentialAction":[{"@type":"SearchAction","target":{"@type":"EntryPoint","urlTemplate":"https:\/\/www.a-qui-s.fr\/le-blog\/?s={search_term_string}"},"query-input":{"@type":"PropertyValueSpecification","valueRequired":true,"valueName":"search_term_string"}}],"inLanguage":"fr-FR"},{"@type":"Organization","@id":"https:\/\/www.a-qui-s.fr\/le-blog\/#organization","name":"Etiquettes & compagnie","url":"https:\/\/www.a-qui-s.fr\/le-blog\/","logo":{"@type":"ImageObject","inLanguage":"fr-FR","@id":"https:\/\/www.a-qui-s.fr\/le-blog\/#\/schema\/logo\/image\/","url":"https:\/\/www.a-qui-s.fr\/le-blog\/wp-content\/uploads\/2015\/05\/logo_a-qui-s.png","contentUrl":"https:\/\/www.a-qui-s.fr\/le-blog\/wp-content\/uploads\/2015\/05\/logo_a-qui-s.png","width":132,"height":59,"caption":"Etiquettes & compagnie"},"image":{"@id":"https:\/\/www.a-qui-s.fr\/le-blog\/#\/schema\/logo\/image\/"},"sameAs":["https:\/\/www.facebook.com\/AquiS\/","https:\/\/x.com\/aquis_fr"]},{"@type":"Person","@id":"https:\/\/www.a-qui-s.fr\/le-blog\/#\/schema\/person\/6137cde8b4274f12814983bcb5dbbf80","name":"Isabelle D' A-QUI-S","image":{"@type":"ImageObject","inLanguage":"fr-FR","@id":"https:\/\/www.a-qui-s.fr\/le-blog\/#\/schema\/person\/image\/","url":"https:\/\/secure.gravatar.com\/avatar\/15b54286c256bb83f3738b56573f4662227f32ef2de42e88b04b94ca206a4433?s=96&d=mm&r=g","contentUrl":"https:\/\/secure.gravatar.com\/avatar\/15b54286c256bb83f3738b56573f4662227f32ef2de42e88b04b94ca206a4433?s=96&d=mm&r=g","caption":"Isabelle D' A-QUI-S"},"url":"https:\/\/www.a-qui-s.fr\/le-blog\/author\/isabelle\/"}]}},"_links":{"self":[{"href":"https:\/\/www.a-qui-s.fr\/le-blog\/wp-json\/wp\/v2\/posts\/14231","targetHints":{"allow":["GET"]}}],"collection":[{"href":"https:\/\/www.a-qui-s.fr\/le-blog\/wp-json\/wp\/v2\/posts"}],"about":[{"href":"https:\/\/www.a-qui-s.fr\/le-blog\/wp-json\/wp\/v2\/types\/post"}],"author":[{"embeddable":true,"href":"https:\/\/www.a-qui-s.fr\/le-blog\/wp-json\/wp\/v2\/users\/6"}],"replies":[{"embeddable":true,"href":"https:\/\/www.a-qui-s.fr\/le-blog\/wp-json\/wp\/v2\/comments?post=14231"}],"version-history":[{"count":0,"href":"https:\/\/www.a-qui-s.fr\/le-blog\/wp-json\/wp\/v2\/posts\/14231\/revisions"}],"wp:featuredmedia":[{"embeddable":true,"href":"https:\/\/www.a-qui-s.fr\/le-blog\/wp-json\/wp\/v2\/media\/19968"}],"wp:attachment":[{"href":"https:\/\/www.a-qui-s.fr\/le-blog\/wp-json\/wp\/v2\/media?parent=14231"}],"wp:term":[{"taxonomy":"category","embeddable":true,"href":"https:\/\/www.a-qui-s.fr\/le-blog\/wp-json\/wp\/v2\/categories?post=14231"},{"taxonomy":"post_tag","embeddable":true,"href":"https:\/\/www.a-qui-s.fr\/le-blog\/wp-json\/wp\/v2\/tags?post=14231"}],"curies":[{"name":"wp","href":"https:\/\/api.w.org\/{rel}","templated":true}]}}