{"id":13736,"date":"2019-05-03T14:09:35","date_gmt":"2019-05-03T13:09:35","guid":{"rendered":"https:\/\/www.a-qui-s.fr\/le-blog\/?p=13736"},"modified":"2025-08-21T12:26:16","modified_gmt":"2025-08-21T11:26:16","slug":"comment-marquer-vetements-ecole-astuces-conseils","status":"publish","type":"post","link":"https:\/\/www.a-qui-s.fr\/le-blog\/etiquettes-vetement-autocollants\/comment-marquer-vetements-ecole-astuces-conseils\/","title":{"rendered":"Marquer les v\u00eatements pour l&rsquo;\u00e9cole, personnaliser des \u00e9tiquettes au nom de votre enfant"},"content":{"rendered":"<p>Le retour de l&rsquo;\u00e9cole rime trop souvent avec \u00ab\u00a0un manteau oubli\u00e9\u00a0\u00bb, \u00ab\u00a0un gant perdu\u00a0\u00bb, \u00ab\u00a0un imperm\u00e9able introuvable\u00a0\u00bb, \u00ab\u00a0un nouveau pull \u00e9gar\u00e9\u00a0\u00bb, n&rsquo;est-ce pas ? Pour \u00e9viter de perdre ou de confondre les <a href=\"https:\/\/www.a-qui-s.fr\/pack-etiquettes-ecole\"><strong>v\u00eatements \u00e0 l&rsquo;\u00e9cole<\/strong><\/a>, les maitresses et Atsem demandent de plus en plus de marquer chaque v\u00eatement au nom de l&rsquo;enfant. Et on peut les comprendre, quand t-il s&rsquo;agit de retrouver le propri\u00e9taire d&rsquo;un sweat parmi toute une classe, c&rsquo;est jamais \u00e0 personne ! La question \u00ab\u00a0A qui est-ce ?\u00a0\u00bb reste \u00e9tonnement toujours en suspend&#8230;?&nbsp;&nbsp;<\/p>\n<h2>La solution pour marquer les v\u00eatements pour l&rsquo;\u00e9cole : les \u00e9tiquettes scolaire personnalis\u00e9es&nbsp;<\/h2>\n<p><a href=\"https:\/\/www.a-qui-s.fr\/etiquettes-vetements-autocollantes\"><img fetchpriority=\"high\" decoding=\"async\" class=\"wp-image-13739 aligncenter\" title=\"marquer les v\u00eatements pour l'\u00e9cole\" src=\"https:\/\/www.a-qui-s.fr\/le-blog\/wp-content\/uploads\/2019\/04\/marquer-vetement-ecole-enfant.jpg\" alt=\"marquer les v\u00eatements pour l'\u00e9cole\" width=\"346\" height=\"346\" srcset=\"https:\/\/www.a-qui-s.fr\/le-blog\/wp-content\/uploads\/2019\/04\/marquer-vetement-ecole-enfant.jpg 600w, https:\/\/www.a-qui-s.fr\/le-blog\/wp-content\/uploads\/2019\/04\/marquer-vetement-ecole-enfant-300x300.jpg 300w, https:\/\/www.a-qui-s.fr\/le-blog\/wp-content\/uploads\/2019\/04\/marquer-vetement-ecole-enfant-150x150.jpg 150w\" sizes=\"(max-width: 346px) 100vw, 346px\" \/><\/a><\/p>\n<p>Quelles soient <a href=\"https:\/\/www.a-qui-s.fr\/etiquettes-vetements\/\">autocollantes ou thermocollantes<\/a>, les \u00e9tiquettes personnalis\u00e9es sont certainement le moyen le plus rapide et efficace pour marquer les v\u00eatements pour l&rsquo;\u00e9cole. Effectivement, elles se posent en quelques secondes, r\u00e9sistent au lave-linge et au s\u00e8che-linge. Fini les classiques <a href=\"https:\/\/www.a-qui-s.fr\/etiquettes-vetements-a-coudre\">\u00e9tiquettes \u00e0 coudre<\/a> blanche au pr\u00e9nom brod\u00e9 en rouge&#8230; D\u00e9sormais, place aux couleurs vari\u00e9es, aux dessins rigolos, et aux belles \u00e9critures !&nbsp; &nbsp;<\/p>\n<p>Et \u00e7a, chez A-qui-S, on sait faire ! D&rsquo;ailleurs pour personnaliser simplement et rapidement vos <a href=\"https:\/\/www.a-qui-s.fr\/pack-etiquettes-ecole\">\u00e9tiquettes \u00e9cole pour marquer les v\u00eatements pour l&rsquo;\u00e9cole c&rsquo;est par \u27a1 ici !<\/a>&nbsp;<\/p>\n<h3>Marquer les v\u00eatements pour l&rsquo;\u00e9cole : comment personnaliser ses \u00e9tiquettes&nbsp; ?&nbsp;<\/h3>\n<p>Pour personnaliser des \u00e9tiquettes v\u00eatements c&rsquo;est tr\u00e8s simple. On commence par choisir la forme qui nous pla\u00eet le plus ! L&rsquo;\u00e9tiquette iconique A-qui-S sera l&rsquo;\u00e9tiquette thermocollante classique plus fine et plus longue que le nouveau format derni\u00e8rement propos\u00e9 : l&rsquo;\u00e9tiquette personnalis\u00e9e thermocollante rectangulaire. Autre format d&rsquo;\u00e9tiquette \u00e0 personnaliser : les \u00e9tiquettes autocollantes \u00e0 poser sans fer \u00e0 repasser. Elles sont propos\u00e9es sous 3 formes diff\u00e9rentes par planche: des rondes, des rectangulaires, des longues pour s&rsquo;adapter au mieux \u00e0 l&rsquo;\u00e9tiquette de marque ou de contexture des v\u00eatements&nbsp; &nbsp;\u27a1 <strong><a href=\"https:\/\/www.a-qui-s.fr\/etiquettes-vetements\/\">Retrouver ici tous ces formats d&rsquo;\u00e9tiquettes personnalis\u00e9es v\u00eatements<\/a> \u2b05<\/strong><\/p>\n<p>Un fois le type d&rsquo;\u00e9tiquettes pour v\u00eatement choisi, voici comment proc\u00e9der pour les personnaliser:&nbsp;<\/p>\n<p><a href=\"https:\/\/www.a-qui-s.fr\/etiquettes-vetements\/\"><img decoding=\"async\" class=\"size-full wp-image-13745 aligncenter\" src=\"https:\/\/www.a-qui-s.fr\/le-blog\/wp-content\/uploads\/2019\/04\/personnaliser-nos-etiquettes.jpeg\" alt=\"\" width=\"640\" height=\"649\" srcset=\"https:\/\/www.a-qui-s.fr\/le-blog\/wp-content\/uploads\/2019\/04\/personnaliser-nos-etiquettes.jpeg 640w, https:\/\/www.a-qui-s.fr\/le-blog\/wp-content\/uploads\/2019\/04\/personnaliser-nos-etiquettes-296x300.jpeg 296w\" sizes=\"(max-width: 640px) 100vw, 640px\" \/><\/a><\/p>\n<p>&nbsp;<\/p>\n<p><strong>Premi\u00e8re \u00e9tape <\/strong>pour personnaliser des \u00e9tiquettes<strong> :<\/strong> choisir sa quantit\u00e9, vous avez le choix entre 10 \u00e9tiquettes, 30, 60, 110 ou 160.<\/p>\n<p><strong>Deuxi\u00e8me \u00e9tape :<\/strong> la saisie du texte. Deux solutions s&rsquo;offrent \u00e0 vous, la premi\u00e8re &gt; \u00e9crire le nom et pr\u00e9nom de votre enfant sur une seule ligne ou la seconde &gt; \u00e9crire un nom, un pr\u00e9nom sur la premi\u00e8re ligne et un num\u00e9ro de t\u00e9l\u00e9phone par exemple sur la deuxi\u00e8me ligne.<\/p>\n<p><strong>Troisi\u00e8me \u00e9tape :<\/strong> le choix de l&rsquo;\u00e9criture. Personnalisez votre \u00e9tiquette parmi 12 polices d&rsquo;\u00e9criture aux choix.&nbsp;<\/p>\n<p><strong>Quatri\u00e8me \u00e9tape :<\/strong> le choix du dessin. Une cinquantaine de logos sont disponibles. Parmi eux, des animaux, des \u00e9toiles, des coeurs, des ballons, des v\u00e9hicules, de quoi satisfaire tous les go\u00fbts !&nbsp;<\/p>\n<p><strong>Cinqui\u00e8me \u00e9tape : <\/strong>le choix de la couleur parmi 8 couleurs au choix.<\/p>\n<p>Pour finir, une fois votre commande valid\u00e9e, vos \u00e9tiquettes seront imprim\u00e9es dans les 48 heures, puis envoyer gratuitement en quelques jours et d\u00e9pos\u00e9es directement en bo\u00eete aux lettres ?.&nbsp;<\/p>\n<p>Les \u00e9tiquettes thermocollantes, qui se collent directement sur le tissu plaisent \u00e9norm\u00e9ment aux parents par la facilit\u00e9 de pose et leur tenue ind\u00e9niable. Pour lire les avis de consommateurs sur ces \u00e9tiquettes c&rsquo;est par <a href=\"https:\/\/www.consobaby.com\/avis-etiquettes-personnalisees-pour-vetements-a-qui-s.html\">ici<\/a> !&nbsp;<\/p>\n<p>En parall\u00e8le, les \u00e9tiquettes autocollantes sont tr\u00e8s appr\u00e9ci\u00e9es par leur praticit\u00e9, leur rapidit\u00e9 de pose et leur possibilit\u00e9 d&rsquo;\u00eatre retir\u00e9es facilement.<\/p>\n<h3>Marquer les v\u00eatements pour l&rsquo;\u00e9cole et toutes les fournitures scolaires !&nbsp;<\/h3>\n<p>Petite astuce A-qui-S \ud83d\udca1:&nbsp; Si vous souhaitez marquer l&rsquo;int\u00e9gralit\u00e9 des affaires de votre enfant avant la rentr\u00e9e des classes, la meilleure solution est certainement de choisir un <a href=\"https:\/\/www.a-qui-s.fr\/pack-etiquettes-ecole\">Pack d&rsquo;\u00e9tiquettes personnalis\u00e9es \u00e9cole<\/a> pour v\u00eatements et fournitures scolaires.<\/p>\n<p>En effet, ces packs d&rsquo;<strong>\u00e9tiquettes personnalis\u00e9es<\/strong> permettent d&rsquo;une part de<strong> marquer les v\u00eatements<\/strong> pour l&rsquo;\u00e9cole mais aussi de marquer les toutes les <strong>fournitures scolaires !<\/strong> Fini le beau stylo plume \u00e9gar\u00e9, les chaussures \u00e9chang\u00e9es&#8230; \ud83d\ude09<\/p>\n<p>&nbsp;Ils comprennent:<\/p>\n<ul>\n<li>Les \u00e9tiquettes v\u00eatements avec la quantit\u00e9 id\u00e9ale en fonction des usages (maternelle, primaire, colo&#8230;). Id\u00e9ales donc pour marquer les v\u00eatements susceptibles d&rsquo;\u00eatre perdus (manteaux, pulls, imperm\u00e9ables, casquettes, bonnets&#8230;)<\/li>\n<li>Diff\u00e9rentes quantit\u00e9s de paires d&rsquo;autocollants pour marquer les chaussures, chaussons, baskets<\/li>\n<li>Des <a href=\"https:\/\/www.a-qui-s.fr\/tous-nos-produits\/\">autocollants personnalis\u00e9s<\/a> ronds pour marquer colle, \u00e9querre mais aussi des cahiers, un biberon&#8230;<\/li>\n<li>De petits autocollants pour marquer le stylo plume, un effaceur, un compas, une bo\u00eete de lait maternis\u00e9&#8230;<\/li>\n<li>Les mini-autocollants pour marquer feutres, crayons de couleurs&#8230;<\/li>\n<li>et enfin des <a href=\"https:\/\/www.a-qui-s.fr\/tous-nos-produits\/\">stickers personnalis\u00e9s<\/a> rectangulaires pour marquer classeurs, ardoises&#8230;<\/li>\n<\/ul>\n<p><img decoding=\"async\" class=\"aligncenter wp-image-13738\" title=\"marquer les v\u00eatements pour l'\u00e9cole\" src=\"https:\/\/www.a-qui-s.fr\/le-blog\/wp-content\/uploads\/2019\/04\/etiquette-vetement-objet-fourniture-pack.jpg\" alt=\"marquer les v\u00eatements pour l'\u00e9cole\" width=\"378\" height=\"378\" srcset=\"https:\/\/www.a-qui-s.fr\/le-blog\/wp-content\/uploads\/2019\/04\/etiquette-vetement-objet-fourniture-pack.jpg 600w, https:\/\/www.a-qui-s.fr\/le-blog\/wp-content\/uploads\/2019\/04\/etiquette-vetement-objet-fourniture-pack-300x300.jpg 300w, https:\/\/www.a-qui-s.fr\/le-blog\/wp-content\/uploads\/2019\/04\/etiquette-vetement-objet-fourniture-pack-150x150.jpg 150w\" sizes=\"(max-width: 378px) 100vw, 378px\" \/><\/p>\n<p>\u2705 Hors pack, \u00e0 l&rsquo;achat unitaire toutes ces \u00e9tiquettes seraient 30 % plus cher. C&rsquo;est pourquoi acheter des \u00e9tiquettes en pack est nettement plus avantageux que d&rsquo;acheter des \u00e9tiquettes v\u00eatements et objets s\u00e9par\u00e9ment. Des \u00e9tiquettes personnalis\u00e9es pas cher et de qualit\u00e9 ? Vous \u00eates sur la bonne piste ! \ud83d\ude09<\/p>\n<p>Monbebearrive.com parle de nous ! Voici une petite vid\u00e9o, r\u00e9alis\u00e9e par leur soin, qui pr\u00e9sente les diff\u00e9rents formats d&rsquo;autocollants et montre comment les poser.<\/p>\n<p><iframe title=\"Marquer les affaires gr\u00e2ce au pack maternelle ( A-qui-S )  | Monbebearrive.com\" width=\"800\" height=\"450\" src=\"https:\/\/www.youtube.com\/embed\/W4SiKtx2XUY?feature=oembed\" frameborder=\"0\" allow=\"accelerometer; autoplay; clipboard-write; encrypted-media; gyroscope; picture-in-picture; web-share\" referrerpolicy=\"strict-origin-when-cross-origin\" allowfullscreen><\/iframe><\/p>\n<p>Pour la premi\u00e8re rentr\u00e9e de votre enfant, il est pratique de pouvoir marquer ses affaires. Cale permet d&rsquo;\u00e9viter les pertes de v\u00eatements ou d&rsquo;objets. <a href=\"https:\/\/www.a-qui-s.fr\/pack-etiquettes-maternelle\">L&rsquo;\u00e9tiquette pr\u00e9nom maternelle \u00e0 imprimer<\/a> est id\u00e9ale pour cela.&nbsp;Ces \u00e9tiquettes sont donc particuli\u00e8rement adapt\u00e9es&nbsp; en <strong>maternelle<\/strong>, en <strong>primaire<\/strong> et au <strong>coll\u00e8ge<\/strong> pour les plus \u00e9tourdis \ud83d\ude09. <a href=\"https:\/\/www.a-qui-s.fr\/pack-etiquettes-creche\">L&rsquo;\u00e9tiquette pr\u00e9nom<\/a> est indispensable pour retrouver facilement ces fournitures scolaires toute au long de l&rsquo;ann\u00e9e. A-qui-S c&rsquo;est l&rsquo;\u00e9tiquette scolaire Made in France et sans solvant depuis 15 ans, vous souhaitez plus d&rsquo;informations sur les \u00e9tiquettes personnalis\u00e9es ? Rachel et Caroline sont \u00e0 votre \u00e9coute au 05.59.27.17.27. N&rsquo;h\u00e9sitez pas \u00e0 les contacter du lundi au vendredi de 8h30 \u00e0 12h15 et de 13h30 \u00e0 18h.<\/p>\n<p>&nbsp;<\/p>\n","protected":false},"excerpt":{"rendered":"<p>Le retour de l&rsquo;\u00e9cole rime trop souvent avec \u00ab\u00a0un manteau oubli\u00e9\u00a0\u00bb, \u00ab\u00a0un gant perdu\u00a0\u00bb, \u00ab\u00a0un imperm\u00e9able introuvable\u00a0\u00bb, \u00ab\u00a0un nouveau pull \u00e9gar\u00e9\u00a0\u00bb, n&rsquo;est-ce pas ? Pour \u00e9viter de perdre ou de confondre les v\u00eatements \u00e0 l&rsquo;\u00e9cole, les maitresses et Atsem demandent de plus en plus de marquer chaque v\u00eatement au nom de l&rsquo;enfant. Et on peut [&hellip;]<\/p>\n","protected":false},"author":6,"featured_media":13737,"comment_status":"open","ping_status":"open","sticky":false,"template":"","format":"standard","meta":{"_acf_changed":false,"fifu_image_url":"","fifu_image_alt":"","footnotes":""},"categories":[286],"tags":[],"class_list":["post-13736","post","type-post","status-publish","format-standard","has-post-thumbnail","hentry","category-etiquettes-vetement-autocollants"],"acf":[],"yoast_head":"<!-- This site is optimized with the Yoast SEO plugin v27.0 - https:\/\/yoast.com\/product\/yoast-seo-wordpress\/ -->\n<title>Comment marquer les v\u00eatements pour l&#039;\u00e9cole ? Astuces et conseils<\/title>\n<meta name=\"description\" content=\"Marquer les v\u00eatements pour l&#039;\u00e9cole de mani\u00e8re durable et \u00e9conomique c&#039;est possible ! Que faut-il exactement marquer ? Les v\u00eatements, les fournitures...\" \/>\n<meta name=\"robots\" content=\"index, follow, max-snippet:-1, max-image-preview:large, max-video-preview:-1\" \/>\n<link rel=\"canonical\" href=\"https:\/\/www.a-qui-s.fr\/le-blog\/etiquettes-vetement-autocollants\/comment-marquer-vetements-ecole-astuces-conseils\/\" \/>\n<meta property=\"og:locale\" content=\"fr_FR\" \/>\n<meta property=\"og:type\" content=\"article\" \/>\n<meta property=\"og:title\" content=\"Comment marquer les v\u00eatements pour l&#039;\u00e9cole ? Astuces et conseils\" \/>\n<meta property=\"og:description\" content=\"Marquer les v\u00eatements pour l&#039;\u00e9cole de mani\u00e8re durable et \u00e9conomique c&#039;est possible ! Que faut-il exactement marquer ? Les v\u00eatements, les fournitures...\" \/>\n<meta property=\"og:url\" content=\"https:\/\/www.a-qui-s.fr\/le-blog\/etiquettes-vetement-autocollants\/comment-marquer-vetements-ecole-astuces-conseils\/\" \/>\n<meta property=\"og:site_name\" content=\"LE BLOG d&#039;A-qui-S\" \/>\n<meta property=\"article:publisher\" content=\"https:\/\/www.facebook.com\/AquiS\/\" \/>\n<meta property=\"article:published_time\" content=\"2019-05-03T13:09:35+00:00\" \/>\n<meta property=\"article:modified_time\" content=\"2025-08-21T11:26:16+00:00\" \/>\n<meta property=\"og:image\" content=\"https:\/\/www.a-qui-s.fr\/le-blog\/wp-content\/uploads\/2019\/04\/marquer-vetement-ecole.jpg\" \/>\n\t<meta property=\"og:image:width\" content=\"1200\" \/>\n\t<meta property=\"og:image:height\" content=\"1200\" \/>\n\t<meta property=\"og:image:type\" content=\"image\/jpeg\" \/>\n<meta name=\"author\" content=\"Isabelle D&#039; A-QUI-S\" \/>\n<meta name=\"twitter:card\" content=\"summary_large_image\" \/>\n<meta name=\"twitter:creator\" content=\"@aquis_fr\" \/>\n<meta name=\"twitter:site\" content=\"@aquis_fr\" \/>\n<meta name=\"twitter:label1\" content=\"Written by\" \/>\n\t<meta name=\"twitter:data1\" content=\"Isabelle D&#039; A-QUI-S\" \/>\n\t<meta name=\"twitter:label2\" content=\"Est. reading time\" \/>\n\t<meta name=\"twitter:data2\" content=\"5 minutes\" \/>\n<script type=\"application\/ld+json\" class=\"yoast-schema-graph\">{\"@context\":\"https:\/\/schema.org\",\"@graph\":[{\"@type\":\"Article\",\"@id\":\"https:\/\/www.a-qui-s.fr\/le-blog\/etiquettes-vetement-autocollants\/comment-marquer-vetements-ecole-astuces-conseils\/#article\",\"isPartOf\":{\"@id\":\"https:\/\/www.a-qui-s.fr\/le-blog\/etiquettes-vetement-autocollants\/comment-marquer-vetements-ecole-astuces-conseils\/\"},\"author\":{\"name\":\"Isabelle D' A-QUI-S\",\"@id\":\"https:\/\/www.a-qui-s.fr\/le-blog\/#\/schema\/person\/6137cde8b4274f12814983bcb5dbbf80\"},\"headline\":\"Marquer les v\u00eatements pour l&rsquo;\u00e9cole, personnaliser des \u00e9tiquettes au nom de votre enfant\",\"datePublished\":\"35+00:00\",\"dateModified\":\"16+00:00\",\"mainEntityOfPage\":{\"@id\":\"https:\/\/www.a-qui-s.fr\/le-blog\/etiquettes-vetement-autocollants\/comment-marquer-vetements-ecole-astuces-conseils\/\"},\"wordCount\":1017,\"commentCount\":0,\"publisher\":{\"@id\":\"https:\/\/www.a-qui-s.fr\/le-blog\/#organization\"},\"image\":{\"@id\":\"https:\/\/www.a-qui-s.fr\/le-blog\/etiquettes-vetement-autocollants\/comment-marquer-vetements-ecole-astuces-conseils\/#primaryimage\"},\"thumbnailUrl\":\"https:\/\/www.a-qui-s.fr\/le-blog\/wp-content\/uploads\/2019\/04\/marquer-vetement-ecole.jpg\",\"articleSection\":[\"\u00c9tiquettes\"],\"inLanguage\":\"fr-FR\",\"potentialAction\":[{\"@type\":\"CommentAction\",\"name\":\"Comment\",\"target\":[\"https:\/\/www.a-qui-s.fr\/le-blog\/etiquettes-vetement-autocollants\/comment-marquer-vetements-ecole-astuces-conseils\/#respond\"]}]},{\"@type\":\"WebPage\",\"@id\":\"https:\/\/www.a-qui-s.fr\/le-blog\/etiquettes-vetement-autocollants\/comment-marquer-vetements-ecole-astuces-conseils\/\",\"url\":\"https:\/\/www.a-qui-s.fr\/le-blog\/etiquettes-vetement-autocollants\/comment-marquer-vetements-ecole-astuces-conseils\/\",\"name\":\"Comment marquer les v\u00eatements pour l'\u00e9cole ? Astuces et conseils\",\"isPartOf\":{\"@id\":\"https:\/\/www.a-qui-s.fr\/le-blog\/#website\"},\"primaryImageOfPage\":{\"@id\":\"https:\/\/www.a-qui-s.fr\/le-blog\/etiquettes-vetement-autocollants\/comment-marquer-vetements-ecole-astuces-conseils\/#primaryimage\"},\"image\":{\"@id\":\"https:\/\/www.a-qui-s.fr\/le-blog\/etiquettes-vetement-autocollants\/comment-marquer-vetements-ecole-astuces-conseils\/#primaryimage\"},\"thumbnailUrl\":\"https:\/\/www.a-qui-s.fr\/le-blog\/wp-content\/uploads\/2019\/04\/marquer-vetement-ecole.jpg\",\"datePublished\":\"35+00:00\",\"dateModified\":\"16+00:00\",\"description\":\"Marquer les v\u00eatements pour l'\u00e9cole de mani\u00e8re durable et \u00e9conomique c'est possible ! Que faut-il exactement marquer ? Les v\u00eatements, les fournitures...\",\"breadcrumb\":{\"@id\":\"https:\/\/www.a-qui-s.fr\/le-blog\/etiquettes-vetement-autocollants\/comment-marquer-vetements-ecole-astuces-conseils\/#breadcrumb\"},\"inLanguage\":\"fr-FR\",\"potentialAction\":[{\"@type\":\"ReadAction\",\"target\":[\"https:\/\/www.a-qui-s.fr\/le-blog\/etiquettes-vetement-autocollants\/comment-marquer-vetements-ecole-astuces-conseils\/\"]}]},{\"@type\":\"ImageObject\",\"inLanguage\":\"fr-FR\",\"@id\":\"https:\/\/www.a-qui-s.fr\/le-blog\/etiquettes-vetement-autocollants\/comment-marquer-vetements-ecole-astuces-conseils\/#primaryimage\",\"url\":\"https:\/\/www.a-qui-s.fr\/le-blog\/wp-content\/uploads\/2019\/04\/marquer-vetement-ecole.jpg\",\"contentUrl\":\"https:\/\/www.a-qui-s.fr\/le-blog\/wp-content\/uploads\/2019\/04\/marquer-vetement-ecole.jpg\",\"width\":1200,\"height\":1200},{\"@type\":\"BreadcrumbList\",\"@id\":\"https:\/\/www.a-qui-s.fr\/le-blog\/etiquettes-vetement-autocollants\/comment-marquer-vetements-ecole-astuces-conseils\/#breadcrumb\",\"itemListElement\":[{\"@type\":\"ListItem\",\"position\":1,\"name\":\"Accueil\",\"item\":\"https:\/\/www.a-qui-s.fr\/le-blog\/\"},{\"@type\":\"ListItem\",\"position\":2,\"name\":\"\u00c9tiquettes\",\"item\":\"https:\/\/www.a-qui-s.fr\/le-blog\/category\/etiquettes-vetement-autocollants\/\"},{\"@type\":\"ListItem\",\"position\":3,\"name\":\"Marquer les v\u00eatements pour l&rsquo;\u00e9cole, personnaliser des \u00e9tiquettes au nom de votre enfant\"}]},{\"@type\":\"WebSite\",\"@id\":\"https:\/\/www.a-qui-s.fr\/le-blog\/#website\",\"url\":\"https:\/\/www.a-qui-s.fr\/le-blog\/\",\"name\":\"LE BLOG d&#039;A-qui-S\",\"description\":\"La communaut\u00e9 des &quot;Pas-Perdus&quot;\",\"publisher\":{\"@id\":\"https:\/\/www.a-qui-s.fr\/le-blog\/#organization\"},\"potentialAction\":[{\"@type\":\"SearchAction\",\"target\":{\"@type\":\"EntryPoint\",\"urlTemplate\":\"https:\/\/www.a-qui-s.fr\/le-blog\/?s={search_term_string}\"},\"query-input\":{\"@type\":\"PropertyValueSpecification\",\"valueRequired\":true,\"valueName\":\"search_term_string\"}}],\"inLanguage\":\"fr-FR\"},{\"@type\":\"Organization\",\"@id\":\"https:\/\/www.a-qui-s.fr\/le-blog\/#organization\",\"name\":\"Etiquettes & compagnie\",\"url\":\"https:\/\/www.a-qui-s.fr\/le-blog\/\",\"logo\":{\"@type\":\"ImageObject\",\"inLanguage\":\"fr-FR\",\"@id\":\"https:\/\/www.a-qui-s.fr\/le-blog\/#\/schema\/logo\/image\/\",\"url\":\"https:\/\/www.a-qui-s.fr\/le-blog\/wp-content\/uploads\/2015\/05\/logo_a-qui-s.png\",\"contentUrl\":\"https:\/\/www.a-qui-s.fr\/le-blog\/wp-content\/uploads\/2015\/05\/logo_a-qui-s.png\",\"width\":132,\"height\":59,\"caption\":\"Etiquettes & compagnie\"},\"image\":{\"@id\":\"https:\/\/www.a-qui-s.fr\/le-blog\/#\/schema\/logo\/image\/\"},\"sameAs\":[\"https:\/\/www.facebook.com\/AquiS\/\",\"https:\/\/x.com\/aquis_fr\"]},{\"@type\":\"Person\",\"@id\":\"https:\/\/www.a-qui-s.fr\/le-blog\/#\/schema\/person\/6137cde8b4274f12814983bcb5dbbf80\",\"name\":\"Isabelle D' A-QUI-S\",\"image\":{\"@type\":\"ImageObject\",\"inLanguage\":\"fr-FR\",\"@id\":\"https:\/\/www.a-qui-s.fr\/le-blog\/#\/schema\/person\/image\/\",\"url\":\"https:\/\/secure.gravatar.com\/avatar\/15b54286c256bb83f3738b56573f4662227f32ef2de42e88b04b94ca206a4433?s=96&d=mm&r=g\",\"contentUrl\":\"https:\/\/secure.gravatar.com\/avatar\/15b54286c256bb83f3738b56573f4662227f32ef2de42e88b04b94ca206a4433?s=96&d=mm&r=g\",\"caption\":\"Isabelle D' A-QUI-S\"},\"url\":\"https:\/\/www.a-qui-s.fr\/le-blog\/author\/isabelle\/\"}]}<\/script>\n<!-- \/ Yoast SEO plugin. -->","yoast_head_json":{"title":"Comment marquer les v\u00eatements pour l'\u00e9cole ? Astuces et conseils","description":"Marquer les v\u00eatements pour l'\u00e9cole de mani\u00e8re durable et \u00e9conomique c'est possible ! Que faut-il exactement marquer ? Les v\u00eatements, les fournitures...","robots":{"index":"index","follow":"follow","max-snippet":"max-snippet:-1","max-image-preview":"max-image-preview:large","max-video-preview":"max-video-preview:-1"},"canonical":"https:\/\/www.a-qui-s.fr\/le-blog\/etiquettes-vetement-autocollants\/comment-marquer-vetements-ecole-astuces-conseils\/","og_locale":"fr_FR","og_type":"article","og_title":"Comment marquer les v\u00eatements pour l'\u00e9cole ? Astuces et conseils","og_description":"Marquer les v\u00eatements pour l'\u00e9cole de mani\u00e8re durable et \u00e9conomique c'est possible ! Que faut-il exactement marquer ? Les v\u00eatements, les fournitures...","og_url":"https:\/\/www.a-qui-s.fr\/le-blog\/etiquettes-vetement-autocollants\/comment-marquer-vetements-ecole-astuces-conseils\/","og_site_name":"LE BLOG d&#039;A-qui-S","article_publisher":"https:\/\/www.facebook.com\/AquiS\/","article_published_time":"2019-05-03T13:09:35+00:00","article_modified_time":"2025-08-21T11:26:16+00:00","og_image":[{"width":1200,"height":1200,"url":"https:\/\/www.a-qui-s.fr\/le-blog\/wp-content\/uploads\/2019\/04\/marquer-vetement-ecole.jpg","type":"image\/jpeg"}],"author":"Isabelle D' A-QUI-S","twitter_card":"summary_large_image","twitter_creator":"@aquis_fr","twitter_site":"@aquis_fr","twitter_misc":{"Written by":"Isabelle D' A-QUI-S","Est. reading time":"5 minutes"},"schema":{"@context":"https:\/\/schema.org","@graph":[{"@type":"Article","@id":"https:\/\/www.a-qui-s.fr\/le-blog\/etiquettes-vetement-autocollants\/comment-marquer-vetements-ecole-astuces-conseils\/#article","isPartOf":{"@id":"https:\/\/www.a-qui-s.fr\/le-blog\/etiquettes-vetement-autocollants\/comment-marquer-vetements-ecole-astuces-conseils\/"},"author":{"name":"Isabelle D' A-QUI-S","@id":"https:\/\/www.a-qui-s.fr\/le-blog\/#\/schema\/person\/6137cde8b4274f12814983bcb5dbbf80"},"headline":"Marquer les v\u00eatements pour l&rsquo;\u00e9cole, personnaliser des \u00e9tiquettes au nom de votre enfant","datePublished":"35+00:00","dateModified":"16+00:00","mainEntityOfPage":{"@id":"https:\/\/www.a-qui-s.fr\/le-blog\/etiquettes-vetement-autocollants\/comment-marquer-vetements-ecole-astuces-conseils\/"},"wordCount":1017,"commentCount":0,"publisher":{"@id":"https:\/\/www.a-qui-s.fr\/le-blog\/#organization"},"image":{"@id":"https:\/\/www.a-qui-s.fr\/le-blog\/etiquettes-vetement-autocollants\/comment-marquer-vetements-ecole-astuces-conseils\/#primaryimage"},"thumbnailUrl":"https:\/\/www.a-qui-s.fr\/le-blog\/wp-content\/uploads\/2019\/04\/marquer-vetement-ecole.jpg","articleSection":["\u00c9tiquettes"],"inLanguage":"fr-FR","potentialAction":[{"@type":"CommentAction","name":"Comment","target":["https:\/\/www.a-qui-s.fr\/le-blog\/etiquettes-vetement-autocollants\/comment-marquer-vetements-ecole-astuces-conseils\/#respond"]}]},{"@type":"WebPage","@id":"https:\/\/www.a-qui-s.fr\/le-blog\/etiquettes-vetement-autocollants\/comment-marquer-vetements-ecole-astuces-conseils\/","url":"https:\/\/www.a-qui-s.fr\/le-blog\/etiquettes-vetement-autocollants\/comment-marquer-vetements-ecole-astuces-conseils\/","name":"Comment marquer les v\u00eatements pour l'\u00e9cole ? Astuces et conseils","isPartOf":{"@id":"https:\/\/www.a-qui-s.fr\/le-blog\/#website"},"primaryImageOfPage":{"@id":"https:\/\/www.a-qui-s.fr\/le-blog\/etiquettes-vetement-autocollants\/comment-marquer-vetements-ecole-astuces-conseils\/#primaryimage"},"image":{"@id":"https:\/\/www.a-qui-s.fr\/le-blog\/etiquettes-vetement-autocollants\/comment-marquer-vetements-ecole-astuces-conseils\/#primaryimage"},"thumbnailUrl":"https:\/\/www.a-qui-s.fr\/le-blog\/wp-content\/uploads\/2019\/04\/marquer-vetement-ecole.jpg","datePublished":"35+00:00","dateModified":"16+00:00","description":"Marquer les v\u00eatements pour l'\u00e9cole de mani\u00e8re durable et \u00e9conomique c'est possible ! Que faut-il exactement marquer ? Les v\u00eatements, les fournitures...","breadcrumb":{"@id":"https:\/\/www.a-qui-s.fr\/le-blog\/etiquettes-vetement-autocollants\/comment-marquer-vetements-ecole-astuces-conseils\/#breadcrumb"},"inLanguage":"fr-FR","potentialAction":[{"@type":"ReadAction","target":["https:\/\/www.a-qui-s.fr\/le-blog\/etiquettes-vetement-autocollants\/comment-marquer-vetements-ecole-astuces-conseils\/"]}]},{"@type":"ImageObject","inLanguage":"fr-FR","@id":"https:\/\/www.a-qui-s.fr\/le-blog\/etiquettes-vetement-autocollants\/comment-marquer-vetements-ecole-astuces-conseils\/#primaryimage","url":"https:\/\/www.a-qui-s.fr\/le-blog\/wp-content\/uploads\/2019\/04\/marquer-vetement-ecole.jpg","contentUrl":"https:\/\/www.a-qui-s.fr\/le-blog\/wp-content\/uploads\/2019\/04\/marquer-vetement-ecole.jpg","width":1200,"height":1200},{"@type":"BreadcrumbList","@id":"https:\/\/www.a-qui-s.fr\/le-blog\/etiquettes-vetement-autocollants\/comment-marquer-vetements-ecole-astuces-conseils\/#breadcrumb","itemListElement":[{"@type":"ListItem","position":1,"name":"Accueil","item":"https:\/\/www.a-qui-s.fr\/le-blog\/"},{"@type":"ListItem","position":2,"name":"\u00c9tiquettes","item":"https:\/\/www.a-qui-s.fr\/le-blog\/category\/etiquettes-vetement-autocollants\/"},{"@type":"ListItem","position":3,"name":"Marquer les v\u00eatements pour l&rsquo;\u00e9cole, personnaliser des \u00e9tiquettes au nom de votre enfant"}]},{"@type":"WebSite","@id":"https:\/\/www.a-qui-s.fr\/le-blog\/#website","url":"https:\/\/www.a-qui-s.fr\/le-blog\/","name":"LE BLOG d&#039;A-qui-S","description":"La communaut\u00e9 des &quot;Pas-Perdus&quot;","publisher":{"@id":"https:\/\/www.a-qui-s.fr\/le-blog\/#organization"},"potentialAction":[{"@type":"SearchAction","target":{"@type":"EntryPoint","urlTemplate":"https:\/\/www.a-qui-s.fr\/le-blog\/?s={search_term_string}"},"query-input":{"@type":"PropertyValueSpecification","valueRequired":true,"valueName":"search_term_string"}}],"inLanguage":"fr-FR"},{"@type":"Organization","@id":"https:\/\/www.a-qui-s.fr\/le-blog\/#organization","name":"Etiquettes & compagnie","url":"https:\/\/www.a-qui-s.fr\/le-blog\/","logo":{"@type":"ImageObject","inLanguage":"fr-FR","@id":"https:\/\/www.a-qui-s.fr\/le-blog\/#\/schema\/logo\/image\/","url":"https:\/\/www.a-qui-s.fr\/le-blog\/wp-content\/uploads\/2015\/05\/logo_a-qui-s.png","contentUrl":"https:\/\/www.a-qui-s.fr\/le-blog\/wp-content\/uploads\/2015\/05\/logo_a-qui-s.png","width":132,"height":59,"caption":"Etiquettes & compagnie"},"image":{"@id":"https:\/\/www.a-qui-s.fr\/le-blog\/#\/schema\/logo\/image\/"},"sameAs":["https:\/\/www.facebook.com\/AquiS\/","https:\/\/x.com\/aquis_fr"]},{"@type":"Person","@id":"https:\/\/www.a-qui-s.fr\/le-blog\/#\/schema\/person\/6137cde8b4274f12814983bcb5dbbf80","name":"Isabelle D' A-QUI-S","image":{"@type":"ImageObject","inLanguage":"fr-FR","@id":"https:\/\/www.a-qui-s.fr\/le-blog\/#\/schema\/person\/image\/","url":"https:\/\/secure.gravatar.com\/avatar\/15b54286c256bb83f3738b56573f4662227f32ef2de42e88b04b94ca206a4433?s=96&d=mm&r=g","contentUrl":"https:\/\/secure.gravatar.com\/avatar\/15b54286c256bb83f3738b56573f4662227f32ef2de42e88b04b94ca206a4433?s=96&d=mm&r=g","caption":"Isabelle D' A-QUI-S"},"url":"https:\/\/www.a-qui-s.fr\/le-blog\/author\/isabelle\/"}]}},"_links":{"self":[{"href":"https:\/\/www.a-qui-s.fr\/le-blog\/wp-json\/wp\/v2\/posts\/13736","targetHints":{"allow":["GET"]}}],"collection":[{"href":"https:\/\/www.a-qui-s.fr\/le-blog\/wp-json\/wp\/v2\/posts"}],"about":[{"href":"https:\/\/www.a-qui-s.fr\/le-blog\/wp-json\/wp\/v2\/types\/post"}],"author":[{"embeddable":true,"href":"https:\/\/www.a-qui-s.fr\/le-blog\/wp-json\/wp\/v2\/users\/6"}],"replies":[{"embeddable":true,"href":"https:\/\/www.a-qui-s.fr\/le-blog\/wp-json\/wp\/v2\/comments?post=13736"}],"version-history":[{"count":0,"href":"https:\/\/www.a-qui-s.fr\/le-blog\/wp-json\/wp\/v2\/posts\/13736\/revisions"}],"wp:featuredmedia":[{"embeddable":true,"href":"https:\/\/www.a-qui-s.fr\/le-blog\/wp-json\/wp\/v2\/media\/13737"}],"wp:attachment":[{"href":"https:\/\/www.a-qui-s.fr\/le-blog\/wp-json\/wp\/v2\/media?parent=13736"}],"wp:term":[{"taxonomy":"category","embeddable":true,"href":"https:\/\/www.a-qui-s.fr\/le-blog\/wp-json\/wp\/v2\/categories?post=13736"},{"taxonomy":"post_tag","embeddable":true,"href":"https:\/\/www.a-qui-s.fr\/le-blog\/wp-json\/wp\/v2\/tags?post=13736"}],"curies":[{"name":"wp","href":"https:\/\/api.w.org\/{rel}","templated":true}]}}