{"id":13144,"date":"2022-12-21T11:07:35","date_gmt":"2022-12-21T10:07:35","guid":{"rendered":"https:\/\/www.a-qui-s.fr\/le-blog\/?p=13144"},"modified":"2025-08-26T14:26:42","modified_gmt":"2025-08-26T13:26:42","slug":"activite-nouvel-an-pour-les-enfants","status":"publish","type":"post","link":"https:\/\/www.a-qui-s.fr\/le-blog\/diy-bricolage-enfant\/activite-nouvel-an-pour-les-enfants\/","title":{"rendered":"Activit\u00e9 Nouvel an pour les enfants : Je cr\u00e9e mon chapeau !\u00a0"},"content":{"rendered":"<p>\u00c0 la recherche d&rsquo;id\u00e9es pour le soir du <strong>Nouvel an<\/strong> ? On vous propose une&nbsp;activit\u00e9 \u00ab\u00a0nouvel an\u00a0\u00bb pour les enfants, facile et rapide \u00e0 faire !&nbsp;<\/p>\n<p>Qui dit <strong>r\u00e9veillon<\/strong> de la nouvelle ann\u00e9e, dit chapeaux color\u00e9s pour les enfants, c&rsquo;est pourquoi nous avons imagin\u00e9 un atelier : <strong>je cr\u00e9e mon chapeau<\/strong> !<\/p>\n<p>&nbsp;<\/p>\n<p><img fetchpriority=\"high\" decoding=\"async\" class=\"aligncenter\" src=\"https:\/\/images.a-qui-s.fr\/image\/upload\/v1671727649\/BLOG\/Chapeau-pointu.jpg\" alt=\"\" width=\"462\" height=\"462\"><\/p>\n<p>&nbsp;<\/p>\n<p>Vous pouvez t\u00e9l\u00e9charger la version <strong>2024<\/strong> en cliquant ci-dessous.<\/p>\n<p><img decoding=\"async\" class=\"aligncenter\" src=\"https:\/\/images.a-qui-s.fr\/image\/upload\/v1703262729\/BLOG\/chapeau_2024.jpg\" width=\"515\" height=\"515\"><\/p>\n<p><a href=\"https:\/\/images.a-qui-s.fr\/image\/upload\/v1703262555\/BLOG\/chapeau1-FR.pdf\"><img decoding=\"async\" class=\"aligncenter\" src=\"https:\/\/images.a-qui-s.fr\/image\/upload\/v1579600227\/BLOG\/bouton-blog.jpg\" alt=\"\" width=\"200\" height=\"50\"><\/a><\/p>\n<p>&nbsp;<\/p>\n<p><img loading=\"lazy\" decoding=\"async\" class=\"aligncenter\" src=\"https:\/\/images.a-qui-s.fr\/image\/upload\/v1703262731\/BLOG\/chapeau2024.jpg\" width=\"449\" height=\"449\"><\/p>\n<p><a href=\"https:\/\/images.a-qui-s.fr\/image\/upload\/v1703262559\/BLOG\/chapeau2-FR.pdf\"><img loading=\"lazy\" decoding=\"async\" class=\"alignnone size-medium aligncenter\" src=\"https:\/\/images.a-qui-s.fr\/image\/upload\/v1585134956\/BLOG\/boutonblog.jpg\" width=\"200\" height=\"60\"><\/a><\/p>\n<p>&nbsp;<\/p>\n<h2>Le tuto de l&rsquo;activit\u00e9 \u00ab\u00a0Nouvel an\u00a0\u00bb pour les enfants !&nbsp;<\/h2>\n<p><strong><em>Le mat\u00e9riel :&nbsp;<\/em><\/strong><\/p>\n<ul>\n<li>Une feuille de papier A4<\/li>\n<li>Des ciseaux&nbsp;\u2702&nbsp;<\/li>\n<li>Des feutres ou des crayons de couleurs&nbsp;?<\/li>\n<li>Un bout d&rsquo;\u00e9lastique<\/li>\n<li>De la colle&nbsp;<\/li>\n<\/ul>\n<p><em><strong>Les \u00e9tapes :&nbsp;<\/strong><\/em><\/p>\n<p>Pour cr\u00e9er son <strong>chapeau du Nouvel an<\/strong>, c&rsquo;est tr\u00e8s simple :&nbsp;<\/p>\n<p>Tout d&rsquo;abord, il faut imprimer le PDF du patron sur une feuille A4&nbsp;<a href=\"https:\/\/images.a-qui-s.fr\/image\/upload\/v1671727730\/BLOG\/221222_CHAPEAUNEWYEARx2.pdf\">en cliquant ICI<\/a>. Si vous souhaitez vous pouvez l&rsquo;imprimer sur une feuille plus \u00e9paisse pour une meilleure tenue.<\/p>\n<p>Ensuite, place aux artistes ! \u00c0 l&rsquo;aide de feutres ou de crayons de couleurs, on colorie les motifs de son chapeau.<\/p>\n<p>Puis, on vient d\u00e9couper son chapeau en suivant bien les traits.<\/p>\n<p>Pour finir, une fois le d\u00e9coupage termin\u00e9, il ne vous reste plus qu&rsquo;a former le chapeau et \u00e0 coller la petite bande de fa\u00e7on \u00e0 le maintenir.<\/p>\n<p>Enfin, on vient glisser une \u00e9lastique dans les deux trous pr\u00e9alablement perc\u00e9s.<\/p>\n<p>Le petit + : Vous pouvez rajouter un pompon de laine, des <strong>cotillons<\/strong> ou m\u00eame un <a href=\"https:\/\/www.a-qui-s.fr\/boutique\/autocollants-ronds\/AR1\">autocollant personnalis\u00e9<\/a> pour terminer ce <strong>chapeau du Nouvel an<\/strong> !&nbsp;?<\/p>\n<p>Vous pouvez aussi d\u00e9poser le patron du chapeau, sur la table des enfants, avec quelques feutres ou crayons pour les faire patienter avant le fameux <strong>compte \u00e0 rebours<\/strong> !&nbsp;<\/p>\n<p>N&rsquo;h\u00e9sitez pas \u00e0 partager vos cr\u00e9ations sur les r\u00e9seaux sociaux avec le #aquisetvous&nbsp;? C&rsquo;est toujours un plaisir pour nous de regarder les chef d&rsquo;oeuvres de vos petits artistes.&nbsp;<\/p>\n<p>&nbsp;<\/p>\n<p>\u2728 Toute l&rsquo;\u00e9quipe d&rsquo;A-qui-S vous souhaite une bonne ann\u00e9e 2024 ! \u2728<\/p>\n<p>&nbsp;<\/p>\n<p>En parlant d&rsquo;<strong>id\u00e9es pour le Nouvel an<\/strong>, avez vous vu notre id\u00e9e de <a href=\"https:\/\/www.a-qui-s.fr\/le-blog\/diy\/marques-places-orignaux-coquille-noix-diy\/\" target=\"_blank\" rel=\"noopener\">marque place avec des coquilles de noix<\/a> ? Et aussi, notre <a href=\"https:\/\/www.a-qui-s.fr\/le-blog\/recettes\/idee-repas-reveillon-oursons-a-croquer\/\" target=\"_blank\" rel=\"noopener\">recette de petits oursons \u00e0 croquer<\/a> ? Sans parler de nos super <a href=\"https:\/\/www.a-qui-s.fr\/le-blog\/diy-bricolage-enfant\/canon-a-confettis-diy-pour-le-nouvel-an\/\" target=\"_blank\" rel=\"noopener\">canons \u00e0 confettis<\/a>, super facile \u00e0 r\u00e9aliser !&nbsp;<\/p>\n<p>&nbsp;<\/p>\n<p>&nbsp;<\/p>\n<p>&nbsp;<\/p>\n<p>&nbsp;<\/p>\n","protected":false},"excerpt":{"rendered":"<p>\u00c0 la recherche d&rsquo;id\u00e9es pour le soir du Nouvel an ? On vous propose une&nbsp;activit\u00e9 \u00ab\u00a0nouvel an\u00a0\u00bb pour les enfants, facile et rapide \u00e0 faire !&nbsp; Qui dit r\u00e9veillon de la nouvelle ann\u00e9e, dit chapeaux color\u00e9s pour les enfants, c&rsquo;est pourquoi nous avons imagin\u00e9 un atelier : je cr\u00e9e mon chapeau ! &nbsp; &nbsp; Vous [&hellip;]<\/p>\n","protected":false},"author":6,"featured_media":19740,"comment_status":"open","ping_status":"open","sticky":false,"template":"","format":"standard","meta":{"_acf_changed":false,"fifu_image_url":"https:\/\/images.a-qui-s.fr\/image\/upload\/v1671727649\/BLOG\/Chapeau-pointu.jpg","fifu_image_alt":"Activit\u00e9 Nouvel an pour les enfants : Je cr\u00e9e mon chapeau !\u00a0","footnotes":""},"categories":[59],"tags":[],"class_list":["post-13144","post","type-post","status-publish","format-standard","has-post-thumbnail","hentry","category-diy-bricolage-enfant"],"acf":[],"yoast_head":"<!-- This site is optimized with the Yoast SEO plugin v27.0 - https:\/\/yoast.com\/product\/yoast-seo-wordpress\/ -->\n<title>Activit\u00e9 Nouvel an pour les enfants : Je cr\u00e9e mon chapeau !\u00a0 -<\/title>\n<meta name=\"description\" content=\"Activit\u00e9 nouvel an pour les enfants : Nous vous proposons un printable &quot; chapeau&quot;. Il suffit de l&#039;imprimer, de le colorier et de le d\u00e9couper !\" \/>\n<meta name=\"robots\" content=\"index, follow, max-snippet:-1, max-image-preview:large, max-video-preview:-1\" \/>\n<link rel=\"canonical\" href=\"https:\/\/www.a-qui-s.fr\/le-blog\/diy-bricolage-enfant\/activite-nouvel-an-pour-les-enfants\/\" \/>\n<meta property=\"og:locale\" content=\"fr_FR\" \/>\n<meta property=\"og:type\" content=\"article\" \/>\n<meta property=\"og:title\" content=\"Activit\u00e9 Nouvel an pour les enfants : Je cr\u00e9e mon chapeau !\u00a0 -\" \/>\n<meta property=\"og:description\" content=\"Activit\u00e9 nouvel an pour les enfants : Nous vous proposons un printable &quot; chapeau&quot;. Il suffit de l&#039;imprimer, de le colorier et de le d\u00e9couper !\" \/>\n<meta property=\"og:url\" content=\"https:\/\/www.a-qui-s.fr\/le-blog\/diy-bricolage-enfant\/activite-nouvel-an-pour-les-enfants\/\" \/>\n<meta property=\"og:site_name\" content=\"LE BLOG d&#039;A-qui-S\" \/>\n<meta property=\"article:publisher\" content=\"https:\/\/www.facebook.com\/AquiS\/\" \/>\n<meta property=\"article:published_time\" content=\"2022-12-21T10:07:35+00:00\" \/>\n<meta property=\"article:modified_time\" content=\"2025-08-26T13:26:42+00:00\" \/>\n<meta property=\"og:image\" content=\"https:\/\/images.a-qui-s.fr\/image\/upload\/v1671727649\/BLOG\/Chapeau-pointu.jpg\" \/>\n<meta name=\"author\" content=\"Isabelle D&#039; A-QUI-S\" \/>\n<meta name=\"twitter:card\" content=\"summary_large_image\" \/>\n<meta name=\"twitter:image\" content=\"https:\/\/images.a-qui-s.fr\/image\/upload\/v1671727649\/BLOG\/Chapeau-pointu.jpg\" \/>\n<meta name=\"twitter:creator\" content=\"@aquis_fr\" \/>\n<meta name=\"twitter:site\" content=\"@aquis_fr\" \/>\n<meta name=\"twitter:label1\" content=\"Written by\" \/>\n\t<meta name=\"twitter:data1\" content=\"Isabelle D&#039; A-QUI-S\" \/>\n\t<meta name=\"twitter:label2\" content=\"Est. reading time\" \/>\n\t<meta name=\"twitter:data2\" content=\"3 minutes\" \/>\n<script type=\"application\/ld+json\" class=\"yoast-schema-graph\">{\"@context\":\"https:\/\/schema.org\",\"@graph\":[{\"@type\":\"Article\",\"@id\":\"https:\/\/www.a-qui-s.fr\/le-blog\/diy-bricolage-enfant\/activite-nouvel-an-pour-les-enfants\/#article\",\"isPartOf\":{\"@id\":\"https:\/\/www.a-qui-s.fr\/le-blog\/diy-bricolage-enfant\/activite-nouvel-an-pour-les-enfants\/\"},\"author\":{\"name\":\"Isabelle D' A-QUI-S\",\"@id\":\"https:\/\/www.a-qui-s.fr\/le-blog\/#\/schema\/person\/6137cde8b4274f12814983bcb5dbbf80\"},\"headline\":\"Activit\u00e9 Nouvel an pour les enfants : Je cr\u00e9e mon chapeau !\u00a0\",\"datePublished\":\"35+00:00\",\"dateModified\":\"42+00:00\",\"mainEntityOfPage\":{\"@id\":\"https:\/\/www.a-qui-s.fr\/le-blog\/diy-bricolage-enfant\/activite-nouvel-an-pour-les-enfants\/\"},\"wordCount\":395,\"commentCount\":1,\"publisher\":{\"@id\":\"https:\/\/www.a-qui-s.fr\/le-blog\/#organization\"},\"image\":{\"@id\":\"https:\/\/www.a-qui-s.fr\/le-blog\/diy-bricolage-enfant\/activite-nouvel-an-pour-les-enfants\/#primaryimage\"},\"thumbnailUrl\":\"https:\/\/images.a-qui-s.fr\/image\/upload\/v1671727649\/BLOG\/Chapeau-pointu.jpg\",\"articleSection\":[\"DIY - Bricolage enfant\"],\"inLanguage\":\"fr-FR\",\"potentialAction\":[{\"@type\":\"CommentAction\",\"name\":\"Comment\",\"target\":[\"https:\/\/www.a-qui-s.fr\/le-blog\/diy-bricolage-enfant\/activite-nouvel-an-pour-les-enfants\/#respond\"]}]},{\"@type\":\"WebPage\",\"@id\":\"https:\/\/www.a-qui-s.fr\/le-blog\/diy-bricolage-enfant\/activite-nouvel-an-pour-les-enfants\/\",\"url\":\"https:\/\/www.a-qui-s.fr\/le-blog\/diy-bricolage-enfant\/activite-nouvel-an-pour-les-enfants\/\",\"name\":\"Activit\u00e9 Nouvel an pour les enfants : Je cr\u00e9e mon chapeau !\u00a0 -\",\"isPartOf\":{\"@id\":\"https:\/\/www.a-qui-s.fr\/le-blog\/#website\"},\"primaryImageOfPage\":{\"@id\":\"https:\/\/www.a-qui-s.fr\/le-blog\/diy-bricolage-enfant\/activite-nouvel-an-pour-les-enfants\/#primaryimage\"},\"image\":{\"@id\":\"https:\/\/www.a-qui-s.fr\/le-blog\/diy-bricolage-enfant\/activite-nouvel-an-pour-les-enfants\/#primaryimage\"},\"thumbnailUrl\":\"https:\/\/images.a-qui-s.fr\/image\/upload\/v1671727649\/BLOG\/Chapeau-pointu.jpg\",\"datePublished\":\"35+00:00\",\"dateModified\":\"42+00:00\",\"description\":\"Activit\u00e9 nouvel an pour les enfants : Nous vous proposons un printable \\\" chapeau\\\". Il suffit de l'imprimer, de le colorier et de le d\u00e9couper !\",\"breadcrumb\":{\"@id\":\"https:\/\/www.a-qui-s.fr\/le-blog\/diy-bricolage-enfant\/activite-nouvel-an-pour-les-enfants\/#breadcrumb\"},\"inLanguage\":\"fr-FR\",\"potentialAction\":[{\"@type\":\"ReadAction\",\"target\":[\"https:\/\/www.a-qui-s.fr\/le-blog\/diy-bricolage-enfant\/activite-nouvel-an-pour-les-enfants\/\"]}]},{\"@type\":\"ImageObject\",\"inLanguage\":\"fr-FR\",\"@id\":\"https:\/\/www.a-qui-s.fr\/le-blog\/diy-bricolage-enfant\/activite-nouvel-an-pour-les-enfants\/#primaryimage\",\"url\":\"https:\/\/images.a-qui-s.fr\/image\/upload\/v1671727649\/BLOG\/Chapeau-pointu.jpg\",\"contentUrl\":\"https:\/\/images.a-qui-s.fr\/image\/upload\/v1671727649\/BLOG\/Chapeau-pointu.jpg\",\"width\":\"800\",\"height\":\"800\",\"caption\":\"Activit\u00e9 Nouvel an pour les enfants : Je cr\u00e9e mon chapeau !\u00a0\"},{\"@type\":\"BreadcrumbList\",\"@id\":\"https:\/\/www.a-qui-s.fr\/le-blog\/diy-bricolage-enfant\/activite-nouvel-an-pour-les-enfants\/#breadcrumb\",\"itemListElement\":[{\"@type\":\"ListItem\",\"position\":1,\"name\":\"Accueil\",\"item\":\"https:\/\/www.a-qui-s.fr\/le-blog\/\"},{\"@type\":\"ListItem\",\"position\":2,\"name\":\"DIY - Bricolage enfant\",\"item\":\"https:\/\/www.a-qui-s.fr\/le-blog\/category\/diy-bricolage-enfant\/\"},{\"@type\":\"ListItem\",\"position\":3,\"name\":\"Activit\u00e9 Nouvel an pour les enfants : Je cr\u00e9e mon chapeau !\u00a0\"}]},{\"@type\":\"WebSite\",\"@id\":\"https:\/\/www.a-qui-s.fr\/le-blog\/#website\",\"url\":\"https:\/\/www.a-qui-s.fr\/le-blog\/\",\"name\":\"LE BLOG d&#039;A-qui-S\",\"description\":\"La communaut\u00e9 des &quot;Pas-Perdus&quot;\",\"publisher\":{\"@id\":\"https:\/\/www.a-qui-s.fr\/le-blog\/#organization\"},\"potentialAction\":[{\"@type\":\"SearchAction\",\"target\":{\"@type\":\"EntryPoint\",\"urlTemplate\":\"https:\/\/www.a-qui-s.fr\/le-blog\/?s={search_term_string}\"},\"query-input\":{\"@type\":\"PropertyValueSpecification\",\"valueRequired\":true,\"valueName\":\"search_term_string\"}}],\"inLanguage\":\"fr-FR\"},{\"@type\":\"Organization\",\"@id\":\"https:\/\/www.a-qui-s.fr\/le-blog\/#organization\",\"name\":\"Etiquettes & compagnie\",\"url\":\"https:\/\/www.a-qui-s.fr\/le-blog\/\",\"logo\":{\"@type\":\"ImageObject\",\"inLanguage\":\"fr-FR\",\"@id\":\"https:\/\/www.a-qui-s.fr\/le-blog\/#\/schema\/logo\/image\/\",\"url\":\"https:\/\/www.a-qui-s.fr\/le-blog\/wp-content\/uploads\/2015\/05\/logo_a-qui-s.png\",\"contentUrl\":\"https:\/\/www.a-qui-s.fr\/le-blog\/wp-content\/uploads\/2015\/05\/logo_a-qui-s.png\",\"width\":132,\"height\":59,\"caption\":\"Etiquettes & compagnie\"},\"image\":{\"@id\":\"https:\/\/www.a-qui-s.fr\/le-blog\/#\/schema\/logo\/image\/\"},\"sameAs\":[\"https:\/\/www.facebook.com\/AquiS\/\",\"https:\/\/x.com\/aquis_fr\"]},{\"@type\":\"Person\",\"@id\":\"https:\/\/www.a-qui-s.fr\/le-blog\/#\/schema\/person\/6137cde8b4274f12814983bcb5dbbf80\",\"name\":\"Isabelle D' A-QUI-S\",\"image\":{\"@type\":\"ImageObject\",\"inLanguage\":\"fr-FR\",\"@id\":\"https:\/\/www.a-qui-s.fr\/le-blog\/#\/schema\/person\/image\/\",\"url\":\"https:\/\/secure.gravatar.com\/avatar\/15b54286c256bb83f3738b56573f4662227f32ef2de42e88b04b94ca206a4433?s=96&d=mm&r=g\",\"contentUrl\":\"https:\/\/secure.gravatar.com\/avatar\/15b54286c256bb83f3738b56573f4662227f32ef2de42e88b04b94ca206a4433?s=96&d=mm&r=g\",\"caption\":\"Isabelle D' A-QUI-S\"},\"url\":\"https:\/\/www.a-qui-s.fr\/le-blog\/author\/isabelle\/\"}]}<\/script>\n<!-- \/ Yoast SEO plugin. -->","yoast_head_json":{"title":"Activit\u00e9 Nouvel an pour les enfants : Je cr\u00e9e mon chapeau !\u00a0 -","description":"Activit\u00e9 nouvel an pour les enfants : Nous vous proposons un printable \" chapeau\". Il suffit de l'imprimer, de le colorier et de le d\u00e9couper !","robots":{"index":"index","follow":"follow","max-snippet":"max-snippet:-1","max-image-preview":"max-image-preview:large","max-video-preview":"max-video-preview:-1"},"canonical":"https:\/\/www.a-qui-s.fr\/le-blog\/diy-bricolage-enfant\/activite-nouvel-an-pour-les-enfants\/","og_locale":"fr_FR","og_type":"article","og_title":"Activit\u00e9 Nouvel an pour les enfants : Je cr\u00e9e mon chapeau !\u00a0 -","og_description":"Activit\u00e9 nouvel an pour les enfants : Nous vous proposons un printable \" chapeau\". Il suffit de l'imprimer, de le colorier et de le d\u00e9couper !","og_url":"https:\/\/www.a-qui-s.fr\/le-blog\/diy-bricolage-enfant\/activite-nouvel-an-pour-les-enfants\/","og_site_name":"LE BLOG d&#039;A-qui-S","article_publisher":"https:\/\/www.facebook.com\/AquiS\/","article_published_time":"2022-12-21T10:07:35+00:00","article_modified_time":"2025-08-26T13:26:42+00:00","og_image":[{"url":"https:\/\/images.a-qui-s.fr\/image\/upload\/v1671727649\/BLOG\/Chapeau-pointu.jpg","type":"","width":"","height":""}],"author":"Isabelle D' A-QUI-S","twitter_card":"summary_large_image","twitter_image":"https:\/\/images.a-qui-s.fr\/image\/upload\/v1671727649\/BLOG\/Chapeau-pointu.jpg","twitter_creator":"@aquis_fr","twitter_site":"@aquis_fr","twitter_misc":{"Written by":"Isabelle D' A-QUI-S","Est. reading time":"3 minutes"},"schema":{"@context":"https:\/\/schema.org","@graph":[{"@type":"Article","@id":"https:\/\/www.a-qui-s.fr\/le-blog\/diy-bricolage-enfant\/activite-nouvel-an-pour-les-enfants\/#article","isPartOf":{"@id":"https:\/\/www.a-qui-s.fr\/le-blog\/diy-bricolage-enfant\/activite-nouvel-an-pour-les-enfants\/"},"author":{"name":"Isabelle D' A-QUI-S","@id":"https:\/\/www.a-qui-s.fr\/le-blog\/#\/schema\/person\/6137cde8b4274f12814983bcb5dbbf80"},"headline":"Activit\u00e9 Nouvel an pour les enfants : Je cr\u00e9e mon chapeau !\u00a0","datePublished":"35+00:00","dateModified":"42+00:00","mainEntityOfPage":{"@id":"https:\/\/www.a-qui-s.fr\/le-blog\/diy-bricolage-enfant\/activite-nouvel-an-pour-les-enfants\/"},"wordCount":395,"commentCount":1,"publisher":{"@id":"https:\/\/www.a-qui-s.fr\/le-blog\/#organization"},"image":{"@id":"https:\/\/www.a-qui-s.fr\/le-blog\/diy-bricolage-enfant\/activite-nouvel-an-pour-les-enfants\/#primaryimage"},"thumbnailUrl":"https:\/\/images.a-qui-s.fr\/image\/upload\/v1671727649\/BLOG\/Chapeau-pointu.jpg","articleSection":["DIY - Bricolage enfant"],"inLanguage":"fr-FR","potentialAction":[{"@type":"CommentAction","name":"Comment","target":["https:\/\/www.a-qui-s.fr\/le-blog\/diy-bricolage-enfant\/activite-nouvel-an-pour-les-enfants\/#respond"]}]},{"@type":"WebPage","@id":"https:\/\/www.a-qui-s.fr\/le-blog\/diy-bricolage-enfant\/activite-nouvel-an-pour-les-enfants\/","url":"https:\/\/www.a-qui-s.fr\/le-blog\/diy-bricolage-enfant\/activite-nouvel-an-pour-les-enfants\/","name":"Activit\u00e9 Nouvel an pour les enfants : Je cr\u00e9e mon chapeau !\u00a0 -","isPartOf":{"@id":"https:\/\/www.a-qui-s.fr\/le-blog\/#website"},"primaryImageOfPage":{"@id":"https:\/\/www.a-qui-s.fr\/le-blog\/diy-bricolage-enfant\/activite-nouvel-an-pour-les-enfants\/#primaryimage"},"image":{"@id":"https:\/\/www.a-qui-s.fr\/le-blog\/diy-bricolage-enfant\/activite-nouvel-an-pour-les-enfants\/#primaryimage"},"thumbnailUrl":"https:\/\/images.a-qui-s.fr\/image\/upload\/v1671727649\/BLOG\/Chapeau-pointu.jpg","datePublished":"35+00:00","dateModified":"42+00:00","description":"Activit\u00e9 nouvel an pour les enfants : Nous vous proposons un printable \" chapeau\". Il suffit de l'imprimer, de le colorier et de le d\u00e9couper !","breadcrumb":{"@id":"https:\/\/www.a-qui-s.fr\/le-blog\/diy-bricolage-enfant\/activite-nouvel-an-pour-les-enfants\/#breadcrumb"},"inLanguage":"fr-FR","potentialAction":[{"@type":"ReadAction","target":["https:\/\/www.a-qui-s.fr\/le-blog\/diy-bricolage-enfant\/activite-nouvel-an-pour-les-enfants\/"]}]},{"@type":"ImageObject","inLanguage":"fr-FR","@id":"https:\/\/www.a-qui-s.fr\/le-blog\/diy-bricolage-enfant\/activite-nouvel-an-pour-les-enfants\/#primaryimage","url":"https:\/\/images.a-qui-s.fr\/image\/upload\/v1671727649\/BLOG\/Chapeau-pointu.jpg","contentUrl":"https:\/\/images.a-qui-s.fr\/image\/upload\/v1671727649\/BLOG\/Chapeau-pointu.jpg","width":"800","height":"800","caption":"Activit\u00e9 Nouvel an pour les enfants : Je cr\u00e9e mon chapeau !\u00a0"},{"@type":"BreadcrumbList","@id":"https:\/\/www.a-qui-s.fr\/le-blog\/diy-bricolage-enfant\/activite-nouvel-an-pour-les-enfants\/#breadcrumb","itemListElement":[{"@type":"ListItem","position":1,"name":"Accueil","item":"https:\/\/www.a-qui-s.fr\/le-blog\/"},{"@type":"ListItem","position":2,"name":"DIY - Bricolage enfant","item":"https:\/\/www.a-qui-s.fr\/le-blog\/category\/diy-bricolage-enfant\/"},{"@type":"ListItem","position":3,"name":"Activit\u00e9 Nouvel an pour les enfants : Je cr\u00e9e mon chapeau !\u00a0"}]},{"@type":"WebSite","@id":"https:\/\/www.a-qui-s.fr\/le-blog\/#website","url":"https:\/\/www.a-qui-s.fr\/le-blog\/","name":"LE BLOG d&#039;A-qui-S","description":"La communaut\u00e9 des &quot;Pas-Perdus&quot;","publisher":{"@id":"https:\/\/www.a-qui-s.fr\/le-blog\/#organization"},"potentialAction":[{"@type":"SearchAction","target":{"@type":"EntryPoint","urlTemplate":"https:\/\/www.a-qui-s.fr\/le-blog\/?s={search_term_string}"},"query-input":{"@type":"PropertyValueSpecification","valueRequired":true,"valueName":"search_term_string"}}],"inLanguage":"fr-FR"},{"@type":"Organization","@id":"https:\/\/www.a-qui-s.fr\/le-blog\/#organization","name":"Etiquettes & compagnie","url":"https:\/\/www.a-qui-s.fr\/le-blog\/","logo":{"@type":"ImageObject","inLanguage":"fr-FR","@id":"https:\/\/www.a-qui-s.fr\/le-blog\/#\/schema\/logo\/image\/","url":"https:\/\/www.a-qui-s.fr\/le-blog\/wp-content\/uploads\/2015\/05\/logo_a-qui-s.png","contentUrl":"https:\/\/www.a-qui-s.fr\/le-blog\/wp-content\/uploads\/2015\/05\/logo_a-qui-s.png","width":132,"height":59,"caption":"Etiquettes & compagnie"},"image":{"@id":"https:\/\/www.a-qui-s.fr\/le-blog\/#\/schema\/logo\/image\/"},"sameAs":["https:\/\/www.facebook.com\/AquiS\/","https:\/\/x.com\/aquis_fr"]},{"@type":"Person","@id":"https:\/\/www.a-qui-s.fr\/le-blog\/#\/schema\/person\/6137cde8b4274f12814983bcb5dbbf80","name":"Isabelle D' A-QUI-S","image":{"@type":"ImageObject","inLanguage":"fr-FR","@id":"https:\/\/www.a-qui-s.fr\/le-blog\/#\/schema\/person\/image\/","url":"https:\/\/secure.gravatar.com\/avatar\/15b54286c256bb83f3738b56573f4662227f32ef2de42e88b04b94ca206a4433?s=96&d=mm&r=g","contentUrl":"https:\/\/secure.gravatar.com\/avatar\/15b54286c256bb83f3738b56573f4662227f32ef2de42e88b04b94ca206a4433?s=96&d=mm&r=g","caption":"Isabelle D' A-QUI-S"},"url":"https:\/\/www.a-qui-s.fr\/le-blog\/author\/isabelle\/"}]}},"_links":{"self":[{"href":"https:\/\/www.a-qui-s.fr\/le-blog\/wp-json\/wp\/v2\/posts\/13144","targetHints":{"allow":["GET"]}}],"collection":[{"href":"https:\/\/www.a-qui-s.fr\/le-blog\/wp-json\/wp\/v2\/posts"}],"about":[{"href":"https:\/\/www.a-qui-s.fr\/le-blog\/wp-json\/wp\/v2\/types\/post"}],"author":[{"embeddable":true,"href":"https:\/\/www.a-qui-s.fr\/le-blog\/wp-json\/wp\/v2\/users\/6"}],"replies":[{"embeddable":true,"href":"https:\/\/www.a-qui-s.fr\/le-blog\/wp-json\/wp\/v2\/comments?post=13144"}],"version-history":[{"count":0,"href":"https:\/\/www.a-qui-s.fr\/le-blog\/wp-json\/wp\/v2\/posts\/13144\/revisions"}],"wp:featuredmedia":[{"embeddable":true,"href":"https:\/\/www.a-qui-s.fr\/le-blog\/wp-json\/wp\/v2\/media\/19740"}],"wp:attachment":[{"href":"https:\/\/www.a-qui-s.fr\/le-blog\/wp-json\/wp\/v2\/media?parent=13144"}],"wp:term":[{"taxonomy":"category","embeddable":true,"href":"https:\/\/www.a-qui-s.fr\/le-blog\/wp-json\/wp\/v2\/categories?post=13144"},{"taxonomy":"post_tag","embeddable":true,"href":"https:\/\/www.a-qui-s.fr\/le-blog\/wp-json\/wp\/v2\/tags?post=13144"}],"curies":[{"name":"wp","href":"https:\/\/api.w.org\/{rel}","templated":true}]}}