{"id":12657,"date":"2018-09-20T08:57:27","date_gmt":"2018-09-20T07:57:27","guid":{"rendered":"https:\/\/www.a-qui-s.fr\/le-blog\/?p=12657"},"modified":"2025-08-21T12:27:20","modified_gmt":"2025-08-21T11:27:20","slug":"messages-bienveillants-pour-nos-enfants","status":"publish","type":"post","link":"https:\/\/www.a-qui-s.fr\/le-blog\/a-qui-s-et-vous\/messages-bienveillants-pour-nos-enfants\/","title":{"rendered":"Messages bienveillants pour nos enfants"},"content":{"rendered":"<p>Des messages bienveillants ? Quel parent ne souhaite pas que son enfant s&rsquo;\u00e9panouisse et r\u00e9ussisse \u00e0 l\u2019\u00e9cole ? Mais comment s&rsquo;y prendre pour lui redonner le courage, l&rsquo;envie, lui dire de ne pas baisser les bras ? A la rentr\u00e9e des classes comme tout au long de l\u2019ann\u00e9e, enfants et parents se mettent parfois beaucoup de pression. Et elle peut parfois s\u2019av\u00e9rer contre-productive.<\/p>\n<p><img fetchpriority=\"high\" decoding=\"async\" class=\"alignright size-full wp-image-12680\" src=\"https:\/\/www.a-qui-s.fr\/le-blog\/wp-content\/uploads\/2018\/09\/messages-bienveillant.jpg\" alt=\"messages bienveillants\" width=\"400\" height=\"400\" srcset=\"https:\/\/www.a-qui-s.fr\/le-blog\/wp-content\/uploads\/2018\/09\/messages-bienveillant.jpg 400w, https:\/\/www.a-qui-s.fr\/le-blog\/wp-content\/uploads\/2018\/09\/messages-bienveillant-300x300.jpg 300w, https:\/\/www.a-qui-s.fr\/le-blog\/wp-content\/uploads\/2018\/09\/messages-bienveillant-150x150.jpg 150w\" sizes=\"(max-width: 400px) 100vw, 400px\" \/><\/p>\n<h3><strong>La r\u00e9ussite passe par la confiance\u00a0?<\/strong><\/h3>\n<p>Mis en confiance, sans pression, votre enfant se sentira valoris\u00e9 et plus s\u00fbr de lui. Il convient en effet d&rsquo;utiliser les bons mots pour qu\u2019il ne se sente pas mis en concurrence avec d\u2019autres enfants. Mais aussi, pour qu&rsquo;il ne s&rsquo;imagine pas que le bonheur de la famille d\u00e9pend de sa r\u00e9ussite scolaire (on exag\u00e8re un chou\u00efa ? mais c\u2019est pour mieux comprendre la situation\u00a0!!)<\/p>\n<h3>De nouvelles \u00e9tiquettes \u00e0 messages bienveillants\u00a0?<\/h3>\n<p>C\u2019est pourquoi l\u2019A-QUI-S family vous a concoct\u00e9 <a href=\"https:\/\/www.a-qui-s.fr\/\">de jolies \u00e9tiquettes \u00e0 messages<\/a> bienveillants. \u00c0 coller sur les stylos et crayons de votre enfant.<\/p>\n<p>Des petits mots encourageants, des petits clins d\u2019\u0153il qui feront chaud au c\u0153ur \u00e0 l\u2019enfant et <strong>qui le pousseront naturellement en avant et \u00e0 faire de son mieux, en confiance.<\/strong><\/p>\n<p>C&rsquo;est en effet lorsque l&rsquo;enfant se sent en confiance, sans stress ni pression, qu&rsquo;il fera de son mieux et agira\/travaillera de fa\u00e7on optimale, \u00e0 son rythme.<\/p>\n<p>&nbsp;<\/p>\n<h3>Petit d\u00e9codeur \u00e0 l&rsquo;usage des parents\u00a0?<\/h3>\n<p><strong>Ne pas dire\u00a0:<\/strong> Si tu ne r\u00e9ussis pas tu n\u2019auras pas (l\u2019objet tant d\u00e9sir\u00e9) pour No\u00ebl.<\/p>\n<p><strong>Mais plut\u00f4t\u00a0:<\/strong> Je crois en toi, je sais que tu peux y arriver, fais de ton mieux.<\/p>\n<p>&nbsp;<\/p>\n<p><strong>Ne pas dire\u00a0:<\/strong> Mais tu n\u2019as pas honte d\u2019avoir de tels r\u00e9sultats\u00a0?<\/p>\n<p><strong>Mais plut\u00f4t\u00a0:<\/strong> On va voir ensemble ce que tu n\u2019as pas compris et faire tout ce qu\u2019il faut pour ce que \u00e7a ne se renouvelle plus. Je suis avec toi.<\/p>\n<p>&nbsp;<\/p>\n<p><strong>Ne pas dire\u00a0:<\/strong> Si les autres t\u2019emb\u00eatent ou se moquent de toi, d\u00e9fends-toi, va voir la ma\u00eetresse ou fais comme les autres.<\/p>\n<p><strong>Mais plut\u00f4t\u00a0:<\/strong>\u00a0Tu es unique, c\u2019est pour cela qu\u2019on t\u2019aime, ne laisse rien t\u2019arr\u00eater, n\u2019aies pas peur d\u2019\u00eatre toi-m\u00eame.<\/p>\n<p>&nbsp;<\/p>\n<p>Pour plus d&rsquo;id\u00e9es\u00a0<a href=\"https:\/\/www.pinterest.fr\/pin\/137500594851804512\/?lp=true\">c&rsquo;est ici<\/a>\u00a0 \ud83d\ude42<\/p>\n","protected":false},"excerpt":{"rendered":"<p>Des messages bienveillants ? Quel parent ne souhaite pas que son enfant s&rsquo;\u00e9panouisse et r\u00e9ussisse \u00e0 l\u2019\u00e9cole ? Mais comment s&rsquo;y prendre pour lui redonner le courage, l&rsquo;envie, lui dire de ne pas baisser les bras ? A la rentr\u00e9e des classes comme tout au long de l\u2019ann\u00e9e, enfants et parents se mettent parfois beaucoup [&hellip;]<\/p>\n","protected":false},"author":2,"featured_media":12680,"comment_status":"open","ping_status":"open","sticky":false,"template":"","format":"standard","meta":{"_acf_changed":false,"fifu_image_url":"","fifu_image_alt":"","footnotes":""},"categories":[216],"tags":[],"class_list":["post-12657","post","type-post","status-publish","format-standard","has-post-thumbnail","hentry","category-a-qui-s-et-vous"],"acf":[],"yoast_head":"<!-- This site is optimized with the Yoast SEO plugin v27.0 - https:\/\/yoast.com\/product\/yoast-seo-wordpress\/ -->\n<title>Messages bienveillants pour nos enfants -<\/title>\n<meta name=\"description\" content=\"A-QUI-S lance des \u00e9tiquettes \u00e0 messages bienveillants \u00e0 coller sur les stylos pour accompagner et encourager votre enfant \u00e0 l&#039;\u00e9cole.\" \/>\n<meta name=\"robots\" content=\"index, follow, max-snippet:-1, max-image-preview:large, max-video-preview:-1\" \/>\n<link rel=\"canonical\" href=\"https:\/\/www.a-qui-s.fr\/le-blog\/a-qui-s-et-vous\/messages-bienveillants-pour-nos-enfants\/\" \/>\n<meta property=\"og:locale\" content=\"fr_FR\" \/>\n<meta property=\"og:type\" content=\"article\" \/>\n<meta property=\"og:title\" content=\"Messages bienveillants pour nos enfants -\" \/>\n<meta property=\"og:description\" content=\"A-QUI-S lance des \u00e9tiquettes \u00e0 messages bienveillants \u00e0 coller sur les stylos pour accompagner et encourager votre enfant \u00e0 l&#039;\u00e9cole.\" \/>\n<meta property=\"og:url\" content=\"https:\/\/www.a-qui-s.fr\/le-blog\/a-qui-s-et-vous\/messages-bienveillants-pour-nos-enfants\/\" \/>\n<meta property=\"og:site_name\" content=\"LE BLOG d&#039;A-qui-S\" \/>\n<meta property=\"article:publisher\" content=\"https:\/\/www.facebook.com\/AquiS\/\" \/>\n<meta property=\"article:published_time\" content=\"2018-09-20T07:57:27+00:00\" \/>\n<meta property=\"article:modified_time\" content=\"2025-08-21T11:27:20+00:00\" \/>\n<meta property=\"og:image\" content=\"https:\/\/www.a-qui-s.fr\/le-blog\/wp-content\/uploads\/2018\/09\/messages-bienveillant.jpg\" \/>\n\t<meta property=\"og:image:width\" content=\"400\" \/>\n\t<meta property=\"og:image:height\" content=\"400\" \/>\n\t<meta property=\"og:image:type\" content=\"image\/jpeg\" \/>\n<meta name=\"author\" content=\"Louise de A-qui-S\" \/>\n<meta name=\"twitter:card\" content=\"summary_large_image\" \/>\n<meta name=\"twitter:creator\" content=\"@aquis_fr\" \/>\n<meta name=\"twitter:site\" content=\"@aquis_fr\" \/>\n<meta name=\"twitter:label1\" content=\"Written by\" \/>\n\t<meta name=\"twitter:data1\" content=\"Louise de A-qui-S\" \/>\n\t<meta name=\"twitter:label2\" content=\"Est. reading time\" \/>\n\t<meta name=\"twitter:data2\" content=\"2 minutes\" \/>\n<script type=\"application\/ld+json\" class=\"yoast-schema-graph\">{\"@context\":\"https:\/\/schema.org\",\"@graph\":[{\"@type\":\"Article\",\"@id\":\"https:\/\/www.a-qui-s.fr\/le-blog\/a-qui-s-et-vous\/messages-bienveillants-pour-nos-enfants\/#article\",\"isPartOf\":{\"@id\":\"https:\/\/www.a-qui-s.fr\/le-blog\/a-qui-s-et-vous\/messages-bienveillants-pour-nos-enfants\/\"},\"author\":{\"name\":\"Louise de A-qui-S\",\"@id\":\"https:\/\/www.a-qui-s.fr\/le-blog\/#\/schema\/person\/d98098c165f4481653780d6fa061f531\"},\"headline\":\"Messages bienveillants pour nos enfants\",\"datePublished\":\"27+00:00\",\"dateModified\":\"20+00:00\",\"mainEntityOfPage\":{\"@id\":\"https:\/\/www.a-qui-s.fr\/le-blog\/a-qui-s-et-vous\/messages-bienveillants-pour-nos-enfants\/\"},\"wordCount\":405,\"commentCount\":0,\"publisher\":{\"@id\":\"https:\/\/www.a-qui-s.fr\/le-blog\/#organization\"},\"image\":{\"@id\":\"https:\/\/www.a-qui-s.fr\/le-blog\/a-qui-s-et-vous\/messages-bienveillants-pour-nos-enfants\/#primaryimage\"},\"thumbnailUrl\":\"https:\/\/www.a-qui-s.fr\/le-blog\/wp-content\/uploads\/2018\/09\/messages-bienveillant.jpg\",\"articleSection\":[\"A-qui-S &amp; Vous\"],\"inLanguage\":\"fr-FR\",\"potentialAction\":[{\"@type\":\"CommentAction\",\"name\":\"Comment\",\"target\":[\"https:\/\/www.a-qui-s.fr\/le-blog\/a-qui-s-et-vous\/messages-bienveillants-pour-nos-enfants\/#respond\"]}]},{\"@type\":\"WebPage\",\"@id\":\"https:\/\/www.a-qui-s.fr\/le-blog\/a-qui-s-et-vous\/messages-bienveillants-pour-nos-enfants\/\",\"url\":\"https:\/\/www.a-qui-s.fr\/le-blog\/a-qui-s-et-vous\/messages-bienveillants-pour-nos-enfants\/\",\"name\":\"Messages bienveillants pour nos enfants -\",\"isPartOf\":{\"@id\":\"https:\/\/www.a-qui-s.fr\/le-blog\/#website\"},\"primaryImageOfPage\":{\"@id\":\"https:\/\/www.a-qui-s.fr\/le-blog\/a-qui-s-et-vous\/messages-bienveillants-pour-nos-enfants\/#primaryimage\"},\"image\":{\"@id\":\"https:\/\/www.a-qui-s.fr\/le-blog\/a-qui-s-et-vous\/messages-bienveillants-pour-nos-enfants\/#primaryimage\"},\"thumbnailUrl\":\"https:\/\/www.a-qui-s.fr\/le-blog\/wp-content\/uploads\/2018\/09\/messages-bienveillant.jpg\",\"datePublished\":\"27+00:00\",\"dateModified\":\"20+00:00\",\"description\":\"A-QUI-S lance des \u00e9tiquettes \u00e0 messages bienveillants \u00e0 coller sur les stylos pour accompagner et encourager votre enfant \u00e0 l'\u00e9cole.\",\"breadcrumb\":{\"@id\":\"https:\/\/www.a-qui-s.fr\/le-blog\/a-qui-s-et-vous\/messages-bienveillants-pour-nos-enfants\/#breadcrumb\"},\"inLanguage\":\"fr-FR\",\"potentialAction\":[{\"@type\":\"ReadAction\",\"target\":[\"https:\/\/www.a-qui-s.fr\/le-blog\/a-qui-s-et-vous\/messages-bienveillants-pour-nos-enfants\/\"]}]},{\"@type\":\"ImageObject\",\"inLanguage\":\"fr-FR\",\"@id\":\"https:\/\/www.a-qui-s.fr\/le-blog\/a-qui-s-et-vous\/messages-bienveillants-pour-nos-enfants\/#primaryimage\",\"url\":\"https:\/\/www.a-qui-s.fr\/le-blog\/wp-content\/uploads\/2018\/09\/messages-bienveillant.jpg\",\"contentUrl\":\"https:\/\/www.a-qui-s.fr\/le-blog\/wp-content\/uploads\/2018\/09\/messages-bienveillant.jpg\",\"width\":400,\"height\":400,\"caption\":\"messages bienveillants\"},{\"@type\":\"BreadcrumbList\",\"@id\":\"https:\/\/www.a-qui-s.fr\/le-blog\/a-qui-s-et-vous\/messages-bienveillants-pour-nos-enfants\/#breadcrumb\",\"itemListElement\":[{\"@type\":\"ListItem\",\"position\":1,\"name\":\"Accueil\",\"item\":\"https:\/\/www.a-qui-s.fr\/le-blog\/\"},{\"@type\":\"ListItem\",\"position\":2,\"name\":\"A-qui-S &amp; Vous\",\"item\":\"https:\/\/www.a-qui-s.fr\/le-blog\/category\/a-qui-s-et-vous\/\"},{\"@type\":\"ListItem\",\"position\":3,\"name\":\"Messages bienveillants pour nos enfants\"}]},{\"@type\":\"WebSite\",\"@id\":\"https:\/\/www.a-qui-s.fr\/le-blog\/#website\",\"url\":\"https:\/\/www.a-qui-s.fr\/le-blog\/\",\"name\":\"LE BLOG d&#039;A-qui-S\",\"description\":\"La communaut\u00e9 des &quot;Pas-Perdus&quot;\",\"publisher\":{\"@id\":\"https:\/\/www.a-qui-s.fr\/le-blog\/#organization\"},\"potentialAction\":[{\"@type\":\"SearchAction\",\"target\":{\"@type\":\"EntryPoint\",\"urlTemplate\":\"https:\/\/www.a-qui-s.fr\/le-blog\/?s={search_term_string}\"},\"query-input\":{\"@type\":\"PropertyValueSpecification\",\"valueRequired\":true,\"valueName\":\"search_term_string\"}}],\"inLanguage\":\"fr-FR\"},{\"@type\":\"Organization\",\"@id\":\"https:\/\/www.a-qui-s.fr\/le-blog\/#organization\",\"name\":\"Etiquettes & compagnie\",\"url\":\"https:\/\/www.a-qui-s.fr\/le-blog\/\",\"logo\":{\"@type\":\"ImageObject\",\"inLanguage\":\"fr-FR\",\"@id\":\"https:\/\/www.a-qui-s.fr\/le-blog\/#\/schema\/logo\/image\/\",\"url\":\"https:\/\/www.a-qui-s.fr\/le-blog\/wp-content\/uploads\/2015\/05\/logo_a-qui-s.png\",\"contentUrl\":\"https:\/\/www.a-qui-s.fr\/le-blog\/wp-content\/uploads\/2015\/05\/logo_a-qui-s.png\",\"width\":132,\"height\":59,\"caption\":\"Etiquettes & compagnie\"},\"image\":{\"@id\":\"https:\/\/www.a-qui-s.fr\/le-blog\/#\/schema\/logo\/image\/\"},\"sameAs\":[\"https:\/\/www.facebook.com\/AquiS\/\",\"https:\/\/x.com\/aquis_fr\"]},{\"@type\":\"Person\",\"@id\":\"https:\/\/www.a-qui-s.fr\/le-blog\/#\/schema\/person\/d98098c165f4481653780d6fa061f531\",\"name\":\"Louise de A-qui-S\",\"image\":{\"@type\":\"ImageObject\",\"inLanguage\":\"fr-FR\",\"@id\":\"https:\/\/www.a-qui-s.fr\/le-blog\/#\/schema\/person\/image\/\",\"url\":\"https:\/\/secure.gravatar.com\/avatar\/7a713547ddd2e0fc4130ec55978934dc3f12ef2095fa1cba20e2f0efcd0728c4?s=96&d=mm&r=g\",\"contentUrl\":\"https:\/\/secure.gravatar.com\/avatar\/7a713547ddd2e0fc4130ec55978934dc3f12ef2095fa1cba20e2f0efcd0728c4?s=96&d=mm&r=g\",\"caption\":\"Louise de A-qui-S\"},\"url\":\"https:\/\/www.a-qui-s.fr\/le-blog\/author\/julia\/\"}]}<\/script>\n<!-- \/ Yoast SEO plugin. -->","yoast_head_json":{"title":"Messages bienveillants pour nos enfants -","description":"A-QUI-S lance des \u00e9tiquettes \u00e0 messages bienveillants \u00e0 coller sur les stylos pour accompagner et encourager votre enfant \u00e0 l'\u00e9cole.","robots":{"index":"index","follow":"follow","max-snippet":"max-snippet:-1","max-image-preview":"max-image-preview:large","max-video-preview":"max-video-preview:-1"},"canonical":"https:\/\/www.a-qui-s.fr\/le-blog\/a-qui-s-et-vous\/messages-bienveillants-pour-nos-enfants\/","og_locale":"fr_FR","og_type":"article","og_title":"Messages bienveillants pour nos enfants -","og_description":"A-QUI-S lance des \u00e9tiquettes \u00e0 messages bienveillants \u00e0 coller sur les stylos pour accompagner et encourager votre enfant \u00e0 l'\u00e9cole.","og_url":"https:\/\/www.a-qui-s.fr\/le-blog\/a-qui-s-et-vous\/messages-bienveillants-pour-nos-enfants\/","og_site_name":"LE BLOG d&#039;A-qui-S","article_publisher":"https:\/\/www.facebook.com\/AquiS\/","article_published_time":"2018-09-20T07:57:27+00:00","article_modified_time":"2025-08-21T11:27:20+00:00","og_image":[{"width":400,"height":400,"url":"https:\/\/www.a-qui-s.fr\/le-blog\/wp-content\/uploads\/2018\/09\/messages-bienveillant.jpg","type":"image\/jpeg"}],"author":"Louise de A-qui-S","twitter_card":"summary_large_image","twitter_creator":"@aquis_fr","twitter_site":"@aquis_fr","twitter_misc":{"Written by":"Louise de A-qui-S","Est. reading time":"2 minutes"},"schema":{"@context":"https:\/\/schema.org","@graph":[{"@type":"Article","@id":"https:\/\/www.a-qui-s.fr\/le-blog\/a-qui-s-et-vous\/messages-bienveillants-pour-nos-enfants\/#article","isPartOf":{"@id":"https:\/\/www.a-qui-s.fr\/le-blog\/a-qui-s-et-vous\/messages-bienveillants-pour-nos-enfants\/"},"author":{"name":"Louise de A-qui-S","@id":"https:\/\/www.a-qui-s.fr\/le-blog\/#\/schema\/person\/d98098c165f4481653780d6fa061f531"},"headline":"Messages bienveillants pour nos enfants","datePublished":"27+00:00","dateModified":"20+00:00","mainEntityOfPage":{"@id":"https:\/\/www.a-qui-s.fr\/le-blog\/a-qui-s-et-vous\/messages-bienveillants-pour-nos-enfants\/"},"wordCount":405,"commentCount":0,"publisher":{"@id":"https:\/\/www.a-qui-s.fr\/le-blog\/#organization"},"image":{"@id":"https:\/\/www.a-qui-s.fr\/le-blog\/a-qui-s-et-vous\/messages-bienveillants-pour-nos-enfants\/#primaryimage"},"thumbnailUrl":"https:\/\/www.a-qui-s.fr\/le-blog\/wp-content\/uploads\/2018\/09\/messages-bienveillant.jpg","articleSection":["A-qui-S &amp; Vous"],"inLanguage":"fr-FR","potentialAction":[{"@type":"CommentAction","name":"Comment","target":["https:\/\/www.a-qui-s.fr\/le-blog\/a-qui-s-et-vous\/messages-bienveillants-pour-nos-enfants\/#respond"]}]},{"@type":"WebPage","@id":"https:\/\/www.a-qui-s.fr\/le-blog\/a-qui-s-et-vous\/messages-bienveillants-pour-nos-enfants\/","url":"https:\/\/www.a-qui-s.fr\/le-blog\/a-qui-s-et-vous\/messages-bienveillants-pour-nos-enfants\/","name":"Messages bienveillants pour nos enfants -","isPartOf":{"@id":"https:\/\/www.a-qui-s.fr\/le-blog\/#website"},"primaryImageOfPage":{"@id":"https:\/\/www.a-qui-s.fr\/le-blog\/a-qui-s-et-vous\/messages-bienveillants-pour-nos-enfants\/#primaryimage"},"image":{"@id":"https:\/\/www.a-qui-s.fr\/le-blog\/a-qui-s-et-vous\/messages-bienveillants-pour-nos-enfants\/#primaryimage"},"thumbnailUrl":"https:\/\/www.a-qui-s.fr\/le-blog\/wp-content\/uploads\/2018\/09\/messages-bienveillant.jpg","datePublished":"27+00:00","dateModified":"20+00:00","description":"A-QUI-S lance des \u00e9tiquettes \u00e0 messages bienveillants \u00e0 coller sur les stylos pour accompagner et encourager votre enfant \u00e0 l'\u00e9cole.","breadcrumb":{"@id":"https:\/\/www.a-qui-s.fr\/le-blog\/a-qui-s-et-vous\/messages-bienveillants-pour-nos-enfants\/#breadcrumb"},"inLanguage":"fr-FR","potentialAction":[{"@type":"ReadAction","target":["https:\/\/www.a-qui-s.fr\/le-blog\/a-qui-s-et-vous\/messages-bienveillants-pour-nos-enfants\/"]}]},{"@type":"ImageObject","inLanguage":"fr-FR","@id":"https:\/\/www.a-qui-s.fr\/le-blog\/a-qui-s-et-vous\/messages-bienveillants-pour-nos-enfants\/#primaryimage","url":"https:\/\/www.a-qui-s.fr\/le-blog\/wp-content\/uploads\/2018\/09\/messages-bienveillant.jpg","contentUrl":"https:\/\/www.a-qui-s.fr\/le-blog\/wp-content\/uploads\/2018\/09\/messages-bienveillant.jpg","width":400,"height":400,"caption":"messages bienveillants"},{"@type":"BreadcrumbList","@id":"https:\/\/www.a-qui-s.fr\/le-blog\/a-qui-s-et-vous\/messages-bienveillants-pour-nos-enfants\/#breadcrumb","itemListElement":[{"@type":"ListItem","position":1,"name":"Accueil","item":"https:\/\/www.a-qui-s.fr\/le-blog\/"},{"@type":"ListItem","position":2,"name":"A-qui-S &amp; Vous","item":"https:\/\/www.a-qui-s.fr\/le-blog\/category\/a-qui-s-et-vous\/"},{"@type":"ListItem","position":3,"name":"Messages bienveillants pour nos enfants"}]},{"@type":"WebSite","@id":"https:\/\/www.a-qui-s.fr\/le-blog\/#website","url":"https:\/\/www.a-qui-s.fr\/le-blog\/","name":"LE BLOG d&#039;A-qui-S","description":"La communaut\u00e9 des &quot;Pas-Perdus&quot;","publisher":{"@id":"https:\/\/www.a-qui-s.fr\/le-blog\/#organization"},"potentialAction":[{"@type":"SearchAction","target":{"@type":"EntryPoint","urlTemplate":"https:\/\/www.a-qui-s.fr\/le-blog\/?s={search_term_string}"},"query-input":{"@type":"PropertyValueSpecification","valueRequired":true,"valueName":"search_term_string"}}],"inLanguage":"fr-FR"},{"@type":"Organization","@id":"https:\/\/www.a-qui-s.fr\/le-blog\/#organization","name":"Etiquettes & compagnie","url":"https:\/\/www.a-qui-s.fr\/le-blog\/","logo":{"@type":"ImageObject","inLanguage":"fr-FR","@id":"https:\/\/www.a-qui-s.fr\/le-blog\/#\/schema\/logo\/image\/","url":"https:\/\/www.a-qui-s.fr\/le-blog\/wp-content\/uploads\/2015\/05\/logo_a-qui-s.png","contentUrl":"https:\/\/www.a-qui-s.fr\/le-blog\/wp-content\/uploads\/2015\/05\/logo_a-qui-s.png","width":132,"height":59,"caption":"Etiquettes & compagnie"},"image":{"@id":"https:\/\/www.a-qui-s.fr\/le-blog\/#\/schema\/logo\/image\/"},"sameAs":["https:\/\/www.facebook.com\/AquiS\/","https:\/\/x.com\/aquis_fr"]},{"@type":"Person","@id":"https:\/\/www.a-qui-s.fr\/le-blog\/#\/schema\/person\/d98098c165f4481653780d6fa061f531","name":"Louise de A-qui-S","image":{"@type":"ImageObject","inLanguage":"fr-FR","@id":"https:\/\/www.a-qui-s.fr\/le-blog\/#\/schema\/person\/image\/","url":"https:\/\/secure.gravatar.com\/avatar\/7a713547ddd2e0fc4130ec55978934dc3f12ef2095fa1cba20e2f0efcd0728c4?s=96&d=mm&r=g","contentUrl":"https:\/\/secure.gravatar.com\/avatar\/7a713547ddd2e0fc4130ec55978934dc3f12ef2095fa1cba20e2f0efcd0728c4?s=96&d=mm&r=g","caption":"Louise de A-qui-S"},"url":"https:\/\/www.a-qui-s.fr\/le-blog\/author\/julia\/"}]}},"_links":{"self":[{"href":"https:\/\/www.a-qui-s.fr\/le-blog\/wp-json\/wp\/v2\/posts\/12657","targetHints":{"allow":["GET"]}}],"collection":[{"href":"https:\/\/www.a-qui-s.fr\/le-blog\/wp-json\/wp\/v2\/posts"}],"about":[{"href":"https:\/\/www.a-qui-s.fr\/le-blog\/wp-json\/wp\/v2\/types\/post"}],"author":[{"embeddable":true,"href":"https:\/\/www.a-qui-s.fr\/le-blog\/wp-json\/wp\/v2\/users\/2"}],"replies":[{"embeddable":true,"href":"https:\/\/www.a-qui-s.fr\/le-blog\/wp-json\/wp\/v2\/comments?post=12657"}],"version-history":[{"count":0,"href":"https:\/\/www.a-qui-s.fr\/le-blog\/wp-json\/wp\/v2\/posts\/12657\/revisions"}],"wp:featuredmedia":[{"embeddable":true,"href":"https:\/\/www.a-qui-s.fr\/le-blog\/wp-json\/wp\/v2\/media\/12680"}],"wp:attachment":[{"href":"https:\/\/www.a-qui-s.fr\/le-blog\/wp-json\/wp\/v2\/media?parent=12657"}],"wp:term":[{"taxonomy":"category","embeddable":true,"href":"https:\/\/www.a-qui-s.fr\/le-blog\/wp-json\/wp\/v2\/categories?post=12657"},{"taxonomy":"post_tag","embeddable":true,"href":"https:\/\/www.a-qui-s.fr\/le-blog\/wp-json\/wp\/v2\/tags?post=12657"}],"curies":[{"name":"wp","href":"https:\/\/api.w.org\/{rel}","templated":true}]}}