{"id":12493,"date":"2018-10-30T10:22:53","date_gmt":"2018-10-30T09:22:53","guid":{"rendered":"https:\/\/www.a-qui-s.fr\/le-blog\/?p=12493"},"modified":"2025-08-21T12:27:07","modified_gmt":"2025-08-21T11:27:07","slug":"allergie-alimentaire-a-lecole-sorganiser-en-tant-que-parent","status":"publish","type":"post","link":"https:\/\/www.a-qui-s.fr\/le-blog\/trucs-et-astuces\/allergie-alimentaire-a-lecole-sorganiser-en-tant-que-parent\/","title":{"rendered":"Allergie alimentaire \u00e0 l&rsquo;\u00e9cole : s&rsquo;organiser en tant que parent"},"content":{"rendered":"<p>Allergie alimentaire \u00e0 l&rsquo;\u00e9cole, comment s&rsquo;organiser ? Tout d&rsquo;abord, rassurez-vous !<\/p>\n<p>Votre enfant n&rsquo;est pas le seul \u00e0 souffrir d&rsquo;une <strong>allergie alimentaire.<\/strong>&nbsp;En effet en France 6,2 % des enfants scolaris\u00e9s souffrent d&rsquo;une allergie alimentaire. Les types d&rsquo;allergies alimentaires chez les enfants les plus courantes, sont en premier lieu : l&rsquo;oeuf dans 34 % des cas, puis viens <strong>l&rsquo;allergie \u00e0 l&rsquo;arachide<\/strong> avec 25% des cas,&nbsp; le lait dans 8 % des cas et enfin le poisson dans 5 % des cas (Source : <a href=\"https:\/\/www.anses.fr\/fr\">AFSSA<\/a> Agence fran\u00e7aise de s\u00e9curit\u00e9 sanitaires des aliments).<\/p>\n<h2><span style=\"font-family: 'Helvetica';\">Signaler une allergie alimentaire \u00e0 l&rsquo;\u00e9cole<\/span><\/h2>\n<h3><span style=\"font-family: 'Helvetica';\">Le PAI&nbsp;( projet d&rsquo;accueil individualis\u00e9)<\/span><\/h3>\n<p>Le personnel pr\u00e9sent dans les \u00e9coles sont sensibles aux probl\u00e9matiques des allergies alimentaires chez l&rsquo;enfant. Le <strong>PAI<\/strong> ( projet d&rsquo;accueil individualis\u00e9) existe \u00e0 cet effet.<\/p>\n<p>Le PAI permet notamment d&rsquo;\u00e9viter les exclusions sociales \u00e0 l&rsquo;\u00e9cole pour les enfants allergiques. L&rsquo;\u00e9quipe \u00e9ducative, les parents et une personne du corps m\u00e9dicale se concertent afin de d\u00e9terminer pr\u00e9cis\u00e9ment le processus \u00e0 respecter en cas de manifestations allergiques chez l&rsquo;enfant, mais aussi les modifications sp\u00e9cifiques \u00e0 pr\u00e9voir selon les <strong>menus de la cantine<\/strong>.<\/p>\n<p>Le PAI pr\u00e9voit \u00e9galement, l&rsquo;autorisation d&rsquo;apporter son repas pour les <strong>enfants allergiques<\/strong>. Pour mettre en place un PAI , rapprochez vous de l&rsquo;\u00e9quipe enseignante ou de la direction de l&rsquo;\u00e9tablissement qui vous accompagnera dans ces d\u00e9marches.<\/p>\n<h2><span style=\"font-family: 'Helvetica';\">Signaler de fa\u00e7on visible son allergie alimentaire<\/span><\/h2>\n<figure id=\"attachment_12496\" aria-describedby=\"caption-attachment-12496\" style=\"width: 359px\" class=\"wp-caption aligncenter\"><a href=\"https:\/\/www.a-qui-s.fr\/boutique\/le-pack-allergie\/PK8\"><img fetchpriority=\"high\" decoding=\"async\" class=\"wp-image-12496\" title=\"allergie alimentaire \u00e0 l'\u00e9cole \" src=\"https:\/\/www.a-qui-s.fr\/le-blog\/wp-content\/uploads\/2018\/07\/allergie-alimentaire-enfant.jpg\" alt=\"allergie alimentaire \u00e0 l'\u00e9cole \" width=\"359\" height=\"364\"><\/a><figcaption id=\"caption-attachment-12496\" class=\"wp-caption-text\"><a href=\"https:\/\/www.a-qui-s.fr\/boutique\/le-pack-allergie\/PK8\"><strong>\u00c9tiquette allergie sur Tupperware<\/strong><\/a><\/figcaption><\/figure>\n<p>Malgr\u00e9 la vigilance de l&rsquo;\u00e9quipe \u00e9ducative, et parce qu&rsquo;elle est parfois amen\u00e9e \u00e0 accueillir de nouvelles personnes, il est important de rendre visible l&rsquo;allergie de votre enfant.<\/p>\n<p>Pour cela il faut bien \u00e9videmment \u00e9crire dans le carnet de liaison, l&rsquo;allergie en question. Pensez aussi \u00e0 \u00e9crire, le processus \u00e0 respecter en cas de manifestation allergique.<\/p>\n<p>Pour le signaler, vous pouvez opter pour <a href=\"https:\/\/www.a-qui-s.fr\/boutique\/le-pack-allergie\/PK8\">des \u00e9tiquettes et autocollants sp\u00e9ciales allergies<\/a>.&nbsp; Ainsi vous pouvez inscrire le nom et pr\u00e9nom de votre enfant et choisir le pictogramme repr\u00e9sentant son allergie alimentaire.<\/p>\n<p>Ces \u00e9tiquettes sont tr\u00e8s pratiques car elles peuvent \u00eatre coll\u00e9es sur tout les supports. Comme sur les Tupperwares, le cahier de liaison, la bo\u00eete go\u00fbter, la bo\u00eete de m\u00e9dicament. Elles sont r\u00e9sistantes aux lavages en lave-vaisselle mais aussi au micro-ondes.<\/p>\n<p>Les <a href=\"https:\/\/www.a-qui-s.fr\/boutique\/le-pack-allergie\/PK8\">\u00e9tiquettes thermocollantes allergies<\/a>&nbsp; peuvent aussi \u00eatre aussi tr\u00e8s utiles pour marquer la serviette de table et \u00e9viter les \u00e9changes, mais aussi pour marquer les v\u00eatements de l&rsquo;enfant.<\/p>\n<figure id=\"attachment_12505\" aria-describedby=\"caption-attachment-12505\" style=\"width: 357px\" class=\"wp-caption aligncenter\"><a href=\"https:\/\/www.a-qui-s.fr\/boutique\/le-pack-allergie\/PK8\"><img decoding=\"async\" class=\"wp-image-12505\" title=\"allergie alimentaire \u00e0 l'\u00e9cole\" src=\"https:\/\/www.a-qui-s.fr\/le-blog\/wp-content\/uploads\/2018\/07\/picto-allergie.jpg\" alt=\" allergie alimentaire \u00e0 l'\u00e9cole\" width=\"357\" height=\"359\"><\/a><figcaption id=\"caption-attachment-12505\" class=\"wp-caption-text\"><a href=\"https:\/\/www.a-qui-s.fr\/boutique\/le-pack-allergie\/PK8\"><strong>Picto allergie aux choix pour personnaliser les \u00e9tiquettes<\/strong><\/a><\/figcaption><\/figure>\n<h2 style=\"text-align: left;\"><span style=\"font-family: 'Helvetica';\">Pr\u00e9voir son traitement en cas de crises d&rsquo;allergie alimentaire \u00e0 l&rsquo;\u00e9cole<\/span><\/h2>\n<p><span style=\"font-family: 'Helvetica';\"><a href=\"https:\/\/www.a-qui-s.fr\/boutique\/les-a-qui-pockets\/SPS\"><img decoding=\"async\" class=\"aligncenter wp-image-12501\" title=\"allergie alimentaire \u00e0 l'\u00e9cole\" src=\"https:\/\/www.a-qui-s.fr\/le-blog\/wp-content\/uploads\/2018\/07\/sac-medicament-allergie.jpg\" alt=\"allergie alimentaire \u00e0 l'\u00e9cole\" width=\"291\" height=\"275\"><\/a><\/span><\/p>\n<p>Si malgr\u00e9 toute l&rsquo;attention port\u00e9e par les enseignants et ATSEM, votre enfant montre des signes<strong>&nbsp;d&rsquo;allergie \u00e0 l&rsquo;\u00e9cole<\/strong>, il est important que son traitement soit facilement identifiable, pour cela nous vous conseillons de rassembler dans un m\u00eame petit sac les ordonnances, les m\u00e9dicament et leurs posologies ainsi que les instructions relatives \u00e0 la prise du traitement.<\/p>\n<p>Pensez aussi \u00e0 rajouter dans ce sac les coordonn\u00e9es des personnes \u00e0 contacter en cas d&rsquo;urgence.<\/p>\n<p>Ce sac doit \u00eatre facilement identifiable pour ne pas perdre de temps, <a href=\"https:\/\/www.a-qui-s.fr\/boutique\/les-a-qui-pockets\/SPS\">l&rsquo;A-qui-Pocket<\/a> est id\u00e9al car en plus d&rsquo;\u00eatre l\u00e9ger, il est enti\u00e8rement personnalisable.<\/p>\n<p>Vous pouvez donc indiquer l&rsquo;allergie de votre enfant, son nom et son pr\u00e9nom.<\/p>\n<p>Ce sac est souvent conserv\u00e9 par l&rsquo;<a href=\"https:\/\/www.a-qui-s.fr\/pack-etiquettes-ecole\">\u00e9cole<\/a>. Il faudra donc pr\u00e9voir en double le traitement de l&rsquo;enfant, un pour le domicile et un pour l&rsquo;\u00e9cole.<\/p>\n<h1 style=\"text-align: left;\">&nbsp;<\/h1>\n<p>&nbsp;<\/p>\n","protected":false},"excerpt":{"rendered":"<p>Allergie alimentaire \u00e0 l&rsquo;\u00e9cole, comment s&rsquo;organiser ? Tout d&rsquo;abord, rassurez-vous ! Votre enfant n&rsquo;est pas le seul \u00e0 souffrir d&rsquo;une allergie alimentaire.&nbsp;En effet en France 6,2 % des enfants scolaris\u00e9s souffrent d&rsquo;une allergie alimentaire. Les types d&rsquo;allergies alimentaires chez les enfants les plus courantes, sont en premier lieu : l&rsquo;oeuf dans 34 % des cas, [&hellip;]<\/p>\n","protected":false},"author":6,"featured_media":12544,"comment_status":"open","ping_status":"open","sticky":false,"template":"","format":"standard","meta":{"_acf_changed":false,"fifu_image_url":"","fifu_image_alt":"","footnotes":""},"categories":[55],"tags":[],"class_list":["post-12493","post","type-post","status-publish","format-standard","has-post-thumbnail","hentry","category-trucs-et-astuces"],"acf":[],"yoast_head":"<!-- This site is optimized with the Yoast SEO plugin v27.0 - https:\/\/yoast.com\/product\/yoast-seo-wordpress\/ -->\n<title>Allergie alimentaire \u00e0 l&#039;\u00e9cole : s&#039;organiser en tant que parent -<\/title>\n<meta name=\"description\" content=\"G\u00e9rer une allergie alimentaire \u00e0 l&#039;\u00e9cole en tant que parents. Mise en place d&#039;un PAI, menus sp\u00e9ciaux...Nos conseils et astuces !\" \/>\n<meta name=\"robots\" content=\"index, follow, max-snippet:-1, max-image-preview:large, max-video-preview:-1\" \/>\n<link rel=\"canonical\" href=\"https:\/\/www.a-qui-s.fr\/le-blog\/trucs-et-astuces\/allergie-alimentaire-a-lecole-sorganiser-en-tant-que-parent\/\" \/>\n<meta property=\"og:locale\" content=\"fr_FR\" \/>\n<meta property=\"og:type\" content=\"article\" \/>\n<meta property=\"og:title\" content=\"Allergie alimentaire \u00e0 l&#039;\u00e9cole : s&#039;organiser en tant que parent -\" \/>\n<meta property=\"og:description\" content=\"G\u00e9rer une allergie alimentaire \u00e0 l&#039;\u00e9cole en tant que parents. Mise en place d&#039;un PAI, menus sp\u00e9ciaux...Nos conseils et astuces !\" \/>\n<meta property=\"og:url\" content=\"https:\/\/www.a-qui-s.fr\/le-blog\/trucs-et-astuces\/allergie-alimentaire-a-lecole-sorganiser-en-tant-que-parent\/\" \/>\n<meta property=\"og:site_name\" content=\"LE BLOG d&#039;A-qui-S\" \/>\n<meta property=\"article:publisher\" content=\"https:\/\/www.facebook.com\/AquiS\/\" \/>\n<meta property=\"article:published_time\" content=\"2018-10-30T09:22:53+00:00\" \/>\n<meta property=\"article:modified_time\" content=\"2025-08-21T11:27:07+00:00\" \/>\n<meta property=\"og:image\" content=\"https:\/\/www.a-qui-s.fr\/le-blog\/wp-content\/uploads\/2018\/07\/allergie.jpg\" \/>\n\t<meta property=\"og:image:width\" content=\"500\" \/>\n\t<meta property=\"og:image:height\" content=\"500\" \/>\n\t<meta property=\"og:image:type\" content=\"image\/jpeg\" \/>\n<meta name=\"author\" content=\"Isabelle D&#039; A-QUI-S\" \/>\n<meta name=\"twitter:card\" content=\"summary_large_image\" \/>\n<meta name=\"twitter:creator\" content=\"@aquis_fr\" \/>\n<meta name=\"twitter:site\" content=\"@aquis_fr\" \/>\n<meta name=\"twitter:label1\" content=\"Written by\" \/>\n\t<meta name=\"twitter:data1\" content=\"Isabelle D&#039; A-QUI-S\" \/>\n\t<meta name=\"twitter:label2\" content=\"Est. reading time\" \/>\n\t<meta name=\"twitter:data2\" content=\"3 minutes\" \/>\n<script type=\"application\/ld+json\" class=\"yoast-schema-graph\">{\"@context\":\"https:\/\/schema.org\",\"@graph\":[{\"@type\":\"Article\",\"@id\":\"https:\/\/www.a-qui-s.fr\/le-blog\/trucs-et-astuces\/allergie-alimentaire-a-lecole-sorganiser-en-tant-que-parent\/#article\",\"isPartOf\":{\"@id\":\"https:\/\/www.a-qui-s.fr\/le-blog\/trucs-et-astuces\/allergie-alimentaire-a-lecole-sorganiser-en-tant-que-parent\/\"},\"author\":{\"name\":\"Isabelle D' A-QUI-S\",\"@id\":\"https:\/\/www.a-qui-s.fr\/le-blog\/#\/schema\/person\/6137cde8b4274f12814983bcb5dbbf80\"},\"headline\":\"Allergie alimentaire \u00e0 l&rsquo;\u00e9cole : s&rsquo;organiser en tant que parent\",\"datePublished\":\"53+00:00\",\"dateModified\":\"07+00:00\",\"mainEntityOfPage\":{\"@id\":\"https:\/\/www.a-qui-s.fr\/le-blog\/trucs-et-astuces\/allergie-alimentaire-a-lecole-sorganiser-en-tant-que-parent\/\"},\"wordCount\":613,\"commentCount\":0,\"publisher\":{\"@id\":\"https:\/\/www.a-qui-s.fr\/le-blog\/#organization\"},\"image\":{\"@id\":\"https:\/\/www.a-qui-s.fr\/le-blog\/trucs-et-astuces\/allergie-alimentaire-a-lecole-sorganiser-en-tant-que-parent\/#primaryimage\"},\"thumbnailUrl\":\"https:\/\/www.a-qui-s.fr\/le-blog\/wp-content\/uploads\/2018\/07\/allergie.jpg\",\"articleSection\":[\"Trucs et Astuces\"],\"inLanguage\":\"fr-FR\",\"potentialAction\":[{\"@type\":\"CommentAction\",\"name\":\"Comment\",\"target\":[\"https:\/\/www.a-qui-s.fr\/le-blog\/trucs-et-astuces\/allergie-alimentaire-a-lecole-sorganiser-en-tant-que-parent\/#respond\"]}]},{\"@type\":\"WebPage\",\"@id\":\"https:\/\/www.a-qui-s.fr\/le-blog\/trucs-et-astuces\/allergie-alimentaire-a-lecole-sorganiser-en-tant-que-parent\/\",\"url\":\"https:\/\/www.a-qui-s.fr\/le-blog\/trucs-et-astuces\/allergie-alimentaire-a-lecole-sorganiser-en-tant-que-parent\/\",\"name\":\"Allergie alimentaire \u00e0 l'\u00e9cole : s'organiser en tant que parent -\",\"isPartOf\":{\"@id\":\"https:\/\/www.a-qui-s.fr\/le-blog\/#website\"},\"primaryImageOfPage\":{\"@id\":\"https:\/\/www.a-qui-s.fr\/le-blog\/trucs-et-astuces\/allergie-alimentaire-a-lecole-sorganiser-en-tant-que-parent\/#primaryimage\"},\"image\":{\"@id\":\"https:\/\/www.a-qui-s.fr\/le-blog\/trucs-et-astuces\/allergie-alimentaire-a-lecole-sorganiser-en-tant-que-parent\/#primaryimage\"},\"thumbnailUrl\":\"https:\/\/www.a-qui-s.fr\/le-blog\/wp-content\/uploads\/2018\/07\/allergie.jpg\",\"datePublished\":\"53+00:00\",\"dateModified\":\"07+00:00\",\"description\":\"G\u00e9rer une allergie alimentaire \u00e0 l'\u00e9cole en tant que parents. Mise en place d'un PAI, menus sp\u00e9ciaux...Nos conseils et astuces !\",\"breadcrumb\":{\"@id\":\"https:\/\/www.a-qui-s.fr\/le-blog\/trucs-et-astuces\/allergie-alimentaire-a-lecole-sorganiser-en-tant-que-parent\/#breadcrumb\"},\"inLanguage\":\"fr-FR\",\"potentialAction\":[{\"@type\":\"ReadAction\",\"target\":[\"https:\/\/www.a-qui-s.fr\/le-blog\/trucs-et-astuces\/allergie-alimentaire-a-lecole-sorganiser-en-tant-que-parent\/\"]}]},{\"@type\":\"ImageObject\",\"inLanguage\":\"fr-FR\",\"@id\":\"https:\/\/www.a-qui-s.fr\/le-blog\/trucs-et-astuces\/allergie-alimentaire-a-lecole-sorganiser-en-tant-que-parent\/#primaryimage\",\"url\":\"https:\/\/www.a-qui-s.fr\/le-blog\/wp-content\/uploads\/2018\/07\/allergie.jpg\",\"contentUrl\":\"https:\/\/www.a-qui-s.fr\/le-blog\/wp-content\/uploads\/2018\/07\/allergie.jpg\",\"width\":500,\"height\":500},{\"@type\":\"BreadcrumbList\",\"@id\":\"https:\/\/www.a-qui-s.fr\/le-blog\/trucs-et-astuces\/allergie-alimentaire-a-lecole-sorganiser-en-tant-que-parent\/#breadcrumb\",\"itemListElement\":[{\"@type\":\"ListItem\",\"position\":1,\"name\":\"Accueil\",\"item\":\"https:\/\/www.a-qui-s.fr\/le-blog\/\"},{\"@type\":\"ListItem\",\"position\":2,\"name\":\"Trucs et Astuces\",\"item\":\"https:\/\/www.a-qui-s.fr\/le-blog\/category\/trucs-et-astuces\/\"},{\"@type\":\"ListItem\",\"position\":3,\"name\":\"Allergie alimentaire \u00e0 l&rsquo;\u00e9cole : s&rsquo;organiser en tant que parent\"}]},{\"@type\":\"WebSite\",\"@id\":\"https:\/\/www.a-qui-s.fr\/le-blog\/#website\",\"url\":\"https:\/\/www.a-qui-s.fr\/le-blog\/\",\"name\":\"LE BLOG d&#039;A-qui-S\",\"description\":\"La communaut\u00e9 des &quot;Pas-Perdus&quot;\",\"publisher\":{\"@id\":\"https:\/\/www.a-qui-s.fr\/le-blog\/#organization\"},\"potentialAction\":[{\"@type\":\"SearchAction\",\"target\":{\"@type\":\"EntryPoint\",\"urlTemplate\":\"https:\/\/www.a-qui-s.fr\/le-blog\/?s={search_term_string}\"},\"query-input\":{\"@type\":\"PropertyValueSpecification\",\"valueRequired\":true,\"valueName\":\"search_term_string\"}}],\"inLanguage\":\"fr-FR\"},{\"@type\":\"Organization\",\"@id\":\"https:\/\/www.a-qui-s.fr\/le-blog\/#organization\",\"name\":\"Etiquettes & compagnie\",\"url\":\"https:\/\/www.a-qui-s.fr\/le-blog\/\",\"logo\":{\"@type\":\"ImageObject\",\"inLanguage\":\"fr-FR\",\"@id\":\"https:\/\/www.a-qui-s.fr\/le-blog\/#\/schema\/logo\/image\/\",\"url\":\"https:\/\/www.a-qui-s.fr\/le-blog\/wp-content\/uploads\/2015\/05\/logo_a-qui-s.png\",\"contentUrl\":\"https:\/\/www.a-qui-s.fr\/le-blog\/wp-content\/uploads\/2015\/05\/logo_a-qui-s.png\",\"width\":132,\"height\":59,\"caption\":\"Etiquettes & compagnie\"},\"image\":{\"@id\":\"https:\/\/www.a-qui-s.fr\/le-blog\/#\/schema\/logo\/image\/\"},\"sameAs\":[\"https:\/\/www.facebook.com\/AquiS\/\",\"https:\/\/x.com\/aquis_fr\"]},{\"@type\":\"Person\",\"@id\":\"https:\/\/www.a-qui-s.fr\/le-blog\/#\/schema\/person\/6137cde8b4274f12814983bcb5dbbf80\",\"name\":\"Isabelle D' A-QUI-S\",\"image\":{\"@type\":\"ImageObject\",\"inLanguage\":\"fr-FR\",\"@id\":\"https:\/\/www.a-qui-s.fr\/le-blog\/#\/schema\/person\/image\/\",\"url\":\"https:\/\/secure.gravatar.com\/avatar\/15b54286c256bb83f3738b56573f4662227f32ef2de42e88b04b94ca206a4433?s=96&d=mm&r=g\",\"contentUrl\":\"https:\/\/secure.gravatar.com\/avatar\/15b54286c256bb83f3738b56573f4662227f32ef2de42e88b04b94ca206a4433?s=96&d=mm&r=g\",\"caption\":\"Isabelle D' A-QUI-S\"},\"url\":\"https:\/\/www.a-qui-s.fr\/le-blog\/author\/isabelle\/\"}]}<\/script>\n<!-- \/ Yoast SEO plugin. -->","yoast_head_json":{"title":"Allergie alimentaire \u00e0 l'\u00e9cole : s'organiser en tant que parent -","description":"G\u00e9rer une allergie alimentaire \u00e0 l'\u00e9cole en tant que parents. Mise en place d'un PAI, menus sp\u00e9ciaux...Nos conseils et astuces !","robots":{"index":"index","follow":"follow","max-snippet":"max-snippet:-1","max-image-preview":"max-image-preview:large","max-video-preview":"max-video-preview:-1"},"canonical":"https:\/\/www.a-qui-s.fr\/le-blog\/trucs-et-astuces\/allergie-alimentaire-a-lecole-sorganiser-en-tant-que-parent\/","og_locale":"fr_FR","og_type":"article","og_title":"Allergie alimentaire \u00e0 l'\u00e9cole : s'organiser en tant que parent -","og_description":"G\u00e9rer une allergie alimentaire \u00e0 l'\u00e9cole en tant que parents. Mise en place d'un PAI, menus sp\u00e9ciaux...Nos conseils et astuces !","og_url":"https:\/\/www.a-qui-s.fr\/le-blog\/trucs-et-astuces\/allergie-alimentaire-a-lecole-sorganiser-en-tant-que-parent\/","og_site_name":"LE BLOG d&#039;A-qui-S","article_publisher":"https:\/\/www.facebook.com\/AquiS\/","article_published_time":"2018-10-30T09:22:53+00:00","article_modified_time":"2025-08-21T11:27:07+00:00","og_image":[{"width":500,"height":500,"url":"https:\/\/www.a-qui-s.fr\/le-blog\/wp-content\/uploads\/2018\/07\/allergie.jpg","type":"image\/jpeg"}],"author":"Isabelle D' A-QUI-S","twitter_card":"summary_large_image","twitter_creator":"@aquis_fr","twitter_site":"@aquis_fr","twitter_misc":{"Written by":"Isabelle D' A-QUI-S","Est. reading time":"3 minutes"},"schema":{"@context":"https:\/\/schema.org","@graph":[{"@type":"Article","@id":"https:\/\/www.a-qui-s.fr\/le-blog\/trucs-et-astuces\/allergie-alimentaire-a-lecole-sorganiser-en-tant-que-parent\/#article","isPartOf":{"@id":"https:\/\/www.a-qui-s.fr\/le-blog\/trucs-et-astuces\/allergie-alimentaire-a-lecole-sorganiser-en-tant-que-parent\/"},"author":{"name":"Isabelle D' A-QUI-S","@id":"https:\/\/www.a-qui-s.fr\/le-blog\/#\/schema\/person\/6137cde8b4274f12814983bcb5dbbf80"},"headline":"Allergie alimentaire \u00e0 l&rsquo;\u00e9cole : s&rsquo;organiser en tant que parent","datePublished":"53+00:00","dateModified":"07+00:00","mainEntityOfPage":{"@id":"https:\/\/www.a-qui-s.fr\/le-blog\/trucs-et-astuces\/allergie-alimentaire-a-lecole-sorganiser-en-tant-que-parent\/"},"wordCount":613,"commentCount":0,"publisher":{"@id":"https:\/\/www.a-qui-s.fr\/le-blog\/#organization"},"image":{"@id":"https:\/\/www.a-qui-s.fr\/le-blog\/trucs-et-astuces\/allergie-alimentaire-a-lecole-sorganiser-en-tant-que-parent\/#primaryimage"},"thumbnailUrl":"https:\/\/www.a-qui-s.fr\/le-blog\/wp-content\/uploads\/2018\/07\/allergie.jpg","articleSection":["Trucs et Astuces"],"inLanguage":"fr-FR","potentialAction":[{"@type":"CommentAction","name":"Comment","target":["https:\/\/www.a-qui-s.fr\/le-blog\/trucs-et-astuces\/allergie-alimentaire-a-lecole-sorganiser-en-tant-que-parent\/#respond"]}]},{"@type":"WebPage","@id":"https:\/\/www.a-qui-s.fr\/le-blog\/trucs-et-astuces\/allergie-alimentaire-a-lecole-sorganiser-en-tant-que-parent\/","url":"https:\/\/www.a-qui-s.fr\/le-blog\/trucs-et-astuces\/allergie-alimentaire-a-lecole-sorganiser-en-tant-que-parent\/","name":"Allergie alimentaire \u00e0 l'\u00e9cole : s'organiser en tant que parent -","isPartOf":{"@id":"https:\/\/www.a-qui-s.fr\/le-blog\/#website"},"primaryImageOfPage":{"@id":"https:\/\/www.a-qui-s.fr\/le-blog\/trucs-et-astuces\/allergie-alimentaire-a-lecole-sorganiser-en-tant-que-parent\/#primaryimage"},"image":{"@id":"https:\/\/www.a-qui-s.fr\/le-blog\/trucs-et-astuces\/allergie-alimentaire-a-lecole-sorganiser-en-tant-que-parent\/#primaryimage"},"thumbnailUrl":"https:\/\/www.a-qui-s.fr\/le-blog\/wp-content\/uploads\/2018\/07\/allergie.jpg","datePublished":"53+00:00","dateModified":"07+00:00","description":"G\u00e9rer une allergie alimentaire \u00e0 l'\u00e9cole en tant que parents. Mise en place d'un PAI, menus sp\u00e9ciaux...Nos conseils et astuces !","breadcrumb":{"@id":"https:\/\/www.a-qui-s.fr\/le-blog\/trucs-et-astuces\/allergie-alimentaire-a-lecole-sorganiser-en-tant-que-parent\/#breadcrumb"},"inLanguage":"fr-FR","potentialAction":[{"@type":"ReadAction","target":["https:\/\/www.a-qui-s.fr\/le-blog\/trucs-et-astuces\/allergie-alimentaire-a-lecole-sorganiser-en-tant-que-parent\/"]}]},{"@type":"ImageObject","inLanguage":"fr-FR","@id":"https:\/\/www.a-qui-s.fr\/le-blog\/trucs-et-astuces\/allergie-alimentaire-a-lecole-sorganiser-en-tant-que-parent\/#primaryimage","url":"https:\/\/www.a-qui-s.fr\/le-blog\/wp-content\/uploads\/2018\/07\/allergie.jpg","contentUrl":"https:\/\/www.a-qui-s.fr\/le-blog\/wp-content\/uploads\/2018\/07\/allergie.jpg","width":500,"height":500},{"@type":"BreadcrumbList","@id":"https:\/\/www.a-qui-s.fr\/le-blog\/trucs-et-astuces\/allergie-alimentaire-a-lecole-sorganiser-en-tant-que-parent\/#breadcrumb","itemListElement":[{"@type":"ListItem","position":1,"name":"Accueil","item":"https:\/\/www.a-qui-s.fr\/le-blog\/"},{"@type":"ListItem","position":2,"name":"Trucs et Astuces","item":"https:\/\/www.a-qui-s.fr\/le-blog\/category\/trucs-et-astuces\/"},{"@type":"ListItem","position":3,"name":"Allergie alimentaire \u00e0 l&rsquo;\u00e9cole : s&rsquo;organiser en tant que parent"}]},{"@type":"WebSite","@id":"https:\/\/www.a-qui-s.fr\/le-blog\/#website","url":"https:\/\/www.a-qui-s.fr\/le-blog\/","name":"LE BLOG d&#039;A-qui-S","description":"La communaut\u00e9 des &quot;Pas-Perdus&quot;","publisher":{"@id":"https:\/\/www.a-qui-s.fr\/le-blog\/#organization"},"potentialAction":[{"@type":"SearchAction","target":{"@type":"EntryPoint","urlTemplate":"https:\/\/www.a-qui-s.fr\/le-blog\/?s={search_term_string}"},"query-input":{"@type":"PropertyValueSpecification","valueRequired":true,"valueName":"search_term_string"}}],"inLanguage":"fr-FR"},{"@type":"Organization","@id":"https:\/\/www.a-qui-s.fr\/le-blog\/#organization","name":"Etiquettes & compagnie","url":"https:\/\/www.a-qui-s.fr\/le-blog\/","logo":{"@type":"ImageObject","inLanguage":"fr-FR","@id":"https:\/\/www.a-qui-s.fr\/le-blog\/#\/schema\/logo\/image\/","url":"https:\/\/www.a-qui-s.fr\/le-blog\/wp-content\/uploads\/2015\/05\/logo_a-qui-s.png","contentUrl":"https:\/\/www.a-qui-s.fr\/le-blog\/wp-content\/uploads\/2015\/05\/logo_a-qui-s.png","width":132,"height":59,"caption":"Etiquettes & compagnie"},"image":{"@id":"https:\/\/www.a-qui-s.fr\/le-blog\/#\/schema\/logo\/image\/"},"sameAs":["https:\/\/www.facebook.com\/AquiS\/","https:\/\/x.com\/aquis_fr"]},{"@type":"Person","@id":"https:\/\/www.a-qui-s.fr\/le-blog\/#\/schema\/person\/6137cde8b4274f12814983bcb5dbbf80","name":"Isabelle D' A-QUI-S","image":{"@type":"ImageObject","inLanguage":"fr-FR","@id":"https:\/\/www.a-qui-s.fr\/le-blog\/#\/schema\/person\/image\/","url":"https:\/\/secure.gravatar.com\/avatar\/15b54286c256bb83f3738b56573f4662227f32ef2de42e88b04b94ca206a4433?s=96&d=mm&r=g","contentUrl":"https:\/\/secure.gravatar.com\/avatar\/15b54286c256bb83f3738b56573f4662227f32ef2de42e88b04b94ca206a4433?s=96&d=mm&r=g","caption":"Isabelle D' A-QUI-S"},"url":"https:\/\/www.a-qui-s.fr\/le-blog\/author\/isabelle\/"}]}},"_links":{"self":[{"href":"https:\/\/www.a-qui-s.fr\/le-blog\/wp-json\/wp\/v2\/posts\/12493","targetHints":{"allow":["GET"]}}],"collection":[{"href":"https:\/\/www.a-qui-s.fr\/le-blog\/wp-json\/wp\/v2\/posts"}],"about":[{"href":"https:\/\/www.a-qui-s.fr\/le-blog\/wp-json\/wp\/v2\/types\/post"}],"author":[{"embeddable":true,"href":"https:\/\/www.a-qui-s.fr\/le-blog\/wp-json\/wp\/v2\/users\/6"}],"replies":[{"embeddable":true,"href":"https:\/\/www.a-qui-s.fr\/le-blog\/wp-json\/wp\/v2\/comments?post=12493"}],"version-history":[{"count":0,"href":"https:\/\/www.a-qui-s.fr\/le-blog\/wp-json\/wp\/v2\/posts\/12493\/revisions"}],"wp:featuredmedia":[{"embeddable":true,"href":"https:\/\/www.a-qui-s.fr\/le-blog\/wp-json\/wp\/v2\/media\/12544"}],"wp:attachment":[{"href":"https:\/\/www.a-qui-s.fr\/le-blog\/wp-json\/wp\/v2\/media?parent=12493"}],"wp:term":[{"taxonomy":"category","embeddable":true,"href":"https:\/\/www.a-qui-s.fr\/le-blog\/wp-json\/wp\/v2\/categories?post=12493"},{"taxonomy":"post_tag","embeddable":true,"href":"https:\/\/www.a-qui-s.fr\/le-blog\/wp-json\/wp\/v2\/tags?post=12493"}],"curies":[{"name":"wp","href":"https:\/\/api.w.org\/{rel}","templated":true}]}}