{"id":12448,"date":"2023-07-02T11:39:31","date_gmt":"2023-07-02T10:39:31","guid":{"rendered":"https:\/\/www.a-qui-s.fr\/le-blog\/?p=12448"},"modified":"2025-08-21T12:20:02","modified_gmt":"2025-08-21T11:20:02","slug":"les-brochettes-de-fruits-et-biscuits-mikado","status":"publish","type":"post","link":"https:\/\/www.a-qui-s.fr\/le-blog\/recettes\/les-brochettes-de-fruits-et-biscuits-mikado\/","title":{"rendered":"Les brochettes de fruits et biscuits Mikado\u00ae"},"content":{"rendered":"<p>Brochettes Tomates-Mozzarella : la recette qui donne le sourire !<\/p>\n<p><img fetchpriority=\"high\" decoding=\"async\" class=\"wp-image-12451 aligncenter\" src=\"https:\/\/www.a-qui-s.fr\/le-blog\/wp-content\/uploads\/2018\/07\/aquis-brochettesfruitsmikado-04-1.jpg\" alt=\"\" width=\"785\" height=\"411\" srcset=\"https:\/\/www.a-qui-s.fr\/le-blog\/wp-content\/uploads\/2018\/07\/aquis-brochettesfruitsmikado-04-1.jpg 1200w, https:\/\/www.a-qui-s.fr\/le-blog\/wp-content\/uploads\/2018\/07\/aquis-brochettesfruitsmikado-04-1-300x157.jpg 300w, https:\/\/www.a-qui-s.fr\/le-blog\/wp-content\/uploads\/2018\/07\/aquis-brochettesfruitsmikado-04-1-1024x536.jpg 1024w, https:\/\/www.a-qui-s.fr\/le-blog\/wp-content\/uploads\/2018\/07\/aquis-brochettesfruitsmikado-04-1-768x402.jpg 768w\" sizes=\"(max-width: 785px) 100vw, 785px\" \/><\/p>\n<p>Vive l&rsquo;\u00e9t\u00e9, ses temp\u00e9ratures, son soleil et ses fruits gorg\u00e9s de vitamines \ud83d\ude42 ! En Juillet, c&rsquo;est le moment de faire le plein et \u00e0 l&rsquo;heure du go\u00fbter, nous vous proposons une id\u00e9e de recette qui ravira \u00e0 coup s\u00fbr les papilles des petits et des grands : des brochettes de fruits r\u00e9alis\u00e9es gr\u00e2ce \u00e0 des b\u00e2tons de biscuits Mikado\u00ae. Recette test\u00e9e et approuv\u00e9e par toute la A-qui-S Family ! \ud83d\ude42<\/p>\n<h2 style=\"text-align: left;\"><span style=\"font-family: 'DK Lemon Yellow Sun';\">1\/ Les ingr\u00e9dients<\/span><\/h2>\n<ol>\n<li>1 bo\u00eete de biscuits Mikado\u00ae<\/li>\n<li>Une barquette de fraises<\/li>\n<li>Un beau melon de Cavaillon<\/li>\n<li>Un melon d&rsquo;Espagne vert<\/li>\n<li>1 bouquet de menthe fra\u00eeche<\/li>\n<li>1 paille<\/li>\n<\/ol>\n<h2 style=\"text-align: left;\"><span style=\"font-family: 'DK Lemon Yellow Sun';\">2\/ La pr\u00e9paration<\/span><\/h2>\n<ol>\n<li>Tout d&rsquo;abord, passez les fraises et les feuilles de menthe sous l&rsquo;eau rapidement pour les rincer<\/li>\n<li>Ensuite \u00e9queutez les fraises et mettez-les de c\u00f4t\u00e9.<\/li>\n<li>Effeuillez quelques feuilles de menthe<\/li>\n<li>Coupez les melons en deux et les vider<\/li>\n<li>A l&rsquo;aide d&rsquo;une cuill\u00e8re parisienne creusez les melons pour former de petites boules de melon.<\/li>\n<li>a l&rsquo;aide d&rsquo;une paille \u00e9videz les morceaux de fruits : C EST LE TRUC FORMIDABLE DE LA RECETTE qui permet aux fruits de ne pas se casser \ud83d\ude09<\/li>\n<\/ol>\n<p>Pour monter les brochettes, enfilez les fruits sur les baguettes de Mikado\u00ae en alternant fruits et feuilles de menthe.<\/p>\n<h2 style=\"text-align: left;\"><span style=\"font-family: 'DK Lemon Yellow Sun';\">3\/ Nos petits conseils en plus<\/span><\/h2>\n<ul>\n<li>Les Mikado\u00ae ont tendance \u00e0 ramollir ou plut\u00f4t se fragiliser avec le jus des fruits bien m\u00fbrs : ces brochettes de fruits sont \u00e0 d\u00e9guster sans attendre ! \ud83d\ude42<\/li>\n<\/ul>\n<p>Bon app\u00e9tit !<\/p>\n<p>Et enfin, pour les grands gourmands, vous pouvez accompagner ces brochettes \u00e0 d&rsquo;<a href=\"https:\/\/www.cuisineactuelle.fr\/recettes\/nuage-de-chamallows-mikado-de-fruits-260567\">autres douceurs<\/a>. D\u00e9couvrez aussi notre id\u00e9e de go\u00fbter pleine de vitamines : <a href=\"https:\/\/www.a-qui-s.fr\/le-blog\/recettes\/recette-sucettes-kiwi-chocolat\/\">les sucettes Kiwi-Chocolat<\/a><\/p>\n<p>&nbsp;<\/p>\n<p>&nbsp;<\/p>\n<p>&nbsp;<\/p>\n","protected":false},"excerpt":{"rendered":"<p>Brochettes Tomates-Mozzarella : la recette qui donne le sourire ! Vive l&rsquo;\u00e9t\u00e9, ses temp\u00e9ratures, son soleil et ses fruits gorg\u00e9s de vitamines \ud83d\ude42 ! En Juillet, c&rsquo;est le moment de faire le plein et \u00e0 l&rsquo;heure du go\u00fbter, nous vous proposons une id\u00e9e de recette qui ravira \u00e0 coup s\u00fbr les papilles des petits et [&hellip;]<\/p>\n","protected":false},"author":6,"featured_media":12450,"comment_status":"open","ping_status":"open","sticky":false,"template":"","format":"standard","meta":{"_acf_changed":false,"fifu_image_url":"","fifu_image_alt":"","footnotes":""},"categories":[11],"tags":[],"class_list":["post-12448","post","type-post","status-publish","format-standard","has-post-thumbnail","hentry","category-recettes"],"acf":[],"yoast_head":"<!-- This site is optimized with the Yoast SEO plugin v27.0 - https:\/\/yoast.com\/product\/yoast-seo-wordpress\/ -->\n<title>Les brochettes de fruits et biscuits Mikado\u00ae -<\/title>\n<meta name=\"description\" content=\"La recette des brochettes de fruits aux Mikado\u00ae! Id\u00e9ales pour les go\u00fbters d&#039;\u00e9t\u00e9, elles raviront les papilles des petits ET des grands !\" \/>\n<meta name=\"robots\" content=\"index, follow, max-snippet:-1, max-image-preview:large, max-video-preview:-1\" \/>\n<link rel=\"canonical\" href=\"https:\/\/www.a-qui-s.fr\/le-blog\/recettes\/les-brochettes-de-fruits-et-biscuits-mikado\/\" \/>\n<meta property=\"og:locale\" content=\"fr_FR\" \/>\n<meta property=\"og:type\" content=\"article\" \/>\n<meta property=\"og:title\" content=\"Les brochettes de fruits et biscuits Mikado\u00ae -\" \/>\n<meta property=\"og:description\" content=\"La recette des brochettes de fruits aux Mikado\u00ae! Id\u00e9ales pour les go\u00fbters d&#039;\u00e9t\u00e9, elles raviront les papilles des petits ET des grands !\" \/>\n<meta property=\"og:url\" content=\"https:\/\/www.a-qui-s.fr\/le-blog\/recettes\/les-brochettes-de-fruits-et-biscuits-mikado\/\" \/>\n<meta property=\"og:site_name\" content=\"LE BLOG d&#039;A-qui-S\" \/>\n<meta property=\"article:publisher\" content=\"https:\/\/www.facebook.com\/AquiS\/\" \/>\n<meta property=\"article:published_time\" content=\"2023-07-02T10:39:31+00:00\" \/>\n<meta property=\"article:modified_time\" content=\"2025-08-21T11:20:02+00:00\" \/>\n<meta property=\"og:image\" content=\"https:\/\/www.a-qui-s.fr\/le-blog\/wp-content\/uploads\/2018\/07\/aquis-brochettesfruitsmikado-04.jpg\" \/>\n\t<meta property=\"og:image:width\" content=\"800\" \/>\n\t<meta property=\"og:image:height\" content=\"800\" \/>\n\t<meta property=\"og:image:type\" content=\"image\/jpeg\" \/>\n<meta name=\"author\" content=\"Isabelle D&#039; A-QUI-S\" \/>\n<meta name=\"twitter:card\" content=\"summary_large_image\" \/>\n<meta name=\"twitter:creator\" content=\"@aquis_fr\" \/>\n<meta name=\"twitter:site\" content=\"@aquis_fr\" \/>\n<meta name=\"twitter:label1\" content=\"Written by\" \/>\n\t<meta name=\"twitter:data1\" content=\"Isabelle D&#039; A-QUI-S\" \/>\n\t<meta name=\"twitter:label2\" content=\"Est. reading time\" \/>\n\t<meta name=\"twitter:data2\" content=\"2 minutes\" \/>\n<script type=\"application\/ld+json\" class=\"yoast-schema-graph\">{\"@context\":\"https:\/\/schema.org\",\"@graph\":[{\"@type\":\"Article\",\"@id\":\"https:\/\/www.a-qui-s.fr\/le-blog\/recettes\/les-brochettes-de-fruits-et-biscuits-mikado\/#article\",\"isPartOf\":{\"@id\":\"https:\/\/www.a-qui-s.fr\/le-blog\/recettes\/les-brochettes-de-fruits-et-biscuits-mikado\/\"},\"author\":{\"name\":\"Isabelle D' A-QUI-S\",\"@id\":\"https:\/\/www.a-qui-s.fr\/le-blog\/#\/schema\/person\/6137cde8b4274f12814983bcb5dbbf80\"},\"headline\":\"Les brochettes de fruits et biscuits Mikado\u00ae\",\"datePublished\":\"31+00:00\",\"dateModified\":\"02+00:00\",\"mainEntityOfPage\":{\"@id\":\"https:\/\/www.a-qui-s.fr\/le-blog\/recettes\/les-brochettes-de-fruits-et-biscuits-mikado\/\"},\"wordCount\":295,\"commentCount\":2,\"publisher\":{\"@id\":\"https:\/\/www.a-qui-s.fr\/le-blog\/#organization\"},\"image\":{\"@id\":\"https:\/\/www.a-qui-s.fr\/le-blog\/recettes\/les-brochettes-de-fruits-et-biscuits-mikado\/#primaryimage\"},\"thumbnailUrl\":\"https:\/\/www.a-qui-s.fr\/le-blog\/wp-content\/uploads\/2018\/07\/aquis-brochettesfruitsmikado-04.jpg\",\"articleSection\":[\"Recettes\"],\"inLanguage\":\"fr-FR\",\"potentialAction\":[{\"@type\":\"CommentAction\",\"name\":\"Comment\",\"target\":[\"https:\/\/www.a-qui-s.fr\/le-blog\/recettes\/les-brochettes-de-fruits-et-biscuits-mikado\/#respond\"]}]},{\"@type\":\"WebPage\",\"@id\":\"https:\/\/www.a-qui-s.fr\/le-blog\/recettes\/les-brochettes-de-fruits-et-biscuits-mikado\/\",\"url\":\"https:\/\/www.a-qui-s.fr\/le-blog\/recettes\/les-brochettes-de-fruits-et-biscuits-mikado\/\",\"name\":\"Les brochettes de fruits et biscuits Mikado\u00ae -\",\"isPartOf\":{\"@id\":\"https:\/\/www.a-qui-s.fr\/le-blog\/#website\"},\"primaryImageOfPage\":{\"@id\":\"https:\/\/www.a-qui-s.fr\/le-blog\/recettes\/les-brochettes-de-fruits-et-biscuits-mikado\/#primaryimage\"},\"image\":{\"@id\":\"https:\/\/www.a-qui-s.fr\/le-blog\/recettes\/les-brochettes-de-fruits-et-biscuits-mikado\/#primaryimage\"},\"thumbnailUrl\":\"https:\/\/www.a-qui-s.fr\/le-blog\/wp-content\/uploads\/2018\/07\/aquis-brochettesfruitsmikado-04.jpg\",\"datePublished\":\"31+00:00\",\"dateModified\":\"02+00:00\",\"description\":\"La recette des brochettes de fruits aux Mikado\u00ae! Id\u00e9ales pour les go\u00fbters d'\u00e9t\u00e9, elles raviront les papilles des petits ET des grands !\",\"breadcrumb\":{\"@id\":\"https:\/\/www.a-qui-s.fr\/le-blog\/recettes\/les-brochettes-de-fruits-et-biscuits-mikado\/#breadcrumb\"},\"inLanguage\":\"fr-FR\",\"potentialAction\":[{\"@type\":\"ReadAction\",\"target\":[\"https:\/\/www.a-qui-s.fr\/le-blog\/recettes\/les-brochettes-de-fruits-et-biscuits-mikado\/\"]}]},{\"@type\":\"ImageObject\",\"inLanguage\":\"fr-FR\",\"@id\":\"https:\/\/www.a-qui-s.fr\/le-blog\/recettes\/les-brochettes-de-fruits-et-biscuits-mikado\/#primaryimage\",\"url\":\"https:\/\/www.a-qui-s.fr\/le-blog\/wp-content\/uploads\/2018\/07\/aquis-brochettesfruitsmikado-04.jpg\",\"contentUrl\":\"https:\/\/www.a-qui-s.fr\/le-blog\/wp-content\/uploads\/2018\/07\/aquis-brochettesfruitsmikado-04.jpg\",\"width\":800,\"height\":800},{\"@type\":\"BreadcrumbList\",\"@id\":\"https:\/\/www.a-qui-s.fr\/le-blog\/recettes\/les-brochettes-de-fruits-et-biscuits-mikado\/#breadcrumb\",\"itemListElement\":[{\"@type\":\"ListItem\",\"position\":1,\"name\":\"Accueil\",\"item\":\"https:\/\/www.a-qui-s.fr\/le-blog\/\"},{\"@type\":\"ListItem\",\"position\":2,\"name\":\"Recettes\",\"item\":\"https:\/\/www.a-qui-s.fr\/le-blog\/category\/recettes\/\"},{\"@type\":\"ListItem\",\"position\":3,\"name\":\"Les brochettes de fruits et biscuits Mikado\u00ae\"}]},{\"@type\":\"WebSite\",\"@id\":\"https:\/\/www.a-qui-s.fr\/le-blog\/#website\",\"url\":\"https:\/\/www.a-qui-s.fr\/le-blog\/\",\"name\":\"LE BLOG d&#039;A-qui-S\",\"description\":\"La communaut\u00e9 des &quot;Pas-Perdus&quot;\",\"publisher\":{\"@id\":\"https:\/\/www.a-qui-s.fr\/le-blog\/#organization\"},\"potentialAction\":[{\"@type\":\"SearchAction\",\"target\":{\"@type\":\"EntryPoint\",\"urlTemplate\":\"https:\/\/www.a-qui-s.fr\/le-blog\/?s={search_term_string}\"},\"query-input\":{\"@type\":\"PropertyValueSpecification\",\"valueRequired\":true,\"valueName\":\"search_term_string\"}}],\"inLanguage\":\"fr-FR\"},{\"@type\":\"Organization\",\"@id\":\"https:\/\/www.a-qui-s.fr\/le-blog\/#organization\",\"name\":\"Etiquettes & compagnie\",\"url\":\"https:\/\/www.a-qui-s.fr\/le-blog\/\",\"logo\":{\"@type\":\"ImageObject\",\"inLanguage\":\"fr-FR\",\"@id\":\"https:\/\/www.a-qui-s.fr\/le-blog\/#\/schema\/logo\/image\/\",\"url\":\"https:\/\/www.a-qui-s.fr\/le-blog\/wp-content\/uploads\/2015\/05\/logo_a-qui-s.png\",\"contentUrl\":\"https:\/\/www.a-qui-s.fr\/le-blog\/wp-content\/uploads\/2015\/05\/logo_a-qui-s.png\",\"width\":132,\"height\":59,\"caption\":\"Etiquettes & compagnie\"},\"image\":{\"@id\":\"https:\/\/www.a-qui-s.fr\/le-blog\/#\/schema\/logo\/image\/\"},\"sameAs\":[\"https:\/\/www.facebook.com\/AquiS\/\",\"https:\/\/x.com\/aquis_fr\"]},{\"@type\":\"Person\",\"@id\":\"https:\/\/www.a-qui-s.fr\/le-blog\/#\/schema\/person\/6137cde8b4274f12814983bcb5dbbf80\",\"name\":\"Isabelle D' A-QUI-S\",\"image\":{\"@type\":\"ImageObject\",\"inLanguage\":\"fr-FR\",\"@id\":\"https:\/\/www.a-qui-s.fr\/le-blog\/#\/schema\/person\/image\/\",\"url\":\"https:\/\/secure.gravatar.com\/avatar\/15b54286c256bb83f3738b56573f4662227f32ef2de42e88b04b94ca206a4433?s=96&d=mm&r=g\",\"contentUrl\":\"https:\/\/secure.gravatar.com\/avatar\/15b54286c256bb83f3738b56573f4662227f32ef2de42e88b04b94ca206a4433?s=96&d=mm&r=g\",\"caption\":\"Isabelle D' A-QUI-S\"},\"url\":\"https:\/\/www.a-qui-s.fr\/le-blog\/author\/isabelle\/\"}]}<\/script>\n<!-- \/ Yoast SEO plugin. -->","yoast_head_json":{"title":"Les brochettes de fruits et biscuits Mikado\u00ae -","description":"La recette des brochettes de fruits aux Mikado\u00ae! Id\u00e9ales pour les go\u00fbters d'\u00e9t\u00e9, elles raviront les papilles des petits ET des grands !","robots":{"index":"index","follow":"follow","max-snippet":"max-snippet:-1","max-image-preview":"max-image-preview:large","max-video-preview":"max-video-preview:-1"},"canonical":"https:\/\/www.a-qui-s.fr\/le-blog\/recettes\/les-brochettes-de-fruits-et-biscuits-mikado\/","og_locale":"fr_FR","og_type":"article","og_title":"Les brochettes de fruits et biscuits Mikado\u00ae -","og_description":"La recette des brochettes de fruits aux Mikado\u00ae! Id\u00e9ales pour les go\u00fbters d'\u00e9t\u00e9, elles raviront les papilles des petits ET des grands !","og_url":"https:\/\/www.a-qui-s.fr\/le-blog\/recettes\/les-brochettes-de-fruits-et-biscuits-mikado\/","og_site_name":"LE BLOG d&#039;A-qui-S","article_publisher":"https:\/\/www.facebook.com\/AquiS\/","article_published_time":"2023-07-02T10:39:31+00:00","article_modified_time":"2025-08-21T11:20:02+00:00","og_image":[{"width":800,"height":800,"url":"https:\/\/www.a-qui-s.fr\/le-blog\/wp-content\/uploads\/2018\/07\/aquis-brochettesfruitsmikado-04.jpg","type":"image\/jpeg"}],"author":"Isabelle D' A-QUI-S","twitter_card":"summary_large_image","twitter_creator":"@aquis_fr","twitter_site":"@aquis_fr","twitter_misc":{"Written by":"Isabelle D' A-QUI-S","Est. reading time":"2 minutes"},"schema":{"@context":"https:\/\/schema.org","@graph":[{"@type":"Article","@id":"https:\/\/www.a-qui-s.fr\/le-blog\/recettes\/les-brochettes-de-fruits-et-biscuits-mikado\/#article","isPartOf":{"@id":"https:\/\/www.a-qui-s.fr\/le-blog\/recettes\/les-brochettes-de-fruits-et-biscuits-mikado\/"},"author":{"name":"Isabelle D' A-QUI-S","@id":"https:\/\/www.a-qui-s.fr\/le-blog\/#\/schema\/person\/6137cde8b4274f12814983bcb5dbbf80"},"headline":"Les brochettes de fruits et biscuits Mikado\u00ae","datePublished":"31+00:00","dateModified":"02+00:00","mainEntityOfPage":{"@id":"https:\/\/www.a-qui-s.fr\/le-blog\/recettes\/les-brochettes-de-fruits-et-biscuits-mikado\/"},"wordCount":295,"commentCount":2,"publisher":{"@id":"https:\/\/www.a-qui-s.fr\/le-blog\/#organization"},"image":{"@id":"https:\/\/www.a-qui-s.fr\/le-blog\/recettes\/les-brochettes-de-fruits-et-biscuits-mikado\/#primaryimage"},"thumbnailUrl":"https:\/\/www.a-qui-s.fr\/le-blog\/wp-content\/uploads\/2018\/07\/aquis-brochettesfruitsmikado-04.jpg","articleSection":["Recettes"],"inLanguage":"fr-FR","potentialAction":[{"@type":"CommentAction","name":"Comment","target":["https:\/\/www.a-qui-s.fr\/le-blog\/recettes\/les-brochettes-de-fruits-et-biscuits-mikado\/#respond"]}]},{"@type":"WebPage","@id":"https:\/\/www.a-qui-s.fr\/le-blog\/recettes\/les-brochettes-de-fruits-et-biscuits-mikado\/","url":"https:\/\/www.a-qui-s.fr\/le-blog\/recettes\/les-brochettes-de-fruits-et-biscuits-mikado\/","name":"Les brochettes de fruits et biscuits Mikado\u00ae -","isPartOf":{"@id":"https:\/\/www.a-qui-s.fr\/le-blog\/#website"},"primaryImageOfPage":{"@id":"https:\/\/www.a-qui-s.fr\/le-blog\/recettes\/les-brochettes-de-fruits-et-biscuits-mikado\/#primaryimage"},"image":{"@id":"https:\/\/www.a-qui-s.fr\/le-blog\/recettes\/les-brochettes-de-fruits-et-biscuits-mikado\/#primaryimage"},"thumbnailUrl":"https:\/\/www.a-qui-s.fr\/le-blog\/wp-content\/uploads\/2018\/07\/aquis-brochettesfruitsmikado-04.jpg","datePublished":"31+00:00","dateModified":"02+00:00","description":"La recette des brochettes de fruits aux Mikado\u00ae! Id\u00e9ales pour les go\u00fbters d'\u00e9t\u00e9, elles raviront les papilles des petits ET des grands !","breadcrumb":{"@id":"https:\/\/www.a-qui-s.fr\/le-blog\/recettes\/les-brochettes-de-fruits-et-biscuits-mikado\/#breadcrumb"},"inLanguage":"fr-FR","potentialAction":[{"@type":"ReadAction","target":["https:\/\/www.a-qui-s.fr\/le-blog\/recettes\/les-brochettes-de-fruits-et-biscuits-mikado\/"]}]},{"@type":"ImageObject","inLanguage":"fr-FR","@id":"https:\/\/www.a-qui-s.fr\/le-blog\/recettes\/les-brochettes-de-fruits-et-biscuits-mikado\/#primaryimage","url":"https:\/\/www.a-qui-s.fr\/le-blog\/wp-content\/uploads\/2018\/07\/aquis-brochettesfruitsmikado-04.jpg","contentUrl":"https:\/\/www.a-qui-s.fr\/le-blog\/wp-content\/uploads\/2018\/07\/aquis-brochettesfruitsmikado-04.jpg","width":800,"height":800},{"@type":"BreadcrumbList","@id":"https:\/\/www.a-qui-s.fr\/le-blog\/recettes\/les-brochettes-de-fruits-et-biscuits-mikado\/#breadcrumb","itemListElement":[{"@type":"ListItem","position":1,"name":"Accueil","item":"https:\/\/www.a-qui-s.fr\/le-blog\/"},{"@type":"ListItem","position":2,"name":"Recettes","item":"https:\/\/www.a-qui-s.fr\/le-blog\/category\/recettes\/"},{"@type":"ListItem","position":3,"name":"Les brochettes de fruits et biscuits Mikado\u00ae"}]},{"@type":"WebSite","@id":"https:\/\/www.a-qui-s.fr\/le-blog\/#website","url":"https:\/\/www.a-qui-s.fr\/le-blog\/","name":"LE BLOG d&#039;A-qui-S","description":"La communaut\u00e9 des &quot;Pas-Perdus&quot;","publisher":{"@id":"https:\/\/www.a-qui-s.fr\/le-blog\/#organization"},"potentialAction":[{"@type":"SearchAction","target":{"@type":"EntryPoint","urlTemplate":"https:\/\/www.a-qui-s.fr\/le-blog\/?s={search_term_string}"},"query-input":{"@type":"PropertyValueSpecification","valueRequired":true,"valueName":"search_term_string"}}],"inLanguage":"fr-FR"},{"@type":"Organization","@id":"https:\/\/www.a-qui-s.fr\/le-blog\/#organization","name":"Etiquettes & compagnie","url":"https:\/\/www.a-qui-s.fr\/le-blog\/","logo":{"@type":"ImageObject","inLanguage":"fr-FR","@id":"https:\/\/www.a-qui-s.fr\/le-blog\/#\/schema\/logo\/image\/","url":"https:\/\/www.a-qui-s.fr\/le-blog\/wp-content\/uploads\/2015\/05\/logo_a-qui-s.png","contentUrl":"https:\/\/www.a-qui-s.fr\/le-blog\/wp-content\/uploads\/2015\/05\/logo_a-qui-s.png","width":132,"height":59,"caption":"Etiquettes & compagnie"},"image":{"@id":"https:\/\/www.a-qui-s.fr\/le-blog\/#\/schema\/logo\/image\/"},"sameAs":["https:\/\/www.facebook.com\/AquiS\/","https:\/\/x.com\/aquis_fr"]},{"@type":"Person","@id":"https:\/\/www.a-qui-s.fr\/le-blog\/#\/schema\/person\/6137cde8b4274f12814983bcb5dbbf80","name":"Isabelle D' A-QUI-S","image":{"@type":"ImageObject","inLanguage":"fr-FR","@id":"https:\/\/www.a-qui-s.fr\/le-blog\/#\/schema\/person\/image\/","url":"https:\/\/secure.gravatar.com\/avatar\/15b54286c256bb83f3738b56573f4662227f32ef2de42e88b04b94ca206a4433?s=96&d=mm&r=g","contentUrl":"https:\/\/secure.gravatar.com\/avatar\/15b54286c256bb83f3738b56573f4662227f32ef2de42e88b04b94ca206a4433?s=96&d=mm&r=g","caption":"Isabelle D' A-QUI-S"},"url":"https:\/\/www.a-qui-s.fr\/le-blog\/author\/isabelle\/"}]}},"_links":{"self":[{"href":"https:\/\/www.a-qui-s.fr\/le-blog\/wp-json\/wp\/v2\/posts\/12448","targetHints":{"allow":["GET"]}}],"collection":[{"href":"https:\/\/www.a-qui-s.fr\/le-blog\/wp-json\/wp\/v2\/posts"}],"about":[{"href":"https:\/\/www.a-qui-s.fr\/le-blog\/wp-json\/wp\/v2\/types\/post"}],"author":[{"embeddable":true,"href":"https:\/\/www.a-qui-s.fr\/le-blog\/wp-json\/wp\/v2\/users\/6"}],"replies":[{"embeddable":true,"href":"https:\/\/www.a-qui-s.fr\/le-blog\/wp-json\/wp\/v2\/comments?post=12448"}],"version-history":[{"count":0,"href":"https:\/\/www.a-qui-s.fr\/le-blog\/wp-json\/wp\/v2\/posts\/12448\/revisions"}],"wp:featuredmedia":[{"embeddable":true,"href":"https:\/\/www.a-qui-s.fr\/le-blog\/wp-json\/wp\/v2\/media\/12450"}],"wp:attachment":[{"href":"https:\/\/www.a-qui-s.fr\/le-blog\/wp-json\/wp\/v2\/media?parent=12448"}],"wp:term":[{"taxonomy":"category","embeddable":true,"href":"https:\/\/www.a-qui-s.fr\/le-blog\/wp-json\/wp\/v2\/categories?post=12448"},{"taxonomy":"post_tag","embeddable":true,"href":"https:\/\/www.a-qui-s.fr\/le-blog\/wp-json\/wp\/v2\/tags?post=12448"}],"curies":[{"name":"wp","href":"https:\/\/api.w.org\/{rel}","templated":true}]}}