{"id":12249,"date":"2018-06-04T13:30:36","date_gmt":"2018-06-04T12:30:36","guid":{"rendered":"https:\/\/www.a-qui-s.fr\/le-blog\/?p=12249"},"modified":"2025-08-21T12:27:43","modified_gmt":"2025-08-21T11:27:43","slug":"etiquette-bagage-comment-marquer-ses-valises-a-son-nom","status":"publish","type":"post","link":"https:\/\/www.a-qui-s.fr\/le-blog\/etiquettes-vetement-autocollants\/etiquette-bagage-comment-marquer-ses-valises-a-son-nom\/","title":{"rendered":"\u00c9tiquette bagage : Comment marquer ses valises \u00e0 son nom ?"},"content":{"rendered":"<p>Un d\u00e9part en colonie ? Vacances en famille ? Quelque soit la destination, gr\u00e2ce \u00e0&nbsp; l&rsquo;<strong>\u00e9tiquette bagage<\/strong>, vous \u00e9viterez de perdre ou d&rsquo;\u00e9changer vos valises. Mais comment renseigner une \u00e9tiquette valise ? Pourquoi est-ce obligatoire d&rsquo;\u00e9tiqueter ses bagages dans certains cas ? On vous dit tout avant le d\u00e9part !<\/p>\n<h2 style=\"text-align: center;\"><span style=\"font-family: DK Lemon Yellow Sun;\">Les A-qui-Bag\u00ae : L&rsquo;\u00e9tiquette pour valise personnalis\u00e9e<\/span><\/h2>\n<p><img fetchpriority=\"high\" decoding=\"async\" class=\"wp-image-12296 alignleft\" title=\"\u00c9tiquette bagage\" src=\"https:\/\/www.a-qui-s.fr\/le-blog\/wp-content\/uploads\/2018\/05\/a-qui-bg.jpg\" alt=\"\u00c9tiquette bagage\" width=\"420\" height=\"420\" srcset=\"https:\/\/www.a-qui-s.fr\/le-blog\/wp-content\/uploads\/2018\/05\/a-qui-bg.jpg 600w, https:\/\/www.a-qui-s.fr\/le-blog\/wp-content\/uploads\/2018\/05\/a-qui-bg-300x300.jpg 300w, https:\/\/www.a-qui-s.fr\/le-blog\/wp-content\/uploads\/2018\/05\/a-qui-bg-150x150.jpg 150w\" sizes=\"(max-width: 420px) 100vw, 420px\" \/><img decoding=\"async\" class=\"wp-image-12308 alignleft\" title=\"\u00c9tiquette bagage\" src=\"https:\/\/www.a-qui-s.fr\/le-blog\/wp-content\/uploads\/2018\/05\/aqb-.jpg\" alt=\"\u00c9tiquette bagage\" width=\"422\" height=\"429\"><\/p>\n<p>Quel parent n&rsquo;a jamais \u00e9t\u00e9 en panique de ne plus voir le sac de son enfant \u00e0 la sortie du car, de l&rsquo;avion ou du train ? Qui &lsquo;a jamais prononcer la phrase&nbsp; \u00ab\u00a0O\u00f9 est-ce que tu as mis ton sac ?\u00a0\u00bb. Probablement aucun parent \ud83d\ude09<\/p>\n<p>Chez A-qui-S, nous essayons de faciliter la vie de tous les parents :). C&rsquo;est pourquoi, apr\u00e8s le pack <a href=\"https:\/\/www.a-qui-s.fr\/pack-etiquettes-ecole\">\u00e9cole,<\/a>&nbsp;nous avons imagin\u00e9s une <strong>\u00e9tiquette cartable<\/strong> ou valise personnalis\u00e9e.<\/p>\n<p>Et pour marquer ses bagages de mani\u00e8re fun et ludique faites place aux&nbsp;<a href=\"https:\/\/www.a-qui-s.fr\/boutique\/l-a-qui-bag\/AQB1\">A-qui-Bag\u00ae<\/a> ! Ce sont des \u00e9tiquettes personnalis\u00e9es en plastique recyclable, souple, r\u00e9sistante ET personnalisables jusqu&rsquo;a 5 lignes. Plusieurs mod\u00e8les aux choix :&nbsp;le renard, le pingouin, le lapin, le monstre (phosphorescent), le cactus et le requin (fluos!),&nbsp; <a href=\"https:\/\/www.a-qui-s.fr\/le-blog\/diy-bricolage-enfant\/masque-imprimer-licorne-papier\/\">la licorne<\/a> et le papillon (\u00e0 paillettes)&#8230; De plus, vous pouvez aussi choisir la typographie \u00e0 votre convenance !<\/p>\n<p>Pour attacher <a href=\"https:\/\/www.a-qui-s.fr\/boutique\/l-a-qui-bag\/AQB1\">l&rsquo;\u00e9tiquette valise<\/a>, c&rsquo;est tr\u00e8s facile. S&rsquo;il poss\u00e8de une cha\u00eenette, il vous suffit tout d&rsquo;abord de l&rsquo;ouvrir gr\u00e2ce au fermoir, puis de passer la cha\u00eenette dans la tirette d&rsquo;une fermeture \u00e9claire ou dans la anse d&rsquo;une valise, et enfin de refermer la cha\u00eenette.&nbsp; Pour les A-qui-Bag\u00ae avec un \u00e9lastique, il suffit de faire passer l&rsquo;A-qui-Bag\u00ae dans l&rsquo;\u00e9lastique, et ainsi faire un noeud coulissant.<\/p>\n<p>Plus pratique et original que&nbsp;<strong>le porte \u00e9tiquette classique<\/strong>, l&rsquo;A-qui-Bag\u00ae r\u00e9siste dans le temps, \u00e0 la pluie, au soleil &#8230; et aux enfants \ud83d\ude09<\/p>\n<p>D\u00e9couvrez nos nouveaux mod\u00e8les, la collection 2018 : le papillon, le raton-laveur, le requin ou encore le petit lama&nbsp;?<\/p>\n<p>Avec les \u00e9tiquettes bagages, fini le stress des cartables ou valises perdues ou \u00e9chang\u00e9s ! Pendant les vacances, on les accroche aux bagages, quand l&rsquo;\u00e9cole arrive, on les raccroche aux cartables \ud83d\ude09<\/p>\n<h2 style=\"text-align: center;\"><span style=\"font-family: DK Lemon Yellow Sun;\">RENSEIGNER UNE&nbsp;\u00c9tiquette bagage : les informations obligatoires<\/span><\/h2>\n<p>Par exemple, pour remplir une <strong>\u00e9tiquette valise<\/strong>, il faut inscrire des informations utiles qui permettent de vous identifier rapidement&nbsp; :<\/p>\n<ol>\n<li>Le nom du passager,<\/li>\n<li>Le pr\u00e9nom&nbsp;du passager,<\/li>\n<li>Une adresse postale,<\/li>\n<li>Un num\u00e9ro de t\u00e9l\u00e9phone,<\/li>\n<li>Une adresse mail (si jamais le num\u00e9ro de t\u00e9l\u00e9phone n&rsquo;est pas joignable).<\/li>\n<\/ol>\n<p>Pour les enfants, pensez \u00e0 indiquer votre num\u00e9ro de portable ou le num\u00e9ro de portable d&rsquo;un accompagnateur.<\/p>\n<p>Petites informations compl\u00e9mentaires qui pourraient \u00eatre utile \u00e0 la personne qui retrouve le sac ou cartable :<\/p>\n<ul>\n<li>Indiquer le nom de la ma\u00eetresse ou de la classe ou m\u00eame de l&rsquo;\u00e9cole s&rsquo;il s&rsquo;agit d&rsquo;\u00e9tiqueter un cartable ou un sac de sport<\/li>\n<li>Sur les sacs qui font les allers et retours tous les jours entre la maison et la cr\u00e8che, indiquer le nom de la cr\u00e8che par exemple.<\/li>\n<\/ul>\n<h2 style=\"text-align: center;\"><span style=\"font-family: DK Lemon Yellow Sun;\">Etiqueter ses bagages, est-ce une obligation ?<\/span><\/h2>\n<p>Pour certains voyages, notamment ceux en train (SNCF), il est obligatoire d&rsquo;\u00e9tiqueter ses valises. En effet, la SNCF demande \u00e0 ses passagers d&rsquo;\u00e9tiqueter leurs bagages avec une \u00e9tiquette comportant les coordonn\u00e9es des passagers, dans le cas contraire les valises sont consid\u00e9r\u00e9es comme abandonn\u00e9es et donc aussi potentiellement dangereuses.<\/p>\n<p>\u2708&nbsp;Les compagnies a\u00e9riennes conseillent d&rsquo;\u00e9tiqueter ses valises avant un vol en avion. Une valise \u00e9tiquet\u00e9e r\u00e9duit consid\u00e9rablement les chances de bagages \u00e9chang\u00e9s, et \u00e7a au d\u00e9part des vacances c&rsquo;est plut\u00f4t pratique ! \ud83d\ude09<\/p>\n<p>\u26a0&nbsp; Sans \u00e9tiquette, les valises perdues peuvent \u00eatre per\u00e7ue comme une menace.<\/p>\n<p>\u26a0&nbsp; Sans \u00e9tiquette, les bagages perdues sont souvent d\u00e9truits.<\/p>\n<p>Pensez-\u00e9galement \u00e0 leur v\u00eatement&#8230; les <a href=\"https:\/\/www.a-qui-s.fr\/le-blog\/etiquettes-vetement-autocollants\/etiquette-vetement\/\">enfants<\/a> ne sont pas \u00e0 l&rsquo;abri d&rsquo;oublier leur affaires sous leur fauteuil du train, dans le wagon restaurant ou aux toilettes ! On ne le dira jamais assez : quand c&rsquo;est marqu\u00e9, c&rsquo;est retrouv\u00e9 \ud83d\ude09<\/p>\n<p>&nbsp;<\/p>\n<p>&nbsp;<\/p>\n<p><img decoding=\"async\" class=\"size-full wp-image-12317 aligncenter\" src=\"https:\/\/www.a-qui-s.fr\/le-blog\/wp-content\/uploads\/2018\/06\/aqbli.png\" alt=\"etiquette bagage\" width=\"230\" height=\"230\" srcset=\"https:\/\/www.a-qui-s.fr\/le-blog\/wp-content\/uploads\/2018\/06\/aqbli.png 230w, https:\/\/www.a-qui-s.fr\/le-blog\/wp-content\/uploads\/2018\/06\/aqbli-150x150.png 150w\" sizes=\"(max-width: 230px) 100vw, 230px\" \/><\/p>\n<p style=\"text-align: center;\"><strong><em>\u00c9tiquette bagage licorne&nbsp;?&nbsp;<\/em><\/strong><\/p>\n<h2 style=\"text-align: center;\"><span style=\"font-family: 'DK Lemon Yellow Sun';\">Petites astuces pour la route des vacances&nbsp;<\/span><\/h2>\n<p style=\"text-align: center;\">Vous recherchez des valises rigolotes pour les vacances, notre coup de&nbsp;\u2764&nbsp;chez A-Qui-S : <a href=\"http:\/\/www.deglingos.com\/fr\/18-voyage-les-deglingos\">Les valises rigolotes de chez D\u00e9glingos<\/a> !<\/p>\n<p style=\"text-align: center;\">Pour une valise d&rsquo;enfant organis\u00e9e, pensez \u00e0 notre check liste :&nbsp;<a href=\"https:\/\/www.a-qui-s.fr\/le-blog\/non-classe\/organiser-valise-partir-a-laventure\/\"> une liste \u00e0 cocher pour pr\u00e9parer ses bagages avant un d\u00e9part en vacances !&nbsp; &nbsp;<\/a><\/p>\n<p style=\"text-align: center;\">Pour finir, si vous partez pour un long trajet en voiture, <a href=\"https:\/\/www.a-qui-s.fr\/le-blog\/diy\/comment-occuper-enfants-voiture-imprimer\/\">pensez \u00e0 imprimer notre jeu pour s&rsquo;occuper en voiture !<\/a><\/p>\n<p style=\"text-align: center;\">?&nbsp;Bonnes vacances \u00e0 tous !&nbsp;?<\/p>\n<p style=\"text-align: center;\">&nbsp;<\/p>\n","protected":false},"excerpt":{"rendered":"<p>Un d\u00e9part en colonie ? Vacances en famille ? Quelque soit la destination, gr\u00e2ce \u00e0&nbsp; l&rsquo;\u00e9tiquette bagage, vous \u00e9viterez de perdre ou d&rsquo;\u00e9changer vos valises. Mais comment renseigner une \u00e9tiquette valise ? Pourquoi est-ce obligatoire d&rsquo;\u00e9tiqueter ses bagages dans certains cas ? On vous dit tout avant le d\u00e9part ! Les A-qui-Bag\u00ae : L&rsquo;\u00e9tiquette pour [&hellip;]<\/p>\n","protected":false},"author":6,"featured_media":12308,"comment_status":"open","ping_status":"open","sticky":false,"template":"","format":"standard","meta":{"_acf_changed":false,"fifu_image_url":"","fifu_image_alt":"","footnotes":""},"categories":[286],"tags":[],"class_list":["post-12249","post","type-post","status-publish","format-standard","has-post-thumbnail","hentry","category-etiquettes-vetement-autocollants"],"acf":[],"yoast_head":"<!-- This site is optimized with the Yoast SEO plugin v27.0 - https:\/\/yoast.com\/product\/yoast-seo-wordpress\/ -->\n<title>\u00c9tiquette bagage : Comment marquer ses valises \u00e0 son nom ? -<\/title>\n<meta name=\"description\" content=\"\u00c9tiquette bagage : comment marquer ses valise \u00e0 son nom pour un voyage ? Pourquoi faut il \u00e9tiqueter ses valises ? L&#039;\u00e9tiquette A-qui-Bag la solution fun et pratique !\" \/>\n<meta name=\"robots\" content=\"index, follow, max-snippet:-1, max-image-preview:large, max-video-preview:-1\" \/>\n<link rel=\"canonical\" href=\"https:\/\/www.a-qui-s.fr\/le-blog\/etiquettes-vetement-autocollants\/etiquette-bagage-comment-marquer-ses-valises-a-son-nom\/\" \/>\n<meta property=\"og:locale\" content=\"fr_FR\" \/>\n<meta property=\"og:type\" content=\"article\" \/>\n<meta property=\"og:title\" content=\"\u00c9tiquette bagage : Comment marquer ses valises \u00e0 son nom ? -\" \/>\n<meta property=\"og:description\" content=\"\u00c9tiquette bagage : comment marquer ses valise \u00e0 son nom pour un voyage ? Pourquoi faut il \u00e9tiqueter ses valises ? L&#039;\u00e9tiquette A-qui-Bag la solution fun et pratique !\" \/>\n<meta property=\"og:url\" content=\"https:\/\/www.a-qui-s.fr\/le-blog\/etiquettes-vetement-autocollants\/etiquette-bagage-comment-marquer-ses-valises-a-son-nom\/\" \/>\n<meta property=\"og:site_name\" content=\"LE BLOG d&#039;A-qui-S\" \/>\n<meta property=\"article:publisher\" content=\"https:\/\/www.facebook.com\/AquiS\/\" \/>\n<meta property=\"article:published_time\" content=\"2018-06-04T12:30:36+00:00\" \/>\n<meta property=\"article:modified_time\" content=\"2025-08-21T11:27:43+00:00\" \/>\n<meta property=\"og:image\" content=\"https:\/\/www.a-qui-s.fr\/le-blog\/wp-content\/uploads\/2018\/05\/aqb-.jpg\" \/>\n\t<meta property=\"og:image:width\" content=\"400\" \/>\n\t<meta property=\"og:image:height\" content=\"400\" \/>\n\t<meta property=\"og:image:type\" content=\"image\/jpeg\" \/>\n<meta name=\"author\" content=\"Isabelle D&#039; A-QUI-S\" \/>\n<meta name=\"twitter:card\" content=\"summary_large_image\" \/>\n<meta name=\"twitter:creator\" content=\"@aquis_fr\" \/>\n<meta name=\"twitter:site\" content=\"@aquis_fr\" \/>\n<meta name=\"twitter:label1\" content=\"Written by\" \/>\n\t<meta name=\"twitter:data1\" content=\"Isabelle D&#039; A-QUI-S\" \/>\n\t<meta name=\"twitter:label2\" content=\"Est. reading time\" \/>\n\t<meta name=\"twitter:data2\" content=\"4 minutes\" \/>\n<script type=\"application\/ld+json\" class=\"yoast-schema-graph\">{\"@context\":\"https:\/\/schema.org\",\"@graph\":[{\"@type\":\"Article\",\"@id\":\"https:\/\/www.a-qui-s.fr\/le-blog\/etiquettes-vetement-autocollants\/etiquette-bagage-comment-marquer-ses-valises-a-son-nom\/#article\",\"isPartOf\":{\"@id\":\"https:\/\/www.a-qui-s.fr\/le-blog\/etiquettes-vetement-autocollants\/etiquette-bagage-comment-marquer-ses-valises-a-son-nom\/\"},\"author\":{\"name\":\"Isabelle D' A-QUI-S\",\"@id\":\"https:\/\/www.a-qui-s.fr\/le-blog\/#\/schema\/person\/6137cde8b4274f12814983bcb5dbbf80\"},\"headline\":\"\u00c9tiquette bagage : Comment marquer ses valises \u00e0 son nom ?\",\"datePublished\":\"36+00:00\",\"dateModified\":\"43+00:00\",\"mainEntityOfPage\":{\"@id\":\"https:\/\/www.a-qui-s.fr\/le-blog\/etiquettes-vetement-autocollants\/etiquette-bagage-comment-marquer-ses-valises-a-son-nom\/\"},\"wordCount\":783,\"commentCount\":2,\"publisher\":{\"@id\":\"https:\/\/www.a-qui-s.fr\/le-blog\/#organization\"},\"image\":{\"@id\":\"https:\/\/www.a-qui-s.fr\/le-blog\/etiquettes-vetement-autocollants\/etiquette-bagage-comment-marquer-ses-valises-a-son-nom\/#primaryimage\"},\"thumbnailUrl\":\"https:\/\/www.a-qui-s.fr\/le-blog\/wp-content\/uploads\/2018\/05\/aqb-.jpg\",\"articleSection\":[\"\u00c9tiquettes\"],\"inLanguage\":\"fr-FR\",\"potentialAction\":[{\"@type\":\"CommentAction\",\"name\":\"Comment\",\"target\":[\"https:\/\/www.a-qui-s.fr\/le-blog\/etiquettes-vetement-autocollants\/etiquette-bagage-comment-marquer-ses-valises-a-son-nom\/#respond\"]}]},{\"@type\":\"WebPage\",\"@id\":\"https:\/\/www.a-qui-s.fr\/le-blog\/etiquettes-vetement-autocollants\/etiquette-bagage-comment-marquer-ses-valises-a-son-nom\/\",\"url\":\"https:\/\/www.a-qui-s.fr\/le-blog\/etiquettes-vetement-autocollants\/etiquette-bagage-comment-marquer-ses-valises-a-son-nom\/\",\"name\":\"\u00c9tiquette bagage : Comment marquer ses valises \u00e0 son nom ? -\",\"isPartOf\":{\"@id\":\"https:\/\/www.a-qui-s.fr\/le-blog\/#website\"},\"primaryImageOfPage\":{\"@id\":\"https:\/\/www.a-qui-s.fr\/le-blog\/etiquettes-vetement-autocollants\/etiquette-bagage-comment-marquer-ses-valises-a-son-nom\/#primaryimage\"},\"image\":{\"@id\":\"https:\/\/www.a-qui-s.fr\/le-blog\/etiquettes-vetement-autocollants\/etiquette-bagage-comment-marquer-ses-valises-a-son-nom\/#primaryimage\"},\"thumbnailUrl\":\"https:\/\/www.a-qui-s.fr\/le-blog\/wp-content\/uploads\/2018\/05\/aqb-.jpg\",\"datePublished\":\"36+00:00\",\"dateModified\":\"43+00:00\",\"description\":\"\u00c9tiquette bagage : comment marquer ses valise \u00e0 son nom pour un voyage ? Pourquoi faut il \u00e9tiqueter ses valises ? L'\u00e9tiquette A-qui-Bag la solution fun et pratique !\",\"breadcrumb\":{\"@id\":\"https:\/\/www.a-qui-s.fr\/le-blog\/etiquettes-vetement-autocollants\/etiquette-bagage-comment-marquer-ses-valises-a-son-nom\/#breadcrumb\"},\"inLanguage\":\"fr-FR\",\"potentialAction\":[{\"@type\":\"ReadAction\",\"target\":[\"https:\/\/www.a-qui-s.fr\/le-blog\/etiquettes-vetement-autocollants\/etiquette-bagage-comment-marquer-ses-valises-a-son-nom\/\"]}]},{\"@type\":\"ImageObject\",\"inLanguage\":\"fr-FR\",\"@id\":\"https:\/\/www.a-qui-s.fr\/le-blog\/etiquettes-vetement-autocollants\/etiquette-bagage-comment-marquer-ses-valises-a-son-nom\/#primaryimage\",\"url\":\"https:\/\/www.a-qui-s.fr\/le-blog\/wp-content\/uploads\/2018\/05\/aqb-.jpg\",\"contentUrl\":\"https:\/\/www.a-qui-s.fr\/le-blog\/wp-content\/uploads\/2018\/05\/aqb-.jpg\",\"width\":400,\"height\":400,\"caption\":\"etiquette bagage\"},{\"@type\":\"BreadcrumbList\",\"@id\":\"https:\/\/www.a-qui-s.fr\/le-blog\/etiquettes-vetement-autocollants\/etiquette-bagage-comment-marquer-ses-valises-a-son-nom\/#breadcrumb\",\"itemListElement\":[{\"@type\":\"ListItem\",\"position\":1,\"name\":\"Accueil\",\"item\":\"https:\/\/www.a-qui-s.fr\/le-blog\/\"},{\"@type\":\"ListItem\",\"position\":2,\"name\":\"\u00c9tiquettes\",\"item\":\"https:\/\/www.a-qui-s.fr\/le-blog\/category\/etiquettes-vetement-autocollants\/\"},{\"@type\":\"ListItem\",\"position\":3,\"name\":\"\u00c9tiquette bagage : Comment marquer ses valises \u00e0 son nom ?\"}]},{\"@type\":\"WebSite\",\"@id\":\"https:\/\/www.a-qui-s.fr\/le-blog\/#website\",\"url\":\"https:\/\/www.a-qui-s.fr\/le-blog\/\",\"name\":\"LE BLOG d&#039;A-qui-S\",\"description\":\"La communaut\u00e9 des &quot;Pas-Perdus&quot;\",\"publisher\":{\"@id\":\"https:\/\/www.a-qui-s.fr\/le-blog\/#organization\"},\"potentialAction\":[{\"@type\":\"SearchAction\",\"target\":{\"@type\":\"EntryPoint\",\"urlTemplate\":\"https:\/\/www.a-qui-s.fr\/le-blog\/?s={search_term_string}\"},\"query-input\":{\"@type\":\"PropertyValueSpecification\",\"valueRequired\":true,\"valueName\":\"search_term_string\"}}],\"inLanguage\":\"fr-FR\"},{\"@type\":\"Organization\",\"@id\":\"https:\/\/www.a-qui-s.fr\/le-blog\/#organization\",\"name\":\"Etiquettes & compagnie\",\"url\":\"https:\/\/www.a-qui-s.fr\/le-blog\/\",\"logo\":{\"@type\":\"ImageObject\",\"inLanguage\":\"fr-FR\",\"@id\":\"https:\/\/www.a-qui-s.fr\/le-blog\/#\/schema\/logo\/image\/\",\"url\":\"https:\/\/www.a-qui-s.fr\/le-blog\/wp-content\/uploads\/2015\/05\/logo_a-qui-s.png\",\"contentUrl\":\"https:\/\/www.a-qui-s.fr\/le-blog\/wp-content\/uploads\/2015\/05\/logo_a-qui-s.png\",\"width\":132,\"height\":59,\"caption\":\"Etiquettes & compagnie\"},\"image\":{\"@id\":\"https:\/\/www.a-qui-s.fr\/le-blog\/#\/schema\/logo\/image\/\"},\"sameAs\":[\"https:\/\/www.facebook.com\/AquiS\/\",\"https:\/\/x.com\/aquis_fr\"]},{\"@type\":\"Person\",\"@id\":\"https:\/\/www.a-qui-s.fr\/le-blog\/#\/schema\/person\/6137cde8b4274f12814983bcb5dbbf80\",\"name\":\"Isabelle D' A-QUI-S\",\"image\":{\"@type\":\"ImageObject\",\"inLanguage\":\"fr-FR\",\"@id\":\"https:\/\/www.a-qui-s.fr\/le-blog\/#\/schema\/person\/image\/\",\"url\":\"https:\/\/secure.gravatar.com\/avatar\/15b54286c256bb83f3738b56573f4662227f32ef2de42e88b04b94ca206a4433?s=96&d=mm&r=g\",\"contentUrl\":\"https:\/\/secure.gravatar.com\/avatar\/15b54286c256bb83f3738b56573f4662227f32ef2de42e88b04b94ca206a4433?s=96&d=mm&r=g\",\"caption\":\"Isabelle D' A-QUI-S\"},\"url\":\"https:\/\/www.a-qui-s.fr\/le-blog\/author\/isabelle\/\"}]}<\/script>\n<!-- \/ Yoast SEO plugin. -->","yoast_head_json":{"title":"\u00c9tiquette bagage : Comment marquer ses valises \u00e0 son nom ? -","description":"\u00c9tiquette bagage : comment marquer ses valise \u00e0 son nom pour un voyage ? Pourquoi faut il \u00e9tiqueter ses valises ? L'\u00e9tiquette A-qui-Bag la solution fun et pratique !","robots":{"index":"index","follow":"follow","max-snippet":"max-snippet:-1","max-image-preview":"max-image-preview:large","max-video-preview":"max-video-preview:-1"},"canonical":"https:\/\/www.a-qui-s.fr\/le-blog\/etiquettes-vetement-autocollants\/etiquette-bagage-comment-marquer-ses-valises-a-son-nom\/","og_locale":"fr_FR","og_type":"article","og_title":"\u00c9tiquette bagage : Comment marquer ses valises \u00e0 son nom ? -","og_description":"\u00c9tiquette bagage : comment marquer ses valise \u00e0 son nom pour un voyage ? Pourquoi faut il \u00e9tiqueter ses valises ? L'\u00e9tiquette A-qui-Bag la solution fun et pratique !","og_url":"https:\/\/www.a-qui-s.fr\/le-blog\/etiquettes-vetement-autocollants\/etiquette-bagage-comment-marquer-ses-valises-a-son-nom\/","og_site_name":"LE BLOG d&#039;A-qui-S","article_publisher":"https:\/\/www.facebook.com\/AquiS\/","article_published_time":"2018-06-04T12:30:36+00:00","article_modified_time":"2025-08-21T11:27:43+00:00","og_image":[{"width":400,"height":400,"url":"https:\/\/www.a-qui-s.fr\/le-blog\/wp-content\/uploads\/2018\/05\/aqb-.jpg","type":"image\/jpeg"}],"author":"Isabelle D' A-QUI-S","twitter_card":"summary_large_image","twitter_creator":"@aquis_fr","twitter_site":"@aquis_fr","twitter_misc":{"Written by":"Isabelle D' A-QUI-S","Est. reading time":"4 minutes"},"schema":{"@context":"https:\/\/schema.org","@graph":[{"@type":"Article","@id":"https:\/\/www.a-qui-s.fr\/le-blog\/etiquettes-vetement-autocollants\/etiquette-bagage-comment-marquer-ses-valises-a-son-nom\/#article","isPartOf":{"@id":"https:\/\/www.a-qui-s.fr\/le-blog\/etiquettes-vetement-autocollants\/etiquette-bagage-comment-marquer-ses-valises-a-son-nom\/"},"author":{"name":"Isabelle D' A-QUI-S","@id":"https:\/\/www.a-qui-s.fr\/le-blog\/#\/schema\/person\/6137cde8b4274f12814983bcb5dbbf80"},"headline":"\u00c9tiquette bagage : Comment marquer ses valises \u00e0 son nom ?","datePublished":"36+00:00","dateModified":"43+00:00","mainEntityOfPage":{"@id":"https:\/\/www.a-qui-s.fr\/le-blog\/etiquettes-vetement-autocollants\/etiquette-bagage-comment-marquer-ses-valises-a-son-nom\/"},"wordCount":783,"commentCount":2,"publisher":{"@id":"https:\/\/www.a-qui-s.fr\/le-blog\/#organization"},"image":{"@id":"https:\/\/www.a-qui-s.fr\/le-blog\/etiquettes-vetement-autocollants\/etiquette-bagage-comment-marquer-ses-valises-a-son-nom\/#primaryimage"},"thumbnailUrl":"https:\/\/www.a-qui-s.fr\/le-blog\/wp-content\/uploads\/2018\/05\/aqb-.jpg","articleSection":["\u00c9tiquettes"],"inLanguage":"fr-FR","potentialAction":[{"@type":"CommentAction","name":"Comment","target":["https:\/\/www.a-qui-s.fr\/le-blog\/etiquettes-vetement-autocollants\/etiquette-bagage-comment-marquer-ses-valises-a-son-nom\/#respond"]}]},{"@type":"WebPage","@id":"https:\/\/www.a-qui-s.fr\/le-blog\/etiquettes-vetement-autocollants\/etiquette-bagage-comment-marquer-ses-valises-a-son-nom\/","url":"https:\/\/www.a-qui-s.fr\/le-blog\/etiquettes-vetement-autocollants\/etiquette-bagage-comment-marquer-ses-valises-a-son-nom\/","name":"\u00c9tiquette bagage : Comment marquer ses valises \u00e0 son nom ? -","isPartOf":{"@id":"https:\/\/www.a-qui-s.fr\/le-blog\/#website"},"primaryImageOfPage":{"@id":"https:\/\/www.a-qui-s.fr\/le-blog\/etiquettes-vetement-autocollants\/etiquette-bagage-comment-marquer-ses-valises-a-son-nom\/#primaryimage"},"image":{"@id":"https:\/\/www.a-qui-s.fr\/le-blog\/etiquettes-vetement-autocollants\/etiquette-bagage-comment-marquer-ses-valises-a-son-nom\/#primaryimage"},"thumbnailUrl":"https:\/\/www.a-qui-s.fr\/le-blog\/wp-content\/uploads\/2018\/05\/aqb-.jpg","datePublished":"36+00:00","dateModified":"43+00:00","description":"\u00c9tiquette bagage : comment marquer ses valise \u00e0 son nom pour un voyage ? Pourquoi faut il \u00e9tiqueter ses valises ? L'\u00e9tiquette A-qui-Bag la solution fun et pratique !","breadcrumb":{"@id":"https:\/\/www.a-qui-s.fr\/le-blog\/etiquettes-vetement-autocollants\/etiquette-bagage-comment-marquer-ses-valises-a-son-nom\/#breadcrumb"},"inLanguage":"fr-FR","potentialAction":[{"@type":"ReadAction","target":["https:\/\/www.a-qui-s.fr\/le-blog\/etiquettes-vetement-autocollants\/etiquette-bagage-comment-marquer-ses-valises-a-son-nom\/"]}]},{"@type":"ImageObject","inLanguage":"fr-FR","@id":"https:\/\/www.a-qui-s.fr\/le-blog\/etiquettes-vetement-autocollants\/etiquette-bagage-comment-marquer-ses-valises-a-son-nom\/#primaryimage","url":"https:\/\/www.a-qui-s.fr\/le-blog\/wp-content\/uploads\/2018\/05\/aqb-.jpg","contentUrl":"https:\/\/www.a-qui-s.fr\/le-blog\/wp-content\/uploads\/2018\/05\/aqb-.jpg","width":400,"height":400,"caption":"etiquette bagage"},{"@type":"BreadcrumbList","@id":"https:\/\/www.a-qui-s.fr\/le-blog\/etiquettes-vetement-autocollants\/etiquette-bagage-comment-marquer-ses-valises-a-son-nom\/#breadcrumb","itemListElement":[{"@type":"ListItem","position":1,"name":"Accueil","item":"https:\/\/www.a-qui-s.fr\/le-blog\/"},{"@type":"ListItem","position":2,"name":"\u00c9tiquettes","item":"https:\/\/www.a-qui-s.fr\/le-blog\/category\/etiquettes-vetement-autocollants\/"},{"@type":"ListItem","position":3,"name":"\u00c9tiquette bagage : Comment marquer ses valises \u00e0 son nom ?"}]},{"@type":"WebSite","@id":"https:\/\/www.a-qui-s.fr\/le-blog\/#website","url":"https:\/\/www.a-qui-s.fr\/le-blog\/","name":"LE BLOG d&#039;A-qui-S","description":"La communaut\u00e9 des &quot;Pas-Perdus&quot;","publisher":{"@id":"https:\/\/www.a-qui-s.fr\/le-blog\/#organization"},"potentialAction":[{"@type":"SearchAction","target":{"@type":"EntryPoint","urlTemplate":"https:\/\/www.a-qui-s.fr\/le-blog\/?s={search_term_string}"},"query-input":{"@type":"PropertyValueSpecification","valueRequired":true,"valueName":"search_term_string"}}],"inLanguage":"fr-FR"},{"@type":"Organization","@id":"https:\/\/www.a-qui-s.fr\/le-blog\/#organization","name":"Etiquettes & compagnie","url":"https:\/\/www.a-qui-s.fr\/le-blog\/","logo":{"@type":"ImageObject","inLanguage":"fr-FR","@id":"https:\/\/www.a-qui-s.fr\/le-blog\/#\/schema\/logo\/image\/","url":"https:\/\/www.a-qui-s.fr\/le-blog\/wp-content\/uploads\/2015\/05\/logo_a-qui-s.png","contentUrl":"https:\/\/www.a-qui-s.fr\/le-blog\/wp-content\/uploads\/2015\/05\/logo_a-qui-s.png","width":132,"height":59,"caption":"Etiquettes & compagnie"},"image":{"@id":"https:\/\/www.a-qui-s.fr\/le-blog\/#\/schema\/logo\/image\/"},"sameAs":["https:\/\/www.facebook.com\/AquiS\/","https:\/\/x.com\/aquis_fr"]},{"@type":"Person","@id":"https:\/\/www.a-qui-s.fr\/le-blog\/#\/schema\/person\/6137cde8b4274f12814983bcb5dbbf80","name":"Isabelle D' A-QUI-S","image":{"@type":"ImageObject","inLanguage":"fr-FR","@id":"https:\/\/www.a-qui-s.fr\/le-blog\/#\/schema\/person\/image\/","url":"https:\/\/secure.gravatar.com\/avatar\/15b54286c256bb83f3738b56573f4662227f32ef2de42e88b04b94ca206a4433?s=96&d=mm&r=g","contentUrl":"https:\/\/secure.gravatar.com\/avatar\/15b54286c256bb83f3738b56573f4662227f32ef2de42e88b04b94ca206a4433?s=96&d=mm&r=g","caption":"Isabelle D' A-QUI-S"},"url":"https:\/\/www.a-qui-s.fr\/le-blog\/author\/isabelle\/"}]}},"_links":{"self":[{"href":"https:\/\/www.a-qui-s.fr\/le-blog\/wp-json\/wp\/v2\/posts\/12249","targetHints":{"allow":["GET"]}}],"collection":[{"href":"https:\/\/www.a-qui-s.fr\/le-blog\/wp-json\/wp\/v2\/posts"}],"about":[{"href":"https:\/\/www.a-qui-s.fr\/le-blog\/wp-json\/wp\/v2\/types\/post"}],"author":[{"embeddable":true,"href":"https:\/\/www.a-qui-s.fr\/le-blog\/wp-json\/wp\/v2\/users\/6"}],"replies":[{"embeddable":true,"href":"https:\/\/www.a-qui-s.fr\/le-blog\/wp-json\/wp\/v2\/comments?post=12249"}],"version-history":[{"count":0,"href":"https:\/\/www.a-qui-s.fr\/le-blog\/wp-json\/wp\/v2\/posts\/12249\/revisions"}],"wp:featuredmedia":[{"embeddable":true,"href":"https:\/\/www.a-qui-s.fr\/le-blog\/wp-json\/wp\/v2\/media\/12308"}],"wp:attachment":[{"href":"https:\/\/www.a-qui-s.fr\/le-blog\/wp-json\/wp\/v2\/media?parent=12249"}],"wp:term":[{"taxonomy":"category","embeddable":true,"href":"https:\/\/www.a-qui-s.fr\/le-blog\/wp-json\/wp\/v2\/categories?post=12249"},{"taxonomy":"post_tag","embeddable":true,"href":"https:\/\/www.a-qui-s.fr\/le-blog\/wp-json\/wp\/v2\/tags?post=12249"}],"curies":[{"name":"wp","href":"https:\/\/api.w.org\/{rel}","templated":true}]}}