{"id":12217,"date":"2018-10-30T10:18:15","date_gmt":"2018-10-30T09:18:15","guid":{"rendered":"https:\/\/www.a-qui-s.fr\/le-blog\/?p=12217"},"modified":"2025-08-21T12:27:09","modified_gmt":"2025-08-21T11:27:09","slug":"trousseau-de-maison-de-retraite-marquer-affaires","status":"publish","type":"post","link":"https:\/\/www.a-qui-s.fr\/le-blog\/etiquettes-vetement-autocollants\/trousseau-de-maison-de-retraite-marquer-affaires\/","title":{"rendered":"Trousseau de maison de retraite : pr\u00e9parer, marquer les affaires"},"content":{"rendered":"<p><strong>Pr\u00e9parer son entr\u00e9e en maison de retraite ou en EHPAD<\/strong>, pour soi ou pour un proche, demande&nbsp;en premier lieu beaucoup de<a href=\"https:\/\/www.pour-les-personnes-agees.gouv.fr\/dossiers\/preparer-son-entree-en-maison-de-retraite\"> d\u00e9marches administratives<\/a>. Se rajoute&nbsp;\u00e0 cela, l&rsquo;organisation des affaires du futur r\u00e9sident. Mais que mettre dans son trousseau de maison de retraite ou d&rsquo;EHPAD ? Comment ne rien oublier, pr\u00e9parer toutes ses affaires, les marquer avant son admission&nbsp; ?<\/p>\n<h2 style=\"text-align: center;\"><img fetchpriority=\"high\" decoding=\"async\" class=\"alignright wp-image-12547 size-full\" title=\"trousseau de maison de retraite\" src=\"https:\/\/www.a-qui-s.fr\/le-blog\/wp-content\/uploads\/2018\/06\/pack-senior-etiquette.jpg\" alt=\"trousseau de maison de retraite\" width=\"500\" height=\"500\" srcset=\"https:\/\/www.a-qui-s.fr\/le-blog\/wp-content\/uploads\/2018\/06\/pack-senior-etiquette.jpg 500w, https:\/\/www.a-qui-s.fr\/le-blog\/wp-content\/uploads\/2018\/06\/pack-senior-etiquette-300x300.jpg 300w, https:\/\/www.a-qui-s.fr\/le-blog\/wp-content\/uploads\/2018\/06\/pack-senior-etiquette-150x150.jpg 150w\" sizes=\"(max-width: 500px) 100vw, 500px\" \/>Pr\u00e9parer le trousseau de maison de retraite ou d&rsquo;EHPAD<\/h2>\n<p>Voici ci-dessous un exemple de trousseau demand\u00e9 en maison de retraite. Chaque \u00e9tablissement \u00e9tabli bien \u00e9videment sa propre liste, mais ce trousseau type pourra vous \u00eatre utile pour commencer \u00e0 organiser les fournitures. Suivant la mobilit\u00e9 du r\u00e9sident, il faudra pr\u00e9voir des v\u00eatements faciles \u00e0 mettre, avec des chemises ouvertes plut\u00f4t que maillots ou robes o\u00f9 il est n\u00e9cessaire de lever les bras.<\/p>\n<p>10 sous-v\u00eatements, en coton, lavable \u00e0 90\u00b0<br \/>\n4 chemises de corps, en coton, lavable \u00e0 90\u00b0<br \/>\n10 paires de collants ou de chaussettes<br \/>\n6 Tee-shirts en coton<br \/>\n4 Chemises de nuit ou pyjama d&rsquo;\u00e9t\u00e9 coton lavable \u00e0 90\u00b0C<br \/>\n4 Chemises de nuit ou pyjama d&rsquo;hiver coton lavable \u00e0 90 \u00b0C<\/p>\n<p>2 Robes de chambre pour l&rsquo;hiver<br \/>\n4 Robes ou 4 jupes et 4 pantalons , 4 pulls ou veste, veste polaire&#8230;<\/p>\n<p>2 Paires de pantoufles bien ferm\u00e9s.<br \/>\n2 Paires de chaussures pour l&rsquo;hiver et 2 paires de chaussures pour l&rsquo;\u00e9t\u00e9 faciles \u00e0 enfiler.<\/p>\n<p>4 Serviettes de toilette ainsi que 4 draps de bain<br \/>\n6 Gants de toilette et 8 Mouchoirs en tissus ou bo\u00eete de mouchoir papier renouvel\u00e9 r\u00e9guli\u00e8rement.<br \/>\n3 Vestes faciles \u00e0 enfiler.<br \/>\n1 Manteau d&rsquo;hiver pour les r\u00e9sidents mobiles.<\/p>\n<p>Certaines mati\u00e8re fragiles ne r\u00e9sistent pas au nettoyage \u00ab\u00a0industriel\u00a0\u00bb appliqu\u00e9 par les services de linge de collectivit\u00e9, comme par exemple : la laine, la soie, la mati\u00e8re \u00ab\u00a0Damart\u00a0\u00bb, le cachemire&#8230; Pr\u00e9f\u00e9rez des mati\u00e8res plus r\u00e9sistantes comme le coton, la polaire. En cas d&rsquo;hospitalisation, pensez \u00e0 pr\u00e9voir un sac ou un petit bagage, pour r\u00e9unir les affaires personnelles.<\/p>\n<h2 style=\"text-align: center;\">Les affaires de soin, produits d&rsquo;hygi\u00e8ne \u00e0 pr\u00e9voir pour la maison de retraite<\/h2>\n<p style=\"text-align: left;\">Pour ce qui est du n\u00e9cessaire d&rsquo;hygi\u00e8ne \u00e0 pr\u00e9voir, il faut tout d&rsquo;abord prendre en compte <strong>l&rsquo;autonomie du r\u00e9sident<\/strong>. Un r\u00e9sident recevant de l&rsquo;aide pour faire sa toilette, devra favoriser des produits d&rsquo;hygi\u00e8ne avec une ouverture facile (ou flacon \u00e0 pompe), dans le but de pr\u00e9server son autonomie.<\/p>\n<p style=\"text-align: left;\"><strong>Le n\u00e9cessaire de toilette :<\/strong><\/p>\n<ul style=\"text-align: left;\">\n<li>Gel douche<\/li>\n<li>Shampoing<\/li>\n<li>Brosse \u00e0 dents ainsi qu&rsquo;un gobelet<\/li>\n<li>Dentifrice<\/li>\n<li>N\u00e9cessaire \u00e0 dentier si besoin (colle, pastille effervescente nettoyante, brosse \u00e0 dent sp\u00e9ciale)<\/li>\n<li>D\u00e9odorant<\/li>\n<li>Eau de toilette<\/li>\n<li>Peigne ou Brosse<\/li>\n<\/ul>\n<p style=\"text-align: left;\">(Pr\u00e9voir aussi une trousse de toilette en cas d&rsquo;hospitalisation).<\/p>\n<h2 style=\"text-align: center;\">Les affaires personnelles et objets<\/h2>\n<p><img decoding=\"async\" class=\"wp-image-12219 alignright\" src=\"https:\/\/www.a-qui-s.fr\/le-blog\/wp-content\/uploads\/2018\/04\/vieux.jpg\" alt=\"trousseau de maison de retraite\" width=\"294\" height=\"196\" srcset=\"https:\/\/www.a-qui-s.fr\/le-blog\/wp-content\/uploads\/2018\/04\/vieux.jpg 960w, https:\/\/www.a-qui-s.fr\/le-blog\/wp-content\/uploads\/2018\/04\/vieux-300x200.jpg 300w, https:\/\/www.a-qui-s.fr\/le-blog\/wp-content\/uploads\/2018\/04\/vieux-768x512.jpg 768w\" sizes=\"(max-width: 294px) 100vw, 294px\" \/><\/p>\n<p><strong>Certains moment en maison de retraite<\/strong> ou en EHPAD peuvent para\u00eetre longs pour les r\u00e9sidents, par cons\u00e9quent il est important d&rsquo;amener de quoi se distraire. Voici une liste d&rsquo;exemples d&rsquo;objets qui peuvent \u00eatre ajout\u00e9s au trousseau de maison de retraite :<\/p>\n<ul>\n<li>Un cahier de mots fl\u00e9ch\u00e9s ou mots crois\u00e9s.<\/li>\n<li>Des pelotes de laine et des aiguilles \u00e0 tricoter.<\/li>\n<li>Une tablette pour recevoir des photos, des vid\u00e9os, mais aussi pour jouer \u00e0 des jeux.<\/li>\n<li>Un jeu de carte, un jeu de dames&#8230;<\/li>\n<li>Des livres<\/li>\n<li>Des stylos, du papier, des timbres<\/li>\n<li>Poste radio<\/li>\n<li>T\u00e9l\u00e9phone portable<\/li>\n<\/ul>\n<h2 style=\"text-align: center;\">Marquer, \u00e9tiqueter, des affaires pour la maison de retraite ou l&rsquo;EHPAD<\/h2>\n<p><strong>Marquer les v\u00eatements : <\/strong>Les maisons de retraite collectent le linge sale de tous les r\u00e9sidents. Certaines fois des v\u00eatements peuvent \u00eatre confondus. C&rsquo;est pourquoi l&rsquo;int\u00e9gralit\u00e9 des v\u00eatements et objets personnels doivent \u00eatre marqu\u00e9s avant l&rsquo;entr\u00e9e en maison de retraite ou en EHPAD. Pour les v\u00eatements vous pouvez opter pour des <a href=\"https:\/\/www.a-qui-s.fr\/pack-etiquettes-marquage-seniors\">\u00e9tiquettes pour v\u00eatements seniors<\/a> qui r\u00e9sistent aux lavages des services de lingerie en collectivit\u00e9 (90\u00b0C). Les <a href=\"https:\/\/www.a-qui-s.fr\/boutique\/etiquettes-pour-vetements\">\u00e9tiquettes thermocollantes<\/a> se posent \u00e0 l&rsquo;aide d&rsquo;un fer \u00e0 repasser en quelques secondes.&nbsp; Enti\u00e8rement personnalisables, vous pouvez y inscrire le pr\u00e9nom, le nom mais aussi le num\u00e9ro de chambre du r\u00e9sident. Ensuite vous pouvez choisir la couleur du texte mais aussi un petit motif qui plaira au r\u00e9sident.<\/p>\n<p><strong>Marquer les collants :<\/strong> Pour ce qui est de marquer les collants, bas de contention et autres textiles plus fragiles, utilisez des <a href=\"https:\/\/www.a-qui-s.fr\/etiquettes-vetements-a-coudre\">\u00e9tiquettes \u00e0 coudre<\/a>.<\/p>\n<p><strong>Marquer les objets et chaussures et chaussons : <\/strong>Pour \u00e9viter toute perte ou \u00e9change entre les r\u00e9sidents, les maisons de retraites et les EHPAD conseillent de marquer les noms et pr\u00e9noms des r\u00e9sidents sur chacun de leurs objets, chaussures et chaussons ou pantoufles. Pour cela vous pouvez utiliser des autocollants personnalis\u00e9s destin\u00e9s aux objets et aux chaussures<\/p>\n<h2><strong>Le pack Vermeil :<\/strong><\/h2>\n<p>Tout \u00e9tiqueter rel\u00e8ve du casse t\u00eate. Pour faciliter cette t\u00e2che A-qui-S (1er fabricant d&rsquo;\u00e9tiquettes personnalis\u00e9es) a cr\u00e9\u00e9 le \u00ab\u00a0<a href=\"https:\/\/www.a-qui-s.fr\/boutique\/pack-vermeil\/PKVRM\">Pack Vermeil\u00a0\u00bb<\/a>, compos\u00e9 de 90 \u00e9tiquettes thermocollantes ultra-r\u00e9sistantes pour v\u00eatements. Mais aussi des \u00e9tiquettes pour objets : 24 petits autocollants (pour les stylos, le peigne, l&rsquo;eau de cologne), 16 mini autocollants ( pour les lunettes, le pilulier, le t\u00e9l\u00e9phone, le boitier des appareils auditifs), 2 grands autocollants (pour la canne, le fauteuil roulant&#8230;) et 12 autocollants chaussures pour marquer 6 paires de chaussures ou de chaussons. Ces \u00e9tiquettes sont lavables, et sont con\u00e7ues avec des encres sans solvant.<\/p>\n<p>Par ailleurs, ce pack a \u00e9t\u00e9 d\u00e9velopp\u00e9 en partenariat avec des professionnels de maison de retraite et d&rsquo;EHPAD sp\u00e9cialis\u00e9s dans l&rsquo;accueil de s\u00e9niors. Il r\u00e9pond aux besoins sp\u00e9cifiques des r\u00e9sidents gr\u00e2ce \u00e0 leur couleurs vives, lumineuses et contrast\u00e9es. De plus, l&rsquo;option \u00ab\u00a0Gros caract\u00e8res\u00a0\u00bb facilite la lecture des personnes \u00e0 d\u00e9ficit visuel. La forme et les dessins sont particuli\u00e8rement adapt\u00e9s aux r\u00e9sidents.<\/p>\n<h3>Etiquettes \u00e0 coudre pour maison de retraite<\/h3>\n<p>En compl\u00e9ment du pack vermeil, vous pouvez optez pour des \u00e9tiquette \u00e0 coudre en satin. <a href=\"https:\/\/www.a-qui-s.fr\/etiquettes-vetements-a-coudre\">L&rsquo;\u00e9tiquette v\u00eatement \u00e0 coudre<\/a> permet de marquer les v\u00eatements sans avoir \u00e0 utiliser de fer \u00e0 repasser et ne contient pas de colle. Cependant, il faudra avoir du temps devant vous et, bien \u00e9videment, il faut savoir coudre ou utiliser une machine \u00e0 coudre. Ces \u00e9tiquettes sont vendue en lot de 10,30,60,110,160 ou 210 \u00e0 partir de 4\u20ac. Vous pouvez y inscrire un pr\u00e9nom + un nom ainsi qu&rsquo;un num\u00e9ro de chambre. Diff\u00e9rents styles d&rsquo;\u00e9criture sont disponibles dont des \u00e9critures avec des grands caract\u00e8res afin d&rsquo;\u00eatre facilement lu par les s\u00e9niors et facilement identifiable par le personnel en maison de retraite ou en EHPAD. Pour finaliser vos \u00e9tiquettes, choisissez un joli motif parmi plus de 50 dessins disponibles. L&rsquo;encre des \u00e9tiquettes satin est sans solvant et elles r\u00e9sistent aux lavage \u00e0 90\u00b0.&nbsp;<\/p>\n<figure style=\"width: 446px\" class=\"wp-caption aligncenter\"><img decoding=\"async\" class=\"\" src=\"https:\/\/images.a-qui-s.fr\/image\/upload\/v1619534144\/BLOG\/etiquette-coudre-personnalise-ehpad.jpg\" alt=\"Etiquettes \u00e0 coudre personnalis\u00e9s\" width=\"446\" height=\"446\"><figcaption class=\"wp-caption-text\">Etiquettes \u00e0 coudre personnalis\u00e9s<\/figcaption><\/figure>\n<h3>Ranger ses affaires<\/h3>\n<p>Chacun a des petites affaires pr\u00e9cieuses que l&rsquo;on aime ranger correctement et ne pas perdre. Pour pouvoir ranger ses bo\u00eetes \u00e0 bijoux, c\u00e2bles de t\u00e9l\u00e9phone, tablette ou autres appareils d\u00e9couvrez le <a href=\"https:\/\/www.a-qui-s.fr\/sac-coton-personnalise\">sac en coton personnalis\u00e9<\/a>. Ce petit sac est 100% coton, 100% personnalis\u00e9 au pr\u00e9nom de son propri\u00e9taire. Vous pouvez \u00e9galement choisir un dessin et la couleur de votre texte. Ce petit sac s&rsquo;adapte \u00e0 vos besoins et se glisse facilement partout. Il existe en 3 tailles.<\/p>\n<ul>\n<li>Taille S : environ 24&#215;27 cm<\/li>\n<li>Tailles M : environ 36&#215;39 cm<\/li>\n<li>Taille M : environ 38&#215;58 cm<\/li>\n<\/ul>\n<p>La taille S permet de ranger des petits objets, des m\u00e9dicaments, les chargeurs. La taille M est id\u00e9al pour y ranger une tenue de rechange ou encore vos chaussons ou une paire de chaussure. Enfin, la taille L permet d&rsquo;y glisser des petits jeux de soci\u00e9t\u00e9, du linge sale&#8230;<\/p>\n<p>Toutes les \u00e9tiquettes ainsi que les packs d&rsquo;\u00e9tiquettes sont personnalis\u00e9s, imprim\u00e9s en 24\/48h dans notre atelier. De plus, profitez de la livraison \u00e0 domicile gratuite pour recevoir vos \u00e9tiquettes directement dans votre bo\u00eete aux lettres. Vous avez un doute pour ce qui est de marquer un v\u00eatements du trousseau de maison de retraite ? Notre service client peut vous renseigner sur ce point par t\u00e9l\u00e9phone au 05.59.27.17.27. N&rsquo;h\u00e9sitez pas !<\/p>\n","protected":false},"excerpt":{"rendered":"<p>Pr\u00e9parer son entr\u00e9e en maison de retraite ou en EHPAD, pour soi ou pour un proche, demande&nbsp;en premier lieu beaucoup de d\u00e9marches administratives. Se rajoute&nbsp;\u00e0 cela, l&rsquo;organisation des affaires du futur r\u00e9sident. Mais que mettre dans son trousseau de maison de retraite ou d&rsquo;EHPAD ? Comment ne rien oublier, pr\u00e9parer toutes ses affaires, les marquer [&hellip;]<\/p>\n","protected":false},"author":6,"featured_media":12546,"comment_status":"open","ping_status":"open","sticky":false,"template":"","format":"standard","meta":{"_acf_changed":false,"fifu_image_url":"","fifu_image_alt":"","footnotes":""},"categories":[286],"tags":[],"class_list":["post-12217","post","type-post","status-publish","format-standard","has-post-thumbnail","hentry","category-etiquettes-vetement-autocollants"],"acf":[],"yoast_head":"<!-- This site is optimized with the Yoast SEO plugin v27.0 - https:\/\/yoast.com\/product\/yoast-seo-wordpress\/ -->\n<title>Trousseau de maison de retraite : pr\u00e9parer, marquer les affaires -<\/title>\n<meta name=\"description\" content=\"Avant d&#039;entrer en maison de retraite, il est important de pr\u00e9parer et marquer ses affaires. Vous trouverez un exemple de trousseau de maison de retraite (v\u00eatements, soin d&#039;hygi\u00e8ne et objets) dans cet article et des solutions pour \u00e9tiqueter ses affaires.\" \/>\n<meta name=\"robots\" content=\"index, follow, max-snippet:-1, max-image-preview:large, max-video-preview:-1\" \/>\n<link rel=\"canonical\" href=\"https:\/\/www.a-qui-s.fr\/le-blog\/etiquettes-vetement-autocollants\/trousseau-de-maison-de-retraite-marquer-affaires\/\" \/>\n<meta property=\"og:locale\" content=\"fr_FR\" \/>\n<meta property=\"og:type\" content=\"article\" \/>\n<meta property=\"og:title\" content=\"Trousseau de maison de retraite : pr\u00e9parer, marquer les affaires -\" \/>\n<meta property=\"og:description\" content=\"Avant d&#039;entrer en maison de retraite, il est important de pr\u00e9parer et marquer ses affaires. Vous trouverez un exemple de trousseau de maison de retraite (v\u00eatements, soin d&#039;hygi\u00e8ne et objets) dans cet article et des solutions pour \u00e9tiqueter ses affaires.\" \/>\n<meta property=\"og:url\" content=\"https:\/\/www.a-qui-s.fr\/le-blog\/etiquettes-vetement-autocollants\/trousseau-de-maison-de-retraite-marquer-affaires\/\" \/>\n<meta property=\"og:site_name\" content=\"LE BLOG d&#039;A-qui-S\" \/>\n<meta property=\"article:publisher\" content=\"https:\/\/www.facebook.com\/AquiS\/\" \/>\n<meta property=\"article:published_time\" content=\"2018-10-30T09:18:15+00:00\" \/>\n<meta property=\"article:modified_time\" content=\"2025-08-21T11:27:09+00:00\" \/>\n<meta property=\"og:image\" content=\"https:\/\/www.a-qui-s.fr\/le-blog\/wp-content\/uploads\/2018\/06\/pack-senior.jpg\" \/>\n\t<meta property=\"og:image:width\" content=\"500\" \/>\n\t<meta property=\"og:image:height\" content=\"500\" \/>\n\t<meta property=\"og:image:type\" content=\"image\/jpeg\" \/>\n<meta name=\"author\" content=\"Isabelle D&#039; A-QUI-S\" \/>\n<meta name=\"twitter:card\" content=\"summary_large_image\" \/>\n<meta name=\"twitter:creator\" content=\"@aquis_fr\" \/>\n<meta name=\"twitter:site\" content=\"@aquis_fr\" \/>\n<meta name=\"twitter:label1\" content=\"Written by\" \/>\n\t<meta name=\"twitter:data1\" content=\"Isabelle D&#039; A-QUI-S\" \/>\n\t<meta name=\"twitter:label2\" content=\"Est. reading time\" \/>\n\t<meta name=\"twitter:data2\" content=\"7 minutes\" \/>\n<script type=\"application\/ld+json\" class=\"yoast-schema-graph\">{\"@context\":\"https:\/\/schema.org\",\"@graph\":[{\"@type\":\"Article\",\"@id\":\"https:\/\/www.a-qui-s.fr\/le-blog\/etiquettes-vetement-autocollants\/trousseau-de-maison-de-retraite-marquer-affaires\/#article\",\"isPartOf\":{\"@id\":\"https:\/\/www.a-qui-s.fr\/le-blog\/etiquettes-vetement-autocollants\/trousseau-de-maison-de-retraite-marquer-affaires\/\"},\"author\":{\"name\":\"Isabelle D' A-QUI-S\",\"@id\":\"https:\/\/www.a-qui-s.fr\/le-blog\/#\/schema\/person\/6137cde8b4274f12814983bcb5dbbf80\"},\"headline\":\"Trousseau de maison de retraite : pr\u00e9parer, marquer les affaires\",\"datePublished\":\"15+00:00\",\"dateModified\":\"09+00:00\",\"mainEntityOfPage\":{\"@id\":\"https:\/\/www.a-qui-s.fr\/le-blog\/etiquettes-vetement-autocollants\/trousseau-de-maison-de-retraite-marquer-affaires\/\"},\"wordCount\":1361,\"commentCount\":6,\"publisher\":{\"@id\":\"https:\/\/www.a-qui-s.fr\/le-blog\/#organization\"},\"image\":{\"@id\":\"https:\/\/www.a-qui-s.fr\/le-blog\/etiquettes-vetement-autocollants\/trousseau-de-maison-de-retraite-marquer-affaires\/#primaryimage\"},\"thumbnailUrl\":\"https:\/\/www.a-qui-s.fr\/le-blog\/wp-content\/uploads\/2018\/06\/pack-senior.jpg\",\"articleSection\":[\"\u00c9tiquettes\"],\"inLanguage\":\"fr-FR\",\"potentialAction\":[{\"@type\":\"CommentAction\",\"name\":\"Comment\",\"target\":[\"https:\/\/www.a-qui-s.fr\/le-blog\/etiquettes-vetement-autocollants\/trousseau-de-maison-de-retraite-marquer-affaires\/#respond\"]}]},{\"@type\":\"WebPage\",\"@id\":\"https:\/\/www.a-qui-s.fr\/le-blog\/etiquettes-vetement-autocollants\/trousseau-de-maison-de-retraite-marquer-affaires\/\",\"url\":\"https:\/\/www.a-qui-s.fr\/le-blog\/etiquettes-vetement-autocollants\/trousseau-de-maison-de-retraite-marquer-affaires\/\",\"name\":\"Trousseau de maison de retraite : pr\u00e9parer, marquer les affaires -\",\"isPartOf\":{\"@id\":\"https:\/\/www.a-qui-s.fr\/le-blog\/#website\"},\"primaryImageOfPage\":{\"@id\":\"https:\/\/www.a-qui-s.fr\/le-blog\/etiquettes-vetement-autocollants\/trousseau-de-maison-de-retraite-marquer-affaires\/#primaryimage\"},\"image\":{\"@id\":\"https:\/\/www.a-qui-s.fr\/le-blog\/etiquettes-vetement-autocollants\/trousseau-de-maison-de-retraite-marquer-affaires\/#primaryimage\"},\"thumbnailUrl\":\"https:\/\/www.a-qui-s.fr\/le-blog\/wp-content\/uploads\/2018\/06\/pack-senior.jpg\",\"datePublished\":\"15+00:00\",\"dateModified\":\"09+00:00\",\"description\":\"Avant d'entrer en maison de retraite, il est important de pr\u00e9parer et marquer ses affaires. Vous trouverez un exemple de trousseau de maison de retraite (v\u00eatements, soin d'hygi\u00e8ne et objets) dans cet article et des solutions pour \u00e9tiqueter ses affaires.\",\"breadcrumb\":{\"@id\":\"https:\/\/www.a-qui-s.fr\/le-blog\/etiquettes-vetement-autocollants\/trousseau-de-maison-de-retraite-marquer-affaires\/#breadcrumb\"},\"inLanguage\":\"fr-FR\",\"potentialAction\":[{\"@type\":\"ReadAction\",\"target\":[\"https:\/\/www.a-qui-s.fr\/le-blog\/etiquettes-vetement-autocollants\/trousseau-de-maison-de-retraite-marquer-affaires\/\"]}]},{\"@type\":\"ImageObject\",\"inLanguage\":\"fr-FR\",\"@id\":\"https:\/\/www.a-qui-s.fr\/le-blog\/etiquettes-vetement-autocollants\/trousseau-de-maison-de-retraite-marquer-affaires\/#primaryimage\",\"url\":\"https:\/\/www.a-qui-s.fr\/le-blog\/wp-content\/uploads\/2018\/06\/pack-senior.jpg\",\"contentUrl\":\"https:\/\/www.a-qui-s.fr\/le-blog\/wp-content\/uploads\/2018\/06\/pack-senior.jpg\",\"width\":500,\"height\":500},{\"@type\":\"BreadcrumbList\",\"@id\":\"https:\/\/www.a-qui-s.fr\/le-blog\/etiquettes-vetement-autocollants\/trousseau-de-maison-de-retraite-marquer-affaires\/#breadcrumb\",\"itemListElement\":[{\"@type\":\"ListItem\",\"position\":1,\"name\":\"Accueil\",\"item\":\"https:\/\/www.a-qui-s.fr\/le-blog\/\"},{\"@type\":\"ListItem\",\"position\":2,\"name\":\"\u00c9tiquettes\",\"item\":\"https:\/\/www.a-qui-s.fr\/le-blog\/category\/etiquettes-vetement-autocollants\/\"},{\"@type\":\"ListItem\",\"position\":3,\"name\":\"Trousseau de maison de retraite : pr\u00e9parer, marquer les affaires\"}]},{\"@type\":\"WebSite\",\"@id\":\"https:\/\/www.a-qui-s.fr\/le-blog\/#website\",\"url\":\"https:\/\/www.a-qui-s.fr\/le-blog\/\",\"name\":\"LE BLOG d&#039;A-qui-S\",\"description\":\"La communaut\u00e9 des &quot;Pas-Perdus&quot;\",\"publisher\":{\"@id\":\"https:\/\/www.a-qui-s.fr\/le-blog\/#organization\"},\"potentialAction\":[{\"@type\":\"SearchAction\",\"target\":{\"@type\":\"EntryPoint\",\"urlTemplate\":\"https:\/\/www.a-qui-s.fr\/le-blog\/?s={search_term_string}\"},\"query-input\":{\"@type\":\"PropertyValueSpecification\",\"valueRequired\":true,\"valueName\":\"search_term_string\"}}],\"inLanguage\":\"fr-FR\"},{\"@type\":\"Organization\",\"@id\":\"https:\/\/www.a-qui-s.fr\/le-blog\/#organization\",\"name\":\"Etiquettes & compagnie\",\"url\":\"https:\/\/www.a-qui-s.fr\/le-blog\/\",\"logo\":{\"@type\":\"ImageObject\",\"inLanguage\":\"fr-FR\",\"@id\":\"https:\/\/www.a-qui-s.fr\/le-blog\/#\/schema\/logo\/image\/\",\"url\":\"https:\/\/www.a-qui-s.fr\/le-blog\/wp-content\/uploads\/2015\/05\/logo_a-qui-s.png\",\"contentUrl\":\"https:\/\/www.a-qui-s.fr\/le-blog\/wp-content\/uploads\/2015\/05\/logo_a-qui-s.png\",\"width\":132,\"height\":59,\"caption\":\"Etiquettes & compagnie\"},\"image\":{\"@id\":\"https:\/\/www.a-qui-s.fr\/le-blog\/#\/schema\/logo\/image\/\"},\"sameAs\":[\"https:\/\/www.facebook.com\/AquiS\/\",\"https:\/\/x.com\/aquis_fr\"]},{\"@type\":\"Person\",\"@id\":\"https:\/\/www.a-qui-s.fr\/le-blog\/#\/schema\/person\/6137cde8b4274f12814983bcb5dbbf80\",\"name\":\"Isabelle D' A-QUI-S\",\"image\":{\"@type\":\"ImageObject\",\"inLanguage\":\"fr-FR\",\"@id\":\"https:\/\/www.a-qui-s.fr\/le-blog\/#\/schema\/person\/image\/\",\"url\":\"https:\/\/secure.gravatar.com\/avatar\/15b54286c256bb83f3738b56573f4662227f32ef2de42e88b04b94ca206a4433?s=96&d=mm&r=g\",\"contentUrl\":\"https:\/\/secure.gravatar.com\/avatar\/15b54286c256bb83f3738b56573f4662227f32ef2de42e88b04b94ca206a4433?s=96&d=mm&r=g\",\"caption\":\"Isabelle D' A-QUI-S\"},\"url\":\"https:\/\/www.a-qui-s.fr\/le-blog\/author\/isabelle\/\"}]}<\/script>\n<!-- \/ Yoast SEO plugin. -->","yoast_head_json":{"title":"Trousseau de maison de retraite : pr\u00e9parer, marquer les affaires -","description":"Avant d'entrer en maison de retraite, il est important de pr\u00e9parer et marquer ses affaires. Vous trouverez un exemple de trousseau de maison de retraite (v\u00eatements, soin d'hygi\u00e8ne et objets) dans cet article et des solutions pour \u00e9tiqueter ses affaires.","robots":{"index":"index","follow":"follow","max-snippet":"max-snippet:-1","max-image-preview":"max-image-preview:large","max-video-preview":"max-video-preview:-1"},"canonical":"https:\/\/www.a-qui-s.fr\/le-blog\/etiquettes-vetement-autocollants\/trousseau-de-maison-de-retraite-marquer-affaires\/","og_locale":"fr_FR","og_type":"article","og_title":"Trousseau de maison de retraite : pr\u00e9parer, marquer les affaires -","og_description":"Avant d'entrer en maison de retraite, il est important de pr\u00e9parer et marquer ses affaires. Vous trouverez un exemple de trousseau de maison de retraite (v\u00eatements, soin d'hygi\u00e8ne et objets) dans cet article et des solutions pour \u00e9tiqueter ses affaires.","og_url":"https:\/\/www.a-qui-s.fr\/le-blog\/etiquettes-vetement-autocollants\/trousseau-de-maison-de-retraite-marquer-affaires\/","og_site_name":"LE BLOG d&#039;A-qui-S","article_publisher":"https:\/\/www.facebook.com\/AquiS\/","article_published_time":"2018-10-30T09:18:15+00:00","article_modified_time":"2025-08-21T11:27:09+00:00","og_image":[{"width":500,"height":500,"url":"https:\/\/www.a-qui-s.fr\/le-blog\/wp-content\/uploads\/2018\/06\/pack-senior.jpg","type":"image\/jpeg"}],"author":"Isabelle D' A-QUI-S","twitter_card":"summary_large_image","twitter_creator":"@aquis_fr","twitter_site":"@aquis_fr","twitter_misc":{"Written by":"Isabelle D' A-QUI-S","Est. reading time":"7 minutes"},"schema":{"@context":"https:\/\/schema.org","@graph":[{"@type":"Article","@id":"https:\/\/www.a-qui-s.fr\/le-blog\/etiquettes-vetement-autocollants\/trousseau-de-maison-de-retraite-marquer-affaires\/#article","isPartOf":{"@id":"https:\/\/www.a-qui-s.fr\/le-blog\/etiquettes-vetement-autocollants\/trousseau-de-maison-de-retraite-marquer-affaires\/"},"author":{"name":"Isabelle D' A-QUI-S","@id":"https:\/\/www.a-qui-s.fr\/le-blog\/#\/schema\/person\/6137cde8b4274f12814983bcb5dbbf80"},"headline":"Trousseau de maison de retraite : pr\u00e9parer, marquer les affaires","datePublished":"15+00:00","dateModified":"09+00:00","mainEntityOfPage":{"@id":"https:\/\/www.a-qui-s.fr\/le-blog\/etiquettes-vetement-autocollants\/trousseau-de-maison-de-retraite-marquer-affaires\/"},"wordCount":1361,"commentCount":6,"publisher":{"@id":"https:\/\/www.a-qui-s.fr\/le-blog\/#organization"},"image":{"@id":"https:\/\/www.a-qui-s.fr\/le-blog\/etiquettes-vetement-autocollants\/trousseau-de-maison-de-retraite-marquer-affaires\/#primaryimage"},"thumbnailUrl":"https:\/\/www.a-qui-s.fr\/le-blog\/wp-content\/uploads\/2018\/06\/pack-senior.jpg","articleSection":["\u00c9tiquettes"],"inLanguage":"fr-FR","potentialAction":[{"@type":"CommentAction","name":"Comment","target":["https:\/\/www.a-qui-s.fr\/le-blog\/etiquettes-vetement-autocollants\/trousseau-de-maison-de-retraite-marquer-affaires\/#respond"]}]},{"@type":"WebPage","@id":"https:\/\/www.a-qui-s.fr\/le-blog\/etiquettes-vetement-autocollants\/trousseau-de-maison-de-retraite-marquer-affaires\/","url":"https:\/\/www.a-qui-s.fr\/le-blog\/etiquettes-vetement-autocollants\/trousseau-de-maison-de-retraite-marquer-affaires\/","name":"Trousseau de maison de retraite : pr\u00e9parer, marquer les affaires -","isPartOf":{"@id":"https:\/\/www.a-qui-s.fr\/le-blog\/#website"},"primaryImageOfPage":{"@id":"https:\/\/www.a-qui-s.fr\/le-blog\/etiquettes-vetement-autocollants\/trousseau-de-maison-de-retraite-marquer-affaires\/#primaryimage"},"image":{"@id":"https:\/\/www.a-qui-s.fr\/le-blog\/etiquettes-vetement-autocollants\/trousseau-de-maison-de-retraite-marquer-affaires\/#primaryimage"},"thumbnailUrl":"https:\/\/www.a-qui-s.fr\/le-blog\/wp-content\/uploads\/2018\/06\/pack-senior.jpg","datePublished":"15+00:00","dateModified":"09+00:00","description":"Avant d'entrer en maison de retraite, il est important de pr\u00e9parer et marquer ses affaires. Vous trouverez un exemple de trousseau de maison de retraite (v\u00eatements, soin d'hygi\u00e8ne et objets) dans cet article et des solutions pour \u00e9tiqueter ses affaires.","breadcrumb":{"@id":"https:\/\/www.a-qui-s.fr\/le-blog\/etiquettes-vetement-autocollants\/trousseau-de-maison-de-retraite-marquer-affaires\/#breadcrumb"},"inLanguage":"fr-FR","potentialAction":[{"@type":"ReadAction","target":["https:\/\/www.a-qui-s.fr\/le-blog\/etiquettes-vetement-autocollants\/trousseau-de-maison-de-retraite-marquer-affaires\/"]}]},{"@type":"ImageObject","inLanguage":"fr-FR","@id":"https:\/\/www.a-qui-s.fr\/le-blog\/etiquettes-vetement-autocollants\/trousseau-de-maison-de-retraite-marquer-affaires\/#primaryimage","url":"https:\/\/www.a-qui-s.fr\/le-blog\/wp-content\/uploads\/2018\/06\/pack-senior.jpg","contentUrl":"https:\/\/www.a-qui-s.fr\/le-blog\/wp-content\/uploads\/2018\/06\/pack-senior.jpg","width":500,"height":500},{"@type":"BreadcrumbList","@id":"https:\/\/www.a-qui-s.fr\/le-blog\/etiquettes-vetement-autocollants\/trousseau-de-maison-de-retraite-marquer-affaires\/#breadcrumb","itemListElement":[{"@type":"ListItem","position":1,"name":"Accueil","item":"https:\/\/www.a-qui-s.fr\/le-blog\/"},{"@type":"ListItem","position":2,"name":"\u00c9tiquettes","item":"https:\/\/www.a-qui-s.fr\/le-blog\/category\/etiquettes-vetement-autocollants\/"},{"@type":"ListItem","position":3,"name":"Trousseau de maison de retraite : pr\u00e9parer, marquer les affaires"}]},{"@type":"WebSite","@id":"https:\/\/www.a-qui-s.fr\/le-blog\/#website","url":"https:\/\/www.a-qui-s.fr\/le-blog\/","name":"LE BLOG d&#039;A-qui-S","description":"La communaut\u00e9 des &quot;Pas-Perdus&quot;","publisher":{"@id":"https:\/\/www.a-qui-s.fr\/le-blog\/#organization"},"potentialAction":[{"@type":"SearchAction","target":{"@type":"EntryPoint","urlTemplate":"https:\/\/www.a-qui-s.fr\/le-blog\/?s={search_term_string}"},"query-input":{"@type":"PropertyValueSpecification","valueRequired":true,"valueName":"search_term_string"}}],"inLanguage":"fr-FR"},{"@type":"Organization","@id":"https:\/\/www.a-qui-s.fr\/le-blog\/#organization","name":"Etiquettes & compagnie","url":"https:\/\/www.a-qui-s.fr\/le-blog\/","logo":{"@type":"ImageObject","inLanguage":"fr-FR","@id":"https:\/\/www.a-qui-s.fr\/le-blog\/#\/schema\/logo\/image\/","url":"https:\/\/www.a-qui-s.fr\/le-blog\/wp-content\/uploads\/2015\/05\/logo_a-qui-s.png","contentUrl":"https:\/\/www.a-qui-s.fr\/le-blog\/wp-content\/uploads\/2015\/05\/logo_a-qui-s.png","width":132,"height":59,"caption":"Etiquettes & compagnie"},"image":{"@id":"https:\/\/www.a-qui-s.fr\/le-blog\/#\/schema\/logo\/image\/"},"sameAs":["https:\/\/www.facebook.com\/AquiS\/","https:\/\/x.com\/aquis_fr"]},{"@type":"Person","@id":"https:\/\/www.a-qui-s.fr\/le-blog\/#\/schema\/person\/6137cde8b4274f12814983bcb5dbbf80","name":"Isabelle D' A-QUI-S","image":{"@type":"ImageObject","inLanguage":"fr-FR","@id":"https:\/\/www.a-qui-s.fr\/le-blog\/#\/schema\/person\/image\/","url":"https:\/\/secure.gravatar.com\/avatar\/15b54286c256bb83f3738b56573f4662227f32ef2de42e88b04b94ca206a4433?s=96&d=mm&r=g","contentUrl":"https:\/\/secure.gravatar.com\/avatar\/15b54286c256bb83f3738b56573f4662227f32ef2de42e88b04b94ca206a4433?s=96&d=mm&r=g","caption":"Isabelle D' A-QUI-S"},"url":"https:\/\/www.a-qui-s.fr\/le-blog\/author\/isabelle\/"}]}},"_links":{"self":[{"href":"https:\/\/www.a-qui-s.fr\/le-blog\/wp-json\/wp\/v2\/posts\/12217","targetHints":{"allow":["GET"]}}],"collection":[{"href":"https:\/\/www.a-qui-s.fr\/le-blog\/wp-json\/wp\/v2\/posts"}],"about":[{"href":"https:\/\/www.a-qui-s.fr\/le-blog\/wp-json\/wp\/v2\/types\/post"}],"author":[{"embeddable":true,"href":"https:\/\/www.a-qui-s.fr\/le-blog\/wp-json\/wp\/v2\/users\/6"}],"replies":[{"embeddable":true,"href":"https:\/\/www.a-qui-s.fr\/le-blog\/wp-json\/wp\/v2\/comments?post=12217"}],"version-history":[{"count":0,"href":"https:\/\/www.a-qui-s.fr\/le-blog\/wp-json\/wp\/v2\/posts\/12217\/revisions"}],"wp:featuredmedia":[{"embeddable":true,"href":"https:\/\/www.a-qui-s.fr\/le-blog\/wp-json\/wp\/v2\/media\/12546"}],"wp:attachment":[{"href":"https:\/\/www.a-qui-s.fr\/le-blog\/wp-json\/wp\/v2\/media?parent=12217"}],"wp:term":[{"taxonomy":"category","embeddable":true,"href":"https:\/\/www.a-qui-s.fr\/le-blog\/wp-json\/wp\/v2\/categories?post=12217"},{"taxonomy":"post_tag","embeddable":true,"href":"https:\/\/www.a-qui-s.fr\/le-blog\/wp-json\/wp\/v2\/tags?post=12217"}],"curies":[{"name":"wp","href":"https:\/\/api.w.org\/{rel}","templated":true}]}}