{"id":12181,"date":"2022-07-03T16:18:01","date_gmt":"2022-07-03T15:18:01","guid":{"rendered":"https:\/\/www.a-qui-s.fr\/le-blog\/?p=12181"},"modified":"2025-08-21T12:21:50","modified_gmt":"2025-08-21T11:21:50","slug":"organiser-valise-partir-a-laventure","status":"publish","type":"post","link":"https:\/\/www.a-qui-s.fr\/le-blog\/trucs-et-astuces\/organiser-valise-partir-a-laventure\/","title":{"rendered":"Colonie, classe verte, week-end chez mamie : organiser une valise !"},"content":{"rendered":"<p>Comment organiser une valise ? Que mettre \u00e0 l&rsquo;int\u00e9rieur ? Questions existentielles pour tout parent avant le d\u00e9part des enfants en vacances. La p\u00e9riode <strong>des colonies<\/strong>, <strong>des classes vertes<\/strong>, des weekends \u00e0 la campagne arrive avec les beaux jours. Il existe aujourd&rsquo;hui des <a href=\"http:\/\/www.parents.fr\/etre-parent\/lifestyle\/vacances-notre-top-des-valises-rigolotes-pour-enfant-13652\">valises&nbsp;enfants<\/a> tr\u00e8s pratiques et originales ! Mais pour ce qui est de l&rsquo;organisation int\u00e9rieure des bagages, c&rsquo;est toujours un casse-t\u00eate. C&rsquo;est pourquoi, nous vous livrons ces quelques conseils et astuces pour organiser, bien ranger sa valise et ne rien oublier pour les vacances !<\/p>\n<h2>1 \/La check liste ou liste \u00e0 cocher :<\/h2>\n<p>Tout d&rsquo;abord, pour <strong>organiser une valise<\/strong>, nous vous conseillons de r\u00e9aliser une check liste, ou mieux : de l&rsquo;imprimer ! Vous pouvez imprimer notre check liste sp\u00e9cialement con\u00e7ue pour les d\u00e9parts des enfants en colonie. En plus d&rsquo;\u00eatre tr\u00e8s pratique, elle permet \u00e0 l&rsquo;enfant de gagner en autonomie. Avec cette liste, il pourra faire sa valise (presque) tout seul. Pour remplir la <strong>check-list,<\/strong> c&rsquo;est tr\u00e8s simple: il suffit d&rsquo;indiquer le nombre de v\u00eatements ou objets n\u00e9cessaires lors du s\u00e9jour. Il pourra ainsi rassembler tout seul ses affaires ! Pensez \u00e0 lui glisser dans ses bagages, ainsi il pourra v\u00e9rifier qu&rsquo;il n&rsquo;a rien oubli\u00e9 lorsque viendra le moment de <strong>refaire sa valise<\/strong> pour rentrer.<\/p>\n<p>Des documents sont obligatoires pour certains s\u00e9jours, pensez \u00e0 les rajouter dans la liste si besoin. Notamment la fiche sanitaire (en cas d&rsquo;allergies), la photocopie de la page vaccination du carnet de sant\u00e9, l&rsquo;autorisation de sortie du territoire pour un s\u00e9jour \u00e0 l&rsquo;\u00e9tranger, ou par exemple le brevet de natation pour un s\u00e9jour \u00e0 la mer.<\/p>\n<p><img fetchpriority=\"high\" decoding=\"async\" class=\"aligncenter\" src=\"https:\/\/images.a-qui-s.fr\/image\/upload\/v1687964319\/BLOG\/check-list_colo.jpg\" width=\"470\" height=\"470\"><\/p>\n<p style=\"text-align: center;\"><a href=\"https:\/\/mailchi.mp\/a-qui-s.fr\/check-list-des-vacances\"><img decoding=\"async\" class=\"alignnone\" src=\"https:\/\/images.a-qui-s.fr\/image\/upload\/v1579600227\/BLOG\/bouton-blog.jpg\" alt=\"\" width=\"200\" height=\"50\"><\/a><\/p>\n<h2><strong>2 \/Organiser une valise pour favoriser l&rsquo;autonomie de l&rsquo;enfant :&nbsp;<\/strong><\/h2>\n<ul>\n<li>LA super astuce pour&nbsp;une valise d&rsquo;enfant bien organis\u00e9e : lui&nbsp;<strong>ranger les affaires<\/strong> par jour de la semaine. Les affaires (v\u00eatements, chaussettes, sous-v\u00eatements&#8230;) du lundi ensemble, les affaires du mardi ensemble&#8230;&nbsp; Avec cette m\u00e9thode, les enfants se d\u00e9brouillerons comme des grands pour s&rsquo;habiller chaque jour. Il faut cependant prendre connaissance de la m\u00e9t\u00e9o qu&rsquo;il fera lors de son s\u00e9jour. Pensez, dans tout les cas, \u00e0 pr\u00e9voir une tenue pour les jours de mauvais temps.<\/li>\n<\/ul>\n<figure id=\"attachment_12186\" aria-describedby=\"caption-attachment-12186\" style=\"width: 274px\" class=\"wp-caption aligncenter\"><a href=\"https:\/\/www.a-qui-s.fr\/boutique\/sacs-personnalises\"><img decoding=\"async\" class=\"wp-image-12186\" src=\"https:\/\/www.a-qui-s.fr\/le-blog\/wp-content\/uploads\/2018\/04\/lundi.jpg\" alt=\"organiser une valise\" width=\"274\" height=\"274\" srcset=\"https:\/\/www.a-qui-s.fr\/le-blog\/wp-content\/uploads\/2018\/04\/lundi.jpg 300w, https:\/\/www.a-qui-s.fr\/le-blog\/wp-content\/uploads\/2018\/04\/lundi-150x150.jpg 150w\" sizes=\"(max-width: 274px) 100vw, 274px\" \/><\/a><figcaption id=\"caption-attachment-12186\" class=\"wp-caption-text\"><a href=\"https:\/\/www.a-qui-s.fr\/boutique\/sacs-personnalises\">Sac A-qui-Pocket personnalis\u00e9 au jour de la semaine <\/a><\/figcaption><\/figure>\n<p>&nbsp;<\/p>\n<h2><strong>3 \/Marquer ses affaires pour ne rien perdre !&nbsp;<\/strong><\/h2>\n<ul>\n<li>Ce n&rsquo;est pas \u00e9vident pour un enfant de retrouver sa valise parmi les autres alors, pensez tout d&rsquo;abord \u00e0 \u00e9tiqueter ses valises \u00e0 l&rsquo;aide d&rsquo;<strong><a href=\"https:\/\/www.a-qui-s.fr\/boutique\/a-qui-bag\/AQB1\">\u00e9tiquette pour bagage<\/a>. <\/strong>D&rsquo;une part, cela permettra \u00e0 l&rsquo;enfant de reconna\u00eetre facilement sa valise, mais aussi de ne pas l&rsquo;\u00e9changer avec une autre. D&rsquo;autre part, n&rsquo;oubliez pas de rajouter votre num\u00e9ro de t\u00e9l\u00e9phone sur l&rsquo;\u00e9tiquette. En cas de perte, le propri\u00e9taire pourra alors \u00eatre rapidement contact\u00e9 !<\/li>\n<li>Pour ce qui est du marquage des v\u00eatements vous pouvez utiliser des \u00e9tiquettes thermocollantes ou des <strong>\u00e9tiquettes<\/strong> autocollantes.&nbsp;Pensez aussi \u00e0 marquer les objets (les jeux, la console, la brosse \u00e0 cheveux&#8230;), la solution rapide et efficace :<strong> des \u00e9tiquettes autocollantes personnalis\u00e9es<\/strong> pour objets ! Si vous souhaitez marquer des v\u00eatements et des objets optez pour un Pack d&rsquo;\u00e9tiquette v\u00eatements et objets !<\/li>\n<\/ul>\n<p><img loading=\"lazy\" decoding=\"async\" class=\"wp-image-12135 aligncenter\" src=\"https:\/\/www.a-qui-s.fr\/le-blog\/wp-content\/uploads\/2018\/03\/dddd.jpg\" alt=\"\u00e9tiquette thermocollante\" width=\"289\" height=\"289\" srcset=\"https:\/\/www.a-qui-s.fr\/le-blog\/wp-content\/uploads\/2018\/03\/dddd.jpg 700w, https:\/\/www.a-qui-s.fr\/le-blog\/wp-content\/uploads\/2018\/03\/dddd-300x300.jpg 300w, https:\/\/www.a-qui-s.fr\/le-blog\/wp-content\/uploads\/2018\/03\/dddd-150x150.jpg 150w\" sizes=\"(max-width: 289px) 100vw, 289px\" \/><\/p>\n<p>En fin de compte, avec un peu d&rsquo;organisation c&rsquo;est un jeu d&rsquo;enfant \ud83d\ude09 !<\/p>\n<p>Nous souhaitons de belles aventures aux petits voyageurs !<\/p>\n<p>&nbsp;<\/p>\n","protected":false},"excerpt":{"rendered":"<p>Comment organiser une valise ? Que mettre \u00e0 l&rsquo;int\u00e9rieur ? Questions existentielles pour tout parent avant le d\u00e9part des enfants en vacances. La p\u00e9riode des colonies, des classes vertes, des weekends \u00e0 la campagne arrive avec les beaux jours. Il existe aujourd&rsquo;hui des valises&nbsp;enfants tr\u00e8s pratiques et originales ! Mais pour ce qui est de [&hellip;]<\/p>\n","protected":false},"author":6,"featured_media":12187,"comment_status":"open","ping_status":"open","sticky":false,"template":"","format":"standard","meta":{"_acf_changed":false,"fifu_image_url":"","fifu_image_alt":"","footnotes":""},"categories":[55],"tags":[],"class_list":["post-12181","post","type-post","status-publish","format-standard","has-post-thumbnail","hentry","category-trucs-et-astuces"],"acf":[],"yoast_head":"<!-- This site is optimized with the Yoast SEO plugin v27.0 - https:\/\/yoast.com\/product\/yoast-seo-wordpress\/ -->\n<title>Colonie, classe verte, week-end chez mamie : organiser une valise ! -<\/title>\n<meta name=\"description\" content=\"Organiser une valise pour un d\u00e9part en colonie, en classe verte, des vacances chez Papi et mamie ? Pour une valise bien pens\u00e9e, bien organis\u00e9e on vous livre nos conseils et astuces !\" \/>\n<meta name=\"robots\" content=\"index, follow, max-snippet:-1, max-image-preview:large, max-video-preview:-1\" \/>\n<link rel=\"canonical\" href=\"https:\/\/www.a-qui-s.fr\/le-blog\/trucs-et-astuces\/organiser-valise-partir-a-laventure\/\" \/>\n<meta property=\"og:locale\" content=\"fr_FR\" \/>\n<meta property=\"og:type\" content=\"article\" \/>\n<meta property=\"og:title\" content=\"Colonie, classe verte, week-end chez mamie : organiser une valise ! -\" \/>\n<meta property=\"og:description\" content=\"Organiser une valise pour un d\u00e9part en colonie, en classe verte, des vacances chez Papi et mamie ? Pour une valise bien pens\u00e9e, bien organis\u00e9e on vous livre nos conseils et astuces !\" \/>\n<meta property=\"og:url\" content=\"https:\/\/www.a-qui-s.fr\/le-blog\/trucs-et-astuces\/organiser-valise-partir-a-laventure\/\" \/>\n<meta property=\"og:site_name\" content=\"LE BLOG d&#039;A-qui-S\" \/>\n<meta property=\"article:publisher\" content=\"https:\/\/www.facebook.com\/AquiS\/\" \/>\n<meta property=\"article:published_time\" content=\"2022-07-03T15:18:01+00:00\" \/>\n<meta property=\"article:modified_time\" content=\"2025-08-21T11:21:50+00:00\" \/>\n<meta property=\"og:image\" content=\"https:\/\/www.a-qui-s.fr\/le-blog\/wp-content\/uploads\/2018\/04\/sans-titre-2.jpg\" \/>\n\t<meta property=\"og:image:width\" content=\"200\" \/>\n\t<meta property=\"og:image:height\" content=\"200\" \/>\n\t<meta property=\"og:image:type\" content=\"image\/jpeg\" \/>\n<meta name=\"author\" content=\"Isabelle D&#039; A-QUI-S\" \/>\n<meta name=\"twitter:card\" content=\"summary_large_image\" \/>\n<meta name=\"twitter:creator\" content=\"@aquis_fr\" \/>\n<meta name=\"twitter:site\" content=\"@aquis_fr\" \/>\n<meta name=\"twitter:label1\" content=\"Written by\" \/>\n\t<meta name=\"twitter:data1\" content=\"Isabelle D&#039; A-QUI-S\" \/>\n\t<meta name=\"twitter:label2\" content=\"Est. reading time\" \/>\n\t<meta name=\"twitter:data2\" content=\"4 minutes\" \/>\n<script type=\"application\/ld+json\" class=\"yoast-schema-graph\">{\"@context\":\"https:\/\/schema.org\",\"@graph\":[{\"@type\":\"Article\",\"@id\":\"https:\/\/www.a-qui-s.fr\/le-blog\/trucs-et-astuces\/organiser-valise-partir-a-laventure\/#article\",\"isPartOf\":{\"@id\":\"https:\/\/www.a-qui-s.fr\/le-blog\/trucs-et-astuces\/organiser-valise-partir-a-laventure\/\"},\"author\":{\"name\":\"Isabelle D' A-QUI-S\",\"@id\":\"https:\/\/www.a-qui-s.fr\/le-blog\/#\/schema\/person\/6137cde8b4274f12814983bcb5dbbf80\"},\"headline\":\"Colonie, classe verte, week-end chez mamie : organiser une valise !\",\"datePublished\":\"01+00:00\",\"dateModified\":\"50+00:00\",\"mainEntityOfPage\":{\"@id\":\"https:\/\/www.a-qui-s.fr\/le-blog\/trucs-et-astuces\/organiser-valise-partir-a-laventure\/\"},\"wordCount\":587,\"commentCount\":3,\"publisher\":{\"@id\":\"https:\/\/www.a-qui-s.fr\/le-blog\/#organization\"},\"image\":{\"@id\":\"https:\/\/www.a-qui-s.fr\/le-blog\/trucs-et-astuces\/organiser-valise-partir-a-laventure\/#primaryimage\"},\"thumbnailUrl\":\"https:\/\/www.a-qui-s.fr\/le-blog\/wp-content\/uploads\/2018\/04\/sans-titre-2.jpg\",\"articleSection\":[\"Trucs et Astuces\"],\"inLanguage\":\"fr-FR\",\"potentialAction\":[{\"@type\":\"CommentAction\",\"name\":\"Comment\",\"target\":[\"https:\/\/www.a-qui-s.fr\/le-blog\/trucs-et-astuces\/organiser-valise-partir-a-laventure\/#respond\"]}]},{\"@type\":\"WebPage\",\"@id\":\"https:\/\/www.a-qui-s.fr\/le-blog\/trucs-et-astuces\/organiser-valise-partir-a-laventure\/\",\"url\":\"https:\/\/www.a-qui-s.fr\/le-blog\/trucs-et-astuces\/organiser-valise-partir-a-laventure\/\",\"name\":\"Colonie, classe verte, week-end chez mamie : organiser une valise ! -\",\"isPartOf\":{\"@id\":\"https:\/\/www.a-qui-s.fr\/le-blog\/#website\"},\"primaryImageOfPage\":{\"@id\":\"https:\/\/www.a-qui-s.fr\/le-blog\/trucs-et-astuces\/organiser-valise-partir-a-laventure\/#primaryimage\"},\"image\":{\"@id\":\"https:\/\/www.a-qui-s.fr\/le-blog\/trucs-et-astuces\/organiser-valise-partir-a-laventure\/#primaryimage\"},\"thumbnailUrl\":\"https:\/\/www.a-qui-s.fr\/le-blog\/wp-content\/uploads\/2018\/04\/sans-titre-2.jpg\",\"datePublished\":\"01+00:00\",\"dateModified\":\"50+00:00\",\"description\":\"Organiser une valise pour un d\u00e9part en colonie, en classe verte, des vacances chez Papi et mamie ? Pour une valise bien pens\u00e9e, bien organis\u00e9e on vous livre nos conseils et astuces !\",\"breadcrumb\":{\"@id\":\"https:\/\/www.a-qui-s.fr\/le-blog\/trucs-et-astuces\/organiser-valise-partir-a-laventure\/#breadcrumb\"},\"inLanguage\":\"fr-FR\",\"potentialAction\":[{\"@type\":\"ReadAction\",\"target\":[\"https:\/\/www.a-qui-s.fr\/le-blog\/trucs-et-astuces\/organiser-valise-partir-a-laventure\/\"]}]},{\"@type\":\"ImageObject\",\"inLanguage\":\"fr-FR\",\"@id\":\"https:\/\/www.a-qui-s.fr\/le-blog\/trucs-et-astuces\/organiser-valise-partir-a-laventure\/#primaryimage\",\"url\":\"https:\/\/www.a-qui-s.fr\/le-blog\/wp-content\/uploads\/2018\/04\/sans-titre-2.jpg\",\"contentUrl\":\"https:\/\/www.a-qui-s.fr\/le-blog\/wp-content\/uploads\/2018\/04\/sans-titre-2.jpg\",\"width\":200,\"height\":200,\"caption\":\"organiser une valise\"},{\"@type\":\"BreadcrumbList\",\"@id\":\"https:\/\/www.a-qui-s.fr\/le-blog\/trucs-et-astuces\/organiser-valise-partir-a-laventure\/#breadcrumb\",\"itemListElement\":[{\"@type\":\"ListItem\",\"position\":1,\"name\":\"Accueil\",\"item\":\"https:\/\/www.a-qui-s.fr\/le-blog\/\"},{\"@type\":\"ListItem\",\"position\":2,\"name\":\"Trucs et Astuces\",\"item\":\"https:\/\/www.a-qui-s.fr\/le-blog\/category\/trucs-et-astuces\/\"},{\"@type\":\"ListItem\",\"position\":3,\"name\":\"Colonie, classe verte, week-end chez mamie : organiser une valise !\"}]},{\"@type\":\"WebSite\",\"@id\":\"https:\/\/www.a-qui-s.fr\/le-blog\/#website\",\"url\":\"https:\/\/www.a-qui-s.fr\/le-blog\/\",\"name\":\"LE BLOG d&#039;A-qui-S\",\"description\":\"La communaut\u00e9 des &quot;Pas-Perdus&quot;\",\"publisher\":{\"@id\":\"https:\/\/www.a-qui-s.fr\/le-blog\/#organization\"},\"potentialAction\":[{\"@type\":\"SearchAction\",\"target\":{\"@type\":\"EntryPoint\",\"urlTemplate\":\"https:\/\/www.a-qui-s.fr\/le-blog\/?s={search_term_string}\"},\"query-input\":{\"@type\":\"PropertyValueSpecification\",\"valueRequired\":true,\"valueName\":\"search_term_string\"}}],\"inLanguage\":\"fr-FR\"},{\"@type\":\"Organization\",\"@id\":\"https:\/\/www.a-qui-s.fr\/le-blog\/#organization\",\"name\":\"Etiquettes & compagnie\",\"url\":\"https:\/\/www.a-qui-s.fr\/le-blog\/\",\"logo\":{\"@type\":\"ImageObject\",\"inLanguage\":\"fr-FR\",\"@id\":\"https:\/\/www.a-qui-s.fr\/le-blog\/#\/schema\/logo\/image\/\",\"url\":\"https:\/\/www.a-qui-s.fr\/le-blog\/wp-content\/uploads\/2015\/05\/logo_a-qui-s.png\",\"contentUrl\":\"https:\/\/www.a-qui-s.fr\/le-blog\/wp-content\/uploads\/2015\/05\/logo_a-qui-s.png\",\"width\":132,\"height\":59,\"caption\":\"Etiquettes & compagnie\"},\"image\":{\"@id\":\"https:\/\/www.a-qui-s.fr\/le-blog\/#\/schema\/logo\/image\/\"},\"sameAs\":[\"https:\/\/www.facebook.com\/AquiS\/\",\"https:\/\/x.com\/aquis_fr\"]},{\"@type\":\"Person\",\"@id\":\"https:\/\/www.a-qui-s.fr\/le-blog\/#\/schema\/person\/6137cde8b4274f12814983bcb5dbbf80\",\"name\":\"Isabelle D' A-QUI-S\",\"image\":{\"@type\":\"ImageObject\",\"inLanguage\":\"fr-FR\",\"@id\":\"https:\/\/www.a-qui-s.fr\/le-blog\/#\/schema\/person\/image\/\",\"url\":\"https:\/\/secure.gravatar.com\/avatar\/15b54286c256bb83f3738b56573f4662227f32ef2de42e88b04b94ca206a4433?s=96&d=mm&r=g\",\"contentUrl\":\"https:\/\/secure.gravatar.com\/avatar\/15b54286c256bb83f3738b56573f4662227f32ef2de42e88b04b94ca206a4433?s=96&d=mm&r=g\",\"caption\":\"Isabelle D' A-QUI-S\"},\"url\":\"https:\/\/www.a-qui-s.fr\/le-blog\/author\/isabelle\/\"}]}<\/script>\n<!-- \/ Yoast SEO plugin. -->","yoast_head_json":{"title":"Colonie, classe verte, week-end chez mamie : organiser une valise ! -","description":"Organiser une valise pour un d\u00e9part en colonie, en classe verte, des vacances chez Papi et mamie ? Pour une valise bien pens\u00e9e, bien organis\u00e9e on vous livre nos conseils et astuces !","robots":{"index":"index","follow":"follow","max-snippet":"max-snippet:-1","max-image-preview":"max-image-preview:large","max-video-preview":"max-video-preview:-1"},"canonical":"https:\/\/www.a-qui-s.fr\/le-blog\/trucs-et-astuces\/organiser-valise-partir-a-laventure\/","og_locale":"fr_FR","og_type":"article","og_title":"Colonie, classe verte, week-end chez mamie : organiser une valise ! -","og_description":"Organiser une valise pour un d\u00e9part en colonie, en classe verte, des vacances chez Papi et mamie ? Pour une valise bien pens\u00e9e, bien organis\u00e9e on vous livre nos conseils et astuces !","og_url":"https:\/\/www.a-qui-s.fr\/le-blog\/trucs-et-astuces\/organiser-valise-partir-a-laventure\/","og_site_name":"LE BLOG d&#039;A-qui-S","article_publisher":"https:\/\/www.facebook.com\/AquiS\/","article_published_time":"2022-07-03T15:18:01+00:00","article_modified_time":"2025-08-21T11:21:50+00:00","og_image":[{"width":200,"height":200,"url":"https:\/\/www.a-qui-s.fr\/le-blog\/wp-content\/uploads\/2018\/04\/sans-titre-2.jpg","type":"image\/jpeg"}],"author":"Isabelle D' A-QUI-S","twitter_card":"summary_large_image","twitter_creator":"@aquis_fr","twitter_site":"@aquis_fr","twitter_misc":{"Written by":"Isabelle D' A-QUI-S","Est. reading time":"4 minutes"},"schema":{"@context":"https:\/\/schema.org","@graph":[{"@type":"Article","@id":"https:\/\/www.a-qui-s.fr\/le-blog\/trucs-et-astuces\/organiser-valise-partir-a-laventure\/#article","isPartOf":{"@id":"https:\/\/www.a-qui-s.fr\/le-blog\/trucs-et-astuces\/organiser-valise-partir-a-laventure\/"},"author":{"name":"Isabelle D' A-QUI-S","@id":"https:\/\/www.a-qui-s.fr\/le-blog\/#\/schema\/person\/6137cde8b4274f12814983bcb5dbbf80"},"headline":"Colonie, classe verte, week-end chez mamie : organiser une valise !","datePublished":"01+00:00","dateModified":"50+00:00","mainEntityOfPage":{"@id":"https:\/\/www.a-qui-s.fr\/le-blog\/trucs-et-astuces\/organiser-valise-partir-a-laventure\/"},"wordCount":587,"commentCount":3,"publisher":{"@id":"https:\/\/www.a-qui-s.fr\/le-blog\/#organization"},"image":{"@id":"https:\/\/www.a-qui-s.fr\/le-blog\/trucs-et-astuces\/organiser-valise-partir-a-laventure\/#primaryimage"},"thumbnailUrl":"https:\/\/www.a-qui-s.fr\/le-blog\/wp-content\/uploads\/2018\/04\/sans-titre-2.jpg","articleSection":["Trucs et Astuces"],"inLanguage":"fr-FR","potentialAction":[{"@type":"CommentAction","name":"Comment","target":["https:\/\/www.a-qui-s.fr\/le-blog\/trucs-et-astuces\/organiser-valise-partir-a-laventure\/#respond"]}]},{"@type":"WebPage","@id":"https:\/\/www.a-qui-s.fr\/le-blog\/trucs-et-astuces\/organiser-valise-partir-a-laventure\/","url":"https:\/\/www.a-qui-s.fr\/le-blog\/trucs-et-astuces\/organiser-valise-partir-a-laventure\/","name":"Colonie, classe verte, week-end chez mamie : organiser une valise ! -","isPartOf":{"@id":"https:\/\/www.a-qui-s.fr\/le-blog\/#website"},"primaryImageOfPage":{"@id":"https:\/\/www.a-qui-s.fr\/le-blog\/trucs-et-astuces\/organiser-valise-partir-a-laventure\/#primaryimage"},"image":{"@id":"https:\/\/www.a-qui-s.fr\/le-blog\/trucs-et-astuces\/organiser-valise-partir-a-laventure\/#primaryimage"},"thumbnailUrl":"https:\/\/www.a-qui-s.fr\/le-blog\/wp-content\/uploads\/2018\/04\/sans-titre-2.jpg","datePublished":"01+00:00","dateModified":"50+00:00","description":"Organiser une valise pour un d\u00e9part en colonie, en classe verte, des vacances chez Papi et mamie ? Pour une valise bien pens\u00e9e, bien organis\u00e9e on vous livre nos conseils et astuces !","breadcrumb":{"@id":"https:\/\/www.a-qui-s.fr\/le-blog\/trucs-et-astuces\/organiser-valise-partir-a-laventure\/#breadcrumb"},"inLanguage":"fr-FR","potentialAction":[{"@type":"ReadAction","target":["https:\/\/www.a-qui-s.fr\/le-blog\/trucs-et-astuces\/organiser-valise-partir-a-laventure\/"]}]},{"@type":"ImageObject","inLanguage":"fr-FR","@id":"https:\/\/www.a-qui-s.fr\/le-blog\/trucs-et-astuces\/organiser-valise-partir-a-laventure\/#primaryimage","url":"https:\/\/www.a-qui-s.fr\/le-blog\/wp-content\/uploads\/2018\/04\/sans-titre-2.jpg","contentUrl":"https:\/\/www.a-qui-s.fr\/le-blog\/wp-content\/uploads\/2018\/04\/sans-titre-2.jpg","width":200,"height":200,"caption":"organiser une valise"},{"@type":"BreadcrumbList","@id":"https:\/\/www.a-qui-s.fr\/le-blog\/trucs-et-astuces\/organiser-valise-partir-a-laventure\/#breadcrumb","itemListElement":[{"@type":"ListItem","position":1,"name":"Accueil","item":"https:\/\/www.a-qui-s.fr\/le-blog\/"},{"@type":"ListItem","position":2,"name":"Trucs et Astuces","item":"https:\/\/www.a-qui-s.fr\/le-blog\/category\/trucs-et-astuces\/"},{"@type":"ListItem","position":3,"name":"Colonie, classe verte, week-end chez mamie : organiser une valise !"}]},{"@type":"WebSite","@id":"https:\/\/www.a-qui-s.fr\/le-blog\/#website","url":"https:\/\/www.a-qui-s.fr\/le-blog\/","name":"LE BLOG d&#039;A-qui-S","description":"La communaut\u00e9 des &quot;Pas-Perdus&quot;","publisher":{"@id":"https:\/\/www.a-qui-s.fr\/le-blog\/#organization"},"potentialAction":[{"@type":"SearchAction","target":{"@type":"EntryPoint","urlTemplate":"https:\/\/www.a-qui-s.fr\/le-blog\/?s={search_term_string}"},"query-input":{"@type":"PropertyValueSpecification","valueRequired":true,"valueName":"search_term_string"}}],"inLanguage":"fr-FR"},{"@type":"Organization","@id":"https:\/\/www.a-qui-s.fr\/le-blog\/#organization","name":"Etiquettes & compagnie","url":"https:\/\/www.a-qui-s.fr\/le-blog\/","logo":{"@type":"ImageObject","inLanguage":"fr-FR","@id":"https:\/\/www.a-qui-s.fr\/le-blog\/#\/schema\/logo\/image\/","url":"https:\/\/www.a-qui-s.fr\/le-blog\/wp-content\/uploads\/2015\/05\/logo_a-qui-s.png","contentUrl":"https:\/\/www.a-qui-s.fr\/le-blog\/wp-content\/uploads\/2015\/05\/logo_a-qui-s.png","width":132,"height":59,"caption":"Etiquettes & compagnie"},"image":{"@id":"https:\/\/www.a-qui-s.fr\/le-blog\/#\/schema\/logo\/image\/"},"sameAs":["https:\/\/www.facebook.com\/AquiS\/","https:\/\/x.com\/aquis_fr"]},{"@type":"Person","@id":"https:\/\/www.a-qui-s.fr\/le-blog\/#\/schema\/person\/6137cde8b4274f12814983bcb5dbbf80","name":"Isabelle D' A-QUI-S","image":{"@type":"ImageObject","inLanguage":"fr-FR","@id":"https:\/\/www.a-qui-s.fr\/le-blog\/#\/schema\/person\/image\/","url":"https:\/\/secure.gravatar.com\/avatar\/15b54286c256bb83f3738b56573f4662227f32ef2de42e88b04b94ca206a4433?s=96&d=mm&r=g","contentUrl":"https:\/\/secure.gravatar.com\/avatar\/15b54286c256bb83f3738b56573f4662227f32ef2de42e88b04b94ca206a4433?s=96&d=mm&r=g","caption":"Isabelle D' A-QUI-S"},"url":"https:\/\/www.a-qui-s.fr\/le-blog\/author\/isabelle\/"}]}},"_links":{"self":[{"href":"https:\/\/www.a-qui-s.fr\/le-blog\/wp-json\/wp\/v2\/posts\/12181","targetHints":{"allow":["GET"]}}],"collection":[{"href":"https:\/\/www.a-qui-s.fr\/le-blog\/wp-json\/wp\/v2\/posts"}],"about":[{"href":"https:\/\/www.a-qui-s.fr\/le-blog\/wp-json\/wp\/v2\/types\/post"}],"author":[{"embeddable":true,"href":"https:\/\/www.a-qui-s.fr\/le-blog\/wp-json\/wp\/v2\/users\/6"}],"replies":[{"embeddable":true,"href":"https:\/\/www.a-qui-s.fr\/le-blog\/wp-json\/wp\/v2\/comments?post=12181"}],"version-history":[{"count":0,"href":"https:\/\/www.a-qui-s.fr\/le-blog\/wp-json\/wp\/v2\/posts\/12181\/revisions"}],"wp:featuredmedia":[{"embeddable":true,"href":"https:\/\/www.a-qui-s.fr\/le-blog\/wp-json\/wp\/v2\/media\/12187"}],"wp:attachment":[{"href":"https:\/\/www.a-qui-s.fr\/le-blog\/wp-json\/wp\/v2\/media?parent=12181"}],"wp:term":[{"taxonomy":"category","embeddable":true,"href":"https:\/\/www.a-qui-s.fr\/le-blog\/wp-json\/wp\/v2\/categories?post=12181"},{"taxonomy":"post_tag","embeddable":true,"href":"https:\/\/www.a-qui-s.fr\/le-blog\/wp-json\/wp\/v2\/tags?post=12181"}],"curies":[{"name":"wp","href":"https:\/\/api.w.org\/{rel}","templated":true}]}}