{"id":12074,"date":"2018-03-12T17:16:09","date_gmt":"2018-03-12T16:16:09","guid":{"rendered":"https:\/\/www.a-qui-s.fr\/le-blog\/?p=12074"},"modified":"2025-08-21T12:27:53","modified_gmt":"2025-08-21T11:27:53","slug":"cartes-postales-soutenir-parents-denfant-ne-prematurement","status":"publish","type":"post","link":"https:\/\/www.a-qui-s.fr\/le-blog\/a-qui-s-et-vous\/cartes-postales-soutenir-parents-denfant-ne-prematurement\/","title":{"rendered":"Des petits mots pour soutenir les parents d&rsquo;enfants n\u00e9s pr\u00e9matur\u00e9ment."},"content":{"rendered":"<p><img fetchpriority=\"high\" decoding=\"async\" class=\"wp-image-12082 size-full aligncenter\" src=\"https:\/\/www.a-qui-s.fr\/le-blog\/wp-content\/uploads\/2018\/03\/sans-titre-3.jpg\" alt=\"enfant n\u00e9 pr\u00e9matur\u00e9ment\" width=\"600\" height=\"600\" srcset=\"https:\/\/www.a-qui-s.fr\/le-blog\/wp-content\/uploads\/2018\/03\/sans-titre-3.jpg 600w, https:\/\/www.a-qui-s.fr\/le-blog\/wp-content\/uploads\/2018\/03\/sans-titre-3-300x300.jpg 300w, https:\/\/www.a-qui-s.fr\/le-blog\/wp-content\/uploads\/2018\/03\/sans-titre-3-150x150.jpg 150w\" sizes=\"(max-width: 600px) 100vw, 600px\" \/><\/p>\n<h3><\/h3>\n<p><!--more--><\/p>\n<h3>Un petit mot de soutien aux parents d&rsquo;enfants n\u00e9s pr\u00e9matur\u00e9ment.<\/h3>\n<p>Nous avons d\u00e9couvert,\u00a0il y a peu, l&rsquo;association Neonin&rsquo;s. Cette association des Pyr\u00e9n\u00e9es Orientales, accompagne et conseille les familles d&rsquo;enfants n\u00e9s pr\u00e9matur\u00e9ment. Elle aide aussi, \u00e0 la participation dans l&rsquo;achat\u00a0\u00a0de mat\u00e9riel,\u00a0notamment pour\u00a0l\u2019achat de mat\u00e9riel dit \u00ab de confort \u00bb pour le service de n\u00e9onatalogie du centre hospitalier de Perpignan.<\/p>\n<p>Pour apporter\u00a0 un peu de soutien aux parents, une belle initiatives a \u00e9t\u00e9 mise en place. Envoyer des mots de soutien avec des cartes postales .<\/p>\n<p>Voici les mots de la pr\u00e9sidente :<\/p>\n<p>\u00a0\u00bb Parce que la solidarit\u00e9 est tr\u00e8s importante \u00e0 nos yeux et que des petits riens peuvent apporter beaucoup.<br \/>\nAfin de soutenir les familles et nos b\u00e9b\u00e9s guerriers n\u00e9s trop t\u00f4t; nous vous invitons \u00e0 adresser une jolie carte postale .<br \/>\nUne jolie mani\u00e8re de r\u00e9conforter et soutenir celles et ceux qui doivent faire preuve de force et courage.<br \/>\nChaque carte sera remise aux familles, dans la salle des parents du service de n\u00e9onatologie du centre hospitalier de Perpignan.<br \/>\nLes parents auront ainsi la surprise de lire chacune de vos cartes. Les enfants, les \u00e9coles peuvent aussi participer \u00e0 ce projet avec grand plaisir !<br \/>\nLa pr\u00e9maturit\u00e9 peut toucher n&rsquo;importe quelle famille.<br \/>\nNous esp\u00e9rons faire craquer notre bo\u00eete aux lettres!<br \/>\nUn grand merci \u00a0\u00bb<\/p>\n<p>En ce qui nous concerne,\u00a0cette initiative nous a\u00a0particuli\u00e8rement\u00a0touch\u00e9s,\u00a0c&rsquo;est pourquoi nous avons imagin\u00e9s une petite carte qui peut \u00eatre colori\u00e9e par les enfants.<\/p>\n<p>La voici :\u00a0<a href=\"https:\/\/www.a-qui-s.fr\/le-blog\/wp-content\/uploads\/2018\/03\/carte-association.pdf\">carte \u00e0 imprimer<\/a><\/p>\n<p>C&rsquo;est tr\u00e8s simple, d&rsquo;abord il vous suffit de l&rsquo;imprimer, ensuite il faut d\u00e9couper et colorier, puis, enfin \u00e9crire un mot au dos.<\/p>\n<p>&nbsp;<\/p>\n<p>Pour finir\u00a0vous pouvez envoyer votre carte \u00e0 l&rsquo;adresse suivante :<\/p>\n<p>Association Neomin&rsquo;s<\/p>\n<p>8 Carrer del Caball<\/p>\n<p>66530 Claira<\/p>\n<p>Ainsi, des parents recevront votre soutien !<\/p>\n<p>Enfin, voici\u00a0le site de l&rsquo;association :<a href=\"http:\/\/www.neonins.fr\/l-association\/\"> ici !<\/a><\/p>\n<p>Merci !<\/p>\n<p>&nbsp;<\/p>\n","protected":false},"excerpt":{"rendered":"","protected":false},"author":6,"featured_media":12082,"comment_status":"open","ping_status":"open","sticky":false,"template":"","format":"standard","meta":{"_acf_changed":false,"fifu_image_url":"","fifu_image_alt":"","footnotes":""},"categories":[216],"tags":[],"class_list":["post-12074","post","type-post","status-publish","format-standard","has-post-thumbnail","hentry","category-a-qui-s-et-vous"],"acf":[],"yoast_head":"<!-- This site is optimized with the Yoast SEO plugin v27.0 - https:\/\/yoast.com\/product\/yoast-seo-wordpress\/ -->\n<title>Des petits mots pour soutenir les parents d&#039;enfants n\u00e9s pr\u00e9matur\u00e9ment. -<\/title>\n<meta name=\"description\" content=\"Des cartes postales pour soutenir les parents d&#039;enfant n\u00e9 pr\u00e9matur\u00e9ment. Nous avons d\u00e9couvert il y a peu\u00a0 l&#039;association Neonin&#039;s. Cette association des Pyr\u00e9n\u00e9es Orientales, accompagne et conseil les familles d&#039;enfant n\u00e9 pr\u00e9matur\u00e9ment.\u00a0\" \/>\n<meta name=\"robots\" content=\"index, follow, max-snippet:-1, max-image-preview:large, max-video-preview:-1\" \/>\n<link rel=\"canonical\" href=\"https:\/\/www.a-qui-s.fr\/le-blog\/a-qui-s-et-vous\/cartes-postales-soutenir-parents-denfant-ne-prematurement\/\" \/>\n<meta property=\"og:locale\" content=\"fr_FR\" \/>\n<meta property=\"og:type\" content=\"article\" \/>\n<meta property=\"og:title\" content=\"Des petits mots pour soutenir les parents d&#039;enfants n\u00e9s pr\u00e9matur\u00e9ment. -\" \/>\n<meta property=\"og:description\" content=\"Des cartes postales pour soutenir les parents d&#039;enfant n\u00e9 pr\u00e9matur\u00e9ment. Nous avons d\u00e9couvert il y a peu\u00a0 l&#039;association Neonin&#039;s. Cette association des Pyr\u00e9n\u00e9es Orientales, accompagne et conseil les familles d&#039;enfant n\u00e9 pr\u00e9matur\u00e9ment.\u00a0\" \/>\n<meta property=\"og:url\" content=\"https:\/\/www.a-qui-s.fr\/le-blog\/a-qui-s-et-vous\/cartes-postales-soutenir-parents-denfant-ne-prematurement\/\" \/>\n<meta property=\"og:site_name\" content=\"LE BLOG d&#039;A-qui-S\" \/>\n<meta property=\"article:publisher\" content=\"https:\/\/www.facebook.com\/AquiS\/\" \/>\n<meta property=\"article:published_time\" content=\"2018-03-12T16:16:09+00:00\" \/>\n<meta property=\"article:modified_time\" content=\"2025-08-21T11:27:53+00:00\" \/>\n<meta property=\"og:image\" content=\"https:\/\/www.a-qui-s.fr\/le-blog\/wp-content\/uploads\/2018\/03\/sans-titre-3.jpg\" \/>\n\t<meta property=\"og:image:width\" content=\"600\" \/>\n\t<meta property=\"og:image:height\" content=\"600\" \/>\n\t<meta property=\"og:image:type\" content=\"image\/jpeg\" \/>\n<meta name=\"author\" content=\"Isabelle D&#039; A-QUI-S\" \/>\n<meta name=\"twitter:card\" content=\"summary_large_image\" \/>\n<meta name=\"twitter:creator\" content=\"@aquis_fr\" \/>\n<meta name=\"twitter:site\" content=\"@aquis_fr\" \/>\n<meta name=\"twitter:label1\" content=\"Written by\" \/>\n\t<meta name=\"twitter:data1\" content=\"Isabelle D&#039; A-QUI-S\" \/>\n\t<meta name=\"twitter:label2\" content=\"Est. reading time\" \/>\n\t<meta name=\"twitter:data2\" content=\"2 minutes\" \/>\n<script type=\"application\/ld+json\" class=\"yoast-schema-graph\">{\"@context\":\"https:\/\/schema.org\",\"@graph\":[{\"@type\":\"Article\",\"@id\":\"https:\/\/www.a-qui-s.fr\/le-blog\/a-qui-s-et-vous\/cartes-postales-soutenir-parents-denfant-ne-prematurement\/#article\",\"isPartOf\":{\"@id\":\"https:\/\/www.a-qui-s.fr\/le-blog\/a-qui-s-et-vous\/cartes-postales-soutenir-parents-denfant-ne-prematurement\/\"},\"author\":{\"name\":\"Isabelle D' A-QUI-S\",\"@id\":\"https:\/\/www.a-qui-s.fr\/le-blog\/#\/schema\/person\/6137cde8b4274f12814983bcb5dbbf80\"},\"headline\":\"Des petits mots pour soutenir les parents d&rsquo;enfants n\u00e9s pr\u00e9matur\u00e9ment.\",\"datePublished\":\"09+00:00\",\"dateModified\":\"53+00:00\",\"mainEntityOfPage\":{\"@id\":\"https:\/\/www.a-qui-s.fr\/le-blog\/a-qui-s-et-vous\/cartes-postales-soutenir-parents-denfant-ne-prematurement\/\"},\"wordCount\":348,\"commentCount\":2,\"publisher\":{\"@id\":\"https:\/\/www.a-qui-s.fr\/le-blog\/#organization\"},\"image\":{\"@id\":\"https:\/\/www.a-qui-s.fr\/le-blog\/a-qui-s-et-vous\/cartes-postales-soutenir-parents-denfant-ne-prematurement\/#primaryimage\"},\"thumbnailUrl\":\"https:\/\/www.a-qui-s.fr\/le-blog\/wp-content\/uploads\/2018\/03\/sans-titre-3.jpg\",\"articleSection\":[\"A-qui-S &amp; Vous\"],\"inLanguage\":\"fr-FR\",\"potentialAction\":[{\"@type\":\"CommentAction\",\"name\":\"Comment\",\"target\":[\"https:\/\/www.a-qui-s.fr\/le-blog\/a-qui-s-et-vous\/cartes-postales-soutenir-parents-denfant-ne-prematurement\/#respond\"]}]},{\"@type\":\"WebPage\",\"@id\":\"https:\/\/www.a-qui-s.fr\/le-blog\/a-qui-s-et-vous\/cartes-postales-soutenir-parents-denfant-ne-prematurement\/\",\"url\":\"https:\/\/www.a-qui-s.fr\/le-blog\/a-qui-s-et-vous\/cartes-postales-soutenir-parents-denfant-ne-prematurement\/\",\"name\":\"Des petits mots pour soutenir les parents d'enfants n\u00e9s pr\u00e9matur\u00e9ment. -\",\"isPartOf\":{\"@id\":\"https:\/\/www.a-qui-s.fr\/le-blog\/#website\"},\"primaryImageOfPage\":{\"@id\":\"https:\/\/www.a-qui-s.fr\/le-blog\/a-qui-s-et-vous\/cartes-postales-soutenir-parents-denfant-ne-prematurement\/#primaryimage\"},\"image\":{\"@id\":\"https:\/\/www.a-qui-s.fr\/le-blog\/a-qui-s-et-vous\/cartes-postales-soutenir-parents-denfant-ne-prematurement\/#primaryimage\"},\"thumbnailUrl\":\"https:\/\/www.a-qui-s.fr\/le-blog\/wp-content\/uploads\/2018\/03\/sans-titre-3.jpg\",\"datePublished\":\"09+00:00\",\"dateModified\":\"53+00:00\",\"description\":\"Des cartes postales pour soutenir les parents d'enfant n\u00e9 pr\u00e9matur\u00e9ment. Nous avons d\u00e9couvert il y a peu\u00a0 l'association Neonin's. Cette association des Pyr\u00e9n\u00e9es Orientales, accompagne et conseil les familles d'enfant n\u00e9 pr\u00e9matur\u00e9ment.\u00a0\",\"breadcrumb\":{\"@id\":\"https:\/\/www.a-qui-s.fr\/le-blog\/a-qui-s-et-vous\/cartes-postales-soutenir-parents-denfant-ne-prematurement\/#breadcrumb\"},\"inLanguage\":\"fr-FR\",\"potentialAction\":[{\"@type\":\"ReadAction\",\"target\":[\"https:\/\/www.a-qui-s.fr\/le-blog\/a-qui-s-et-vous\/cartes-postales-soutenir-parents-denfant-ne-prematurement\/\"]}]},{\"@type\":\"ImageObject\",\"inLanguage\":\"fr-FR\",\"@id\":\"https:\/\/www.a-qui-s.fr\/le-blog\/a-qui-s-et-vous\/cartes-postales-soutenir-parents-denfant-ne-prematurement\/#primaryimage\",\"url\":\"https:\/\/www.a-qui-s.fr\/le-blog\/wp-content\/uploads\/2018\/03\/sans-titre-3.jpg\",\"contentUrl\":\"https:\/\/www.a-qui-s.fr\/le-blog\/wp-content\/uploads\/2018\/03\/sans-titre-3.jpg\",\"width\":600,\"height\":600},{\"@type\":\"BreadcrumbList\",\"@id\":\"https:\/\/www.a-qui-s.fr\/le-blog\/a-qui-s-et-vous\/cartes-postales-soutenir-parents-denfant-ne-prematurement\/#breadcrumb\",\"itemListElement\":[{\"@type\":\"ListItem\",\"position\":1,\"name\":\"Accueil\",\"item\":\"https:\/\/www.a-qui-s.fr\/le-blog\/\"},{\"@type\":\"ListItem\",\"position\":2,\"name\":\"A-qui-S &amp; Vous\",\"item\":\"https:\/\/www.a-qui-s.fr\/le-blog\/category\/a-qui-s-et-vous\/\"},{\"@type\":\"ListItem\",\"position\":3,\"name\":\"Des petits mots pour soutenir les parents d&rsquo;enfants n\u00e9s pr\u00e9matur\u00e9ment.\"}]},{\"@type\":\"WebSite\",\"@id\":\"https:\/\/www.a-qui-s.fr\/le-blog\/#website\",\"url\":\"https:\/\/www.a-qui-s.fr\/le-blog\/\",\"name\":\"LE BLOG d&#039;A-qui-S\",\"description\":\"La communaut\u00e9 des &quot;Pas-Perdus&quot;\",\"publisher\":{\"@id\":\"https:\/\/www.a-qui-s.fr\/le-blog\/#organization\"},\"potentialAction\":[{\"@type\":\"SearchAction\",\"target\":{\"@type\":\"EntryPoint\",\"urlTemplate\":\"https:\/\/www.a-qui-s.fr\/le-blog\/?s={search_term_string}\"},\"query-input\":{\"@type\":\"PropertyValueSpecification\",\"valueRequired\":true,\"valueName\":\"search_term_string\"}}],\"inLanguage\":\"fr-FR\"},{\"@type\":\"Organization\",\"@id\":\"https:\/\/www.a-qui-s.fr\/le-blog\/#organization\",\"name\":\"Etiquettes & compagnie\",\"url\":\"https:\/\/www.a-qui-s.fr\/le-blog\/\",\"logo\":{\"@type\":\"ImageObject\",\"inLanguage\":\"fr-FR\",\"@id\":\"https:\/\/www.a-qui-s.fr\/le-blog\/#\/schema\/logo\/image\/\",\"url\":\"https:\/\/www.a-qui-s.fr\/le-blog\/wp-content\/uploads\/2015\/05\/logo_a-qui-s.png\",\"contentUrl\":\"https:\/\/www.a-qui-s.fr\/le-blog\/wp-content\/uploads\/2015\/05\/logo_a-qui-s.png\",\"width\":132,\"height\":59,\"caption\":\"Etiquettes & compagnie\"},\"image\":{\"@id\":\"https:\/\/www.a-qui-s.fr\/le-blog\/#\/schema\/logo\/image\/\"},\"sameAs\":[\"https:\/\/www.facebook.com\/AquiS\/\",\"https:\/\/x.com\/aquis_fr\"]},{\"@type\":\"Person\",\"@id\":\"https:\/\/www.a-qui-s.fr\/le-blog\/#\/schema\/person\/6137cde8b4274f12814983bcb5dbbf80\",\"name\":\"Isabelle D' A-QUI-S\",\"image\":{\"@type\":\"ImageObject\",\"inLanguage\":\"fr-FR\",\"@id\":\"https:\/\/www.a-qui-s.fr\/le-blog\/#\/schema\/person\/image\/\",\"url\":\"https:\/\/secure.gravatar.com\/avatar\/15b54286c256bb83f3738b56573f4662227f32ef2de42e88b04b94ca206a4433?s=96&d=mm&r=g\",\"contentUrl\":\"https:\/\/secure.gravatar.com\/avatar\/15b54286c256bb83f3738b56573f4662227f32ef2de42e88b04b94ca206a4433?s=96&d=mm&r=g\",\"caption\":\"Isabelle D' A-QUI-S\"},\"url\":\"https:\/\/www.a-qui-s.fr\/le-blog\/author\/isabelle\/\"}]}<\/script>\n<!-- \/ Yoast SEO plugin. -->","yoast_head_json":{"title":"Des petits mots pour soutenir les parents d'enfants n\u00e9s pr\u00e9matur\u00e9ment. -","description":"Des cartes postales pour soutenir les parents d'enfant n\u00e9 pr\u00e9matur\u00e9ment. Nous avons d\u00e9couvert il y a peu\u00a0 l'association Neonin's. Cette association des Pyr\u00e9n\u00e9es Orientales, accompagne et conseil les familles d'enfant n\u00e9 pr\u00e9matur\u00e9ment.\u00a0","robots":{"index":"index","follow":"follow","max-snippet":"max-snippet:-1","max-image-preview":"max-image-preview:large","max-video-preview":"max-video-preview:-1"},"canonical":"https:\/\/www.a-qui-s.fr\/le-blog\/a-qui-s-et-vous\/cartes-postales-soutenir-parents-denfant-ne-prematurement\/","og_locale":"fr_FR","og_type":"article","og_title":"Des petits mots pour soutenir les parents d'enfants n\u00e9s pr\u00e9matur\u00e9ment. -","og_description":"Des cartes postales pour soutenir les parents d'enfant n\u00e9 pr\u00e9matur\u00e9ment. Nous avons d\u00e9couvert il y a peu\u00a0 l'association Neonin's. Cette association des Pyr\u00e9n\u00e9es Orientales, accompagne et conseil les familles d'enfant n\u00e9 pr\u00e9matur\u00e9ment.\u00a0","og_url":"https:\/\/www.a-qui-s.fr\/le-blog\/a-qui-s-et-vous\/cartes-postales-soutenir-parents-denfant-ne-prematurement\/","og_site_name":"LE BLOG d&#039;A-qui-S","article_publisher":"https:\/\/www.facebook.com\/AquiS\/","article_published_time":"2018-03-12T16:16:09+00:00","article_modified_time":"2025-08-21T11:27:53+00:00","og_image":[{"width":600,"height":600,"url":"https:\/\/www.a-qui-s.fr\/le-blog\/wp-content\/uploads\/2018\/03\/sans-titre-3.jpg","type":"image\/jpeg"}],"author":"Isabelle D' A-QUI-S","twitter_card":"summary_large_image","twitter_creator":"@aquis_fr","twitter_site":"@aquis_fr","twitter_misc":{"Written by":"Isabelle D' A-QUI-S","Est. reading time":"2 minutes"},"schema":{"@context":"https:\/\/schema.org","@graph":[{"@type":"Article","@id":"https:\/\/www.a-qui-s.fr\/le-blog\/a-qui-s-et-vous\/cartes-postales-soutenir-parents-denfant-ne-prematurement\/#article","isPartOf":{"@id":"https:\/\/www.a-qui-s.fr\/le-blog\/a-qui-s-et-vous\/cartes-postales-soutenir-parents-denfant-ne-prematurement\/"},"author":{"name":"Isabelle D' A-QUI-S","@id":"https:\/\/www.a-qui-s.fr\/le-blog\/#\/schema\/person\/6137cde8b4274f12814983bcb5dbbf80"},"headline":"Des petits mots pour soutenir les parents d&rsquo;enfants n\u00e9s pr\u00e9matur\u00e9ment.","datePublished":"09+00:00","dateModified":"53+00:00","mainEntityOfPage":{"@id":"https:\/\/www.a-qui-s.fr\/le-blog\/a-qui-s-et-vous\/cartes-postales-soutenir-parents-denfant-ne-prematurement\/"},"wordCount":348,"commentCount":2,"publisher":{"@id":"https:\/\/www.a-qui-s.fr\/le-blog\/#organization"},"image":{"@id":"https:\/\/www.a-qui-s.fr\/le-blog\/a-qui-s-et-vous\/cartes-postales-soutenir-parents-denfant-ne-prematurement\/#primaryimage"},"thumbnailUrl":"https:\/\/www.a-qui-s.fr\/le-blog\/wp-content\/uploads\/2018\/03\/sans-titre-3.jpg","articleSection":["A-qui-S &amp; Vous"],"inLanguage":"fr-FR","potentialAction":[{"@type":"CommentAction","name":"Comment","target":["https:\/\/www.a-qui-s.fr\/le-blog\/a-qui-s-et-vous\/cartes-postales-soutenir-parents-denfant-ne-prematurement\/#respond"]}]},{"@type":"WebPage","@id":"https:\/\/www.a-qui-s.fr\/le-blog\/a-qui-s-et-vous\/cartes-postales-soutenir-parents-denfant-ne-prematurement\/","url":"https:\/\/www.a-qui-s.fr\/le-blog\/a-qui-s-et-vous\/cartes-postales-soutenir-parents-denfant-ne-prematurement\/","name":"Des petits mots pour soutenir les parents d'enfants n\u00e9s pr\u00e9matur\u00e9ment. -","isPartOf":{"@id":"https:\/\/www.a-qui-s.fr\/le-blog\/#website"},"primaryImageOfPage":{"@id":"https:\/\/www.a-qui-s.fr\/le-blog\/a-qui-s-et-vous\/cartes-postales-soutenir-parents-denfant-ne-prematurement\/#primaryimage"},"image":{"@id":"https:\/\/www.a-qui-s.fr\/le-blog\/a-qui-s-et-vous\/cartes-postales-soutenir-parents-denfant-ne-prematurement\/#primaryimage"},"thumbnailUrl":"https:\/\/www.a-qui-s.fr\/le-blog\/wp-content\/uploads\/2018\/03\/sans-titre-3.jpg","datePublished":"09+00:00","dateModified":"53+00:00","description":"Des cartes postales pour soutenir les parents d'enfant n\u00e9 pr\u00e9matur\u00e9ment. Nous avons d\u00e9couvert il y a peu\u00a0 l'association Neonin's. Cette association des Pyr\u00e9n\u00e9es Orientales, accompagne et conseil les familles d'enfant n\u00e9 pr\u00e9matur\u00e9ment.\u00a0","breadcrumb":{"@id":"https:\/\/www.a-qui-s.fr\/le-blog\/a-qui-s-et-vous\/cartes-postales-soutenir-parents-denfant-ne-prematurement\/#breadcrumb"},"inLanguage":"fr-FR","potentialAction":[{"@type":"ReadAction","target":["https:\/\/www.a-qui-s.fr\/le-blog\/a-qui-s-et-vous\/cartes-postales-soutenir-parents-denfant-ne-prematurement\/"]}]},{"@type":"ImageObject","inLanguage":"fr-FR","@id":"https:\/\/www.a-qui-s.fr\/le-blog\/a-qui-s-et-vous\/cartes-postales-soutenir-parents-denfant-ne-prematurement\/#primaryimage","url":"https:\/\/www.a-qui-s.fr\/le-blog\/wp-content\/uploads\/2018\/03\/sans-titre-3.jpg","contentUrl":"https:\/\/www.a-qui-s.fr\/le-blog\/wp-content\/uploads\/2018\/03\/sans-titre-3.jpg","width":600,"height":600},{"@type":"BreadcrumbList","@id":"https:\/\/www.a-qui-s.fr\/le-blog\/a-qui-s-et-vous\/cartes-postales-soutenir-parents-denfant-ne-prematurement\/#breadcrumb","itemListElement":[{"@type":"ListItem","position":1,"name":"Accueil","item":"https:\/\/www.a-qui-s.fr\/le-blog\/"},{"@type":"ListItem","position":2,"name":"A-qui-S &amp; Vous","item":"https:\/\/www.a-qui-s.fr\/le-blog\/category\/a-qui-s-et-vous\/"},{"@type":"ListItem","position":3,"name":"Des petits mots pour soutenir les parents d&rsquo;enfants n\u00e9s pr\u00e9matur\u00e9ment."}]},{"@type":"WebSite","@id":"https:\/\/www.a-qui-s.fr\/le-blog\/#website","url":"https:\/\/www.a-qui-s.fr\/le-blog\/","name":"LE BLOG d&#039;A-qui-S","description":"La communaut\u00e9 des &quot;Pas-Perdus&quot;","publisher":{"@id":"https:\/\/www.a-qui-s.fr\/le-blog\/#organization"},"potentialAction":[{"@type":"SearchAction","target":{"@type":"EntryPoint","urlTemplate":"https:\/\/www.a-qui-s.fr\/le-blog\/?s={search_term_string}"},"query-input":{"@type":"PropertyValueSpecification","valueRequired":true,"valueName":"search_term_string"}}],"inLanguage":"fr-FR"},{"@type":"Organization","@id":"https:\/\/www.a-qui-s.fr\/le-blog\/#organization","name":"Etiquettes & compagnie","url":"https:\/\/www.a-qui-s.fr\/le-blog\/","logo":{"@type":"ImageObject","inLanguage":"fr-FR","@id":"https:\/\/www.a-qui-s.fr\/le-blog\/#\/schema\/logo\/image\/","url":"https:\/\/www.a-qui-s.fr\/le-blog\/wp-content\/uploads\/2015\/05\/logo_a-qui-s.png","contentUrl":"https:\/\/www.a-qui-s.fr\/le-blog\/wp-content\/uploads\/2015\/05\/logo_a-qui-s.png","width":132,"height":59,"caption":"Etiquettes & compagnie"},"image":{"@id":"https:\/\/www.a-qui-s.fr\/le-blog\/#\/schema\/logo\/image\/"},"sameAs":["https:\/\/www.facebook.com\/AquiS\/","https:\/\/x.com\/aquis_fr"]},{"@type":"Person","@id":"https:\/\/www.a-qui-s.fr\/le-blog\/#\/schema\/person\/6137cde8b4274f12814983bcb5dbbf80","name":"Isabelle D' A-QUI-S","image":{"@type":"ImageObject","inLanguage":"fr-FR","@id":"https:\/\/www.a-qui-s.fr\/le-blog\/#\/schema\/person\/image\/","url":"https:\/\/secure.gravatar.com\/avatar\/15b54286c256bb83f3738b56573f4662227f32ef2de42e88b04b94ca206a4433?s=96&d=mm&r=g","contentUrl":"https:\/\/secure.gravatar.com\/avatar\/15b54286c256bb83f3738b56573f4662227f32ef2de42e88b04b94ca206a4433?s=96&d=mm&r=g","caption":"Isabelle D' A-QUI-S"},"url":"https:\/\/www.a-qui-s.fr\/le-blog\/author\/isabelle\/"}]}},"_links":{"self":[{"href":"https:\/\/www.a-qui-s.fr\/le-blog\/wp-json\/wp\/v2\/posts\/12074","targetHints":{"allow":["GET"]}}],"collection":[{"href":"https:\/\/www.a-qui-s.fr\/le-blog\/wp-json\/wp\/v2\/posts"}],"about":[{"href":"https:\/\/www.a-qui-s.fr\/le-blog\/wp-json\/wp\/v2\/types\/post"}],"author":[{"embeddable":true,"href":"https:\/\/www.a-qui-s.fr\/le-blog\/wp-json\/wp\/v2\/users\/6"}],"replies":[{"embeddable":true,"href":"https:\/\/www.a-qui-s.fr\/le-blog\/wp-json\/wp\/v2\/comments?post=12074"}],"version-history":[{"count":0,"href":"https:\/\/www.a-qui-s.fr\/le-blog\/wp-json\/wp\/v2\/posts\/12074\/revisions"}],"wp:featuredmedia":[{"embeddable":true,"href":"https:\/\/www.a-qui-s.fr\/le-blog\/wp-json\/wp\/v2\/media\/12082"}],"wp:attachment":[{"href":"https:\/\/www.a-qui-s.fr\/le-blog\/wp-json\/wp\/v2\/media?parent=12074"}],"wp:term":[{"taxonomy":"category","embeddable":true,"href":"https:\/\/www.a-qui-s.fr\/le-blog\/wp-json\/wp\/v2\/categories?post=12074"},{"taxonomy":"post_tag","embeddable":true,"href":"https:\/\/www.a-qui-s.fr\/le-blog\/wp-json\/wp\/v2\/tags?post=12074"}],"curies":[{"name":"wp","href":"https:\/\/api.w.org\/{rel}","templated":true}]}}