{"id":11646,"date":"2017-10-18T09:19:37","date_gmt":"2017-10-18T08:19:37","guid":{"rendered":"https:\/\/www.a-qui-s.fr\/le-blog\/?p=11646"},"modified":"2025-08-21T12:28:29","modified_gmt":"2025-08-21T11:28:29","slug":"diy-dautomne","status":"publish","type":"post","link":"https:\/\/www.a-qui-s.fr\/le-blog\/diy-bricolage-enfant\/diy-dautomne\/","title":{"rendered":"DIY d&rsquo;automne, une activit\u00e9 manuelle pour les vacances !"},"content":{"rendered":"<p>Pour occuper les enfants pendant les vacances d&rsquo;automne, on vous propose un DIY d&rsquo;automne qui leur permettra de laisser s&rsquo;exprimer leur \u00e2me d&rsquo;artiste ! Le r\u00e9sultat, c&rsquo;est s\u00fbr, \u00e9patera petits et grands !<\/p>\n<p><img fetchpriority=\"high\" decoding=\"async\" class=\"wp-image-11652 size-full aligncenter\" title=\"DIY d'automne\" src=\"https:\/\/www.a-qui-s.fr\/le-blog\/wp-content\/uploads\/2017\/10\/automne.png\" alt=\"DIY d'automne\" width=\"595\" height=\"382\" srcset=\"https:\/\/www.a-qui-s.fr\/le-blog\/wp-content\/uploads\/2017\/10\/automne.png 595w, https:\/\/www.a-qui-s.fr\/le-blog\/wp-content\/uploads\/2017\/10\/automne-300x193.png 300w\" sizes=\"(max-width: 595px) 100vw, 595px\" \/><\/p>\n<h2><a href=\"https:\/\/mailchi.mp\/a-qui-s.fr\/blog-diy-automne\"><img decoding=\"async\" class=\"size-medium aligncenter\" src=\"https:\/\/images.a-qui-s.fr\/image\/upload\/v1579600227\/BLOG\/bouton-blog.jpg\" width=\"200\" height=\"50\"><\/a><\/h2>\n<h2><strong>Premi\u00e8re \u00e9tape du DIY d&rsquo;automne :<\/strong><\/h2>\n<ul>\n<li>Tout d&rsquo;abord, direction les bois ! Une ballade en for\u00eat s&rsquo;impose pour ramasser les petits tr\u00e9sors de l&rsquo;automne . Par exemple : des jolies feuilles mortes d&rsquo;automne de diff\u00e9rentes couleurs,&nbsp; des glands, des plumes, des fleurs, des marrons, de la mousse &#8230; Et voil\u00e0, c&rsquo;est facile et tr\u00e8s \u00e9conomique ! Vous avez l\u00e0 tout le n\u00e9cessaire pour r\u00e9aliser notre DIY d&rsquo;automne.<\/li>\n<\/ul>\n<h2><strong>Deuxi\u00e8me \u00e9tape :<\/strong><\/h2>\n<ul>\n<li>&nbsp;T\u00e9l\u00e9charger et imprimer le<strong>&nbsp;<\/strong>visage de votre choix&nbsp;<\/li>\n<\/ul>\n<h2><strong>Troisi\u00e8me \u00e9tape :<\/strong><\/h2>\n<ul>\n<li>Puis, vous laisserez place \u00e0 leur cr\u00e9ativit\u00e9 ! On d\u00e9pose les feuilles color\u00e9es tout autour du visage afin de coiffer le personnage. Ensuite, on peut aussi lui rajouter des boucles d&rsquo;oreilles avec de plus petites feuilles, cr\u00e9er un joli collier autour de son cou ou m\u00eame lui cr\u00e9er un petit nez \u00e0 l&rsquo;aide d&rsquo;un marron ou la cupule (le chapeau) d&rsquo;un gland.<\/li>\n<\/ul>\n<h2><strong>Quatri\u00e8me \u00e9tape du&nbsp;DIY d&rsquo;automne :&nbsp;<\/strong><\/h2>\n<p>En dernier lieu, pour immortaliser son oeuvre d&rsquo;art, on peut coller ses feuilles avec de la colle \u00e0 papier et encadrer son personnage.<\/p>\n<p>Alors, \u00e0 vous de jouer !<\/p>\n<p><strong>Nous avons r\u00e9alis\u00e9 notre sortie en for\u00eat accompagn\u00e9 de notre A-qui-Pocket. Pour&nbsp; retrouver les petits sacs personnalisables A-qui-pocket c&rsquo;est par<a href=\"https:\/\/www.a-qui-s.fr\/boutique\/les-a-qui-pockets\/SPS\"> ici<\/a> !&nbsp;<\/strong><\/p>\n<p><strong>Et avec les enfants, cette petite comptine d&rsquo;automne, tout \u00e0 fait appropri\u00e9e, ne nous ait pas sorti de la t\u00eate:)&nbsp; &nbsp;<\/strong><\/p>\n<p>\u00ab\u00a0<strong>&nbsp; Refrain :<\/strong> Colchiques dans les pr\u00e9s fleurissent, fleurissent,<br \/>\nColchiques dans les pr\u00e9s : c&rsquo;est la fin de l&rsquo;\u00e9t\u00e9<\/p>\n<p><strong>Couplet :&nbsp;<\/strong>La feuille d&rsquo;automne emport\u00e9e par le vent<br \/>\nEn ronde monotone tombe en tourbillonnant<\/p>\n<p>Ch\u00e2taignes dans les bois se fendent, se fendent<br \/>\nCh\u00e2taignes dans les bois se fendent sous les pas.<\/p>\n<p>Nuages dans le ciel s&rsquo;\u00e9tirent, s&rsquo;\u00e9tirent<br \/>\nNuages dans le ciel s&rsquo;\u00e9tirent comme une aile.<\/p>\n<p>Et ce chant dans mon coeur murmure, murmure,<br \/>\nEt ce chant dans mon c\u0153ur appelle le bonheur.<\/p>\n<p><strong>Refrain :<\/strong> Colchiques dans les pr\u00e9s fleurissent, fleurissent,<br \/>\nColchiques dans les pr\u00e9s : c&rsquo;est la fin de l&rsquo;\u00e9t\u00e9\u00a0\u00bb<\/p>\n<p>D&rsquo;autres comptines pour enfants \u00e0 chanter en c\u0153ur c&rsquo;est&nbsp;<a href=\"http:\/\/www.mondedestitounis.fr\/comptine.php?id=5\">ici<\/a> .<\/p>\n<p><iframe title=\"DIY Feuilles d&#039;automne\" width=\"800\" height=\"450\" src=\"https:\/\/www.youtube.com\/embed\/0yV3B61reOo?feature=oembed\" frameborder=\"0\" allow=\"accelerometer; autoplay; clipboard-write; encrypted-media; gyroscope; picture-in-picture; web-share\" referrerpolicy=\"strict-origin-when-cross-origin\" allowfullscreen><\/iframe><\/p>\n","protected":false},"excerpt":{"rendered":"<p>Pour occuper les enfants pendant les vacances d&rsquo;automne, on vous propose un DIY d&rsquo;automne qui leur permettra de laisser s&rsquo;exprimer leur \u00e2me d&rsquo;artiste ! Le r\u00e9sultat, c&rsquo;est s\u00fbr, \u00e9patera petits et grands ! Premi\u00e8re \u00e9tape du DIY d&rsquo;automne : Tout d&rsquo;abord, direction les bois ! Une ballade en for\u00eat s&rsquo;impose pour ramasser les petits tr\u00e9sors [&hellip;]<\/p>\n","protected":false},"author":2,"featured_media":11652,"comment_status":"open","ping_status":"open","sticky":false,"template":"","format":"standard","meta":{"_acf_changed":false,"fifu_image_url":"","fifu_image_alt":"","footnotes":""},"categories":[59],"tags":[],"class_list":["post-11646","post","type-post","status-publish","format-standard","has-post-thumbnail","hentry","category-diy-bricolage-enfant"],"acf":[],"yoast_head":"<!-- This site is optimized with the Yoast SEO plugin v27.0 - https:\/\/yoast.com\/product\/yoast-seo-wordpress\/ -->\n<title>DIY d&#039;automne activit\u00e9 manuelle pour les enfants, id\u00e9ale pour les vacances<\/title>\n<meta name=\"description\" content=\"Un DIY d&#039;automne parfait pour les vacances. Avec des feuilles et un peu d&#039;imagination ont cr\u00e9e un visage ! Parfait comme activit\u00e9 manuelle pour les enfants!\" \/>\n<meta name=\"robots\" content=\"index, follow, max-snippet:-1, max-image-preview:large, max-video-preview:-1\" \/>\n<link rel=\"canonical\" href=\"https:\/\/www.a-qui-s.fr\/le-blog\/diy-bricolage-enfant\/diy-dautomne\/\" \/>\n<meta property=\"og:locale\" content=\"fr_FR\" \/>\n<meta property=\"og:type\" content=\"article\" \/>\n<meta property=\"og:title\" content=\"DIY d&#039;automne activit\u00e9 manuelle pour les enfants, id\u00e9ale pour les vacances\" \/>\n<meta property=\"og:description\" content=\"Un DIY d&#039;automne parfait pour les vacances. Avec des feuilles et un peu d&#039;imagination ont cr\u00e9e un visage ! Parfait comme activit\u00e9 manuelle pour les enfants!\" \/>\n<meta property=\"og:url\" content=\"https:\/\/www.a-qui-s.fr\/le-blog\/diy-bricolage-enfant\/diy-dautomne\/\" \/>\n<meta property=\"og:site_name\" content=\"LE BLOG d&#039;A-qui-S\" \/>\n<meta property=\"article:publisher\" content=\"https:\/\/www.facebook.com\/AquiS\/\" \/>\n<meta property=\"article:published_time\" content=\"2017-10-18T08:19:37+00:00\" \/>\n<meta property=\"article:modified_time\" content=\"2025-08-21T11:28:29+00:00\" \/>\n<meta property=\"og:image\" content=\"https:\/\/www.a-qui-s.fr\/le-blog\/wp-content\/uploads\/2017\/10\/automne.png\" \/>\n\t<meta property=\"og:image:width\" content=\"595\" \/>\n\t<meta property=\"og:image:height\" content=\"382\" \/>\n\t<meta property=\"og:image:type\" content=\"image\/png\" \/>\n<meta name=\"author\" content=\"Louise de A-qui-S\" \/>\n<meta name=\"twitter:card\" content=\"summary_large_image\" \/>\n<meta name=\"twitter:creator\" content=\"@aquis_fr\" \/>\n<meta name=\"twitter:site\" content=\"@aquis_fr\" \/>\n<meta name=\"twitter:label1\" content=\"Written by\" \/>\n\t<meta name=\"twitter:data1\" content=\"Louise de A-qui-S\" \/>\n\t<meta name=\"twitter:label2\" content=\"Est. reading time\" \/>\n\t<meta name=\"twitter:data2\" content=\"2 minutes\" \/>\n<script type=\"application\/ld+json\" class=\"yoast-schema-graph\">{\"@context\":\"https:\/\/schema.org\",\"@graph\":[{\"@type\":\"Article\",\"@id\":\"https:\/\/www.a-qui-s.fr\/le-blog\/diy-bricolage-enfant\/diy-dautomne\/#article\",\"isPartOf\":{\"@id\":\"https:\/\/www.a-qui-s.fr\/le-blog\/diy-bricolage-enfant\/diy-dautomne\/\"},\"author\":{\"name\":\"Louise de A-qui-S\",\"@id\":\"https:\/\/www.a-qui-s.fr\/le-blog\/#\/schema\/person\/d98098c165f4481653780d6fa061f531\"},\"headline\":\"DIY d&rsquo;automne, une activit\u00e9 manuelle pour les vacances !\",\"datePublished\":\"37+00:00\",\"dateModified\":\"29+00:00\",\"mainEntityOfPage\":{\"@id\":\"https:\/\/www.a-qui-s.fr\/le-blog\/diy-bricolage-enfant\/diy-dautomne\/\"},\"wordCount\":428,\"commentCount\":0,\"publisher\":{\"@id\":\"https:\/\/www.a-qui-s.fr\/le-blog\/#organization\"},\"image\":{\"@id\":\"https:\/\/www.a-qui-s.fr\/le-blog\/diy-bricolage-enfant\/diy-dautomne\/#primaryimage\"},\"thumbnailUrl\":\"https:\/\/www.a-qui-s.fr\/le-blog\/wp-content\/uploads\/2017\/10\/automne.png\",\"articleSection\":[\"DIY - Bricolage enfant\"],\"inLanguage\":\"fr-FR\",\"potentialAction\":[{\"@type\":\"CommentAction\",\"name\":\"Comment\",\"target\":[\"https:\/\/www.a-qui-s.fr\/le-blog\/diy-bricolage-enfant\/diy-dautomne\/#respond\"]}]},{\"@type\":\"WebPage\",\"@id\":\"https:\/\/www.a-qui-s.fr\/le-blog\/diy-bricolage-enfant\/diy-dautomne\/\",\"url\":\"https:\/\/www.a-qui-s.fr\/le-blog\/diy-bricolage-enfant\/diy-dautomne\/\",\"name\":\"DIY d'automne activit\u00e9 manuelle pour les enfants, id\u00e9ale pour les vacances\",\"isPartOf\":{\"@id\":\"https:\/\/www.a-qui-s.fr\/le-blog\/#website\"},\"primaryImageOfPage\":{\"@id\":\"https:\/\/www.a-qui-s.fr\/le-blog\/diy-bricolage-enfant\/diy-dautomne\/#primaryimage\"},\"image\":{\"@id\":\"https:\/\/www.a-qui-s.fr\/le-blog\/diy-bricolage-enfant\/diy-dautomne\/#primaryimage\"},\"thumbnailUrl\":\"https:\/\/www.a-qui-s.fr\/le-blog\/wp-content\/uploads\/2017\/10\/automne.png\",\"datePublished\":\"37+00:00\",\"dateModified\":\"29+00:00\",\"description\":\"Un DIY d'automne parfait pour les vacances. Avec des feuilles et un peu d'imagination ont cr\u00e9e un visage ! Parfait comme activit\u00e9 manuelle pour les enfants!\",\"breadcrumb\":{\"@id\":\"https:\/\/www.a-qui-s.fr\/le-blog\/diy-bricolage-enfant\/diy-dautomne\/#breadcrumb\"},\"inLanguage\":\"fr-FR\",\"potentialAction\":[{\"@type\":\"ReadAction\",\"target\":[\"https:\/\/www.a-qui-s.fr\/le-blog\/diy-bricolage-enfant\/diy-dautomne\/\"]}]},{\"@type\":\"ImageObject\",\"inLanguage\":\"fr-FR\",\"@id\":\"https:\/\/www.a-qui-s.fr\/le-blog\/diy-bricolage-enfant\/diy-dautomne\/#primaryimage\",\"url\":\"https:\/\/www.a-qui-s.fr\/le-blog\/wp-content\/uploads\/2017\/10\/automne.png\",\"contentUrl\":\"https:\/\/www.a-qui-s.fr\/le-blog\/wp-content\/uploads\/2017\/10\/automne.png\",\"width\":595,\"height\":382,\"caption\":\"DIY d'automne\"},{\"@type\":\"BreadcrumbList\",\"@id\":\"https:\/\/www.a-qui-s.fr\/le-blog\/diy-bricolage-enfant\/diy-dautomne\/#breadcrumb\",\"itemListElement\":[{\"@type\":\"ListItem\",\"position\":1,\"name\":\"Accueil\",\"item\":\"https:\/\/www.a-qui-s.fr\/le-blog\/\"},{\"@type\":\"ListItem\",\"position\":2,\"name\":\"DIY - Bricolage enfant\",\"item\":\"https:\/\/www.a-qui-s.fr\/le-blog\/category\/diy-bricolage-enfant\/\"},{\"@type\":\"ListItem\",\"position\":3,\"name\":\"DIY d&rsquo;automne, une activit\u00e9 manuelle pour les vacances !\"}]},{\"@type\":\"WebSite\",\"@id\":\"https:\/\/www.a-qui-s.fr\/le-blog\/#website\",\"url\":\"https:\/\/www.a-qui-s.fr\/le-blog\/\",\"name\":\"LE BLOG d&#039;A-qui-S\",\"description\":\"La communaut\u00e9 des &quot;Pas-Perdus&quot;\",\"publisher\":{\"@id\":\"https:\/\/www.a-qui-s.fr\/le-blog\/#organization\"},\"potentialAction\":[{\"@type\":\"SearchAction\",\"target\":{\"@type\":\"EntryPoint\",\"urlTemplate\":\"https:\/\/www.a-qui-s.fr\/le-blog\/?s={search_term_string}\"},\"query-input\":{\"@type\":\"PropertyValueSpecification\",\"valueRequired\":true,\"valueName\":\"search_term_string\"}}],\"inLanguage\":\"fr-FR\"},{\"@type\":\"Organization\",\"@id\":\"https:\/\/www.a-qui-s.fr\/le-blog\/#organization\",\"name\":\"Etiquettes & compagnie\",\"url\":\"https:\/\/www.a-qui-s.fr\/le-blog\/\",\"logo\":{\"@type\":\"ImageObject\",\"inLanguage\":\"fr-FR\",\"@id\":\"https:\/\/www.a-qui-s.fr\/le-blog\/#\/schema\/logo\/image\/\",\"url\":\"https:\/\/www.a-qui-s.fr\/le-blog\/wp-content\/uploads\/2015\/05\/logo_a-qui-s.png\",\"contentUrl\":\"https:\/\/www.a-qui-s.fr\/le-blog\/wp-content\/uploads\/2015\/05\/logo_a-qui-s.png\",\"width\":132,\"height\":59,\"caption\":\"Etiquettes & compagnie\"},\"image\":{\"@id\":\"https:\/\/www.a-qui-s.fr\/le-blog\/#\/schema\/logo\/image\/\"},\"sameAs\":[\"https:\/\/www.facebook.com\/AquiS\/\",\"https:\/\/x.com\/aquis_fr\"]},{\"@type\":\"Person\",\"@id\":\"https:\/\/www.a-qui-s.fr\/le-blog\/#\/schema\/person\/d98098c165f4481653780d6fa061f531\",\"name\":\"Louise de A-qui-S\",\"image\":{\"@type\":\"ImageObject\",\"inLanguage\":\"fr-FR\",\"@id\":\"https:\/\/www.a-qui-s.fr\/le-blog\/#\/schema\/person\/image\/\",\"url\":\"https:\/\/secure.gravatar.com\/avatar\/7a713547ddd2e0fc4130ec55978934dc3f12ef2095fa1cba20e2f0efcd0728c4?s=96&d=mm&r=g\",\"contentUrl\":\"https:\/\/secure.gravatar.com\/avatar\/7a713547ddd2e0fc4130ec55978934dc3f12ef2095fa1cba20e2f0efcd0728c4?s=96&d=mm&r=g\",\"caption\":\"Louise de A-qui-S\"},\"url\":\"https:\/\/www.a-qui-s.fr\/le-blog\/author\/julia\/\"}]}<\/script>\n<!-- \/ Yoast SEO plugin. -->","yoast_head_json":{"title":"DIY d'automne activit\u00e9 manuelle pour les enfants, id\u00e9ale pour les vacances","description":"Un DIY d'automne parfait pour les vacances. Avec des feuilles et un peu d'imagination ont cr\u00e9e un visage ! Parfait comme activit\u00e9 manuelle pour les enfants!","robots":{"index":"index","follow":"follow","max-snippet":"max-snippet:-1","max-image-preview":"max-image-preview:large","max-video-preview":"max-video-preview:-1"},"canonical":"https:\/\/www.a-qui-s.fr\/le-blog\/diy-bricolage-enfant\/diy-dautomne\/","og_locale":"fr_FR","og_type":"article","og_title":"DIY d'automne activit\u00e9 manuelle pour les enfants, id\u00e9ale pour les vacances","og_description":"Un DIY d'automne parfait pour les vacances. Avec des feuilles et un peu d'imagination ont cr\u00e9e un visage ! Parfait comme activit\u00e9 manuelle pour les enfants!","og_url":"https:\/\/www.a-qui-s.fr\/le-blog\/diy-bricolage-enfant\/diy-dautomne\/","og_site_name":"LE BLOG d&#039;A-qui-S","article_publisher":"https:\/\/www.facebook.com\/AquiS\/","article_published_time":"2017-10-18T08:19:37+00:00","article_modified_time":"2025-08-21T11:28:29+00:00","og_image":[{"width":595,"height":382,"url":"https:\/\/www.a-qui-s.fr\/le-blog\/wp-content\/uploads\/2017\/10\/automne.png","type":"image\/png"}],"author":"Louise de A-qui-S","twitter_card":"summary_large_image","twitter_creator":"@aquis_fr","twitter_site":"@aquis_fr","twitter_misc":{"Written by":"Louise de A-qui-S","Est. reading time":"2 minutes"},"schema":{"@context":"https:\/\/schema.org","@graph":[{"@type":"Article","@id":"https:\/\/www.a-qui-s.fr\/le-blog\/diy-bricolage-enfant\/diy-dautomne\/#article","isPartOf":{"@id":"https:\/\/www.a-qui-s.fr\/le-blog\/diy-bricolage-enfant\/diy-dautomne\/"},"author":{"name":"Louise de A-qui-S","@id":"https:\/\/www.a-qui-s.fr\/le-blog\/#\/schema\/person\/d98098c165f4481653780d6fa061f531"},"headline":"DIY d&rsquo;automne, une activit\u00e9 manuelle pour les vacances !","datePublished":"37+00:00","dateModified":"29+00:00","mainEntityOfPage":{"@id":"https:\/\/www.a-qui-s.fr\/le-blog\/diy-bricolage-enfant\/diy-dautomne\/"},"wordCount":428,"commentCount":0,"publisher":{"@id":"https:\/\/www.a-qui-s.fr\/le-blog\/#organization"},"image":{"@id":"https:\/\/www.a-qui-s.fr\/le-blog\/diy-bricolage-enfant\/diy-dautomne\/#primaryimage"},"thumbnailUrl":"https:\/\/www.a-qui-s.fr\/le-blog\/wp-content\/uploads\/2017\/10\/automne.png","articleSection":["DIY - Bricolage enfant"],"inLanguage":"fr-FR","potentialAction":[{"@type":"CommentAction","name":"Comment","target":["https:\/\/www.a-qui-s.fr\/le-blog\/diy-bricolage-enfant\/diy-dautomne\/#respond"]}]},{"@type":"WebPage","@id":"https:\/\/www.a-qui-s.fr\/le-blog\/diy-bricolage-enfant\/diy-dautomne\/","url":"https:\/\/www.a-qui-s.fr\/le-blog\/diy-bricolage-enfant\/diy-dautomne\/","name":"DIY d'automne activit\u00e9 manuelle pour les enfants, id\u00e9ale pour les vacances","isPartOf":{"@id":"https:\/\/www.a-qui-s.fr\/le-blog\/#website"},"primaryImageOfPage":{"@id":"https:\/\/www.a-qui-s.fr\/le-blog\/diy-bricolage-enfant\/diy-dautomne\/#primaryimage"},"image":{"@id":"https:\/\/www.a-qui-s.fr\/le-blog\/diy-bricolage-enfant\/diy-dautomne\/#primaryimage"},"thumbnailUrl":"https:\/\/www.a-qui-s.fr\/le-blog\/wp-content\/uploads\/2017\/10\/automne.png","datePublished":"37+00:00","dateModified":"29+00:00","description":"Un DIY d'automne parfait pour les vacances. Avec des feuilles et un peu d'imagination ont cr\u00e9e un visage ! Parfait comme activit\u00e9 manuelle pour les enfants!","breadcrumb":{"@id":"https:\/\/www.a-qui-s.fr\/le-blog\/diy-bricolage-enfant\/diy-dautomne\/#breadcrumb"},"inLanguage":"fr-FR","potentialAction":[{"@type":"ReadAction","target":["https:\/\/www.a-qui-s.fr\/le-blog\/diy-bricolage-enfant\/diy-dautomne\/"]}]},{"@type":"ImageObject","inLanguage":"fr-FR","@id":"https:\/\/www.a-qui-s.fr\/le-blog\/diy-bricolage-enfant\/diy-dautomne\/#primaryimage","url":"https:\/\/www.a-qui-s.fr\/le-blog\/wp-content\/uploads\/2017\/10\/automne.png","contentUrl":"https:\/\/www.a-qui-s.fr\/le-blog\/wp-content\/uploads\/2017\/10\/automne.png","width":595,"height":382,"caption":"DIY d'automne"},{"@type":"BreadcrumbList","@id":"https:\/\/www.a-qui-s.fr\/le-blog\/diy-bricolage-enfant\/diy-dautomne\/#breadcrumb","itemListElement":[{"@type":"ListItem","position":1,"name":"Accueil","item":"https:\/\/www.a-qui-s.fr\/le-blog\/"},{"@type":"ListItem","position":2,"name":"DIY - Bricolage enfant","item":"https:\/\/www.a-qui-s.fr\/le-blog\/category\/diy-bricolage-enfant\/"},{"@type":"ListItem","position":3,"name":"DIY d&rsquo;automne, une activit\u00e9 manuelle pour les vacances !"}]},{"@type":"WebSite","@id":"https:\/\/www.a-qui-s.fr\/le-blog\/#website","url":"https:\/\/www.a-qui-s.fr\/le-blog\/","name":"LE BLOG d&#039;A-qui-S","description":"La communaut\u00e9 des &quot;Pas-Perdus&quot;","publisher":{"@id":"https:\/\/www.a-qui-s.fr\/le-blog\/#organization"},"potentialAction":[{"@type":"SearchAction","target":{"@type":"EntryPoint","urlTemplate":"https:\/\/www.a-qui-s.fr\/le-blog\/?s={search_term_string}"},"query-input":{"@type":"PropertyValueSpecification","valueRequired":true,"valueName":"search_term_string"}}],"inLanguage":"fr-FR"},{"@type":"Organization","@id":"https:\/\/www.a-qui-s.fr\/le-blog\/#organization","name":"Etiquettes & compagnie","url":"https:\/\/www.a-qui-s.fr\/le-blog\/","logo":{"@type":"ImageObject","inLanguage":"fr-FR","@id":"https:\/\/www.a-qui-s.fr\/le-blog\/#\/schema\/logo\/image\/","url":"https:\/\/www.a-qui-s.fr\/le-blog\/wp-content\/uploads\/2015\/05\/logo_a-qui-s.png","contentUrl":"https:\/\/www.a-qui-s.fr\/le-blog\/wp-content\/uploads\/2015\/05\/logo_a-qui-s.png","width":132,"height":59,"caption":"Etiquettes & compagnie"},"image":{"@id":"https:\/\/www.a-qui-s.fr\/le-blog\/#\/schema\/logo\/image\/"},"sameAs":["https:\/\/www.facebook.com\/AquiS\/","https:\/\/x.com\/aquis_fr"]},{"@type":"Person","@id":"https:\/\/www.a-qui-s.fr\/le-blog\/#\/schema\/person\/d98098c165f4481653780d6fa061f531","name":"Louise de A-qui-S","image":{"@type":"ImageObject","inLanguage":"fr-FR","@id":"https:\/\/www.a-qui-s.fr\/le-blog\/#\/schema\/person\/image\/","url":"https:\/\/secure.gravatar.com\/avatar\/7a713547ddd2e0fc4130ec55978934dc3f12ef2095fa1cba20e2f0efcd0728c4?s=96&d=mm&r=g","contentUrl":"https:\/\/secure.gravatar.com\/avatar\/7a713547ddd2e0fc4130ec55978934dc3f12ef2095fa1cba20e2f0efcd0728c4?s=96&d=mm&r=g","caption":"Louise de A-qui-S"},"url":"https:\/\/www.a-qui-s.fr\/le-blog\/author\/julia\/"}]}},"_links":{"self":[{"href":"https:\/\/www.a-qui-s.fr\/le-blog\/wp-json\/wp\/v2\/posts\/11646","targetHints":{"allow":["GET"]}}],"collection":[{"href":"https:\/\/www.a-qui-s.fr\/le-blog\/wp-json\/wp\/v2\/posts"}],"about":[{"href":"https:\/\/www.a-qui-s.fr\/le-blog\/wp-json\/wp\/v2\/types\/post"}],"author":[{"embeddable":true,"href":"https:\/\/www.a-qui-s.fr\/le-blog\/wp-json\/wp\/v2\/users\/2"}],"replies":[{"embeddable":true,"href":"https:\/\/www.a-qui-s.fr\/le-blog\/wp-json\/wp\/v2\/comments?post=11646"}],"version-history":[{"count":0,"href":"https:\/\/www.a-qui-s.fr\/le-blog\/wp-json\/wp\/v2\/posts\/11646\/revisions"}],"wp:featuredmedia":[{"embeddable":true,"href":"https:\/\/www.a-qui-s.fr\/le-blog\/wp-json\/wp\/v2\/media\/11652"}],"wp:attachment":[{"href":"https:\/\/www.a-qui-s.fr\/le-blog\/wp-json\/wp\/v2\/media?parent=11646"}],"wp:term":[{"taxonomy":"category","embeddable":true,"href":"https:\/\/www.a-qui-s.fr\/le-blog\/wp-json\/wp\/v2\/categories?post=11646"},{"taxonomy":"post_tag","embeddable":true,"href":"https:\/\/www.a-qui-s.fr\/le-blog\/wp-json\/wp\/v2\/tags?post=11646"}],"curies":[{"name":"wp","href":"https:\/\/api.w.org\/{rel}","templated":true}]}}