{"id":11350,"date":"2017-06-01T15:51:09","date_gmt":"2017-06-01T14:51:09","guid":{"rendered":"https:\/\/www.a-qui-s.fr\/le-blog\/?p=11350"},"modified":"2025-08-21T12:28:50","modified_gmt":"2025-08-21T11:28:50","slug":"cest-lheure-gouter","status":"publish","type":"post","link":"https:\/\/www.a-qui-s.fr\/le-blog\/recettes\/cest-lheure-gouter\/","title":{"rendered":"La v\u00e9ritable recette du Carrot Cake par Emma"},"content":{"rendered":"<h2 style=\"text-align: center;\"><span style=\"font-family: 'DK Lemon Yellow Sun';\">Recette du Carrot Cake<\/span><\/h2>\n<p>Ce matin, Emma de @Mine4sure nous a fait d\u00e9couvrir sa superbe recette du Carrot Cake. Autant vous dire qu&rsquo;il n&rsquo;a pas fait long feu dans les cuisines d&rsquo;A-qui-S : lev\u00e9 comme il faut, moelleux \u00e0 souhait, \u00e9pic\u00e9 mais pas trop, un gla\u00e7age frais et fondant. Bref, LE carrot cake comme on l&rsquo;aime. On a eu\u00a0envie de partager sa recette avec vous sans tarder :<\/p>\n<p><img fetchpriority=\"high\" decoding=\"async\" class=\"aligncenter wp-image-11427\" src=\"https:\/\/www.a-qui-s.fr\/le-blog\/wp-content\/uploads\/2017\/06\/carrot-cake.jpg\" alt=\"Recette du carrot cake\" width=\"440\" height=\"384\" srcset=\"https:\/\/www.a-qui-s.fr\/le-blog\/wp-content\/uploads\/2017\/06\/carrot-cake.jpg 1146w, https:\/\/www.a-qui-s.fr\/le-blog\/wp-content\/uploads\/2017\/06\/carrot-cake-300x262.jpg 300w, https:\/\/www.a-qui-s.fr\/le-blog\/wp-content\/uploads\/2017\/06\/carrot-cake-1024x894.jpg 1024w, https:\/\/www.a-qui-s.fr\/le-blog\/wp-content\/uploads\/2017\/06\/carrot-cake-768x670.jpg 768w\" sizes=\"(max-width: 440px) 100vw, 440px\" \/><\/p>\n<p>&nbsp;<\/p>\n<h2 style=\"text-align: center;\"><span style=\"font-family: 'DK Lemon Yellow Sun';\">Les ingr\u00e9dients du Carrot Cake :<\/span><\/h2>\n<p><b>Tout d&rsquo;abord il vous faut :\u00a0<\/b><\/p>\n<ul>\n<li>250 ml d&rsquo;huile de tournesol<\/li>\n<li>4 gros oeufs<\/li>\n<li>225 gr de\u00a0sucre muscovado (disponible en magasin Bio ou rayon bio de certains supermarch\u00e9s) &#8211; sinon, ce sucre peut \u00eatre remplac\u00e9 par de la vergeoise \ud83d\ude42<\/li>\n<li>200 gr de carottes rap\u00e9es<\/li>\n<li>300 gr farine autolevante<\/li>\n<li>2 cuill\u00e8res \u00e0 soupe de bicarbonate de soude<\/li>\n<li>1 cuill\u00e8re \u00e0 caf\u00e9 de 4 \u00e9pices<\/li>\n<li>1 cuill\u00e8re \u00e0 caf\u00e9 de gingembre moulu<\/li>\n<li>75g de noix \u00e9cras\u00e9es et 8 cerneaux entier pour la d\u00e9coration<\/li>\n<\/ul>\n<p><strong>Pour le gla\u00e7age il vous faut :\u00a0<\/strong><\/p>\n<ul>\n<li>50gr de beurre (temp\u00e9rature ambiante)<\/li>\n<li>25g de sucre glace<\/li>\n<li>250 g\u00a0de fromage \u00e0 tartiner type \u00ab\u00a0Philadelphia\u00a0\u00bb<\/li>\n<li>et quelques go\u00fbtes d&rsquo;extrait de vanille<\/li>\n<\/ul>\n<h2 style=\"text-align: center;\"><span style=\"font-family: 'DK Lemon Yellow Sun';\">La recette du Carrot Cake :<\/span><\/h2>\n<ol>\n<li id=\"tw-target-text\" class=\"tw-data-text tw-ta tw-text-small\" dir=\"ltr\" data-placeholder=\"Traduction\"><span lang=\"fr\">Premi\u00e8rement, pr\u00e9chauffer le four \u00e0 180 \u00b0 C. Graisser un moule \u00e0 g\u00e2teau rond et placer du papier sulfuris\u00e9 par dessus. <\/span><\/li>\n<li class=\"tw-data-text tw-ta tw-text-small\" dir=\"ltr\" data-placeholder=\"Traduction\"><span lang=\"fr\">Deuxi\u00e8mement, m\u00e9langer l&rsquo;huile, les \u0153ufs et le sucre dans un grand bol. Fouetter jusqu&rsquo;\u00e0 ce que le m\u00e9lange soit bien homog\u00e8ne. <\/span><\/li>\n<li class=\"tw-data-text tw-ta tw-text-small\" dir=\"ltr\" data-placeholder=\"Traduction\"><span lang=\"fr\">Puis, ajouter d\u00e9licatement les carottes r\u00e2p\u00e9es dans la p\u00e2te \u00e0 g\u00e2teau, puis ajouter la farine, le bicarbonate de soude et les \u00e9pices , le gingembre et les noix hach\u00e9es jusqu&rsquo;\u00e0 ce que le tout soit uniform\u00e9ment m\u00e9lang\u00e9.\u00a0 <\/span><\/li>\n<li class=\"tw-data-text tw-ta tw-text-small\" dir=\"ltr\" data-placeholder=\"Traduction\"><span lang=\"fr\">Ensuite, verser la pr\u00e9paration dans le moule puis enfourner et faites cuire environ 35 minutes. Il faut qu&rsquo;ils soient bien dor\u00e9s.\u00a0<\/span><\/li>\n<li class=\"tw-data-text tw-ta tw-text-small\" dir=\"ltr\" data-placeholder=\"Traduction\"><span lang=\"fr\"> Pour finir, le gla\u00e7age: M\u00e9langer le beurre, le sucre glace, la cr\u00e8me et l&rsquo;extrait de vanille dans un bol et fouettez \u00e0 l&rsquo;aide d&rsquo;un fouet \u00e9lectrique jusqu&rsquo;\u00e0 ce qu&rsquo;il soit lisse et bien homog\u00e8ne.\u00a0<\/span><\/li>\n<li class=\"tw-data-text tw-ta tw-text-small\" dir=\"ltr\" data-placeholder=\"Traduction\"><span lang=\"fr\">Et enfin, tartiner le g\u00e2teau avec ce gla\u00e7age et disposer les cerneaux de noix \u00e0 votre convenance pour la d\u00e9coration finale \ud83d\ude42 Bonne d\u00e9gustation ! <\/span><\/li>\n<\/ol>\n<p>A glisser dans une <a href=\"https:\/\/www.a-qui-s.fr\/boutique\/le-pack-gouter\/PKG\">jolie bo\u00eete go\u00fbter<\/a> et \u00e0 d\u00e9guster \u00e0 la r\u00e9cr\u00e9 \u00e0 l&rsquo;heure du go\u00fbter\u00a0?<\/p>\n","protected":false},"excerpt":{"rendered":"<p>Recette du Carrot Cake Ce matin, Emma de @Mine4sure nous a fait d\u00e9couvrir sa superbe recette du Carrot Cake. Autant vous dire qu&rsquo;il n&rsquo;a pas fait long feu dans les cuisines d&rsquo;A-qui-S : lev\u00e9 comme il faut, moelleux \u00e0 souhait, \u00e9pic\u00e9 mais pas trop, un gla\u00e7age frais et fondant. Bref, LE carrot cake comme on [&hellip;]<\/p>\n","protected":false},"author":2,"featured_media":11427,"comment_status":"open","ping_status":"open","sticky":false,"template":"","format":"standard","meta":{"_acf_changed":false,"fifu_image_url":"","fifu_image_alt":"","footnotes":""},"categories":[11],"tags":[],"class_list":["post-11350","post","type-post","status-publish","format-standard","has-post-thumbnail","hentry","category-recettes"],"acf":[],"yoast_head":"<!-- This site is optimized with the Yoast SEO plugin v27.0 - https:\/\/yoast.com\/product\/yoast-seo-wordpress\/ -->\n<title>La v\u00e9ritable recette du Carrot Cake par Emma -<\/title>\n<meta name=\"description\" content=\"La v\u00e9ritable recette du carrot cake par Emma \u00e0 d\u00e9couvrir sur notre blog. Les ingr\u00e9dients : 250 ml d&#039;huile de tournesol, 4 gros oeufs, 225 grammes de\u00a0sucre muscovado ...\" \/>\n<meta name=\"robots\" content=\"index, follow, max-snippet:-1, max-image-preview:large, max-video-preview:-1\" \/>\n<link rel=\"canonical\" href=\"https:\/\/www.a-qui-s.fr\/le-blog\/recettes\/cest-lheure-gouter\/\" \/>\n<meta property=\"og:locale\" content=\"fr_FR\" \/>\n<meta property=\"og:type\" content=\"article\" \/>\n<meta property=\"og:title\" content=\"La v\u00e9ritable recette du Carrot Cake par Emma -\" \/>\n<meta property=\"og:description\" content=\"La v\u00e9ritable recette du carrot cake par Emma \u00e0 d\u00e9couvrir sur notre blog. Les ingr\u00e9dients : 250 ml d&#039;huile de tournesol, 4 gros oeufs, 225 grammes de\u00a0sucre muscovado ...\" \/>\n<meta property=\"og:url\" content=\"https:\/\/www.a-qui-s.fr\/le-blog\/recettes\/cest-lheure-gouter\/\" \/>\n<meta property=\"og:site_name\" content=\"LE BLOG d&#039;A-qui-S\" \/>\n<meta property=\"article:publisher\" content=\"https:\/\/www.facebook.com\/AquiS\/\" \/>\n<meta property=\"article:published_time\" content=\"2017-06-01T14:51:09+00:00\" \/>\n<meta property=\"article:modified_time\" content=\"2025-08-21T11:28:50+00:00\" \/>\n<meta property=\"og:image\" content=\"https:\/\/www.a-qui-s.fr\/le-blog\/wp-content\/uploads\/2017\/06\/carrot-cake.jpg\" \/>\n\t<meta property=\"og:image:width\" content=\"1146\" \/>\n\t<meta property=\"og:image:height\" content=\"1000\" \/>\n\t<meta property=\"og:image:type\" content=\"image\/jpeg\" \/>\n<meta name=\"author\" content=\"Louise de A-qui-S\" \/>\n<meta name=\"twitter:card\" content=\"summary_large_image\" \/>\n<meta name=\"twitter:creator\" content=\"@aquis_fr\" \/>\n<meta name=\"twitter:site\" content=\"@aquis_fr\" \/>\n<meta name=\"twitter:label1\" content=\"Written by\" \/>\n\t<meta name=\"twitter:data1\" content=\"Louise de A-qui-S\" \/>\n\t<meta name=\"twitter:label2\" content=\"Est. reading time\" \/>\n\t<meta name=\"twitter:data2\" content=\"2 minutes\" \/>\n<script type=\"application\/ld+json\" class=\"yoast-schema-graph\">{\"@context\":\"https:\/\/schema.org\",\"@graph\":[{\"@type\":\"Article\",\"@id\":\"https:\/\/www.a-qui-s.fr\/le-blog\/recettes\/cest-lheure-gouter\/#article\",\"isPartOf\":{\"@id\":\"https:\/\/www.a-qui-s.fr\/le-blog\/recettes\/cest-lheure-gouter\/\"},\"author\":{\"name\":\"Louise de A-qui-S\",\"@id\":\"https:\/\/www.a-qui-s.fr\/le-blog\/#\/schema\/person\/d98098c165f4481653780d6fa061f531\"},\"headline\":\"La v\u00e9ritable recette du Carrot Cake par Emma\",\"datePublished\":\"09+00:00\",\"dateModified\":\"50+00:00\",\"mainEntityOfPage\":{\"@id\":\"https:\/\/www.a-qui-s.fr\/le-blog\/recettes\/cest-lheure-gouter\/\"},\"wordCount\":401,\"commentCount\":0,\"publisher\":{\"@id\":\"https:\/\/www.a-qui-s.fr\/le-blog\/#organization\"},\"image\":{\"@id\":\"https:\/\/www.a-qui-s.fr\/le-blog\/recettes\/cest-lheure-gouter\/#primaryimage\"},\"thumbnailUrl\":\"https:\/\/www.a-qui-s.fr\/le-blog\/wp-content\/uploads\/2017\/06\/carrot-cake.jpg\",\"articleSection\":[\"Recettes\"],\"inLanguage\":\"fr-FR\",\"potentialAction\":[{\"@type\":\"CommentAction\",\"name\":\"Comment\",\"target\":[\"https:\/\/www.a-qui-s.fr\/le-blog\/recettes\/cest-lheure-gouter\/#respond\"]}]},{\"@type\":\"WebPage\",\"@id\":\"https:\/\/www.a-qui-s.fr\/le-blog\/recettes\/cest-lheure-gouter\/\",\"url\":\"https:\/\/www.a-qui-s.fr\/le-blog\/recettes\/cest-lheure-gouter\/\",\"name\":\"La v\u00e9ritable recette du Carrot Cake par Emma -\",\"isPartOf\":{\"@id\":\"https:\/\/www.a-qui-s.fr\/le-blog\/#website\"},\"primaryImageOfPage\":{\"@id\":\"https:\/\/www.a-qui-s.fr\/le-blog\/recettes\/cest-lheure-gouter\/#primaryimage\"},\"image\":{\"@id\":\"https:\/\/www.a-qui-s.fr\/le-blog\/recettes\/cest-lheure-gouter\/#primaryimage\"},\"thumbnailUrl\":\"https:\/\/www.a-qui-s.fr\/le-blog\/wp-content\/uploads\/2017\/06\/carrot-cake.jpg\",\"datePublished\":\"09+00:00\",\"dateModified\":\"50+00:00\",\"description\":\"La v\u00e9ritable recette du carrot cake par Emma \u00e0 d\u00e9couvrir sur notre blog. Les ingr\u00e9dients : 250 ml d'huile de tournesol, 4 gros oeufs, 225 grammes de\u00a0sucre muscovado ...\",\"breadcrumb\":{\"@id\":\"https:\/\/www.a-qui-s.fr\/le-blog\/recettes\/cest-lheure-gouter\/#breadcrumb\"},\"inLanguage\":\"fr-FR\",\"potentialAction\":[{\"@type\":\"ReadAction\",\"target\":[\"https:\/\/www.a-qui-s.fr\/le-blog\/recettes\/cest-lheure-gouter\/\"]}]},{\"@type\":\"ImageObject\",\"inLanguage\":\"fr-FR\",\"@id\":\"https:\/\/www.a-qui-s.fr\/le-blog\/recettes\/cest-lheure-gouter\/#primaryimage\",\"url\":\"https:\/\/www.a-qui-s.fr\/le-blog\/wp-content\/uploads\/2017\/06\/carrot-cake.jpg\",\"contentUrl\":\"https:\/\/www.a-qui-s.fr\/le-blog\/wp-content\/uploads\/2017\/06\/carrot-cake.jpg\",\"width\":1146,\"height\":1000},{\"@type\":\"BreadcrumbList\",\"@id\":\"https:\/\/www.a-qui-s.fr\/le-blog\/recettes\/cest-lheure-gouter\/#breadcrumb\",\"itemListElement\":[{\"@type\":\"ListItem\",\"position\":1,\"name\":\"Accueil\",\"item\":\"https:\/\/www.a-qui-s.fr\/le-blog\/\"},{\"@type\":\"ListItem\",\"position\":2,\"name\":\"Recettes\",\"item\":\"https:\/\/www.a-qui-s.fr\/le-blog\/category\/recettes\/\"},{\"@type\":\"ListItem\",\"position\":3,\"name\":\"La v\u00e9ritable recette du Carrot Cake par Emma\"}]},{\"@type\":\"WebSite\",\"@id\":\"https:\/\/www.a-qui-s.fr\/le-blog\/#website\",\"url\":\"https:\/\/www.a-qui-s.fr\/le-blog\/\",\"name\":\"LE BLOG d&#039;A-qui-S\",\"description\":\"La communaut\u00e9 des &quot;Pas-Perdus&quot;\",\"publisher\":{\"@id\":\"https:\/\/www.a-qui-s.fr\/le-blog\/#organization\"},\"potentialAction\":[{\"@type\":\"SearchAction\",\"target\":{\"@type\":\"EntryPoint\",\"urlTemplate\":\"https:\/\/www.a-qui-s.fr\/le-blog\/?s={search_term_string}\"},\"query-input\":{\"@type\":\"PropertyValueSpecification\",\"valueRequired\":true,\"valueName\":\"search_term_string\"}}],\"inLanguage\":\"fr-FR\"},{\"@type\":\"Organization\",\"@id\":\"https:\/\/www.a-qui-s.fr\/le-blog\/#organization\",\"name\":\"Etiquettes & compagnie\",\"url\":\"https:\/\/www.a-qui-s.fr\/le-blog\/\",\"logo\":{\"@type\":\"ImageObject\",\"inLanguage\":\"fr-FR\",\"@id\":\"https:\/\/www.a-qui-s.fr\/le-blog\/#\/schema\/logo\/image\/\",\"url\":\"https:\/\/www.a-qui-s.fr\/le-blog\/wp-content\/uploads\/2015\/05\/logo_a-qui-s.png\",\"contentUrl\":\"https:\/\/www.a-qui-s.fr\/le-blog\/wp-content\/uploads\/2015\/05\/logo_a-qui-s.png\",\"width\":132,\"height\":59,\"caption\":\"Etiquettes & compagnie\"},\"image\":{\"@id\":\"https:\/\/www.a-qui-s.fr\/le-blog\/#\/schema\/logo\/image\/\"},\"sameAs\":[\"https:\/\/www.facebook.com\/AquiS\/\",\"https:\/\/x.com\/aquis_fr\"]},{\"@type\":\"Person\",\"@id\":\"https:\/\/www.a-qui-s.fr\/le-blog\/#\/schema\/person\/d98098c165f4481653780d6fa061f531\",\"name\":\"Louise de A-qui-S\",\"image\":{\"@type\":\"ImageObject\",\"inLanguage\":\"fr-FR\",\"@id\":\"https:\/\/www.a-qui-s.fr\/le-blog\/#\/schema\/person\/image\/\",\"url\":\"https:\/\/secure.gravatar.com\/avatar\/7a713547ddd2e0fc4130ec55978934dc3f12ef2095fa1cba20e2f0efcd0728c4?s=96&d=mm&r=g\",\"contentUrl\":\"https:\/\/secure.gravatar.com\/avatar\/7a713547ddd2e0fc4130ec55978934dc3f12ef2095fa1cba20e2f0efcd0728c4?s=96&d=mm&r=g\",\"caption\":\"Louise de A-qui-S\"},\"url\":\"https:\/\/www.a-qui-s.fr\/le-blog\/author\/julia\/\"}]}<\/script>\n<!-- \/ Yoast SEO plugin. -->","yoast_head_json":{"title":"La v\u00e9ritable recette du Carrot Cake par Emma -","description":"La v\u00e9ritable recette du carrot cake par Emma \u00e0 d\u00e9couvrir sur notre blog. Les ingr\u00e9dients : 250 ml d'huile de tournesol, 4 gros oeufs, 225 grammes de\u00a0sucre muscovado ...","robots":{"index":"index","follow":"follow","max-snippet":"max-snippet:-1","max-image-preview":"max-image-preview:large","max-video-preview":"max-video-preview:-1"},"canonical":"https:\/\/www.a-qui-s.fr\/le-blog\/recettes\/cest-lheure-gouter\/","og_locale":"fr_FR","og_type":"article","og_title":"La v\u00e9ritable recette du Carrot Cake par Emma -","og_description":"La v\u00e9ritable recette du carrot cake par Emma \u00e0 d\u00e9couvrir sur notre blog. Les ingr\u00e9dients : 250 ml d'huile de tournesol, 4 gros oeufs, 225 grammes de\u00a0sucre muscovado ...","og_url":"https:\/\/www.a-qui-s.fr\/le-blog\/recettes\/cest-lheure-gouter\/","og_site_name":"LE BLOG d&#039;A-qui-S","article_publisher":"https:\/\/www.facebook.com\/AquiS\/","article_published_time":"2017-06-01T14:51:09+00:00","article_modified_time":"2025-08-21T11:28:50+00:00","og_image":[{"width":1146,"height":1000,"url":"https:\/\/www.a-qui-s.fr\/le-blog\/wp-content\/uploads\/2017\/06\/carrot-cake.jpg","type":"image\/jpeg"}],"author":"Louise de A-qui-S","twitter_card":"summary_large_image","twitter_creator":"@aquis_fr","twitter_site":"@aquis_fr","twitter_misc":{"Written by":"Louise de A-qui-S","Est. reading time":"2 minutes"},"schema":{"@context":"https:\/\/schema.org","@graph":[{"@type":"Article","@id":"https:\/\/www.a-qui-s.fr\/le-blog\/recettes\/cest-lheure-gouter\/#article","isPartOf":{"@id":"https:\/\/www.a-qui-s.fr\/le-blog\/recettes\/cest-lheure-gouter\/"},"author":{"name":"Louise de A-qui-S","@id":"https:\/\/www.a-qui-s.fr\/le-blog\/#\/schema\/person\/d98098c165f4481653780d6fa061f531"},"headline":"La v\u00e9ritable recette du Carrot Cake par Emma","datePublished":"09+00:00","dateModified":"50+00:00","mainEntityOfPage":{"@id":"https:\/\/www.a-qui-s.fr\/le-blog\/recettes\/cest-lheure-gouter\/"},"wordCount":401,"commentCount":0,"publisher":{"@id":"https:\/\/www.a-qui-s.fr\/le-blog\/#organization"},"image":{"@id":"https:\/\/www.a-qui-s.fr\/le-blog\/recettes\/cest-lheure-gouter\/#primaryimage"},"thumbnailUrl":"https:\/\/www.a-qui-s.fr\/le-blog\/wp-content\/uploads\/2017\/06\/carrot-cake.jpg","articleSection":["Recettes"],"inLanguage":"fr-FR","potentialAction":[{"@type":"CommentAction","name":"Comment","target":["https:\/\/www.a-qui-s.fr\/le-blog\/recettes\/cest-lheure-gouter\/#respond"]}]},{"@type":"WebPage","@id":"https:\/\/www.a-qui-s.fr\/le-blog\/recettes\/cest-lheure-gouter\/","url":"https:\/\/www.a-qui-s.fr\/le-blog\/recettes\/cest-lheure-gouter\/","name":"La v\u00e9ritable recette du Carrot Cake par Emma -","isPartOf":{"@id":"https:\/\/www.a-qui-s.fr\/le-blog\/#website"},"primaryImageOfPage":{"@id":"https:\/\/www.a-qui-s.fr\/le-blog\/recettes\/cest-lheure-gouter\/#primaryimage"},"image":{"@id":"https:\/\/www.a-qui-s.fr\/le-blog\/recettes\/cest-lheure-gouter\/#primaryimage"},"thumbnailUrl":"https:\/\/www.a-qui-s.fr\/le-blog\/wp-content\/uploads\/2017\/06\/carrot-cake.jpg","datePublished":"09+00:00","dateModified":"50+00:00","description":"La v\u00e9ritable recette du carrot cake par Emma \u00e0 d\u00e9couvrir sur notre blog. Les ingr\u00e9dients : 250 ml d'huile de tournesol, 4 gros oeufs, 225 grammes de\u00a0sucre muscovado ...","breadcrumb":{"@id":"https:\/\/www.a-qui-s.fr\/le-blog\/recettes\/cest-lheure-gouter\/#breadcrumb"},"inLanguage":"fr-FR","potentialAction":[{"@type":"ReadAction","target":["https:\/\/www.a-qui-s.fr\/le-blog\/recettes\/cest-lheure-gouter\/"]}]},{"@type":"ImageObject","inLanguage":"fr-FR","@id":"https:\/\/www.a-qui-s.fr\/le-blog\/recettes\/cest-lheure-gouter\/#primaryimage","url":"https:\/\/www.a-qui-s.fr\/le-blog\/wp-content\/uploads\/2017\/06\/carrot-cake.jpg","contentUrl":"https:\/\/www.a-qui-s.fr\/le-blog\/wp-content\/uploads\/2017\/06\/carrot-cake.jpg","width":1146,"height":1000},{"@type":"BreadcrumbList","@id":"https:\/\/www.a-qui-s.fr\/le-blog\/recettes\/cest-lheure-gouter\/#breadcrumb","itemListElement":[{"@type":"ListItem","position":1,"name":"Accueil","item":"https:\/\/www.a-qui-s.fr\/le-blog\/"},{"@type":"ListItem","position":2,"name":"Recettes","item":"https:\/\/www.a-qui-s.fr\/le-blog\/category\/recettes\/"},{"@type":"ListItem","position":3,"name":"La v\u00e9ritable recette du Carrot Cake par Emma"}]},{"@type":"WebSite","@id":"https:\/\/www.a-qui-s.fr\/le-blog\/#website","url":"https:\/\/www.a-qui-s.fr\/le-blog\/","name":"LE BLOG d&#039;A-qui-S","description":"La communaut\u00e9 des &quot;Pas-Perdus&quot;","publisher":{"@id":"https:\/\/www.a-qui-s.fr\/le-blog\/#organization"},"potentialAction":[{"@type":"SearchAction","target":{"@type":"EntryPoint","urlTemplate":"https:\/\/www.a-qui-s.fr\/le-blog\/?s={search_term_string}"},"query-input":{"@type":"PropertyValueSpecification","valueRequired":true,"valueName":"search_term_string"}}],"inLanguage":"fr-FR"},{"@type":"Organization","@id":"https:\/\/www.a-qui-s.fr\/le-blog\/#organization","name":"Etiquettes & compagnie","url":"https:\/\/www.a-qui-s.fr\/le-blog\/","logo":{"@type":"ImageObject","inLanguage":"fr-FR","@id":"https:\/\/www.a-qui-s.fr\/le-blog\/#\/schema\/logo\/image\/","url":"https:\/\/www.a-qui-s.fr\/le-blog\/wp-content\/uploads\/2015\/05\/logo_a-qui-s.png","contentUrl":"https:\/\/www.a-qui-s.fr\/le-blog\/wp-content\/uploads\/2015\/05\/logo_a-qui-s.png","width":132,"height":59,"caption":"Etiquettes & compagnie"},"image":{"@id":"https:\/\/www.a-qui-s.fr\/le-blog\/#\/schema\/logo\/image\/"},"sameAs":["https:\/\/www.facebook.com\/AquiS\/","https:\/\/x.com\/aquis_fr"]},{"@type":"Person","@id":"https:\/\/www.a-qui-s.fr\/le-blog\/#\/schema\/person\/d98098c165f4481653780d6fa061f531","name":"Louise de A-qui-S","image":{"@type":"ImageObject","inLanguage":"fr-FR","@id":"https:\/\/www.a-qui-s.fr\/le-blog\/#\/schema\/person\/image\/","url":"https:\/\/secure.gravatar.com\/avatar\/7a713547ddd2e0fc4130ec55978934dc3f12ef2095fa1cba20e2f0efcd0728c4?s=96&d=mm&r=g","contentUrl":"https:\/\/secure.gravatar.com\/avatar\/7a713547ddd2e0fc4130ec55978934dc3f12ef2095fa1cba20e2f0efcd0728c4?s=96&d=mm&r=g","caption":"Louise de A-qui-S"},"url":"https:\/\/www.a-qui-s.fr\/le-blog\/author\/julia\/"}]}},"_links":{"self":[{"href":"https:\/\/www.a-qui-s.fr\/le-blog\/wp-json\/wp\/v2\/posts\/11350","targetHints":{"allow":["GET"]}}],"collection":[{"href":"https:\/\/www.a-qui-s.fr\/le-blog\/wp-json\/wp\/v2\/posts"}],"about":[{"href":"https:\/\/www.a-qui-s.fr\/le-blog\/wp-json\/wp\/v2\/types\/post"}],"author":[{"embeddable":true,"href":"https:\/\/www.a-qui-s.fr\/le-blog\/wp-json\/wp\/v2\/users\/2"}],"replies":[{"embeddable":true,"href":"https:\/\/www.a-qui-s.fr\/le-blog\/wp-json\/wp\/v2\/comments?post=11350"}],"version-history":[{"count":0,"href":"https:\/\/www.a-qui-s.fr\/le-blog\/wp-json\/wp\/v2\/posts\/11350\/revisions"}],"wp:featuredmedia":[{"embeddable":true,"href":"https:\/\/www.a-qui-s.fr\/le-blog\/wp-json\/wp\/v2\/media\/11427"}],"wp:attachment":[{"href":"https:\/\/www.a-qui-s.fr\/le-blog\/wp-json\/wp\/v2\/media?parent=11350"}],"wp:term":[{"taxonomy":"category","embeddable":true,"href":"https:\/\/www.a-qui-s.fr\/le-blog\/wp-json\/wp\/v2\/categories?post=11350"},{"taxonomy":"post_tag","embeddable":true,"href":"https:\/\/www.a-qui-s.fr\/le-blog\/wp-json\/wp\/v2\/tags?post=11350"}],"curies":[{"name":"wp","href":"https:\/\/api.w.org\/{rel}","templated":true}]}}