{"id":11285,"date":"2017-04-03T15:01:27","date_gmt":"2017-04-03T14:01:27","guid":{"rendered":"https:\/\/www.a-qui-s.fr\/le-blog\/?p=11285"},"modified":"2025-08-21T12:28:59","modified_gmt":"2025-08-21T11:28:59","slug":"chasse-aux-oeufs-sera-100-personnalisee-cette-annee","status":"publish","type":"post","link":"https:\/\/www.a-qui-s.fr\/le-blog\/a-qui-s-et-vous\/chasse-aux-oeufs-sera-100-personnalisee-cette-annee\/","title":{"rendered":"D\u00e9couvrez le sac de P\u00e2ques 100% personnalis\u00e9 A-qui-S"},"content":{"rendered":"<h2><img fetchpriority=\"high\" decoding=\"async\" class=\"alignleft wp-image-11292\" title=\"sac de P\u00e2ques\" src=\"https:\/\/www.a-qui-s.fr\/le-blog\/wp-content\/uploads\/2017\/04\/img_20170324_0851222.jpg\" alt=\"sac de P\u00e2ques\" width=\"371\" height=\"327\" srcset=\"https:\/\/www.a-qui-s.fr\/le-blog\/wp-content\/uploads\/2017\/04\/img_20170324_0851222.jpg 800w, https:\/\/www.a-qui-s.fr\/le-blog\/wp-content\/uploads\/2017\/04\/img_20170324_0851222-300x264.jpg 300w, https:\/\/www.a-qui-s.fr\/le-blog\/wp-content\/uploads\/2017\/04\/img_20170324_0851222-768x676.jpg 768w\" sizes=\"(max-width: 371px) 100vw, 371px\" \/><\/h2>\n<h2><img decoding=\"async\" class=\"alignright wp-image-12045\" src=\"https:\/\/www.a-qui-s.fr\/le-blog\/wp-content\/uploads\/2017\/04\/sac-de-paque-ned.jpg\" alt=\"sac de P\u00e2ques\" width=\"421\" height=\"286\"><\/h2>\n<h2>Pour organiser une v\u00e9ritable chasse \u0153ufs voici le sac de P\u00e2ques personnalis\u00e9 !<\/h2>\n<p>Cette ann\u00e9e, avec le soleil qui montre&nbsp;le bout de son nez, nous avions envie de vous&nbsp;pr\u00e9senter notre derni\u00e8re nouveaut\u00e9&nbsp;: le Sac de P\u00e2ques personnalis\u00e9.&nbsp; &nbsp; &nbsp; &nbsp; Un sac 100% coton, 100% mignon \ud83d\ude42<\/p>\n<p>Car effectivement, il semblerait que P\u00e2ques arrive \u00e0 grand pas. P\u00e2ques rime notamment avec chasse aux \u0153ufs dans le jardin, dans l\u2019appartement ou au parc&#8230; Les enfants le savent tr\u00e8s bien et attendent avec impatience ce moment \ud83d\ude42<\/p>\n<p>Avec ce sac, peu importe le lieu. L\u2019id\u00e9e est de partir \u00e9quip\u00e9, \u00e0 la recherche des \u0153ufs bien cach\u00e9s.<\/p>\n<p>Pour faire de&nbsp;cette tradition&nbsp;un moment familial, personnalis\u00e9 et gourmand,&nbsp; nous avons imagin\u00e9 un petit sac de P\u00e2ques aux noms des enfants. \u00c0 offrir au tout d\u00e9but de la chasse aux \u0153ufs, pour glisser une petite \u00e9toile de plus dans leur regard et faire alors, de ce joyeux moment un beau souvenir!<\/p>\n<p>6 mod\u00e8les aux choix : M.et Mme Lapin ( les petits nouveaux), la couronne, le jardin, la cocotte<\/p>\n<p>bleue ou rouge !<\/p>\n<p>Si vous aussi vous craquez,&nbsp;d\u00e9couvrez le d\u00e8s maintenant en<a href=\"https:\/\/www.a-qui-s.fr\/sac-paques-personnalise\"> cliquant ici .<\/a><\/p>\n<p>&nbsp;<\/p>\n<p>Avez-vous vu notre DIY sp\u00e9cial chasse aux \u0153ufs ? C&rsquo;est <a href=\"https:\/\/www.a-qui-s.fr\/le-blog\/diy\/chasse-aux-oeufs-a-qui-s\/\">ici<\/a> !<\/p>\n<p><img id=\"1491762903158\" border=\"0\"><\/p>\n","protected":false},"excerpt":{"rendered":"<p>Pour organiser une v\u00e9ritable chasse \u0153ufs voici le sac de P\u00e2ques personnalis\u00e9 ! Cette ann\u00e9e, avec le soleil qui montre&nbsp;le bout de son nez, nous avions envie de vous&nbsp;pr\u00e9senter notre derni\u00e8re nouveaut\u00e9&nbsp;: le Sac de P\u00e2ques personnalis\u00e9.&nbsp; &nbsp; &nbsp; &nbsp; Un sac 100% coton, 100% mignon \ud83d\ude42 Car effectivement, il semblerait que P\u00e2ques arrive \u00e0 [&hellip;]<\/p>\n","protected":false},"author":2,"featured_media":11291,"comment_status":"open","ping_status":"open","sticky":false,"template":"","format":"standard","meta":{"_acf_changed":false,"fifu_image_url":"","fifu_image_alt":"","footnotes":""},"categories":[216],"tags":[],"class_list":["post-11285","post","type-post","status-publish","format-standard","has-post-thumbnail","hentry","category-a-qui-s-et-vous"],"acf":[],"yoast_head":"<!-- This site is optimized with the Yoast SEO plugin v27.0 - https:\/\/yoast.com\/product\/yoast-seo-wordpress\/ -->\n<title>D\u00e9couvrez le sac de P\u00e2ques 100% personnalis\u00e9 A-qui-S -<\/title>\n<meta name=\"description\" content=\"Le sac de P\u00e2ques personnalis\u00e9 pour une chasse aux \u0153ufs en chocolat inoubliables ! 6 mod\u00e8les aux choix : la couronne, le jardin, la poule bleue ou rouge, ainsi que Monsieur ou Madame Lapin, \u00e0 personnaliser au pr\u00e9nom du chasseur d&#039;\u0153ufs. Pour les enfants, petits-enfants et grands gourmands! Joyeuses P\u00e2ques \u00e0 tous !\" \/>\n<meta name=\"robots\" content=\"index, follow, max-snippet:-1, max-image-preview:large, max-video-preview:-1\" \/>\n<link rel=\"canonical\" href=\"https:\/\/www.a-qui-s.fr\/le-blog\/a-qui-s-et-vous\/chasse-aux-oeufs-sera-100-personnalisee-cette-annee\/\" \/>\n<meta property=\"og:locale\" content=\"fr_FR\" \/>\n<meta property=\"og:type\" content=\"article\" \/>\n<meta property=\"og:title\" content=\"D\u00e9couvrez le sac de P\u00e2ques 100% personnalis\u00e9 A-qui-S -\" \/>\n<meta property=\"og:description\" content=\"Le sac de P\u00e2ques personnalis\u00e9 pour une chasse aux \u0153ufs en chocolat inoubliables ! 6 mod\u00e8les aux choix : la couronne, le jardin, la poule bleue ou rouge, ainsi que Monsieur ou Madame Lapin, \u00e0 personnaliser au pr\u00e9nom du chasseur d&#039;\u0153ufs. Pour les enfants, petits-enfants et grands gourmands! Joyeuses P\u00e2ques \u00e0 tous !\" \/>\n<meta property=\"og:url\" content=\"https:\/\/www.a-qui-s.fr\/le-blog\/a-qui-s-et-vous\/chasse-aux-oeufs-sera-100-personnalisee-cette-annee\/\" \/>\n<meta property=\"og:site_name\" content=\"LE BLOG d&#039;A-qui-S\" \/>\n<meta property=\"article:publisher\" content=\"https:\/\/www.facebook.com\/AquiS\/\" \/>\n<meta property=\"article:published_time\" content=\"2017-04-03T14:01:27+00:00\" \/>\n<meta property=\"article:modified_time\" content=\"2025-08-21T11:28:59+00:00\" \/>\n<meta property=\"og:image\" content=\"https:\/\/www.a-qui-s.fr\/le-blog\/wp-content\/uploads\/2017\/04\/visuel-paques2.jpg\" \/>\n\t<meta property=\"og:image:width\" content=\"600\" \/>\n\t<meta property=\"og:image:height\" content=\"600\" \/>\n\t<meta property=\"og:image:type\" content=\"image\/jpeg\" \/>\n<meta name=\"author\" content=\"Louise de A-qui-S\" \/>\n<meta name=\"twitter:card\" content=\"summary_large_image\" \/>\n<meta name=\"twitter:creator\" content=\"@aquis_fr\" \/>\n<meta name=\"twitter:site\" content=\"@aquis_fr\" \/>\n<meta name=\"twitter:label1\" content=\"Written by\" \/>\n\t<meta name=\"twitter:data1\" content=\"Louise de A-qui-S\" \/>\n\t<meta name=\"twitter:label2\" content=\"Est. reading time\" \/>\n\t<meta name=\"twitter:data2\" content=\"1 minute\" \/>\n<script type=\"application\/ld+json\" class=\"yoast-schema-graph\">{\"@context\":\"https:\/\/schema.org\",\"@graph\":[{\"@type\":\"Article\",\"@id\":\"https:\/\/www.a-qui-s.fr\/le-blog\/a-qui-s-et-vous\/chasse-aux-oeufs-sera-100-personnalisee-cette-annee\/#article\",\"isPartOf\":{\"@id\":\"https:\/\/www.a-qui-s.fr\/le-blog\/a-qui-s-et-vous\/chasse-aux-oeufs-sera-100-personnalisee-cette-annee\/\"},\"author\":{\"name\":\"Louise de A-qui-S\",\"@id\":\"https:\/\/www.a-qui-s.fr\/le-blog\/#\/schema\/person\/d98098c165f4481653780d6fa061f531\"},\"headline\":\"D\u00e9couvrez le sac de P\u00e2ques 100% personnalis\u00e9 A-qui-S\",\"datePublished\":\"27+00:00\",\"dateModified\":\"59+00:00\",\"mainEntityOfPage\":{\"@id\":\"https:\/\/www.a-qui-s.fr\/le-blog\/a-qui-s-et-vous\/chasse-aux-oeufs-sera-100-personnalisee-cette-annee\/\"},\"wordCount\":230,\"commentCount\":0,\"publisher\":{\"@id\":\"https:\/\/www.a-qui-s.fr\/le-blog\/#organization\"},\"image\":{\"@id\":\"https:\/\/www.a-qui-s.fr\/le-blog\/a-qui-s-et-vous\/chasse-aux-oeufs-sera-100-personnalisee-cette-annee\/#primaryimage\"},\"thumbnailUrl\":\"https:\/\/www.a-qui-s.fr\/le-blog\/wp-content\/uploads\/2017\/04\/visuel-paques2.jpg\",\"articleSection\":[\"A-qui-S &amp; Vous\"],\"inLanguage\":\"fr-FR\",\"potentialAction\":[{\"@type\":\"CommentAction\",\"name\":\"Comment\",\"target\":[\"https:\/\/www.a-qui-s.fr\/le-blog\/a-qui-s-et-vous\/chasse-aux-oeufs-sera-100-personnalisee-cette-annee\/#respond\"]}]},{\"@type\":\"WebPage\",\"@id\":\"https:\/\/www.a-qui-s.fr\/le-blog\/a-qui-s-et-vous\/chasse-aux-oeufs-sera-100-personnalisee-cette-annee\/\",\"url\":\"https:\/\/www.a-qui-s.fr\/le-blog\/a-qui-s-et-vous\/chasse-aux-oeufs-sera-100-personnalisee-cette-annee\/\",\"name\":\"D\u00e9couvrez le sac de P\u00e2ques 100% personnalis\u00e9 A-qui-S -\",\"isPartOf\":{\"@id\":\"https:\/\/www.a-qui-s.fr\/le-blog\/#website\"},\"primaryImageOfPage\":{\"@id\":\"https:\/\/www.a-qui-s.fr\/le-blog\/a-qui-s-et-vous\/chasse-aux-oeufs-sera-100-personnalisee-cette-annee\/#primaryimage\"},\"image\":{\"@id\":\"https:\/\/www.a-qui-s.fr\/le-blog\/a-qui-s-et-vous\/chasse-aux-oeufs-sera-100-personnalisee-cette-annee\/#primaryimage\"},\"thumbnailUrl\":\"https:\/\/www.a-qui-s.fr\/le-blog\/wp-content\/uploads\/2017\/04\/visuel-paques2.jpg\",\"datePublished\":\"27+00:00\",\"dateModified\":\"59+00:00\",\"description\":\"Le sac de P\u00e2ques personnalis\u00e9 pour une chasse aux \u0153ufs en chocolat inoubliables ! 6 mod\u00e8les aux choix : la couronne, le jardin, la poule bleue ou rouge, ainsi que Monsieur ou Madame Lapin, \u00e0 personnaliser au pr\u00e9nom du chasseur d'\u0153ufs. Pour les enfants, petits-enfants et grands gourmands! Joyeuses P\u00e2ques \u00e0 tous !\",\"breadcrumb\":{\"@id\":\"https:\/\/www.a-qui-s.fr\/le-blog\/a-qui-s-et-vous\/chasse-aux-oeufs-sera-100-personnalisee-cette-annee\/#breadcrumb\"},\"inLanguage\":\"fr-FR\",\"potentialAction\":[{\"@type\":\"ReadAction\",\"target\":[\"https:\/\/www.a-qui-s.fr\/le-blog\/a-qui-s-et-vous\/chasse-aux-oeufs-sera-100-personnalisee-cette-annee\/\"]}]},{\"@type\":\"ImageObject\",\"inLanguage\":\"fr-FR\",\"@id\":\"https:\/\/www.a-qui-s.fr\/le-blog\/a-qui-s-et-vous\/chasse-aux-oeufs-sera-100-personnalisee-cette-annee\/#primaryimage\",\"url\":\"https:\/\/www.a-qui-s.fr\/le-blog\/wp-content\/uploads\/2017\/04\/visuel-paques2.jpg\",\"contentUrl\":\"https:\/\/www.a-qui-s.fr\/le-blog\/wp-content\/uploads\/2017\/04\/visuel-paques2.jpg\",\"width\":600,\"height\":600},{\"@type\":\"BreadcrumbList\",\"@id\":\"https:\/\/www.a-qui-s.fr\/le-blog\/a-qui-s-et-vous\/chasse-aux-oeufs-sera-100-personnalisee-cette-annee\/#breadcrumb\",\"itemListElement\":[{\"@type\":\"ListItem\",\"position\":1,\"name\":\"Accueil\",\"item\":\"https:\/\/www.a-qui-s.fr\/le-blog\/\"},{\"@type\":\"ListItem\",\"position\":2,\"name\":\"A-qui-S &amp; Vous\",\"item\":\"https:\/\/www.a-qui-s.fr\/le-blog\/category\/a-qui-s-et-vous\/\"},{\"@type\":\"ListItem\",\"position\":3,\"name\":\"D\u00e9couvrez le sac de P\u00e2ques 100% personnalis\u00e9 A-qui-S\"}]},{\"@type\":\"WebSite\",\"@id\":\"https:\/\/www.a-qui-s.fr\/le-blog\/#website\",\"url\":\"https:\/\/www.a-qui-s.fr\/le-blog\/\",\"name\":\"LE BLOG d&#039;A-qui-S\",\"description\":\"La communaut\u00e9 des &quot;Pas-Perdus&quot;\",\"publisher\":{\"@id\":\"https:\/\/www.a-qui-s.fr\/le-blog\/#organization\"},\"potentialAction\":[{\"@type\":\"SearchAction\",\"target\":{\"@type\":\"EntryPoint\",\"urlTemplate\":\"https:\/\/www.a-qui-s.fr\/le-blog\/?s={search_term_string}\"},\"query-input\":{\"@type\":\"PropertyValueSpecification\",\"valueRequired\":true,\"valueName\":\"search_term_string\"}}],\"inLanguage\":\"fr-FR\"},{\"@type\":\"Organization\",\"@id\":\"https:\/\/www.a-qui-s.fr\/le-blog\/#organization\",\"name\":\"Etiquettes & compagnie\",\"url\":\"https:\/\/www.a-qui-s.fr\/le-blog\/\",\"logo\":{\"@type\":\"ImageObject\",\"inLanguage\":\"fr-FR\",\"@id\":\"https:\/\/www.a-qui-s.fr\/le-blog\/#\/schema\/logo\/image\/\",\"url\":\"https:\/\/www.a-qui-s.fr\/le-blog\/wp-content\/uploads\/2015\/05\/logo_a-qui-s.png\",\"contentUrl\":\"https:\/\/www.a-qui-s.fr\/le-blog\/wp-content\/uploads\/2015\/05\/logo_a-qui-s.png\",\"width\":132,\"height\":59,\"caption\":\"Etiquettes & compagnie\"},\"image\":{\"@id\":\"https:\/\/www.a-qui-s.fr\/le-blog\/#\/schema\/logo\/image\/\"},\"sameAs\":[\"https:\/\/www.facebook.com\/AquiS\/\",\"https:\/\/x.com\/aquis_fr\"]},{\"@type\":\"Person\",\"@id\":\"https:\/\/www.a-qui-s.fr\/le-blog\/#\/schema\/person\/d98098c165f4481653780d6fa061f531\",\"name\":\"Louise de A-qui-S\",\"image\":{\"@type\":\"ImageObject\",\"inLanguage\":\"fr-FR\",\"@id\":\"https:\/\/www.a-qui-s.fr\/le-blog\/#\/schema\/person\/image\/\",\"url\":\"https:\/\/secure.gravatar.com\/avatar\/7a713547ddd2e0fc4130ec55978934dc3f12ef2095fa1cba20e2f0efcd0728c4?s=96&d=mm&r=g\",\"contentUrl\":\"https:\/\/secure.gravatar.com\/avatar\/7a713547ddd2e0fc4130ec55978934dc3f12ef2095fa1cba20e2f0efcd0728c4?s=96&d=mm&r=g\",\"caption\":\"Louise de A-qui-S\"},\"url\":\"https:\/\/www.a-qui-s.fr\/le-blog\/author\/julia\/\"}]}<\/script>\n<!-- \/ Yoast SEO plugin. -->","yoast_head_json":{"title":"D\u00e9couvrez le sac de P\u00e2ques 100% personnalis\u00e9 A-qui-S -","description":"Le sac de P\u00e2ques personnalis\u00e9 pour une chasse aux \u0153ufs en chocolat inoubliables ! 6 mod\u00e8les aux choix : la couronne, le jardin, la poule bleue ou rouge, ainsi que Monsieur ou Madame Lapin, \u00e0 personnaliser au pr\u00e9nom du chasseur d'\u0153ufs. Pour les enfants, petits-enfants et grands gourmands! Joyeuses P\u00e2ques \u00e0 tous !","robots":{"index":"index","follow":"follow","max-snippet":"max-snippet:-1","max-image-preview":"max-image-preview:large","max-video-preview":"max-video-preview:-1"},"canonical":"https:\/\/www.a-qui-s.fr\/le-blog\/a-qui-s-et-vous\/chasse-aux-oeufs-sera-100-personnalisee-cette-annee\/","og_locale":"fr_FR","og_type":"article","og_title":"D\u00e9couvrez le sac de P\u00e2ques 100% personnalis\u00e9 A-qui-S -","og_description":"Le sac de P\u00e2ques personnalis\u00e9 pour une chasse aux \u0153ufs en chocolat inoubliables ! 6 mod\u00e8les aux choix : la couronne, le jardin, la poule bleue ou rouge, ainsi que Monsieur ou Madame Lapin, \u00e0 personnaliser au pr\u00e9nom du chasseur d'\u0153ufs. Pour les enfants, petits-enfants et grands gourmands! Joyeuses P\u00e2ques \u00e0 tous !","og_url":"https:\/\/www.a-qui-s.fr\/le-blog\/a-qui-s-et-vous\/chasse-aux-oeufs-sera-100-personnalisee-cette-annee\/","og_site_name":"LE BLOG d&#039;A-qui-S","article_publisher":"https:\/\/www.facebook.com\/AquiS\/","article_published_time":"2017-04-03T14:01:27+00:00","article_modified_time":"2025-08-21T11:28:59+00:00","og_image":[{"width":600,"height":600,"url":"https:\/\/www.a-qui-s.fr\/le-blog\/wp-content\/uploads\/2017\/04\/visuel-paques2.jpg","type":"image\/jpeg"}],"author":"Louise de A-qui-S","twitter_card":"summary_large_image","twitter_creator":"@aquis_fr","twitter_site":"@aquis_fr","twitter_misc":{"Written by":"Louise de A-qui-S","Est. reading time":"1 minute"},"schema":{"@context":"https:\/\/schema.org","@graph":[{"@type":"Article","@id":"https:\/\/www.a-qui-s.fr\/le-blog\/a-qui-s-et-vous\/chasse-aux-oeufs-sera-100-personnalisee-cette-annee\/#article","isPartOf":{"@id":"https:\/\/www.a-qui-s.fr\/le-blog\/a-qui-s-et-vous\/chasse-aux-oeufs-sera-100-personnalisee-cette-annee\/"},"author":{"name":"Louise de A-qui-S","@id":"https:\/\/www.a-qui-s.fr\/le-blog\/#\/schema\/person\/d98098c165f4481653780d6fa061f531"},"headline":"D\u00e9couvrez le sac de P\u00e2ques 100% personnalis\u00e9 A-qui-S","datePublished":"27+00:00","dateModified":"59+00:00","mainEntityOfPage":{"@id":"https:\/\/www.a-qui-s.fr\/le-blog\/a-qui-s-et-vous\/chasse-aux-oeufs-sera-100-personnalisee-cette-annee\/"},"wordCount":230,"commentCount":0,"publisher":{"@id":"https:\/\/www.a-qui-s.fr\/le-blog\/#organization"},"image":{"@id":"https:\/\/www.a-qui-s.fr\/le-blog\/a-qui-s-et-vous\/chasse-aux-oeufs-sera-100-personnalisee-cette-annee\/#primaryimage"},"thumbnailUrl":"https:\/\/www.a-qui-s.fr\/le-blog\/wp-content\/uploads\/2017\/04\/visuel-paques2.jpg","articleSection":["A-qui-S &amp; Vous"],"inLanguage":"fr-FR","potentialAction":[{"@type":"CommentAction","name":"Comment","target":["https:\/\/www.a-qui-s.fr\/le-blog\/a-qui-s-et-vous\/chasse-aux-oeufs-sera-100-personnalisee-cette-annee\/#respond"]}]},{"@type":"WebPage","@id":"https:\/\/www.a-qui-s.fr\/le-blog\/a-qui-s-et-vous\/chasse-aux-oeufs-sera-100-personnalisee-cette-annee\/","url":"https:\/\/www.a-qui-s.fr\/le-blog\/a-qui-s-et-vous\/chasse-aux-oeufs-sera-100-personnalisee-cette-annee\/","name":"D\u00e9couvrez le sac de P\u00e2ques 100% personnalis\u00e9 A-qui-S -","isPartOf":{"@id":"https:\/\/www.a-qui-s.fr\/le-blog\/#website"},"primaryImageOfPage":{"@id":"https:\/\/www.a-qui-s.fr\/le-blog\/a-qui-s-et-vous\/chasse-aux-oeufs-sera-100-personnalisee-cette-annee\/#primaryimage"},"image":{"@id":"https:\/\/www.a-qui-s.fr\/le-blog\/a-qui-s-et-vous\/chasse-aux-oeufs-sera-100-personnalisee-cette-annee\/#primaryimage"},"thumbnailUrl":"https:\/\/www.a-qui-s.fr\/le-blog\/wp-content\/uploads\/2017\/04\/visuel-paques2.jpg","datePublished":"27+00:00","dateModified":"59+00:00","description":"Le sac de P\u00e2ques personnalis\u00e9 pour une chasse aux \u0153ufs en chocolat inoubliables ! 6 mod\u00e8les aux choix : la couronne, le jardin, la poule bleue ou rouge, ainsi que Monsieur ou Madame Lapin, \u00e0 personnaliser au pr\u00e9nom du chasseur d'\u0153ufs. Pour les enfants, petits-enfants et grands gourmands! Joyeuses P\u00e2ques \u00e0 tous !","breadcrumb":{"@id":"https:\/\/www.a-qui-s.fr\/le-blog\/a-qui-s-et-vous\/chasse-aux-oeufs-sera-100-personnalisee-cette-annee\/#breadcrumb"},"inLanguage":"fr-FR","potentialAction":[{"@type":"ReadAction","target":["https:\/\/www.a-qui-s.fr\/le-blog\/a-qui-s-et-vous\/chasse-aux-oeufs-sera-100-personnalisee-cette-annee\/"]}]},{"@type":"ImageObject","inLanguage":"fr-FR","@id":"https:\/\/www.a-qui-s.fr\/le-blog\/a-qui-s-et-vous\/chasse-aux-oeufs-sera-100-personnalisee-cette-annee\/#primaryimage","url":"https:\/\/www.a-qui-s.fr\/le-blog\/wp-content\/uploads\/2017\/04\/visuel-paques2.jpg","contentUrl":"https:\/\/www.a-qui-s.fr\/le-blog\/wp-content\/uploads\/2017\/04\/visuel-paques2.jpg","width":600,"height":600},{"@type":"BreadcrumbList","@id":"https:\/\/www.a-qui-s.fr\/le-blog\/a-qui-s-et-vous\/chasse-aux-oeufs-sera-100-personnalisee-cette-annee\/#breadcrumb","itemListElement":[{"@type":"ListItem","position":1,"name":"Accueil","item":"https:\/\/www.a-qui-s.fr\/le-blog\/"},{"@type":"ListItem","position":2,"name":"A-qui-S &amp; Vous","item":"https:\/\/www.a-qui-s.fr\/le-blog\/category\/a-qui-s-et-vous\/"},{"@type":"ListItem","position":3,"name":"D\u00e9couvrez le sac de P\u00e2ques 100% personnalis\u00e9 A-qui-S"}]},{"@type":"WebSite","@id":"https:\/\/www.a-qui-s.fr\/le-blog\/#website","url":"https:\/\/www.a-qui-s.fr\/le-blog\/","name":"LE BLOG d&#039;A-qui-S","description":"La communaut\u00e9 des &quot;Pas-Perdus&quot;","publisher":{"@id":"https:\/\/www.a-qui-s.fr\/le-blog\/#organization"},"potentialAction":[{"@type":"SearchAction","target":{"@type":"EntryPoint","urlTemplate":"https:\/\/www.a-qui-s.fr\/le-blog\/?s={search_term_string}"},"query-input":{"@type":"PropertyValueSpecification","valueRequired":true,"valueName":"search_term_string"}}],"inLanguage":"fr-FR"},{"@type":"Organization","@id":"https:\/\/www.a-qui-s.fr\/le-blog\/#organization","name":"Etiquettes & compagnie","url":"https:\/\/www.a-qui-s.fr\/le-blog\/","logo":{"@type":"ImageObject","inLanguage":"fr-FR","@id":"https:\/\/www.a-qui-s.fr\/le-blog\/#\/schema\/logo\/image\/","url":"https:\/\/www.a-qui-s.fr\/le-blog\/wp-content\/uploads\/2015\/05\/logo_a-qui-s.png","contentUrl":"https:\/\/www.a-qui-s.fr\/le-blog\/wp-content\/uploads\/2015\/05\/logo_a-qui-s.png","width":132,"height":59,"caption":"Etiquettes & compagnie"},"image":{"@id":"https:\/\/www.a-qui-s.fr\/le-blog\/#\/schema\/logo\/image\/"},"sameAs":["https:\/\/www.facebook.com\/AquiS\/","https:\/\/x.com\/aquis_fr"]},{"@type":"Person","@id":"https:\/\/www.a-qui-s.fr\/le-blog\/#\/schema\/person\/d98098c165f4481653780d6fa061f531","name":"Louise de A-qui-S","image":{"@type":"ImageObject","inLanguage":"fr-FR","@id":"https:\/\/www.a-qui-s.fr\/le-blog\/#\/schema\/person\/image\/","url":"https:\/\/secure.gravatar.com\/avatar\/7a713547ddd2e0fc4130ec55978934dc3f12ef2095fa1cba20e2f0efcd0728c4?s=96&d=mm&r=g","contentUrl":"https:\/\/secure.gravatar.com\/avatar\/7a713547ddd2e0fc4130ec55978934dc3f12ef2095fa1cba20e2f0efcd0728c4?s=96&d=mm&r=g","caption":"Louise de A-qui-S"},"url":"https:\/\/www.a-qui-s.fr\/le-blog\/author\/julia\/"}]}},"_links":{"self":[{"href":"https:\/\/www.a-qui-s.fr\/le-blog\/wp-json\/wp\/v2\/posts\/11285","targetHints":{"allow":["GET"]}}],"collection":[{"href":"https:\/\/www.a-qui-s.fr\/le-blog\/wp-json\/wp\/v2\/posts"}],"about":[{"href":"https:\/\/www.a-qui-s.fr\/le-blog\/wp-json\/wp\/v2\/types\/post"}],"author":[{"embeddable":true,"href":"https:\/\/www.a-qui-s.fr\/le-blog\/wp-json\/wp\/v2\/users\/2"}],"replies":[{"embeddable":true,"href":"https:\/\/www.a-qui-s.fr\/le-blog\/wp-json\/wp\/v2\/comments?post=11285"}],"version-history":[{"count":0,"href":"https:\/\/www.a-qui-s.fr\/le-blog\/wp-json\/wp\/v2\/posts\/11285\/revisions"}],"wp:featuredmedia":[{"embeddable":true,"href":"https:\/\/www.a-qui-s.fr\/le-blog\/wp-json\/wp\/v2\/media\/11291"}],"wp:attachment":[{"href":"https:\/\/www.a-qui-s.fr\/le-blog\/wp-json\/wp\/v2\/media?parent=11285"}],"wp:term":[{"taxonomy":"category","embeddable":true,"href":"https:\/\/www.a-qui-s.fr\/le-blog\/wp-json\/wp\/v2\/categories?post=11285"},{"taxonomy":"post_tag","embeddable":true,"href":"https:\/\/www.a-qui-s.fr\/le-blog\/wp-json\/wp\/v2\/tags?post=11285"}],"curies":[{"name":"wp","href":"https:\/\/api.w.org\/{rel}","templated":true}]}}