{"id":10960,"date":"2016-12-13T14:54:15","date_gmt":"2016-12-13T13:54:15","guid":{"rendered":"https:\/\/www.a-qui-s.fr\/le-blog\/?p=10960"},"modified":"2025-08-21T12:29:16","modified_gmt":"2025-08-21T11:29:16","slug":"la-hotte-de-noel-dans-la-presse","status":"publish","type":"post","link":"https:\/\/www.a-qui-s.fr\/le-blog\/a-qui-s-et-vous\/la-hotte-de-noel-dans-la-presse\/","title":{"rendered":"Hotte de No\u00ebl : A-qui-S dans la presse"},"content":{"rendered":"<p><a href=\"https:\/\/www.a-qui-s.fr\/boutique\/le-sac-de-no%C3%ABl\/SJN\">Notre&nbsp;hotte de No\u00ebl<\/a> pr\u00e9sent\u00e9e dans la presse :<\/p>\n<p>La Hotte de No\u00ebl A-qui-S prim\u00e9e lors de la 5\u00e8me \u00e9dition du salon des Efluent 2016 organis\u00e9s par <a href=\"http:\/\/www.paroledemamans.com\/ma-vie-de-maman\/actualites-ma-vie-de-maman\/e-fluent-5-carton-plein-pour-le-grand-rendez-vous-des-blogueurs-2\">Parole de Maman<\/a><br \/>\n<img decoding=\"async\" class=\"alignnone wp-image-10969 size-thumbnail\" title=\"Hotte de No\u00ebl\" src=\"https:\/\/www.a-qui-s.fr\/le-blog\/wp-content\/uploads\/2016\/12\/parole-de-maman-150x150.png\" alt=\"Hotte de No\u00ebl\" width=\"150\" height=\"150\"><\/p>\n<p>Dans le magazine Femme Actuelle n\u00b01680 (5 d\u00e9cembre 2016)<\/p>\n<p><a href=\"https:\/\/www.a-qui-s.fr\/le-blog\/wp-content\/uploads\/2016\/12\/femme-actuelle.png\"><img decoding=\"async\" class=\"alignnone wp-image-10967 size-thumbnail\" title=\"Hotte de No\u00ebl\" src=\"https:\/\/www.a-qui-s.fr\/le-blog\/wp-content\/uploads\/2016\/12\/femme-actuelle-150x150.png\" alt=\"Hotte de No\u00ebl\" width=\"150\" height=\"150\"><\/a><\/p>\n<p>Dans le magazine Marie Claire Id\u00e9es novembre\/d\u00e9cembre 2016<\/p>\n<p><a href=\"https:\/\/www.a-qui-s.fr\/le-blog\/wp-content\/uploads\/2016\/12\/marie-claire.png\"><img decoding=\"async\" class=\"alignnone wp-image-10968 size-thumbnail\" title=\"Hotte de No\u00ebl\" src=\"https:\/\/www.a-qui-s.fr\/le-blog\/wp-content\/uploads\/2016\/12\/marie-claire-150x150.png\" alt=\"Hotte de No\u00ebl\" width=\"150\" height=\"150\"><\/a><\/p>\n<p>Dans le magazine Avantages Hors S\u00e9rie Sp\u00e9cial F\u00eates 2016 n\u00b042<\/p>\n<p><a href=\"https:\/\/www.a-qui-s.fr\/le-blog\/wp-content\/uploads\/2016\/12\/avantages.png\"><img loading=\"lazy\" decoding=\"async\" class=\"alignnone size-full wp-image-10966\" src=\"https:\/\/www.a-qui-s.fr\/le-blog\/wp-content\/uploads\/2016\/12\/avantages.png\" alt=\"avantages\" width=\"294\" height=\"279\"><\/a><\/p>\n<p>Dans le magazine Cr\u00e9ative &#8211; le magazine du DIY n\u00b032 Novembre\/d\u00e9cembre 2016<\/p>\n<p><a href=\"https:\/\/www.a-qui-s.fr\/le-blog\/wp-content\/uploads\/2016\/12\/creative.png\"><img loading=\"lazy\" decoding=\"async\" class=\"alignnone wp-image-10978 size-full\" title=\"Hotte de No\u00ebl\" src=\"https:\/\/www.a-qui-s.fr\/le-blog\/wp-content\/uploads\/2016\/12\/creative.png\" alt=\"Hotte de No\u00ebl\" width=\"294\" height=\"279\"><\/a><\/p>\n<p>Dans le magazine Marmiton Novembre-d\u00e9cembre 2016<\/p>\n<p><a href=\"https:\/\/www.a-qui-s.fr\/le-blog\/wp-content\/uploads\/2016\/12\/marmiton.jpg\"><img loading=\"lazy\" decoding=\"async\" class=\"alignnone wp-image-11002 size-full\" title=\"Hotte de No\u00ebl\" src=\"https:\/\/www.a-qui-s.fr\/le-blog\/wp-content\/uploads\/2016\/12\/marmiton.jpg\" alt=\"Hotte de No\u00ebl\" width=\"294\" height=\"276\"><\/a><\/p>\n<p>Dans le magazine Modes &amp; Travaux D\u00e9cembre 2016<\/p>\n<p><a href=\"https:\/\/www.a-qui-s.fr\/le-blog\/wp-content\/uploads\/2016\/12\/mode-travaux.jpg\"><img loading=\"lazy\" decoding=\"async\" class=\"alignnone wp-image-11003 size-thumbnail\" title=\"Hotte de No\u00ebl\" src=\"https:\/\/www.a-qui-s.fr\/le-blog\/wp-content\/uploads\/2016\/12\/mode-travaux-150x150.jpg\" alt=\"Hotte de No\u00ebl\" width=\"150\" height=\"150\"><\/a><\/p>\n<p>Dans le magazine Papilles Novembre-D\u00e9cembre 2016,<\/p>\n<p><a href=\"https:\/\/www.a-qui-s.fr\/le-blog\/wp-content\/uploads\/2016\/12\/papilles.jpg\"><img loading=\"lazy\" decoding=\"async\" class=\"alignnone wp-image-11004 size-thumbnail\" title=\"Hotte de No\u00ebl\" src=\"https:\/\/www.a-qui-s.fr\/le-blog\/wp-content\/uploads\/2016\/12\/papilles-150x150.jpg\" alt=\"Hotte de No\u00ebl\" width=\"150\" height=\"150\"><\/a><\/p>\n","protected":false},"excerpt":{"rendered":"<p>Notre&nbsp;hotte de No\u00ebl pr\u00e9sent\u00e9e dans la presse : La Hotte de No\u00ebl A-qui-S prim\u00e9e lors de la 5\u00e8me \u00e9dition du salon des Efluent 2016 organis\u00e9s par Parole de Maman Dans le magazine Femme Actuelle n\u00b01680 (5 d\u00e9cembre 2016) Dans le magazine Marie Claire Id\u00e9es novembre\/d\u00e9cembre 2016 Dans le magazine Avantages Hors S\u00e9rie Sp\u00e9cial F\u00eates 2016 [&hellip;]<\/p>\n","protected":false},"author":2,"featured_media":10969,"comment_status":"open","ping_status":"open","sticky":false,"template":"","format":"standard","meta":{"_acf_changed":false,"fifu_image_url":"","fifu_image_alt":"","footnotes":""},"categories":[216],"tags":[],"class_list":["post-10960","post","type-post","status-publish","format-standard","has-post-thumbnail","hentry","category-a-qui-s-et-vous"],"acf":[],"yoast_head":"<!-- This site is optimized with the Yoast SEO plugin v27.0 - https:\/\/yoast.com\/product\/yoast-seo-wordpress\/ -->\n<title>Hotte de No\u00ebl : A-qui-S dans la presse -<\/title>\n<meta name=\"description\" content=\"A-qui-S est dans la presse ! Pour No\u00ebl, nos jolies hottes en jute naturelle sont \u00e0 l&#039;honneur cette ann\u00e9e !\" \/>\n<meta name=\"robots\" content=\"index, follow, max-snippet:-1, max-image-preview:large, max-video-preview:-1\" \/>\n<link rel=\"canonical\" href=\"https:\/\/www.a-qui-s.fr\/le-blog\/a-qui-s-et-vous\/la-hotte-de-noel-dans-la-presse\/\" \/>\n<meta property=\"og:locale\" content=\"fr_FR\" \/>\n<meta property=\"og:type\" content=\"article\" \/>\n<meta property=\"og:title\" content=\"Hotte de No\u00ebl : A-qui-S dans la presse -\" \/>\n<meta property=\"og:description\" content=\"A-qui-S est dans la presse ! Pour No\u00ebl, nos jolies hottes en jute naturelle sont \u00e0 l&#039;honneur cette ann\u00e9e !\" \/>\n<meta property=\"og:url\" content=\"https:\/\/www.a-qui-s.fr\/le-blog\/a-qui-s-et-vous\/la-hotte-de-noel-dans-la-presse\/\" \/>\n<meta property=\"og:site_name\" content=\"LE BLOG d&#039;A-qui-S\" \/>\n<meta property=\"article:publisher\" content=\"https:\/\/www.facebook.com\/AquiS\/\" \/>\n<meta property=\"article:published_time\" content=\"2016-12-13T13:54:15+00:00\" \/>\n<meta property=\"article:modified_time\" content=\"2025-08-21T11:29:16+00:00\" \/>\n<meta property=\"og:image\" content=\"https:\/\/www.a-qui-s.fr\/le-blog\/wp-content\/uploads\/2016\/12\/parole-de-maman.png\" \/>\n\t<meta property=\"og:image:width\" content=\"294\" \/>\n\t<meta property=\"og:image:height\" content=\"279\" \/>\n\t<meta property=\"og:image:type\" content=\"image\/png\" \/>\n<meta name=\"author\" content=\"Louise de A-qui-S\" \/>\n<meta name=\"twitter:card\" content=\"summary_large_image\" \/>\n<meta name=\"twitter:creator\" content=\"@aquis_fr\" \/>\n<meta name=\"twitter:site\" content=\"@aquis_fr\" \/>\n<meta name=\"twitter:label1\" content=\"Written by\" \/>\n\t<meta name=\"twitter:data1\" content=\"Louise de A-qui-S\" \/>\n<script type=\"application\/ld+json\" class=\"yoast-schema-graph\">{\"@context\":\"https:\/\/schema.org\",\"@graph\":[{\"@type\":\"Article\",\"@id\":\"https:\/\/www.a-qui-s.fr\/le-blog\/a-qui-s-et-vous\/la-hotte-de-noel-dans-la-presse\/#article\",\"isPartOf\":{\"@id\":\"https:\/\/www.a-qui-s.fr\/le-blog\/a-qui-s-et-vous\/la-hotte-de-noel-dans-la-presse\/\"},\"author\":{\"name\":\"Louise de A-qui-S\",\"@id\":\"https:\/\/www.a-qui-s.fr\/le-blog\/#\/schema\/person\/d98098c165f4481653780d6fa061f531\"},\"headline\":\"Hotte de No\u00ebl : A-qui-S dans la presse\",\"datePublished\":\"15+00:00\",\"dateModified\":\"16+00:00\",\"mainEntityOfPage\":{\"@id\":\"https:\/\/www.a-qui-s.fr\/le-blog\/a-qui-s-et-vous\/la-hotte-de-noel-dans-la-presse\/\"},\"wordCount\":107,\"commentCount\":0,\"publisher\":{\"@id\":\"https:\/\/www.a-qui-s.fr\/le-blog\/#organization\"},\"image\":{\"@id\":\"https:\/\/www.a-qui-s.fr\/le-blog\/a-qui-s-et-vous\/la-hotte-de-noel-dans-la-presse\/#primaryimage\"},\"thumbnailUrl\":\"https:\/\/www.a-qui-s.fr\/le-blog\/wp-content\/uploads\/2016\/12\/parole-de-maman.png\",\"articleSection\":[\"A-qui-S &amp; Vous\"],\"inLanguage\":\"fr-FR\",\"potentialAction\":[{\"@type\":\"CommentAction\",\"name\":\"Comment\",\"target\":[\"https:\/\/www.a-qui-s.fr\/le-blog\/a-qui-s-et-vous\/la-hotte-de-noel-dans-la-presse\/#respond\"]}]},{\"@type\":\"WebPage\",\"@id\":\"https:\/\/www.a-qui-s.fr\/le-blog\/a-qui-s-et-vous\/la-hotte-de-noel-dans-la-presse\/\",\"url\":\"https:\/\/www.a-qui-s.fr\/le-blog\/a-qui-s-et-vous\/la-hotte-de-noel-dans-la-presse\/\",\"name\":\"Hotte de No\u00ebl : A-qui-S dans la presse -\",\"isPartOf\":{\"@id\":\"https:\/\/www.a-qui-s.fr\/le-blog\/#website\"},\"primaryImageOfPage\":{\"@id\":\"https:\/\/www.a-qui-s.fr\/le-blog\/a-qui-s-et-vous\/la-hotte-de-noel-dans-la-presse\/#primaryimage\"},\"image\":{\"@id\":\"https:\/\/www.a-qui-s.fr\/le-blog\/a-qui-s-et-vous\/la-hotte-de-noel-dans-la-presse\/#primaryimage\"},\"thumbnailUrl\":\"https:\/\/www.a-qui-s.fr\/le-blog\/wp-content\/uploads\/2016\/12\/parole-de-maman.png\",\"datePublished\":\"15+00:00\",\"dateModified\":\"16+00:00\",\"description\":\"A-qui-S est dans la presse ! Pour No\u00ebl, nos jolies hottes en jute naturelle sont \u00e0 l'honneur cette ann\u00e9e !\",\"breadcrumb\":{\"@id\":\"https:\/\/www.a-qui-s.fr\/le-blog\/a-qui-s-et-vous\/la-hotte-de-noel-dans-la-presse\/#breadcrumb\"},\"inLanguage\":\"fr-FR\",\"potentialAction\":[{\"@type\":\"ReadAction\",\"target\":[\"https:\/\/www.a-qui-s.fr\/le-blog\/a-qui-s-et-vous\/la-hotte-de-noel-dans-la-presse\/\"]}]},{\"@type\":\"ImageObject\",\"inLanguage\":\"fr-FR\",\"@id\":\"https:\/\/www.a-qui-s.fr\/le-blog\/a-qui-s-et-vous\/la-hotte-de-noel-dans-la-presse\/#primaryimage\",\"url\":\"https:\/\/www.a-qui-s.fr\/le-blog\/wp-content\/uploads\/2016\/12\/parole-de-maman.png\",\"contentUrl\":\"https:\/\/www.a-qui-s.fr\/le-blog\/wp-content\/uploads\/2016\/12\/parole-de-maman.png\",\"width\":294,\"height\":279},{\"@type\":\"BreadcrumbList\",\"@id\":\"https:\/\/www.a-qui-s.fr\/le-blog\/a-qui-s-et-vous\/la-hotte-de-noel-dans-la-presse\/#breadcrumb\",\"itemListElement\":[{\"@type\":\"ListItem\",\"position\":1,\"name\":\"Accueil\",\"item\":\"https:\/\/www.a-qui-s.fr\/le-blog\/\"},{\"@type\":\"ListItem\",\"position\":2,\"name\":\"A-qui-S &amp; Vous\",\"item\":\"https:\/\/www.a-qui-s.fr\/le-blog\/category\/a-qui-s-et-vous\/\"},{\"@type\":\"ListItem\",\"position\":3,\"name\":\"Hotte de No\u00ebl : A-qui-S dans la presse\"}]},{\"@type\":\"WebSite\",\"@id\":\"https:\/\/www.a-qui-s.fr\/le-blog\/#website\",\"url\":\"https:\/\/www.a-qui-s.fr\/le-blog\/\",\"name\":\"LE BLOG d&#039;A-qui-S\",\"description\":\"La communaut\u00e9 des &quot;Pas-Perdus&quot;\",\"publisher\":{\"@id\":\"https:\/\/www.a-qui-s.fr\/le-blog\/#organization\"},\"potentialAction\":[{\"@type\":\"SearchAction\",\"target\":{\"@type\":\"EntryPoint\",\"urlTemplate\":\"https:\/\/www.a-qui-s.fr\/le-blog\/?s={search_term_string}\"},\"query-input\":{\"@type\":\"PropertyValueSpecification\",\"valueRequired\":true,\"valueName\":\"search_term_string\"}}],\"inLanguage\":\"fr-FR\"},{\"@type\":\"Organization\",\"@id\":\"https:\/\/www.a-qui-s.fr\/le-blog\/#organization\",\"name\":\"Etiquettes & compagnie\",\"url\":\"https:\/\/www.a-qui-s.fr\/le-blog\/\",\"logo\":{\"@type\":\"ImageObject\",\"inLanguage\":\"fr-FR\",\"@id\":\"https:\/\/www.a-qui-s.fr\/le-blog\/#\/schema\/logo\/image\/\",\"url\":\"https:\/\/www.a-qui-s.fr\/le-blog\/wp-content\/uploads\/2015\/05\/logo_a-qui-s.png\",\"contentUrl\":\"https:\/\/www.a-qui-s.fr\/le-blog\/wp-content\/uploads\/2015\/05\/logo_a-qui-s.png\",\"width\":132,\"height\":59,\"caption\":\"Etiquettes & compagnie\"},\"image\":{\"@id\":\"https:\/\/www.a-qui-s.fr\/le-blog\/#\/schema\/logo\/image\/\"},\"sameAs\":[\"https:\/\/www.facebook.com\/AquiS\/\",\"https:\/\/x.com\/aquis_fr\"]},{\"@type\":\"Person\",\"@id\":\"https:\/\/www.a-qui-s.fr\/le-blog\/#\/schema\/person\/d98098c165f4481653780d6fa061f531\",\"name\":\"Louise de A-qui-S\",\"image\":{\"@type\":\"ImageObject\",\"inLanguage\":\"fr-FR\",\"@id\":\"https:\/\/www.a-qui-s.fr\/le-blog\/#\/schema\/person\/image\/\",\"url\":\"https:\/\/secure.gravatar.com\/avatar\/7a713547ddd2e0fc4130ec55978934dc3f12ef2095fa1cba20e2f0efcd0728c4?s=96&d=mm&r=g\",\"contentUrl\":\"https:\/\/secure.gravatar.com\/avatar\/7a713547ddd2e0fc4130ec55978934dc3f12ef2095fa1cba20e2f0efcd0728c4?s=96&d=mm&r=g\",\"caption\":\"Louise de A-qui-S\"},\"url\":\"https:\/\/www.a-qui-s.fr\/le-blog\/author\/julia\/\"}]}<\/script>\n<!-- \/ Yoast SEO plugin. -->","yoast_head_json":{"title":"Hotte de No\u00ebl : A-qui-S dans la presse -","description":"A-qui-S est dans la presse ! Pour No\u00ebl, nos jolies hottes en jute naturelle sont \u00e0 l'honneur cette ann\u00e9e !","robots":{"index":"index","follow":"follow","max-snippet":"max-snippet:-1","max-image-preview":"max-image-preview:large","max-video-preview":"max-video-preview:-1"},"canonical":"https:\/\/www.a-qui-s.fr\/le-blog\/a-qui-s-et-vous\/la-hotte-de-noel-dans-la-presse\/","og_locale":"fr_FR","og_type":"article","og_title":"Hotte de No\u00ebl : A-qui-S dans la presse -","og_description":"A-qui-S est dans la presse ! Pour No\u00ebl, nos jolies hottes en jute naturelle sont \u00e0 l'honneur cette ann\u00e9e !","og_url":"https:\/\/www.a-qui-s.fr\/le-blog\/a-qui-s-et-vous\/la-hotte-de-noel-dans-la-presse\/","og_site_name":"LE BLOG d&#039;A-qui-S","article_publisher":"https:\/\/www.facebook.com\/AquiS\/","article_published_time":"2016-12-13T13:54:15+00:00","article_modified_time":"2025-08-21T11:29:16+00:00","og_image":[{"width":294,"height":279,"url":"https:\/\/www.a-qui-s.fr\/le-blog\/wp-content\/uploads\/2016\/12\/parole-de-maman.png","type":"image\/png"}],"author":"Louise de A-qui-S","twitter_card":"summary_large_image","twitter_creator":"@aquis_fr","twitter_site":"@aquis_fr","twitter_misc":{"Written by":"Louise de A-qui-S"},"schema":{"@context":"https:\/\/schema.org","@graph":[{"@type":"Article","@id":"https:\/\/www.a-qui-s.fr\/le-blog\/a-qui-s-et-vous\/la-hotte-de-noel-dans-la-presse\/#article","isPartOf":{"@id":"https:\/\/www.a-qui-s.fr\/le-blog\/a-qui-s-et-vous\/la-hotte-de-noel-dans-la-presse\/"},"author":{"name":"Louise de A-qui-S","@id":"https:\/\/www.a-qui-s.fr\/le-blog\/#\/schema\/person\/d98098c165f4481653780d6fa061f531"},"headline":"Hotte de No\u00ebl : A-qui-S dans la presse","datePublished":"15+00:00","dateModified":"16+00:00","mainEntityOfPage":{"@id":"https:\/\/www.a-qui-s.fr\/le-blog\/a-qui-s-et-vous\/la-hotte-de-noel-dans-la-presse\/"},"wordCount":107,"commentCount":0,"publisher":{"@id":"https:\/\/www.a-qui-s.fr\/le-blog\/#organization"},"image":{"@id":"https:\/\/www.a-qui-s.fr\/le-blog\/a-qui-s-et-vous\/la-hotte-de-noel-dans-la-presse\/#primaryimage"},"thumbnailUrl":"https:\/\/www.a-qui-s.fr\/le-blog\/wp-content\/uploads\/2016\/12\/parole-de-maman.png","articleSection":["A-qui-S &amp; Vous"],"inLanguage":"fr-FR","potentialAction":[{"@type":"CommentAction","name":"Comment","target":["https:\/\/www.a-qui-s.fr\/le-blog\/a-qui-s-et-vous\/la-hotte-de-noel-dans-la-presse\/#respond"]}]},{"@type":"WebPage","@id":"https:\/\/www.a-qui-s.fr\/le-blog\/a-qui-s-et-vous\/la-hotte-de-noel-dans-la-presse\/","url":"https:\/\/www.a-qui-s.fr\/le-blog\/a-qui-s-et-vous\/la-hotte-de-noel-dans-la-presse\/","name":"Hotte de No\u00ebl : A-qui-S dans la presse -","isPartOf":{"@id":"https:\/\/www.a-qui-s.fr\/le-blog\/#website"},"primaryImageOfPage":{"@id":"https:\/\/www.a-qui-s.fr\/le-blog\/a-qui-s-et-vous\/la-hotte-de-noel-dans-la-presse\/#primaryimage"},"image":{"@id":"https:\/\/www.a-qui-s.fr\/le-blog\/a-qui-s-et-vous\/la-hotte-de-noel-dans-la-presse\/#primaryimage"},"thumbnailUrl":"https:\/\/www.a-qui-s.fr\/le-blog\/wp-content\/uploads\/2016\/12\/parole-de-maman.png","datePublished":"15+00:00","dateModified":"16+00:00","description":"A-qui-S est dans la presse ! Pour No\u00ebl, nos jolies hottes en jute naturelle sont \u00e0 l'honneur cette ann\u00e9e !","breadcrumb":{"@id":"https:\/\/www.a-qui-s.fr\/le-blog\/a-qui-s-et-vous\/la-hotte-de-noel-dans-la-presse\/#breadcrumb"},"inLanguage":"fr-FR","potentialAction":[{"@type":"ReadAction","target":["https:\/\/www.a-qui-s.fr\/le-blog\/a-qui-s-et-vous\/la-hotte-de-noel-dans-la-presse\/"]}]},{"@type":"ImageObject","inLanguage":"fr-FR","@id":"https:\/\/www.a-qui-s.fr\/le-blog\/a-qui-s-et-vous\/la-hotte-de-noel-dans-la-presse\/#primaryimage","url":"https:\/\/www.a-qui-s.fr\/le-blog\/wp-content\/uploads\/2016\/12\/parole-de-maman.png","contentUrl":"https:\/\/www.a-qui-s.fr\/le-blog\/wp-content\/uploads\/2016\/12\/parole-de-maman.png","width":294,"height":279},{"@type":"BreadcrumbList","@id":"https:\/\/www.a-qui-s.fr\/le-blog\/a-qui-s-et-vous\/la-hotte-de-noel-dans-la-presse\/#breadcrumb","itemListElement":[{"@type":"ListItem","position":1,"name":"Accueil","item":"https:\/\/www.a-qui-s.fr\/le-blog\/"},{"@type":"ListItem","position":2,"name":"A-qui-S &amp; Vous","item":"https:\/\/www.a-qui-s.fr\/le-blog\/category\/a-qui-s-et-vous\/"},{"@type":"ListItem","position":3,"name":"Hotte de No\u00ebl : A-qui-S dans la presse"}]},{"@type":"WebSite","@id":"https:\/\/www.a-qui-s.fr\/le-blog\/#website","url":"https:\/\/www.a-qui-s.fr\/le-blog\/","name":"LE BLOG d&#039;A-qui-S","description":"La communaut\u00e9 des &quot;Pas-Perdus&quot;","publisher":{"@id":"https:\/\/www.a-qui-s.fr\/le-blog\/#organization"},"potentialAction":[{"@type":"SearchAction","target":{"@type":"EntryPoint","urlTemplate":"https:\/\/www.a-qui-s.fr\/le-blog\/?s={search_term_string}"},"query-input":{"@type":"PropertyValueSpecification","valueRequired":true,"valueName":"search_term_string"}}],"inLanguage":"fr-FR"},{"@type":"Organization","@id":"https:\/\/www.a-qui-s.fr\/le-blog\/#organization","name":"Etiquettes & compagnie","url":"https:\/\/www.a-qui-s.fr\/le-blog\/","logo":{"@type":"ImageObject","inLanguage":"fr-FR","@id":"https:\/\/www.a-qui-s.fr\/le-blog\/#\/schema\/logo\/image\/","url":"https:\/\/www.a-qui-s.fr\/le-blog\/wp-content\/uploads\/2015\/05\/logo_a-qui-s.png","contentUrl":"https:\/\/www.a-qui-s.fr\/le-blog\/wp-content\/uploads\/2015\/05\/logo_a-qui-s.png","width":132,"height":59,"caption":"Etiquettes & compagnie"},"image":{"@id":"https:\/\/www.a-qui-s.fr\/le-blog\/#\/schema\/logo\/image\/"},"sameAs":["https:\/\/www.facebook.com\/AquiS\/","https:\/\/x.com\/aquis_fr"]},{"@type":"Person","@id":"https:\/\/www.a-qui-s.fr\/le-blog\/#\/schema\/person\/d98098c165f4481653780d6fa061f531","name":"Louise de A-qui-S","image":{"@type":"ImageObject","inLanguage":"fr-FR","@id":"https:\/\/www.a-qui-s.fr\/le-blog\/#\/schema\/person\/image\/","url":"https:\/\/secure.gravatar.com\/avatar\/7a713547ddd2e0fc4130ec55978934dc3f12ef2095fa1cba20e2f0efcd0728c4?s=96&d=mm&r=g","contentUrl":"https:\/\/secure.gravatar.com\/avatar\/7a713547ddd2e0fc4130ec55978934dc3f12ef2095fa1cba20e2f0efcd0728c4?s=96&d=mm&r=g","caption":"Louise de A-qui-S"},"url":"https:\/\/www.a-qui-s.fr\/le-blog\/author\/julia\/"}]}},"_links":{"self":[{"href":"https:\/\/www.a-qui-s.fr\/le-blog\/wp-json\/wp\/v2\/posts\/10960","targetHints":{"allow":["GET"]}}],"collection":[{"href":"https:\/\/www.a-qui-s.fr\/le-blog\/wp-json\/wp\/v2\/posts"}],"about":[{"href":"https:\/\/www.a-qui-s.fr\/le-blog\/wp-json\/wp\/v2\/types\/post"}],"author":[{"embeddable":true,"href":"https:\/\/www.a-qui-s.fr\/le-blog\/wp-json\/wp\/v2\/users\/2"}],"replies":[{"embeddable":true,"href":"https:\/\/www.a-qui-s.fr\/le-blog\/wp-json\/wp\/v2\/comments?post=10960"}],"version-history":[{"count":0,"href":"https:\/\/www.a-qui-s.fr\/le-blog\/wp-json\/wp\/v2\/posts\/10960\/revisions"}],"wp:featuredmedia":[{"embeddable":true,"href":"https:\/\/www.a-qui-s.fr\/le-blog\/wp-json\/wp\/v2\/media\/10969"}],"wp:attachment":[{"href":"https:\/\/www.a-qui-s.fr\/le-blog\/wp-json\/wp\/v2\/media?parent=10960"}],"wp:term":[{"taxonomy":"category","embeddable":true,"href":"https:\/\/www.a-qui-s.fr\/le-blog\/wp-json\/wp\/v2\/categories?post=10960"},{"taxonomy":"post_tag","embeddable":true,"href":"https:\/\/www.a-qui-s.fr\/le-blog\/wp-json\/wp\/v2\/tags?post=10960"}],"curies":[{"name":"wp","href":"https:\/\/api.w.org\/{rel}","templated":true}]}}