{"id":10792,"date":"2016-09-30T14:01:05","date_gmt":"2016-09-30T13:01:05","guid":{"rendered":"https:\/\/www.a-qui-s.fr\/le-blog\/?p=10792"},"modified":"2025-08-21T12:29:38","modified_gmt":"2025-08-21T11:29:38","slug":"l-equipe-a-qui-s-retour-en-images-sur-la-saison-d-ete-2016","status":"publish","type":"post","link":"https:\/\/www.a-qui-s.fr\/le-blog\/a-qui-s-et-vous\/l-equipe-a-qui-s-retour-en-images-sur-la-saison-d-ete-2016\/","title":{"rendered":"L&rsquo;\u00e9quipe A-qui-S : Retour en images sur la saison d&rsquo;\u00e9t\u00e9 2016"},"content":{"rendered":"<h2>L&rsquo;\u00e9quipe A-qui-S raconte sa saison d&rsquo;\u00e9t\u00e9 2016 :&nbsp;<\/h2>\n<p>L&rsquo;\u00e9quipe A-qui-S vous pr\u00e9sente sa saison d&rsquo;\u00e9t\u00e9 2016 en image !&nbsp;Nous tenions tout d&rsquo;abord \u00e0 vous remercier pour votre confiance et votre fid\u00e9lit\u00e9 !<\/p>\n<p>Merci de nous faire grandir et de partager avec nous une superbe aventure !<\/p>\n<p><a href=\"https:\/\/www.a-qui-s.fr\/pages\/enfants\/concept.php\"><img fetchpriority=\"high\" decoding=\"async\" class=\"alignnone wp-image-10811 size-full\" title=\"L'\u00e9quipe A-qui-S\" src=\"https:\/\/www.a-qui-s.fr\/le-blog\/wp-content\/uploads\/2016\/09\/merci_03.gif\" alt=\"L'\u00e9quipe A-qui-S\" width=\"600\" height=\"375\"><\/a><\/p>\n<p>A-qui-S fait la une ! Cette ann\u00e9e nous sommes pass\u00e9s \u00e0 la t\u00e9l\u00e9, au JT de 20h de TF1. Mais aussi \u00e0 la une de la R\u00e9publique des Pyr\u00e9n\u00e9es !&nbsp;<\/p>\n<p><a href=\"https:\/\/www.a-qui-s.fr\/pages\/enfants\/concept.php\"><img decoding=\"async\" class=\"alignnone wp-image-10806\" title=\"L'\u00e9quipe A-qui-S\" src=\"https:\/\/www.a-qui-s.fr\/le-blog\/wp-content\/uploads\/2016\/09\/nl_saison-ete-merci_04-1024x697.jpg\" alt=\"L'\u00e9quipe A-qui-S\" width=\"615\" height=\"419\" srcset=\"https:\/\/www.a-qui-s.fr\/le-blog\/wp-content\/uploads\/2016\/09\/nl_saison-ete-merci_04-1024x697.jpg 1024w, https:\/\/www.a-qui-s.fr\/le-blog\/wp-content\/uploads\/2016\/09\/nl_saison-ete-merci_04-300x204.jpg 300w, https:\/\/www.a-qui-s.fr\/le-blog\/wp-content\/uploads\/2016\/09\/nl_saison-ete-merci_04-768x523.jpg 768w, https:\/\/www.a-qui-s.fr\/le-blog\/wp-content\/uploads\/2016\/09\/nl_saison-ete-merci_04-1536x1046.jpg 1536w, https:\/\/www.a-qui-s.fr\/le-blog\/wp-content\/uploads\/2016\/09\/nl_saison-ete-merci_04-2048x1394.jpg 2048w\" sizes=\"(max-width: 615px) 100vw, 615px\" \/><\/a><\/p>\n<p>Pour pr\u00e9parer vos commandes au plus vite avant la rentr\u00e9e, il nous fallait des forces ?<\/p>\n<p><a href=\"https:\/\/www.a-qui-s.fr\/pages\/enfants\/concept.php\"><img decoding=\"async\" class=\"alignnone wp-image-10807\" title=\"L'\u00e9quipe A-qui-S\" src=\"https:\/\/www.a-qui-s.fr\/le-blog\/wp-content\/uploads\/2016\/09\/nl_saison-ete-merci_05-1-1024x197.jpg\" alt=\"L'\u00e9quipe A-qui-S\" width=\"587\" height=\"113\" srcset=\"https:\/\/www.a-qui-s.fr\/le-blog\/wp-content\/uploads\/2016\/09\/nl_saison-ete-merci_05-1-1024x197.jpg 1024w, https:\/\/www.a-qui-s.fr\/le-blog\/wp-content\/uploads\/2016\/09\/nl_saison-ete-merci_05-1-300x58.jpg 300w, https:\/\/www.a-qui-s.fr\/le-blog\/wp-content\/uploads\/2016\/09\/nl_saison-ete-merci_05-1-768x148.jpg 768w, https:\/\/www.a-qui-s.fr\/le-blog\/wp-content\/uploads\/2016\/09\/nl_saison-ete-merci_05-1-1536x295.jpg 1536w, https:\/\/www.a-qui-s.fr\/le-blog\/wp-content\/uploads\/2016\/09\/nl_saison-ete-merci_05-1-2048x394.jpg 2048w\" sizes=\"(max-width: 587px) 100vw, 587px\" \/><\/a><\/p>\n<p><a href=\"https:\/\/www.youtube.com\/watch?v=VFKrJ-5rfJU&amp;feature=youtu.be&amp;start=0&amp;autoplay=1\"><img loading=\"lazy\" decoding=\"async\" class=\"alignnone wp-image-10817 size-full\" title=\"L'\u00e9quipe A-qui-S\" src=\"https:\/\/www.a-qui-s.fr\/le-blog\/wp-content\/uploads\/2016\/09\/nl_saison-ete-merci_jg_07.jpg\" alt=\"L'\u00e9quipe A-qui-S\" width=\"289\" height=\"369\" srcset=\"https:\/\/www.a-qui-s.fr\/le-blog\/wp-content\/uploads\/2016\/09\/nl_saison-ete-merci_jg_07.jpg 289w, https:\/\/www.a-qui-s.fr\/le-blog\/wp-content\/uploads\/2016\/09\/nl_saison-ete-merci_jg_07-235x300.jpg 235w\" sizes=\"(max-width: 289px) 100vw, 289px\" \/><\/a><a href=\"https:\/\/www.youtube.com\/watch?v=VFKrJ-5rfJU&amp;feature=youtu.be&amp;start=0&amp;autoplay=1\"><img loading=\"lazy\" decoding=\"async\" class=\"alignnone wp-image-10805\" title=\"L'\u00e9quipe A-qui-S\" src=\"https:\/\/www.a-qui-s.fr\/le-blog\/wp-content\/uploads\/2016\/09\/nl_saison-ete-merci_07-1-840x1024.jpg\" alt=\"L'\u00e9quipe A-qui-S\" width=\"302\" height=\"368\" srcset=\"https:\/\/www.a-qui-s.fr\/le-blog\/wp-content\/uploads\/2016\/09\/nl_saison-ete-merci_07-1-840x1024.jpg 840w, https:\/\/www.a-qui-s.fr\/le-blog\/wp-content\/uploads\/2016\/09\/nl_saison-ete-merci_07-1-246x300.jpg 246w, https:\/\/www.a-qui-s.fr\/le-blog\/wp-content\/uploads\/2016\/09\/nl_saison-ete-merci_07-1-768x936.jpg 768w, https:\/\/www.a-qui-s.fr\/le-blog\/wp-content\/uploads\/2016\/09\/nl_saison-ete-merci_07-1.jpg 1245w\" sizes=\"(max-width: 302px) 100vw, 302px\" \/><\/a><\/p>\n<p><a href=\"https:\/\/www.a-qui-s.fr\/pages\/enfants\/contact.php\"><img loading=\"lazy\" decoding=\"async\" class=\"alignnone wp-image-10808\" title=\"L'\u00e9quipe A-qui-S\" src=\"https:\/\/www.a-qui-s.fr\/le-blog\/wp-content\/uploads\/2016\/09\/nl_saison-ete-merci_08-1-1024x982.jpg\" alt=\"L'\u00e9quipe A-qui-S\" width=\"666\" height=\"638\" srcset=\"https:\/\/www.a-qui-s.fr\/le-blog\/wp-content\/uploads\/2016\/09\/nl_saison-ete-merci_08-1-1024x982.jpg 1024w, https:\/\/www.a-qui-s.fr\/le-blog\/wp-content\/uploads\/2016\/09\/nl_saison-ete-merci_08-1-300x288.jpg 300w, https:\/\/www.a-qui-s.fr\/le-blog\/wp-content\/uploads\/2016\/09\/nl_saison-ete-merci_08-1-768x736.jpg 768w, https:\/\/www.a-qui-s.fr\/le-blog\/wp-content\/uploads\/2016\/09\/nl_saison-ete-merci_08-1-1536x1472.jpg 1536w, https:\/\/www.a-qui-s.fr\/le-blog\/wp-content\/uploads\/2016\/09\/nl_saison-ete-merci_08-1-2048x1963.jpg 2048w\" sizes=\"(max-width: 666px) 100vw, 666px\" \/><\/a><\/p>\n<p><a href=\"https:\/\/www.a-qui-s.fr\/pages\/enfants\/contact.php\"><img loading=\"lazy\" decoding=\"async\" class=\"alignnone wp-image-10801\" title=\"L'\u00e9quipe A-qui-S\" src=\"https:\/\/www.a-qui-s.fr\/le-blog\/wp-content\/uploads\/2016\/09\/nl_saison-ete-merci_09-1024x658.jpg\" alt=\"L'\u00e9quipe A-qui-S\" width=\"665\" height=\"427\" srcset=\"https:\/\/www.a-qui-s.fr\/le-blog\/wp-content\/uploads\/2016\/09\/nl_saison-ete-merci_09-1024x658.jpg 1024w, https:\/\/www.a-qui-s.fr\/le-blog\/wp-content\/uploads\/2016\/09\/nl_saison-ete-merci_09-300x193.jpg 300w, https:\/\/www.a-qui-s.fr\/le-blog\/wp-content\/uploads\/2016\/09\/nl_saison-ete-merci_09-768x493.jpg 768w, https:\/\/www.a-qui-s.fr\/le-blog\/wp-content\/uploads\/2016\/09\/nl_saison-ete-merci_09-1536x987.jpg 1536w, https:\/\/www.a-qui-s.fr\/le-blog\/wp-content\/uploads\/2016\/09\/nl_saison-ete-merci_09-2048x1316.jpg 2048w\" sizes=\"(max-width: 665px) 100vw, 665px\" \/><\/a><\/p>\n<p>&nbsp;<\/p>\n<p><a href=\"https:\/\/www.a-qui-s.fr\/pages\/enfants\/concept.php?\"><img loading=\"lazy\" decoding=\"async\" class=\"alignnone wp-image-10803\" title=\"L'\u00e9quipe A-qui-S\" src=\"https:\/\/www.a-qui-s.fr\/le-blog\/wp-content\/uploads\/2016\/09\/nl_saison-ete-merci_10-575x1024.jpg\" alt=\"L'\u00e9quipe A-qui-S\" width=\"612\" height=\"1090\" srcset=\"https:\/\/www.a-qui-s.fr\/le-blog\/wp-content\/uploads\/2016\/09\/nl_saison-ete-merci_10-575x1024.jpg 575w, https:\/\/www.a-qui-s.fr\/le-blog\/wp-content\/uploads\/2016\/09\/nl_saison-ete-merci_10-168x300.jpg 168w, https:\/\/www.a-qui-s.fr\/le-blog\/wp-content\/uploads\/2016\/09\/nl_saison-ete-merci_10-768x1369.jpg 768w, https:\/\/www.a-qui-s.fr\/le-blog\/wp-content\/uploads\/2016\/09\/nl_saison-ete-merci_10-862x1536.jpg 862w, https:\/\/www.a-qui-s.fr\/le-blog\/wp-content\/uploads\/2016\/09\/nl_saison-ete-merci_10.jpg 1124w\" sizes=\"(max-width: 612px) 100vw, 612px\" \/><\/a><\/p>\n<p>&nbsp;<\/p>\n<p>&nbsp;<\/p>\n<p>&nbsp;<\/p>\n<p>&nbsp;<\/p>\n<p>&nbsp;<\/p>\n<p><a href=\"https:\/\/www.a-qui-s.fr\/le-blog\/wp-content\/uploads\/2016\/09\/merci_03-1.gif\"><img loading=\"lazy\" decoding=\"async\" class=\"alignnone wp-image-10821 size-full\" title=\"L'\u00e9quipe A-qui-S\" src=\"https:\/\/www.a-qui-s.fr\/le-blog\/wp-content\/uploads\/2016\/09\/merci_03-1.gif\" alt=\"L'\u00e9quipe A-qui-S\" width=\"528\" height=\"375\"><\/a><\/p>\n","protected":false},"excerpt":{"rendered":"<p>L&rsquo;\u00e9quipe A-qui-S raconte sa saison d&rsquo;\u00e9t\u00e9 2016 :&nbsp; L&rsquo;\u00e9quipe A-qui-S vous pr\u00e9sente sa saison d&rsquo;\u00e9t\u00e9 2016 en image !&nbsp;Nous tenions tout d&rsquo;abord \u00e0 vous remercier pour votre confiance et votre fid\u00e9lit\u00e9 ! Merci de nous faire grandir et de partager avec nous une superbe aventure ! A-qui-S fait la une ! Cette ann\u00e9e nous sommes [&hellip;]<\/p>\n","protected":false},"author":2,"featured_media":10811,"comment_status":"open","ping_status":"open","sticky":false,"template":"","format":"standard","meta":{"_acf_changed":false,"fifu_image_url":"","fifu_image_alt":"","footnotes":""},"categories":[216],"tags":[],"class_list":["post-10792","post","type-post","status-publish","format-standard","has-post-thumbnail","hentry","category-a-qui-s-et-vous"],"acf":[],"yoast_head":"<!-- This site is optimized with the Yoast SEO plugin v27.0 - https:\/\/yoast.com\/product\/yoast-seo-wordpress\/ -->\n<title>L&#039;\u00e9quipe A-qui-S : Retour en images sur la saison d&#039;\u00e9t\u00e9 2016<\/title>\n<meta name=\"description\" content=\"L&#039;\u00e9quipe A-qui-S : Retour en images sur la saison d&#039;\u00e9t\u00e9 2016 ! Merci pour votre confiance et votre fid\u00e9lit\u00e9, merci de nous faire grandir !\" \/>\n<meta name=\"robots\" content=\"index, follow, max-snippet:-1, max-image-preview:large, max-video-preview:-1\" \/>\n<link rel=\"canonical\" href=\"https:\/\/www.a-qui-s.fr\/le-blog\/a-qui-s-et-vous\/l-equipe-a-qui-s-retour-en-images-sur-la-saison-d-ete-2016\/\" \/>\n<meta property=\"og:locale\" content=\"fr_FR\" \/>\n<meta property=\"og:type\" content=\"article\" \/>\n<meta property=\"og:title\" content=\"L&#039;\u00e9quipe A-qui-S : Retour en images sur la saison d&#039;\u00e9t\u00e9 2016\" \/>\n<meta property=\"og:description\" content=\"L&#039;\u00e9quipe A-qui-S : Retour en images sur la saison d&#039;\u00e9t\u00e9 2016 ! Merci pour votre confiance et votre fid\u00e9lit\u00e9, merci de nous faire grandir !\" \/>\n<meta property=\"og:url\" content=\"https:\/\/www.a-qui-s.fr\/le-blog\/a-qui-s-et-vous\/l-equipe-a-qui-s-retour-en-images-sur-la-saison-d-ete-2016\/\" \/>\n<meta property=\"og:site_name\" content=\"LE BLOG d&#039;A-qui-S\" \/>\n<meta property=\"article:publisher\" content=\"https:\/\/www.facebook.com\/AquiS\/\" \/>\n<meta property=\"article:published_time\" content=\"2016-09-30T13:01:05+00:00\" \/>\n<meta property=\"article:modified_time\" content=\"2025-08-21T11:29:38+00:00\" \/>\n<meta property=\"og:image\" content=\"https:\/\/www.a-qui-s.fr\/le-blog\/wp-content\/uploads\/2016\/09\/merci_03.gif\" \/>\n\t<meta property=\"og:image:width\" content=\"600\" \/>\n\t<meta property=\"og:image:height\" content=\"375\" \/>\n\t<meta property=\"og:image:type\" content=\"image\/gif\" \/>\n<meta name=\"author\" content=\"Louise de A-qui-S\" \/>\n<meta name=\"twitter:card\" content=\"summary_large_image\" \/>\n<meta name=\"twitter:creator\" content=\"@aquis_fr\" \/>\n<meta name=\"twitter:site\" content=\"@aquis_fr\" \/>\n<meta name=\"twitter:label1\" content=\"Written by\" \/>\n\t<meta name=\"twitter:data1\" content=\"Louise de A-qui-S\" \/>\n\t<meta name=\"twitter:label2\" content=\"Est. reading time\" \/>\n\t<meta name=\"twitter:data2\" content=\"1 minute\" \/>\n<script type=\"application\/ld+json\" class=\"yoast-schema-graph\">{\"@context\":\"https:\/\/schema.org\",\"@graph\":[{\"@type\":\"Article\",\"@id\":\"https:\/\/www.a-qui-s.fr\/le-blog\/a-qui-s-et-vous\/l-equipe-a-qui-s-retour-en-images-sur-la-saison-d-ete-2016\/#article\",\"isPartOf\":{\"@id\":\"https:\/\/www.a-qui-s.fr\/le-blog\/a-qui-s-et-vous\/l-equipe-a-qui-s-retour-en-images-sur-la-saison-d-ete-2016\/\"},\"author\":{\"name\":\"Louise de A-qui-S\",\"@id\":\"https:\/\/www.a-qui-s.fr\/le-blog\/#\/schema\/person\/d98098c165f4481653780d6fa061f531\"},\"headline\":\"L&rsquo;\u00e9quipe A-qui-S : Retour en images sur la saison d&rsquo;\u00e9t\u00e9 2016\",\"datePublished\":\"05+00:00\",\"dateModified\":\"38+00:00\",\"mainEntityOfPage\":{\"@id\":\"https:\/\/www.a-qui-s.fr\/le-blog\/a-qui-s-et-vous\/l-equipe-a-qui-s-retour-en-images-sur-la-saison-d-ete-2016\/\"},\"wordCount\":116,\"commentCount\":0,\"publisher\":{\"@id\":\"https:\/\/www.a-qui-s.fr\/le-blog\/#organization\"},\"image\":{\"@id\":\"https:\/\/www.a-qui-s.fr\/le-blog\/a-qui-s-et-vous\/l-equipe-a-qui-s-retour-en-images-sur-la-saison-d-ete-2016\/#primaryimage\"},\"thumbnailUrl\":\"https:\/\/www.a-qui-s.fr\/le-blog\/wp-content\/uploads\/2016\/09\/merci_03.gif\",\"articleSection\":[\"A-qui-S &amp; Vous\"],\"inLanguage\":\"fr-FR\",\"potentialAction\":[{\"@type\":\"CommentAction\",\"name\":\"Comment\",\"target\":[\"https:\/\/www.a-qui-s.fr\/le-blog\/a-qui-s-et-vous\/l-equipe-a-qui-s-retour-en-images-sur-la-saison-d-ete-2016\/#respond\"]}]},{\"@type\":\"WebPage\",\"@id\":\"https:\/\/www.a-qui-s.fr\/le-blog\/a-qui-s-et-vous\/l-equipe-a-qui-s-retour-en-images-sur-la-saison-d-ete-2016\/\",\"url\":\"https:\/\/www.a-qui-s.fr\/le-blog\/a-qui-s-et-vous\/l-equipe-a-qui-s-retour-en-images-sur-la-saison-d-ete-2016\/\",\"name\":\"L'\u00e9quipe A-qui-S : Retour en images sur la saison d'\u00e9t\u00e9 2016\",\"isPartOf\":{\"@id\":\"https:\/\/www.a-qui-s.fr\/le-blog\/#website\"},\"primaryImageOfPage\":{\"@id\":\"https:\/\/www.a-qui-s.fr\/le-blog\/a-qui-s-et-vous\/l-equipe-a-qui-s-retour-en-images-sur-la-saison-d-ete-2016\/#primaryimage\"},\"image\":{\"@id\":\"https:\/\/www.a-qui-s.fr\/le-blog\/a-qui-s-et-vous\/l-equipe-a-qui-s-retour-en-images-sur-la-saison-d-ete-2016\/#primaryimage\"},\"thumbnailUrl\":\"https:\/\/www.a-qui-s.fr\/le-blog\/wp-content\/uploads\/2016\/09\/merci_03.gif\",\"datePublished\":\"05+00:00\",\"dateModified\":\"38+00:00\",\"description\":\"L'\u00e9quipe A-qui-S : Retour en images sur la saison d'\u00e9t\u00e9 2016 ! Merci pour votre confiance et votre fid\u00e9lit\u00e9, merci de nous faire grandir !\",\"breadcrumb\":{\"@id\":\"https:\/\/www.a-qui-s.fr\/le-blog\/a-qui-s-et-vous\/l-equipe-a-qui-s-retour-en-images-sur-la-saison-d-ete-2016\/#breadcrumb\"},\"inLanguage\":\"fr-FR\",\"potentialAction\":[{\"@type\":\"ReadAction\",\"target\":[\"https:\/\/www.a-qui-s.fr\/le-blog\/a-qui-s-et-vous\/l-equipe-a-qui-s-retour-en-images-sur-la-saison-d-ete-2016\/\"]}]},{\"@type\":\"ImageObject\",\"inLanguage\":\"fr-FR\",\"@id\":\"https:\/\/www.a-qui-s.fr\/le-blog\/a-qui-s-et-vous\/l-equipe-a-qui-s-retour-en-images-sur-la-saison-d-ete-2016\/#primaryimage\",\"url\":\"https:\/\/www.a-qui-s.fr\/le-blog\/wp-content\/uploads\/2016\/09\/merci_03.gif\",\"contentUrl\":\"https:\/\/www.a-qui-s.fr\/le-blog\/wp-content\/uploads\/2016\/09\/merci_03.gif\",\"width\":600,\"height\":375},{\"@type\":\"BreadcrumbList\",\"@id\":\"https:\/\/www.a-qui-s.fr\/le-blog\/a-qui-s-et-vous\/l-equipe-a-qui-s-retour-en-images-sur-la-saison-d-ete-2016\/#breadcrumb\",\"itemListElement\":[{\"@type\":\"ListItem\",\"position\":1,\"name\":\"Accueil\",\"item\":\"https:\/\/www.a-qui-s.fr\/le-blog\/\"},{\"@type\":\"ListItem\",\"position\":2,\"name\":\"A-qui-S &amp; Vous\",\"item\":\"https:\/\/www.a-qui-s.fr\/le-blog\/category\/a-qui-s-et-vous\/\"},{\"@type\":\"ListItem\",\"position\":3,\"name\":\"L&rsquo;\u00e9quipe A-qui-S : Retour en images sur la saison d&rsquo;\u00e9t\u00e9 2016\"}]},{\"@type\":\"WebSite\",\"@id\":\"https:\/\/www.a-qui-s.fr\/le-blog\/#website\",\"url\":\"https:\/\/www.a-qui-s.fr\/le-blog\/\",\"name\":\"LE BLOG d&#039;A-qui-S\",\"description\":\"La communaut\u00e9 des &quot;Pas-Perdus&quot;\",\"publisher\":{\"@id\":\"https:\/\/www.a-qui-s.fr\/le-blog\/#organization\"},\"potentialAction\":[{\"@type\":\"SearchAction\",\"target\":{\"@type\":\"EntryPoint\",\"urlTemplate\":\"https:\/\/www.a-qui-s.fr\/le-blog\/?s={search_term_string}\"},\"query-input\":{\"@type\":\"PropertyValueSpecification\",\"valueRequired\":true,\"valueName\":\"search_term_string\"}}],\"inLanguage\":\"fr-FR\"},{\"@type\":\"Organization\",\"@id\":\"https:\/\/www.a-qui-s.fr\/le-blog\/#organization\",\"name\":\"Etiquettes & compagnie\",\"url\":\"https:\/\/www.a-qui-s.fr\/le-blog\/\",\"logo\":{\"@type\":\"ImageObject\",\"inLanguage\":\"fr-FR\",\"@id\":\"https:\/\/www.a-qui-s.fr\/le-blog\/#\/schema\/logo\/image\/\",\"url\":\"https:\/\/www.a-qui-s.fr\/le-blog\/wp-content\/uploads\/2015\/05\/logo_a-qui-s.png\",\"contentUrl\":\"https:\/\/www.a-qui-s.fr\/le-blog\/wp-content\/uploads\/2015\/05\/logo_a-qui-s.png\",\"width\":132,\"height\":59,\"caption\":\"Etiquettes & compagnie\"},\"image\":{\"@id\":\"https:\/\/www.a-qui-s.fr\/le-blog\/#\/schema\/logo\/image\/\"},\"sameAs\":[\"https:\/\/www.facebook.com\/AquiS\/\",\"https:\/\/x.com\/aquis_fr\"]},{\"@type\":\"Person\",\"@id\":\"https:\/\/www.a-qui-s.fr\/le-blog\/#\/schema\/person\/d98098c165f4481653780d6fa061f531\",\"name\":\"Louise de A-qui-S\",\"image\":{\"@type\":\"ImageObject\",\"inLanguage\":\"fr-FR\",\"@id\":\"https:\/\/www.a-qui-s.fr\/le-blog\/#\/schema\/person\/image\/\",\"url\":\"https:\/\/secure.gravatar.com\/avatar\/7a713547ddd2e0fc4130ec55978934dc3f12ef2095fa1cba20e2f0efcd0728c4?s=96&d=mm&r=g\",\"contentUrl\":\"https:\/\/secure.gravatar.com\/avatar\/7a713547ddd2e0fc4130ec55978934dc3f12ef2095fa1cba20e2f0efcd0728c4?s=96&d=mm&r=g\",\"caption\":\"Louise de A-qui-S\"},\"url\":\"https:\/\/www.a-qui-s.fr\/le-blog\/author\/julia\/\"}]}<\/script>\n<!-- \/ Yoast SEO plugin. -->","yoast_head_json":{"title":"L'\u00e9quipe A-qui-S : Retour en images sur la saison d'\u00e9t\u00e9 2016","description":"L'\u00e9quipe A-qui-S : Retour en images sur la saison d'\u00e9t\u00e9 2016 ! Merci pour votre confiance et votre fid\u00e9lit\u00e9, merci de nous faire grandir !","robots":{"index":"index","follow":"follow","max-snippet":"max-snippet:-1","max-image-preview":"max-image-preview:large","max-video-preview":"max-video-preview:-1"},"canonical":"https:\/\/www.a-qui-s.fr\/le-blog\/a-qui-s-et-vous\/l-equipe-a-qui-s-retour-en-images-sur-la-saison-d-ete-2016\/","og_locale":"fr_FR","og_type":"article","og_title":"L'\u00e9quipe A-qui-S : Retour en images sur la saison d'\u00e9t\u00e9 2016","og_description":"L'\u00e9quipe A-qui-S : Retour en images sur la saison d'\u00e9t\u00e9 2016 ! Merci pour votre confiance et votre fid\u00e9lit\u00e9, merci de nous faire grandir !","og_url":"https:\/\/www.a-qui-s.fr\/le-blog\/a-qui-s-et-vous\/l-equipe-a-qui-s-retour-en-images-sur-la-saison-d-ete-2016\/","og_site_name":"LE BLOG d&#039;A-qui-S","article_publisher":"https:\/\/www.facebook.com\/AquiS\/","article_published_time":"2016-09-30T13:01:05+00:00","article_modified_time":"2025-08-21T11:29:38+00:00","og_image":[{"width":600,"height":375,"url":"https:\/\/www.a-qui-s.fr\/le-blog\/wp-content\/uploads\/2016\/09\/merci_03.gif","type":"image\/gif"}],"author":"Louise de A-qui-S","twitter_card":"summary_large_image","twitter_creator":"@aquis_fr","twitter_site":"@aquis_fr","twitter_misc":{"Written by":"Louise de A-qui-S","Est. reading time":"1 minute"},"schema":{"@context":"https:\/\/schema.org","@graph":[{"@type":"Article","@id":"https:\/\/www.a-qui-s.fr\/le-blog\/a-qui-s-et-vous\/l-equipe-a-qui-s-retour-en-images-sur-la-saison-d-ete-2016\/#article","isPartOf":{"@id":"https:\/\/www.a-qui-s.fr\/le-blog\/a-qui-s-et-vous\/l-equipe-a-qui-s-retour-en-images-sur-la-saison-d-ete-2016\/"},"author":{"name":"Louise de A-qui-S","@id":"https:\/\/www.a-qui-s.fr\/le-blog\/#\/schema\/person\/d98098c165f4481653780d6fa061f531"},"headline":"L&rsquo;\u00e9quipe A-qui-S : Retour en images sur la saison d&rsquo;\u00e9t\u00e9 2016","datePublished":"05+00:00","dateModified":"38+00:00","mainEntityOfPage":{"@id":"https:\/\/www.a-qui-s.fr\/le-blog\/a-qui-s-et-vous\/l-equipe-a-qui-s-retour-en-images-sur-la-saison-d-ete-2016\/"},"wordCount":116,"commentCount":0,"publisher":{"@id":"https:\/\/www.a-qui-s.fr\/le-blog\/#organization"},"image":{"@id":"https:\/\/www.a-qui-s.fr\/le-blog\/a-qui-s-et-vous\/l-equipe-a-qui-s-retour-en-images-sur-la-saison-d-ete-2016\/#primaryimage"},"thumbnailUrl":"https:\/\/www.a-qui-s.fr\/le-blog\/wp-content\/uploads\/2016\/09\/merci_03.gif","articleSection":["A-qui-S &amp; Vous"],"inLanguage":"fr-FR","potentialAction":[{"@type":"CommentAction","name":"Comment","target":["https:\/\/www.a-qui-s.fr\/le-blog\/a-qui-s-et-vous\/l-equipe-a-qui-s-retour-en-images-sur-la-saison-d-ete-2016\/#respond"]}]},{"@type":"WebPage","@id":"https:\/\/www.a-qui-s.fr\/le-blog\/a-qui-s-et-vous\/l-equipe-a-qui-s-retour-en-images-sur-la-saison-d-ete-2016\/","url":"https:\/\/www.a-qui-s.fr\/le-blog\/a-qui-s-et-vous\/l-equipe-a-qui-s-retour-en-images-sur-la-saison-d-ete-2016\/","name":"L'\u00e9quipe A-qui-S : Retour en images sur la saison d'\u00e9t\u00e9 2016","isPartOf":{"@id":"https:\/\/www.a-qui-s.fr\/le-blog\/#website"},"primaryImageOfPage":{"@id":"https:\/\/www.a-qui-s.fr\/le-blog\/a-qui-s-et-vous\/l-equipe-a-qui-s-retour-en-images-sur-la-saison-d-ete-2016\/#primaryimage"},"image":{"@id":"https:\/\/www.a-qui-s.fr\/le-blog\/a-qui-s-et-vous\/l-equipe-a-qui-s-retour-en-images-sur-la-saison-d-ete-2016\/#primaryimage"},"thumbnailUrl":"https:\/\/www.a-qui-s.fr\/le-blog\/wp-content\/uploads\/2016\/09\/merci_03.gif","datePublished":"05+00:00","dateModified":"38+00:00","description":"L'\u00e9quipe A-qui-S : Retour en images sur la saison d'\u00e9t\u00e9 2016 ! Merci pour votre confiance et votre fid\u00e9lit\u00e9, merci de nous faire grandir !","breadcrumb":{"@id":"https:\/\/www.a-qui-s.fr\/le-blog\/a-qui-s-et-vous\/l-equipe-a-qui-s-retour-en-images-sur-la-saison-d-ete-2016\/#breadcrumb"},"inLanguage":"fr-FR","potentialAction":[{"@type":"ReadAction","target":["https:\/\/www.a-qui-s.fr\/le-blog\/a-qui-s-et-vous\/l-equipe-a-qui-s-retour-en-images-sur-la-saison-d-ete-2016\/"]}]},{"@type":"ImageObject","inLanguage":"fr-FR","@id":"https:\/\/www.a-qui-s.fr\/le-blog\/a-qui-s-et-vous\/l-equipe-a-qui-s-retour-en-images-sur-la-saison-d-ete-2016\/#primaryimage","url":"https:\/\/www.a-qui-s.fr\/le-blog\/wp-content\/uploads\/2016\/09\/merci_03.gif","contentUrl":"https:\/\/www.a-qui-s.fr\/le-blog\/wp-content\/uploads\/2016\/09\/merci_03.gif","width":600,"height":375},{"@type":"BreadcrumbList","@id":"https:\/\/www.a-qui-s.fr\/le-blog\/a-qui-s-et-vous\/l-equipe-a-qui-s-retour-en-images-sur-la-saison-d-ete-2016\/#breadcrumb","itemListElement":[{"@type":"ListItem","position":1,"name":"Accueil","item":"https:\/\/www.a-qui-s.fr\/le-blog\/"},{"@type":"ListItem","position":2,"name":"A-qui-S &amp; Vous","item":"https:\/\/www.a-qui-s.fr\/le-blog\/category\/a-qui-s-et-vous\/"},{"@type":"ListItem","position":3,"name":"L&rsquo;\u00e9quipe A-qui-S : Retour en images sur la saison d&rsquo;\u00e9t\u00e9 2016"}]},{"@type":"WebSite","@id":"https:\/\/www.a-qui-s.fr\/le-blog\/#website","url":"https:\/\/www.a-qui-s.fr\/le-blog\/","name":"LE BLOG d&#039;A-qui-S","description":"La communaut\u00e9 des &quot;Pas-Perdus&quot;","publisher":{"@id":"https:\/\/www.a-qui-s.fr\/le-blog\/#organization"},"potentialAction":[{"@type":"SearchAction","target":{"@type":"EntryPoint","urlTemplate":"https:\/\/www.a-qui-s.fr\/le-blog\/?s={search_term_string}"},"query-input":{"@type":"PropertyValueSpecification","valueRequired":true,"valueName":"search_term_string"}}],"inLanguage":"fr-FR"},{"@type":"Organization","@id":"https:\/\/www.a-qui-s.fr\/le-blog\/#organization","name":"Etiquettes & compagnie","url":"https:\/\/www.a-qui-s.fr\/le-blog\/","logo":{"@type":"ImageObject","inLanguage":"fr-FR","@id":"https:\/\/www.a-qui-s.fr\/le-blog\/#\/schema\/logo\/image\/","url":"https:\/\/www.a-qui-s.fr\/le-blog\/wp-content\/uploads\/2015\/05\/logo_a-qui-s.png","contentUrl":"https:\/\/www.a-qui-s.fr\/le-blog\/wp-content\/uploads\/2015\/05\/logo_a-qui-s.png","width":132,"height":59,"caption":"Etiquettes & compagnie"},"image":{"@id":"https:\/\/www.a-qui-s.fr\/le-blog\/#\/schema\/logo\/image\/"},"sameAs":["https:\/\/www.facebook.com\/AquiS\/","https:\/\/x.com\/aquis_fr"]},{"@type":"Person","@id":"https:\/\/www.a-qui-s.fr\/le-blog\/#\/schema\/person\/d98098c165f4481653780d6fa061f531","name":"Louise de A-qui-S","image":{"@type":"ImageObject","inLanguage":"fr-FR","@id":"https:\/\/www.a-qui-s.fr\/le-blog\/#\/schema\/person\/image\/","url":"https:\/\/secure.gravatar.com\/avatar\/7a713547ddd2e0fc4130ec55978934dc3f12ef2095fa1cba20e2f0efcd0728c4?s=96&d=mm&r=g","contentUrl":"https:\/\/secure.gravatar.com\/avatar\/7a713547ddd2e0fc4130ec55978934dc3f12ef2095fa1cba20e2f0efcd0728c4?s=96&d=mm&r=g","caption":"Louise de A-qui-S"},"url":"https:\/\/www.a-qui-s.fr\/le-blog\/author\/julia\/"}]}},"_links":{"self":[{"href":"https:\/\/www.a-qui-s.fr\/le-blog\/wp-json\/wp\/v2\/posts\/10792","targetHints":{"allow":["GET"]}}],"collection":[{"href":"https:\/\/www.a-qui-s.fr\/le-blog\/wp-json\/wp\/v2\/posts"}],"about":[{"href":"https:\/\/www.a-qui-s.fr\/le-blog\/wp-json\/wp\/v2\/types\/post"}],"author":[{"embeddable":true,"href":"https:\/\/www.a-qui-s.fr\/le-blog\/wp-json\/wp\/v2\/users\/2"}],"replies":[{"embeddable":true,"href":"https:\/\/www.a-qui-s.fr\/le-blog\/wp-json\/wp\/v2\/comments?post=10792"}],"version-history":[{"count":0,"href":"https:\/\/www.a-qui-s.fr\/le-blog\/wp-json\/wp\/v2\/posts\/10792\/revisions"}],"wp:featuredmedia":[{"embeddable":true,"href":"https:\/\/www.a-qui-s.fr\/le-blog\/wp-json\/wp\/v2\/media\/10811"}],"wp:attachment":[{"href":"https:\/\/www.a-qui-s.fr\/le-blog\/wp-json\/wp\/v2\/media?parent=10792"}],"wp:term":[{"taxonomy":"category","embeddable":true,"href":"https:\/\/www.a-qui-s.fr\/le-blog\/wp-json\/wp\/v2\/categories?post=10792"},{"taxonomy":"post_tag","embeddable":true,"href":"https:\/\/www.a-qui-s.fr\/le-blog\/wp-json\/wp\/v2\/tags?post=10792"}],"curies":[{"name":"wp","href":"https:\/\/api.w.org\/{rel}","templated":true}]}}