{"id":10613,"date":"2016-05-25T16:58:46","date_gmt":"2016-05-25T15:58:46","guid":{"rendered":"https:\/\/www.a-qui-s.fr\/le-blog\/?p=10613"},"modified":"2025-08-21T12:29:53","modified_gmt":"2025-08-21T11:29:53","slug":"diy-emballage-tablette-de-chocolat-pour-la-fete-des-meres","status":"publish","type":"post","link":"https:\/\/www.a-qui-s.fr\/le-blog\/diy-bricolage-enfant\/diy-emballage-tablette-de-chocolat-pour-la-fete-des-meres\/","title":{"rendered":"Cadeau f\u00eate des m\u00e8res : Personnaliser une tablette de chocolat !"},"content":{"rendered":"<p>Po<a href=\"https:\/\/www.a-qui-s.fr\/le-blog\/wp-content\/uploads\/2016\/05\/fete-des-meres-6.png\"><img decoding=\"async\" class=\"alignleft wp-image-10619\" title=\"Cadeau f\u00eate des m\u00e8res\" src=\"https:\/\/www.a-qui-s.fr\/le-blog\/wp-content\/uploads\/2016\/05\/fete-des-meres-6.png\" alt=\"Cadeau f\u00eate des m\u00e8res\" width=\"128\" height=\"136\"><\/a>ur la f\u00eate des m\u00e8res il y a ceux qui recherchent le petit cadeau (pas d&rsquo;explosion de budget), fait maison (ou presque), avec une petite touche d&rsquo;humour (c&rsquo;est bon pour la sant\u00e9) et surtout qui va faire craquer son petit c\u0153ur de maman tout mou ! Voici notre id\u00e9e d&rsquo;un cadeau f\u00eate des m\u00e8res original !<\/p>\n<h2>Un cadeau f\u00eate des m\u00e8res chocolat\u00e9 :<\/h2>\n<p>Voici la recette, euh non voici comment r\u00e9aliser ce petit cadeau tout simple et original :<\/p>\n<p>1\/Premi\u00e8rement on s\u00e9lectionne un bon chocolat, son pr\u00e9f\u00e9r\u00e9 si possible \ud83d\ude09<\/p>\n<p>2\/Puis, on imprime <a href=\"https:\/\/www.a-qui-s.fr\/images\/160525_fetedesmere_choco_2modeles.pdf\">le visuel&nbsp;ici !&nbsp;<\/a> Il existe en version \u00e0 colorier ou d\u00e9j\u00e0 colori\u00e9 !<\/p>\n<p>3\/ Apr\u00e8s, on d\u00e9coupe en suivant les pointill\u00e9s, on colorie selon le mod\u00e8le s\u00e9lectionn\u00e9.<\/p>\n<p>4\/Ensuite, on emballe la plaque de chocolat<\/p>\n<p>5\/ Et voil\u00e0 un petit cadeau gourmand et plein d&rsquo;humour \u00e0 offrir dimanche \u00e0 sa maman \ud83d\ude42<\/p>\n<p><a href=\"https:\/\/www.a-qui-s.fr\/le-blog\/wp-content\/uploads\/2016\/05\/fete-des-meres-1.png\"><img fetchpriority=\"high\" decoding=\"async\" class=\"alignnone wp-image-10614\" title=\"Cadeau f\u00eate des m\u00e8res\" src=\"https:\/\/www.a-qui-s.fr\/le-blog\/wp-content\/uploads\/2016\/05\/fete-des-meres-1.png\" alt=\"Cadeau f\u00eate des m\u00e8res\" width=\"269\" height=\"269\" srcset=\"https:\/\/www.a-qui-s.fr\/le-blog\/wp-content\/uploads\/2016\/05\/fete-des-meres-1.png 800w, https:\/\/www.a-qui-s.fr\/le-blog\/wp-content\/uploads\/2016\/05\/fete-des-meres-1-300x300.png 300w, https:\/\/www.a-qui-s.fr\/le-blog\/wp-content\/uploads\/2016\/05\/fete-des-meres-1-150x150.png 150w, https:\/\/www.a-qui-s.fr\/le-blog\/wp-content\/uploads\/2016\/05\/fete-des-meres-1-768x768.png 768w\" sizes=\"(max-width: 269px) 100vw, 269px\" \/><\/a>&nbsp;<a href=\"https:\/\/www.a-qui-s.fr\/le-blog\/wp-content\/uploads\/2016\/05\/fete-des-meres-2.png\"><img decoding=\"async\" class=\"alignnone wp-image-10615\" title=\"Cadeau f\u00eate des m\u00e8res\" src=\"https:\/\/www.a-qui-s.fr\/le-blog\/wp-content\/uploads\/2016\/05\/fete-des-meres-2.png\" alt=\"Cadeau f\u00eate des m\u00e8res\" width=\"268\" height=\"268\" srcset=\"https:\/\/www.a-qui-s.fr\/le-blog\/wp-content\/uploads\/2016\/05\/fete-des-meres-2.png 800w, https:\/\/www.a-qui-s.fr\/le-blog\/wp-content\/uploads\/2016\/05\/fete-des-meres-2-300x300.png 300w, https:\/\/www.a-qui-s.fr\/le-blog\/wp-content\/uploads\/2016\/05\/fete-des-meres-2-150x150.png 150w, https:\/\/www.a-qui-s.fr\/le-blog\/wp-content\/uploads\/2016\/05\/fete-des-meres-2-768x768.png 768w\" sizes=\"(max-width: 268px) 100vw, 268px\" \/><\/a> <a href=\"https:\/\/www.a-qui-s.fr\/le-blog\/wp-content\/uploads\/2016\/05\/fete-des-meres-3.png\"><img loading=\"lazy\" decoding=\"async\" class=\"alignnone wp-image-10616\" title=\"Cadeau f\u00eate des m\u00e8res\" src=\"https:\/\/www.a-qui-s.fr\/le-blog\/wp-content\/uploads\/2016\/05\/fete-des-meres-3.png\" alt=\"Cadeau f\u00eate des m\u00e8res\" width=\"270\" height=\"270\" srcset=\"https:\/\/www.a-qui-s.fr\/le-blog\/wp-content\/uploads\/2016\/05\/fete-des-meres-3.png 800w, https:\/\/www.a-qui-s.fr\/le-blog\/wp-content\/uploads\/2016\/05\/fete-des-meres-3-300x300.png 300w, https:\/\/www.a-qui-s.fr\/le-blog\/wp-content\/uploads\/2016\/05\/fete-des-meres-3-150x150.png 150w, https:\/\/www.a-qui-s.fr\/le-blog\/wp-content\/uploads\/2016\/05\/fete-des-meres-3-768x768.png 768w\" sizes=\"(max-width: 270px) 100vw, 270px\" \/><\/a> <a href=\"https:\/\/www.a-qui-s.fr\/le-blog\/wp-content\/uploads\/2016\/05\/fete-des-meres-4.png\">&nbsp;<\/a><a href=\"https:\/\/www.a-qui-s.fr\/le-blog\/wp-content\/uploads\/2016\/05\/fete-des-meres-5.png\"><img loading=\"lazy\" decoding=\"async\" class=\"alignnone wp-image-10618\" title=\"Cadeau f\u00eate des m\u00e8res\" src=\"https:\/\/www.a-qui-s.fr\/le-blog\/wp-content\/uploads\/2016\/05\/fete-des-meres-5.png\" alt=\"Cadeau f\u00eate des m\u00e8res\" width=\"267\" height=\"267\" srcset=\"https:\/\/www.a-qui-s.fr\/le-blog\/wp-content\/uploads\/2016\/05\/fete-des-meres-5.png 800w, https:\/\/www.a-qui-s.fr\/le-blog\/wp-content\/uploads\/2016\/05\/fete-des-meres-5-300x300.png 300w, https:\/\/www.a-qui-s.fr\/le-blog\/wp-content\/uploads\/2016\/05\/fete-des-meres-5-150x150.png 150w, https:\/\/www.a-qui-s.fr\/le-blog\/wp-content\/uploads\/2016\/05\/fete-des-meres-5-768x768.png 768w\" sizes=\"(max-width: 267px) 100vw, 267px\" \/><\/a><\/p>\n<p>On le sait vous aussi vous avez des id\u00e9es ! Alors n&rsquo;h\u00e9sitez pas \u00e0 nous les partager en commentaire \ud83d\ude42<\/p>\n<p>D&rsquo;autres id\u00e9es pour la<strong> f\u00eate des m\u00e8res&nbsp;<\/strong> :<\/p>\n<ul>\n<li>Et si vous offriez un pot de p\u00e2te \u00e0 tartiner fait maison, et personnalis\u00e9 ? La super recette <a href=\"https:\/\/www.a-qui-s.fr\/le-blog\/recettes\/nutella-fait-maison\/\">ici<\/a> !<\/li>\n<li>Derni\u00e8re petite id\u00e9e, emballer joliment un cookies . Retrouvez notre tutoriel&nbsp;<a href=\"https:\/\/www.a-qui-s.fr\/le-blog\/non-classe\/fete-meres-papa-presse\/\">ici<\/a> !<\/li>\n<\/ul>\n<h2>Cadeau personnalis\u00e9 pour maman&nbsp;<\/h2>\n<p>Pour compl\u00e9ter ce cadeau gourmand, d\u00e9couvrez la pochette \u00ab\u00a0Aime comme maman\u00a0\u00bb. Une pochette personnalis\u00e9e au pr\u00e9nom de maman et \u00e0 ceux des enfants \u00e0 emporter partout. Elle est tr\u00e8s pratique pour y ranger des petites affaires du quotidien et se glisse facilement dans un sac \u00e0 main ou sac \u00e0 dos.&nbsp;<\/p>\n<p><img loading=\"lazy\" decoding=\"async\" class=\"size-medium aligncenter\" src=\"https:\/\/images.a-qui-s.fr\/image\/upload\/v1619773323\/BLOG\/cadeau-personnalise-fete-des-meres.png\" width=\"600\" height=\"400\"><\/p>\n<p>Partagez avec nous vos cr\u00e9ations pour la f\u00eate des m\u00e8res sur <a href=\"https:\/\/www.instagram.com\/etiquettesaquis\/?hl=fr\">Instagram<\/a> (@etiquettesaquis) et sur <a href=\"https:\/\/www.facebook.com\/AquiS\/\">Facebook<\/a> (@aquis) avec le #etiquettesaquis et identifiez nous !<\/p>\n","protected":false},"excerpt":{"rendered":"<p>Pour la f\u00eate des m\u00e8res il y a ceux qui recherchent le petit cadeau (pas d&rsquo;explosion de budget), fait maison (ou presque), avec une petite touche d&rsquo;humour (c&rsquo;est bon pour la sant\u00e9) et surtout qui va faire craquer son petit c\u0153ur de maman tout mou ! Voici notre id\u00e9e d&rsquo;un cadeau f\u00eate des m\u00e8res original [&hellip;]<\/p>\n","protected":false},"author":3,"featured_media":10618,"comment_status":"open","ping_status":"open","sticky":false,"template":"","format":"standard","meta":{"_acf_changed":false,"fifu_image_url":"","fifu_image_alt":"","footnotes":""},"categories":[59],"tags":[],"class_list":["post-10613","post","type-post","status-publish","format-standard","has-post-thumbnail","hentry","category-diy-bricolage-enfant"],"acf":[],"yoast_head":"<!-- This site is optimized with the Yoast SEO plugin v27.0 - https:\/\/yoast.com\/product\/yoast-seo-wordpress\/ -->\n<title>Cadeau f\u00eate des m\u00e8res : Personnaliser une tablette de chocolat ! -<\/title>\n<meta name=\"description\" content=\"R\u00e9alisez un cadeau pour la f\u00eate des m\u00e8res facilement ! D\u00e9couvrez notre DIY \u00e9conomique et facile. Imprimez gratuitement le printable et coloriez !\" \/>\n<meta name=\"robots\" content=\"index, follow, max-snippet:-1, max-image-preview:large, max-video-preview:-1\" \/>\n<link rel=\"canonical\" href=\"https:\/\/www.a-qui-s.fr\/le-blog\/diy-bricolage-enfant\/diy-emballage-tablette-de-chocolat-pour-la-fete-des-meres\/\" \/>\n<meta property=\"og:locale\" content=\"fr_FR\" \/>\n<meta property=\"og:type\" content=\"article\" \/>\n<meta property=\"og:title\" content=\"Cadeau f\u00eate des m\u00e8res : Personnaliser une tablette de chocolat ! -\" \/>\n<meta property=\"og:description\" content=\"R\u00e9alisez un cadeau pour la f\u00eate des m\u00e8res facilement ! D\u00e9couvrez notre DIY \u00e9conomique et facile. Imprimez gratuitement le printable et coloriez !\" \/>\n<meta property=\"og:url\" content=\"https:\/\/www.a-qui-s.fr\/le-blog\/diy-bricolage-enfant\/diy-emballage-tablette-de-chocolat-pour-la-fete-des-meres\/\" \/>\n<meta property=\"og:site_name\" content=\"LE BLOG d&#039;A-qui-S\" \/>\n<meta property=\"article:publisher\" content=\"https:\/\/www.facebook.com\/AquiS\/\" \/>\n<meta property=\"article:published_time\" content=\"2016-05-25T15:58:46+00:00\" \/>\n<meta property=\"article:modified_time\" content=\"2025-08-21T11:29:53+00:00\" \/>\n<meta property=\"og:image\" content=\"https:\/\/www.a-qui-s.fr\/le-blog\/wp-content\/uploads\/2016\/05\/fete-des-meres-5.png\" \/>\n\t<meta property=\"og:image:width\" content=\"800\" \/>\n\t<meta property=\"og:image:height\" content=\"800\" \/>\n\t<meta property=\"og:image:type\" content=\"image\/png\" \/>\n<meta name=\"author\" content=\"Delphine de A-qui-S\" \/>\n<meta name=\"twitter:card\" content=\"summary_large_image\" \/>\n<meta name=\"twitter:creator\" content=\"@aquis_fr\" \/>\n<meta name=\"twitter:site\" content=\"@aquis_fr\" \/>\n<meta name=\"twitter:label1\" content=\"Written by\" \/>\n\t<meta name=\"twitter:data1\" content=\"Delphine de A-qui-S\" \/>\n\t<meta name=\"twitter:label2\" content=\"Est. reading time\" \/>\n\t<meta name=\"twitter:data2\" content=\"2 minutes\" \/>\n<script type=\"application\/ld+json\" class=\"yoast-schema-graph\">{\"@context\":\"https:\/\/schema.org\",\"@graph\":[{\"@type\":\"Article\",\"@id\":\"https:\/\/www.a-qui-s.fr\/le-blog\/diy-bricolage-enfant\/diy-emballage-tablette-de-chocolat-pour-la-fete-des-meres\/#article\",\"isPartOf\":{\"@id\":\"https:\/\/www.a-qui-s.fr\/le-blog\/diy-bricolage-enfant\/diy-emballage-tablette-de-chocolat-pour-la-fete-des-meres\/\"},\"author\":{\"name\":\"Delphine de A-qui-S\",\"@id\":\"https:\/\/www.a-qui-s.fr\/le-blog\/#\/schema\/person\/294322ec794a50a19af79998b0c21514\"},\"headline\":\"Cadeau f\u00eate des m\u00e8res : Personnaliser une tablette de chocolat !\",\"datePublished\":\"46+00:00\",\"dateModified\":\"53+00:00\",\"mainEntityOfPage\":{\"@id\":\"https:\/\/www.a-qui-s.fr\/le-blog\/diy-bricolage-enfant\/diy-emballage-tablette-de-chocolat-pour-la-fete-des-meres\/\"},\"wordCount\":320,\"commentCount\":3,\"publisher\":{\"@id\":\"https:\/\/www.a-qui-s.fr\/le-blog\/#organization\"},\"image\":{\"@id\":\"https:\/\/www.a-qui-s.fr\/le-blog\/diy-bricolage-enfant\/diy-emballage-tablette-de-chocolat-pour-la-fete-des-meres\/#primaryimage\"},\"thumbnailUrl\":\"https:\/\/www.a-qui-s.fr\/le-blog\/wp-content\/uploads\/2016\/05\/fete-des-meres-5.png\",\"articleSection\":[\"DIY - Bricolage enfant\"],\"inLanguage\":\"fr-FR\",\"potentialAction\":[{\"@type\":\"CommentAction\",\"name\":\"Comment\",\"target\":[\"https:\/\/www.a-qui-s.fr\/le-blog\/diy-bricolage-enfant\/diy-emballage-tablette-de-chocolat-pour-la-fete-des-meres\/#respond\"]}]},{\"@type\":\"WebPage\",\"@id\":\"https:\/\/www.a-qui-s.fr\/le-blog\/diy-bricolage-enfant\/diy-emballage-tablette-de-chocolat-pour-la-fete-des-meres\/\",\"url\":\"https:\/\/www.a-qui-s.fr\/le-blog\/diy-bricolage-enfant\/diy-emballage-tablette-de-chocolat-pour-la-fete-des-meres\/\",\"name\":\"Cadeau f\u00eate des m\u00e8res : Personnaliser une tablette de chocolat ! -\",\"isPartOf\":{\"@id\":\"https:\/\/www.a-qui-s.fr\/le-blog\/#website\"},\"primaryImageOfPage\":{\"@id\":\"https:\/\/www.a-qui-s.fr\/le-blog\/diy-bricolage-enfant\/diy-emballage-tablette-de-chocolat-pour-la-fete-des-meres\/#primaryimage\"},\"image\":{\"@id\":\"https:\/\/www.a-qui-s.fr\/le-blog\/diy-bricolage-enfant\/diy-emballage-tablette-de-chocolat-pour-la-fete-des-meres\/#primaryimage\"},\"thumbnailUrl\":\"https:\/\/www.a-qui-s.fr\/le-blog\/wp-content\/uploads\/2016\/05\/fete-des-meres-5.png\",\"datePublished\":\"46+00:00\",\"dateModified\":\"53+00:00\",\"description\":\"R\u00e9alisez un cadeau pour la f\u00eate des m\u00e8res facilement ! D\u00e9couvrez notre DIY \u00e9conomique et facile. Imprimez gratuitement le printable et coloriez !\",\"breadcrumb\":{\"@id\":\"https:\/\/www.a-qui-s.fr\/le-blog\/diy-bricolage-enfant\/diy-emballage-tablette-de-chocolat-pour-la-fete-des-meres\/#breadcrumb\"},\"inLanguage\":\"fr-FR\",\"potentialAction\":[{\"@type\":\"ReadAction\",\"target\":[\"https:\/\/www.a-qui-s.fr\/le-blog\/diy-bricolage-enfant\/diy-emballage-tablette-de-chocolat-pour-la-fete-des-meres\/\"]}]},{\"@type\":\"ImageObject\",\"inLanguage\":\"fr-FR\",\"@id\":\"https:\/\/www.a-qui-s.fr\/le-blog\/diy-bricolage-enfant\/diy-emballage-tablette-de-chocolat-pour-la-fete-des-meres\/#primaryimage\",\"url\":\"https:\/\/www.a-qui-s.fr\/le-blog\/wp-content\/uploads\/2016\/05\/fete-des-meres-5.png\",\"contentUrl\":\"https:\/\/www.a-qui-s.fr\/le-blog\/wp-content\/uploads\/2016\/05\/fete-des-meres-5.png\",\"width\":800,\"height\":800},{\"@type\":\"BreadcrumbList\",\"@id\":\"https:\/\/www.a-qui-s.fr\/le-blog\/diy-bricolage-enfant\/diy-emballage-tablette-de-chocolat-pour-la-fete-des-meres\/#breadcrumb\",\"itemListElement\":[{\"@type\":\"ListItem\",\"position\":1,\"name\":\"Accueil\",\"item\":\"https:\/\/www.a-qui-s.fr\/le-blog\/\"},{\"@type\":\"ListItem\",\"position\":2,\"name\":\"DIY - Bricolage enfant\",\"item\":\"https:\/\/www.a-qui-s.fr\/le-blog\/category\/diy-bricolage-enfant\/\"},{\"@type\":\"ListItem\",\"position\":3,\"name\":\"Cadeau f\u00eate des m\u00e8res : Personnaliser une tablette de chocolat !\"}]},{\"@type\":\"WebSite\",\"@id\":\"https:\/\/www.a-qui-s.fr\/le-blog\/#website\",\"url\":\"https:\/\/www.a-qui-s.fr\/le-blog\/\",\"name\":\"LE BLOG d&#039;A-qui-S\",\"description\":\"La communaut\u00e9 des &quot;Pas-Perdus&quot;\",\"publisher\":{\"@id\":\"https:\/\/www.a-qui-s.fr\/le-blog\/#organization\"},\"potentialAction\":[{\"@type\":\"SearchAction\",\"target\":{\"@type\":\"EntryPoint\",\"urlTemplate\":\"https:\/\/www.a-qui-s.fr\/le-blog\/?s={search_term_string}\"},\"query-input\":{\"@type\":\"PropertyValueSpecification\",\"valueRequired\":true,\"valueName\":\"search_term_string\"}}],\"inLanguage\":\"fr-FR\"},{\"@type\":\"Organization\",\"@id\":\"https:\/\/www.a-qui-s.fr\/le-blog\/#organization\",\"name\":\"Etiquettes & compagnie\",\"url\":\"https:\/\/www.a-qui-s.fr\/le-blog\/\",\"logo\":{\"@type\":\"ImageObject\",\"inLanguage\":\"fr-FR\",\"@id\":\"https:\/\/www.a-qui-s.fr\/le-blog\/#\/schema\/logo\/image\/\",\"url\":\"https:\/\/www.a-qui-s.fr\/le-blog\/wp-content\/uploads\/2015\/05\/logo_a-qui-s.png\",\"contentUrl\":\"https:\/\/www.a-qui-s.fr\/le-blog\/wp-content\/uploads\/2015\/05\/logo_a-qui-s.png\",\"width\":132,\"height\":59,\"caption\":\"Etiquettes & compagnie\"},\"image\":{\"@id\":\"https:\/\/www.a-qui-s.fr\/le-blog\/#\/schema\/logo\/image\/\"},\"sameAs\":[\"https:\/\/www.facebook.com\/AquiS\/\",\"https:\/\/x.com\/aquis_fr\"]},{\"@type\":\"Person\",\"@id\":\"https:\/\/www.a-qui-s.fr\/le-blog\/#\/schema\/person\/294322ec794a50a19af79998b0c21514\",\"name\":\"Delphine de A-qui-S\",\"image\":{\"@type\":\"ImageObject\",\"inLanguage\":\"fr-FR\",\"@id\":\"https:\/\/www.a-qui-s.fr\/le-blog\/#\/schema\/person\/image\/\",\"url\":\"https:\/\/secure.gravatar.com\/avatar\/853325d6775306b2097d3b97ca6e1a760b8916ad4eb1249a3784ca4574cc67a4?s=96&d=mm&r=g\",\"contentUrl\":\"https:\/\/secure.gravatar.com\/avatar\/853325d6775306b2097d3b97ca6e1a760b8916ad4eb1249a3784ca4574cc67a4?s=96&d=mm&r=g\",\"caption\":\"Delphine de A-qui-S\"},\"url\":\"https:\/\/www.a-qui-s.fr\/le-blog\/author\/delphine\/\"}]}<\/script>\n<!-- \/ Yoast SEO plugin. -->","yoast_head_json":{"title":"Cadeau f\u00eate des m\u00e8res : Personnaliser une tablette de chocolat ! -","description":"R\u00e9alisez un cadeau pour la f\u00eate des m\u00e8res facilement ! D\u00e9couvrez notre DIY \u00e9conomique et facile. Imprimez gratuitement le printable et coloriez !","robots":{"index":"index","follow":"follow","max-snippet":"max-snippet:-1","max-image-preview":"max-image-preview:large","max-video-preview":"max-video-preview:-1"},"canonical":"https:\/\/www.a-qui-s.fr\/le-blog\/diy-bricolage-enfant\/diy-emballage-tablette-de-chocolat-pour-la-fete-des-meres\/","og_locale":"fr_FR","og_type":"article","og_title":"Cadeau f\u00eate des m\u00e8res : Personnaliser une tablette de chocolat ! -","og_description":"R\u00e9alisez un cadeau pour la f\u00eate des m\u00e8res facilement ! D\u00e9couvrez notre DIY \u00e9conomique et facile. Imprimez gratuitement le printable et coloriez !","og_url":"https:\/\/www.a-qui-s.fr\/le-blog\/diy-bricolage-enfant\/diy-emballage-tablette-de-chocolat-pour-la-fete-des-meres\/","og_site_name":"LE BLOG d&#039;A-qui-S","article_publisher":"https:\/\/www.facebook.com\/AquiS\/","article_published_time":"2016-05-25T15:58:46+00:00","article_modified_time":"2025-08-21T11:29:53+00:00","og_image":[{"width":800,"height":800,"url":"https:\/\/www.a-qui-s.fr\/le-blog\/wp-content\/uploads\/2016\/05\/fete-des-meres-5.png","type":"image\/png"}],"author":"Delphine de A-qui-S","twitter_card":"summary_large_image","twitter_creator":"@aquis_fr","twitter_site":"@aquis_fr","twitter_misc":{"Written by":"Delphine de A-qui-S","Est. reading time":"2 minutes"},"schema":{"@context":"https:\/\/schema.org","@graph":[{"@type":"Article","@id":"https:\/\/www.a-qui-s.fr\/le-blog\/diy-bricolage-enfant\/diy-emballage-tablette-de-chocolat-pour-la-fete-des-meres\/#article","isPartOf":{"@id":"https:\/\/www.a-qui-s.fr\/le-blog\/diy-bricolage-enfant\/diy-emballage-tablette-de-chocolat-pour-la-fete-des-meres\/"},"author":{"name":"Delphine de A-qui-S","@id":"https:\/\/www.a-qui-s.fr\/le-blog\/#\/schema\/person\/294322ec794a50a19af79998b0c21514"},"headline":"Cadeau f\u00eate des m\u00e8res : Personnaliser une tablette de chocolat !","datePublished":"46+00:00","dateModified":"53+00:00","mainEntityOfPage":{"@id":"https:\/\/www.a-qui-s.fr\/le-blog\/diy-bricolage-enfant\/diy-emballage-tablette-de-chocolat-pour-la-fete-des-meres\/"},"wordCount":320,"commentCount":3,"publisher":{"@id":"https:\/\/www.a-qui-s.fr\/le-blog\/#organization"},"image":{"@id":"https:\/\/www.a-qui-s.fr\/le-blog\/diy-bricolage-enfant\/diy-emballage-tablette-de-chocolat-pour-la-fete-des-meres\/#primaryimage"},"thumbnailUrl":"https:\/\/www.a-qui-s.fr\/le-blog\/wp-content\/uploads\/2016\/05\/fete-des-meres-5.png","articleSection":["DIY - Bricolage enfant"],"inLanguage":"fr-FR","potentialAction":[{"@type":"CommentAction","name":"Comment","target":["https:\/\/www.a-qui-s.fr\/le-blog\/diy-bricolage-enfant\/diy-emballage-tablette-de-chocolat-pour-la-fete-des-meres\/#respond"]}]},{"@type":"WebPage","@id":"https:\/\/www.a-qui-s.fr\/le-blog\/diy-bricolage-enfant\/diy-emballage-tablette-de-chocolat-pour-la-fete-des-meres\/","url":"https:\/\/www.a-qui-s.fr\/le-blog\/diy-bricolage-enfant\/diy-emballage-tablette-de-chocolat-pour-la-fete-des-meres\/","name":"Cadeau f\u00eate des m\u00e8res : Personnaliser une tablette de chocolat ! -","isPartOf":{"@id":"https:\/\/www.a-qui-s.fr\/le-blog\/#website"},"primaryImageOfPage":{"@id":"https:\/\/www.a-qui-s.fr\/le-blog\/diy-bricolage-enfant\/diy-emballage-tablette-de-chocolat-pour-la-fete-des-meres\/#primaryimage"},"image":{"@id":"https:\/\/www.a-qui-s.fr\/le-blog\/diy-bricolage-enfant\/diy-emballage-tablette-de-chocolat-pour-la-fete-des-meres\/#primaryimage"},"thumbnailUrl":"https:\/\/www.a-qui-s.fr\/le-blog\/wp-content\/uploads\/2016\/05\/fete-des-meres-5.png","datePublished":"46+00:00","dateModified":"53+00:00","description":"R\u00e9alisez un cadeau pour la f\u00eate des m\u00e8res facilement ! D\u00e9couvrez notre DIY \u00e9conomique et facile. Imprimez gratuitement le printable et coloriez !","breadcrumb":{"@id":"https:\/\/www.a-qui-s.fr\/le-blog\/diy-bricolage-enfant\/diy-emballage-tablette-de-chocolat-pour-la-fete-des-meres\/#breadcrumb"},"inLanguage":"fr-FR","potentialAction":[{"@type":"ReadAction","target":["https:\/\/www.a-qui-s.fr\/le-blog\/diy-bricolage-enfant\/diy-emballage-tablette-de-chocolat-pour-la-fete-des-meres\/"]}]},{"@type":"ImageObject","inLanguage":"fr-FR","@id":"https:\/\/www.a-qui-s.fr\/le-blog\/diy-bricolage-enfant\/diy-emballage-tablette-de-chocolat-pour-la-fete-des-meres\/#primaryimage","url":"https:\/\/www.a-qui-s.fr\/le-blog\/wp-content\/uploads\/2016\/05\/fete-des-meres-5.png","contentUrl":"https:\/\/www.a-qui-s.fr\/le-blog\/wp-content\/uploads\/2016\/05\/fete-des-meres-5.png","width":800,"height":800},{"@type":"BreadcrumbList","@id":"https:\/\/www.a-qui-s.fr\/le-blog\/diy-bricolage-enfant\/diy-emballage-tablette-de-chocolat-pour-la-fete-des-meres\/#breadcrumb","itemListElement":[{"@type":"ListItem","position":1,"name":"Accueil","item":"https:\/\/www.a-qui-s.fr\/le-blog\/"},{"@type":"ListItem","position":2,"name":"DIY - Bricolage enfant","item":"https:\/\/www.a-qui-s.fr\/le-blog\/category\/diy-bricolage-enfant\/"},{"@type":"ListItem","position":3,"name":"Cadeau f\u00eate des m\u00e8res : Personnaliser une tablette de chocolat !"}]},{"@type":"WebSite","@id":"https:\/\/www.a-qui-s.fr\/le-blog\/#website","url":"https:\/\/www.a-qui-s.fr\/le-blog\/","name":"LE BLOG d&#039;A-qui-S","description":"La communaut\u00e9 des &quot;Pas-Perdus&quot;","publisher":{"@id":"https:\/\/www.a-qui-s.fr\/le-blog\/#organization"},"potentialAction":[{"@type":"SearchAction","target":{"@type":"EntryPoint","urlTemplate":"https:\/\/www.a-qui-s.fr\/le-blog\/?s={search_term_string}"},"query-input":{"@type":"PropertyValueSpecification","valueRequired":true,"valueName":"search_term_string"}}],"inLanguage":"fr-FR"},{"@type":"Organization","@id":"https:\/\/www.a-qui-s.fr\/le-blog\/#organization","name":"Etiquettes & compagnie","url":"https:\/\/www.a-qui-s.fr\/le-blog\/","logo":{"@type":"ImageObject","inLanguage":"fr-FR","@id":"https:\/\/www.a-qui-s.fr\/le-blog\/#\/schema\/logo\/image\/","url":"https:\/\/www.a-qui-s.fr\/le-blog\/wp-content\/uploads\/2015\/05\/logo_a-qui-s.png","contentUrl":"https:\/\/www.a-qui-s.fr\/le-blog\/wp-content\/uploads\/2015\/05\/logo_a-qui-s.png","width":132,"height":59,"caption":"Etiquettes & compagnie"},"image":{"@id":"https:\/\/www.a-qui-s.fr\/le-blog\/#\/schema\/logo\/image\/"},"sameAs":["https:\/\/www.facebook.com\/AquiS\/","https:\/\/x.com\/aquis_fr"]},{"@type":"Person","@id":"https:\/\/www.a-qui-s.fr\/le-blog\/#\/schema\/person\/294322ec794a50a19af79998b0c21514","name":"Delphine de A-qui-S","image":{"@type":"ImageObject","inLanguage":"fr-FR","@id":"https:\/\/www.a-qui-s.fr\/le-blog\/#\/schema\/person\/image\/","url":"https:\/\/secure.gravatar.com\/avatar\/853325d6775306b2097d3b97ca6e1a760b8916ad4eb1249a3784ca4574cc67a4?s=96&d=mm&r=g","contentUrl":"https:\/\/secure.gravatar.com\/avatar\/853325d6775306b2097d3b97ca6e1a760b8916ad4eb1249a3784ca4574cc67a4?s=96&d=mm&r=g","caption":"Delphine de A-qui-S"},"url":"https:\/\/www.a-qui-s.fr\/le-blog\/author\/delphine\/"}]}},"_links":{"self":[{"href":"https:\/\/www.a-qui-s.fr\/le-blog\/wp-json\/wp\/v2\/posts\/10613","targetHints":{"allow":["GET"]}}],"collection":[{"href":"https:\/\/www.a-qui-s.fr\/le-blog\/wp-json\/wp\/v2\/posts"}],"about":[{"href":"https:\/\/www.a-qui-s.fr\/le-blog\/wp-json\/wp\/v2\/types\/post"}],"author":[{"embeddable":true,"href":"https:\/\/www.a-qui-s.fr\/le-blog\/wp-json\/wp\/v2\/users\/3"}],"replies":[{"embeddable":true,"href":"https:\/\/www.a-qui-s.fr\/le-blog\/wp-json\/wp\/v2\/comments?post=10613"}],"version-history":[{"count":0,"href":"https:\/\/www.a-qui-s.fr\/le-blog\/wp-json\/wp\/v2\/posts\/10613\/revisions"}],"wp:featuredmedia":[{"embeddable":true,"href":"https:\/\/www.a-qui-s.fr\/le-blog\/wp-json\/wp\/v2\/media\/10618"}],"wp:attachment":[{"href":"https:\/\/www.a-qui-s.fr\/le-blog\/wp-json\/wp\/v2\/media?parent=10613"}],"wp:term":[{"taxonomy":"category","embeddable":true,"href":"https:\/\/www.a-qui-s.fr\/le-blog\/wp-json\/wp\/v2\/categories?post=10613"},{"taxonomy":"post_tag","embeddable":true,"href":"https:\/\/www.a-qui-s.fr\/le-blog\/wp-json\/wp\/v2\/tags?post=10613"}],"curies":[{"name":"wp","href":"https:\/\/api.w.org\/{rel}","templated":true}]}}