{"id":10114,"date":"2015-07-23T17:17:29","date_gmt":"2015-07-23T16:17:29","guid":{"rendered":"http:\/\/www.a-qui-s.fr\/le-blog\/?p=10114"},"modified":"2025-08-21T12:30:46","modified_gmt":"2025-08-21T11:30:46","slug":"cornet-fruits-dessert-ete","status":"publish","type":"post","link":"https:\/\/www.a-qui-s.fr\/le-blog\/recettes\/cornet-fruits-dessert-ete\/","title":{"rendered":"Cornet de fruits : un dessert gourmand parfait pour l&rsquo;\u00e9t\u00e9 !"},"content":{"rendered":"<p>Avec cette chaleur, rien de mieux que de finir un bon repas par une touche fruit\u00e9e !<\/p>\n<p>Voici un dessert facile \u00e0 pr\u00e9parer et qui ne demande pas beaucoup d&rsquo;ingr\u00e9dients : un cornet, quelques fruits et bien s\u00fbr quelques p\u00e9pites de chocolats pour \u00e9moustiller les papilles des plus gourmands ! \ud83d\ude09<\/p>\n<p><a href=\"https:\/\/www.a-qui-s.fr\/le-blog\/wp-content\/uploads\/2015\/07\/fruits-pour-fb.jpg\"><img fetchpriority=\"high\" decoding=\"async\" class=\"alignnone wp-image-10115\" src=\"https:\/\/www.a-qui-s.fr\/le-blog\/wp-content\/uploads\/2015\/07\/fruits-pour-fb-300x300.jpg\" alt=\"Cornets de fruits d'\u00e9t\u00e9 \" width=\"339\" height=\"339\" srcset=\"https:\/\/www.a-qui-s.fr\/le-blog\/wp-content\/uploads\/2015\/07\/fruits-pour-fb-300x300.jpg 300w, https:\/\/www.a-qui-s.fr\/le-blog\/wp-content\/uploads\/2015\/07\/fruits-pour-fb-150x150.jpg 150w, https:\/\/www.a-qui-s.fr\/le-blog\/wp-content\/uploads\/2015\/07\/fruits-pour-fb.jpg 600w\" sizes=\"(max-width: 339px) 100vw, 339px\" \/><\/a><\/p>\n<p>&nbsp;<\/p>\n<p>A vous de choisir les fruits que vous souhaitez dans votre cornet.<\/p>\n<p>Chez A-qui-S, nous avons opt\u00e9 pour des framboises, des cerises et des petits morceaux de p\u00eaches&#8230; Hum trop bon !<\/p>\n<p>A vous de composer vos cornets !<\/p>\n<p>Bon app\u00e9tit !<\/p>\n<p>&nbsp;<\/p>\n<p>&nbsp;<\/p>\n","protected":false},"excerpt":{"rendered":"<p>Avec cette chaleur, rien de mieux que de finir un bon repas par une touche fruit\u00e9e ! Voici un dessert facile \u00e0 pr\u00e9parer et qui ne demande pas beaucoup d&rsquo;ingr\u00e9dients : un cornet, quelques fruits et bien s\u00fbr quelques p\u00e9pites de chocolats pour \u00e9moustiller les papilles des plus gourmands ! \ud83d\ude09 &nbsp; A vous de [&hellip;]<\/p>\n","protected":false},"author":2,"featured_media":10115,"comment_status":"open","ping_status":"open","sticky":false,"template":"","format":"standard","meta":{"_acf_changed":false,"fifu_image_url":"","fifu_image_alt":"","footnotes":""},"categories":[11],"tags":[],"class_list":["post-10114","post","type-post","status-publish","format-standard","has-post-thumbnail","hentry","category-recettes"],"acf":[],"yoast_head":"<!-- This site is optimized with the Yoast SEO plugin v27.0 - https:\/\/yoast.com\/product\/yoast-seo-wordpress\/ -->\n<title>Cornet de fruits : un dessert gourmand parfait pour l&#039;\u00e9t\u00e9 ! -<\/title>\n<meta name=\"description\" content=\"Un cornet de fruits pour le dessert pour changer de la traditionnelle glace sans pour autant abandonner le d\u00e9licieu cornet qu&#039;on aime tant !\" \/>\n<meta name=\"robots\" content=\"index, follow, max-snippet:-1, max-image-preview:large, max-video-preview:-1\" \/>\n<link rel=\"canonical\" href=\"https:\/\/www.a-qui-s.fr\/le-blog\/recettes\/cornet-fruits-dessert-ete\/\" \/>\n<meta property=\"og:locale\" content=\"fr_FR\" \/>\n<meta property=\"og:type\" content=\"article\" \/>\n<meta property=\"og:title\" content=\"Cornet de fruits : un dessert gourmand parfait pour l&#039;\u00e9t\u00e9 ! -\" \/>\n<meta property=\"og:description\" content=\"Un cornet de fruits pour le dessert pour changer de la traditionnelle glace sans pour autant abandonner le d\u00e9licieu cornet qu&#039;on aime tant !\" \/>\n<meta property=\"og:url\" content=\"https:\/\/www.a-qui-s.fr\/le-blog\/recettes\/cornet-fruits-dessert-ete\/\" \/>\n<meta property=\"og:site_name\" content=\"LE BLOG d&#039;A-qui-S\" \/>\n<meta property=\"article:publisher\" content=\"https:\/\/www.facebook.com\/AquiS\/\" \/>\n<meta property=\"article:published_time\" content=\"2015-07-23T16:17:29+00:00\" \/>\n<meta property=\"article:modified_time\" content=\"2025-08-21T11:30:46+00:00\" \/>\n<meta property=\"og:image\" content=\"https:\/\/www.a-qui-s.fr\/le-blog\/wp-content\/uploads\/2015\/07\/fruits-pour-fb.jpg\" \/>\n\t<meta property=\"og:image:width\" content=\"600\" \/>\n\t<meta property=\"og:image:height\" content=\"600\" \/>\n\t<meta property=\"og:image:type\" content=\"image\/jpeg\" \/>\n<meta name=\"author\" content=\"Louise de A-qui-S\" \/>\n<meta name=\"twitter:card\" content=\"summary_large_image\" \/>\n<meta name=\"twitter:creator\" content=\"@aquis_fr\" \/>\n<meta name=\"twitter:site\" content=\"@aquis_fr\" \/>\n<meta name=\"twitter:label1\" content=\"Written by\" \/>\n\t<meta name=\"twitter:data1\" content=\"Louise de A-qui-S\" \/>\n<script type=\"application\/ld+json\" class=\"yoast-schema-graph\">{\"@context\":\"https:\/\/schema.org\",\"@graph\":[{\"@type\":\"Article\",\"@id\":\"https:\/\/www.a-qui-s.fr\/le-blog\/recettes\/cornet-fruits-dessert-ete\/#article\",\"isPartOf\":{\"@id\":\"https:\/\/www.a-qui-s.fr\/le-blog\/recettes\/cornet-fruits-dessert-ete\/\"},\"author\":{\"name\":\"Louise de A-qui-S\",\"@id\":\"https:\/\/www.a-qui-s.fr\/le-blog\/#\/schema\/person\/d98098c165f4481653780d6fa061f531\"},\"headline\":\"Cornet de fruits : un dessert gourmand parfait pour l&rsquo;\u00e9t\u00e9 !\",\"datePublished\":\"29+00:00\",\"dateModified\":\"46+00:00\",\"mainEntityOfPage\":{\"@id\":\"https:\/\/www.a-qui-s.fr\/le-blog\/recettes\/cornet-fruits-dessert-ete\/\"},\"wordCount\":106,\"commentCount\":0,\"publisher\":{\"@id\":\"https:\/\/www.a-qui-s.fr\/le-blog\/#organization\"},\"image\":{\"@id\":\"https:\/\/www.a-qui-s.fr\/le-blog\/recettes\/cornet-fruits-dessert-ete\/#primaryimage\"},\"thumbnailUrl\":\"https:\/\/www.a-qui-s.fr\/le-blog\/wp-content\/uploads\/2015\/07\/fruits-pour-fb.jpg\",\"articleSection\":[\"Recettes\"],\"inLanguage\":\"fr-FR\",\"potentialAction\":[{\"@type\":\"CommentAction\",\"name\":\"Comment\",\"target\":[\"https:\/\/www.a-qui-s.fr\/le-blog\/recettes\/cornet-fruits-dessert-ete\/#respond\"]}]},{\"@type\":\"WebPage\",\"@id\":\"https:\/\/www.a-qui-s.fr\/le-blog\/recettes\/cornet-fruits-dessert-ete\/\",\"url\":\"https:\/\/www.a-qui-s.fr\/le-blog\/recettes\/cornet-fruits-dessert-ete\/\",\"name\":\"Cornet de fruits : un dessert gourmand parfait pour l'\u00e9t\u00e9 ! -\",\"isPartOf\":{\"@id\":\"https:\/\/www.a-qui-s.fr\/le-blog\/#website\"},\"primaryImageOfPage\":{\"@id\":\"https:\/\/www.a-qui-s.fr\/le-blog\/recettes\/cornet-fruits-dessert-ete\/#primaryimage\"},\"image\":{\"@id\":\"https:\/\/www.a-qui-s.fr\/le-blog\/recettes\/cornet-fruits-dessert-ete\/#primaryimage\"},\"thumbnailUrl\":\"https:\/\/www.a-qui-s.fr\/le-blog\/wp-content\/uploads\/2015\/07\/fruits-pour-fb.jpg\",\"datePublished\":\"29+00:00\",\"dateModified\":\"46+00:00\",\"description\":\"Un cornet de fruits pour le dessert pour changer de la traditionnelle glace sans pour autant abandonner le d\u00e9licieu cornet qu'on aime tant !\",\"breadcrumb\":{\"@id\":\"https:\/\/www.a-qui-s.fr\/le-blog\/recettes\/cornet-fruits-dessert-ete\/#breadcrumb\"},\"inLanguage\":\"fr-FR\",\"potentialAction\":[{\"@type\":\"ReadAction\",\"target\":[\"https:\/\/www.a-qui-s.fr\/le-blog\/recettes\/cornet-fruits-dessert-ete\/\"]}]},{\"@type\":\"ImageObject\",\"inLanguage\":\"fr-FR\",\"@id\":\"https:\/\/www.a-qui-s.fr\/le-blog\/recettes\/cornet-fruits-dessert-ete\/#primaryimage\",\"url\":\"https:\/\/www.a-qui-s.fr\/le-blog\/wp-content\/uploads\/2015\/07\/fruits-pour-fb.jpg\",\"contentUrl\":\"https:\/\/www.a-qui-s.fr\/le-blog\/wp-content\/uploads\/2015\/07\/fruits-pour-fb.jpg\",\"width\":600,\"height\":600},{\"@type\":\"BreadcrumbList\",\"@id\":\"https:\/\/www.a-qui-s.fr\/le-blog\/recettes\/cornet-fruits-dessert-ete\/#breadcrumb\",\"itemListElement\":[{\"@type\":\"ListItem\",\"position\":1,\"name\":\"Accueil\",\"item\":\"https:\/\/www.a-qui-s.fr\/le-blog\/\"},{\"@type\":\"ListItem\",\"position\":2,\"name\":\"Recettes\",\"item\":\"https:\/\/www.a-qui-s.fr\/le-blog\/category\/recettes\/\"},{\"@type\":\"ListItem\",\"position\":3,\"name\":\"Cornet de fruits : un dessert gourmand parfait pour l&rsquo;\u00e9t\u00e9 !\"}]},{\"@type\":\"WebSite\",\"@id\":\"https:\/\/www.a-qui-s.fr\/le-blog\/#website\",\"url\":\"https:\/\/www.a-qui-s.fr\/le-blog\/\",\"name\":\"LE BLOG d&#039;A-qui-S\",\"description\":\"La communaut\u00e9 des &quot;Pas-Perdus&quot;\",\"publisher\":{\"@id\":\"https:\/\/www.a-qui-s.fr\/le-blog\/#organization\"},\"potentialAction\":[{\"@type\":\"SearchAction\",\"target\":{\"@type\":\"EntryPoint\",\"urlTemplate\":\"https:\/\/www.a-qui-s.fr\/le-blog\/?s={search_term_string}\"},\"query-input\":{\"@type\":\"PropertyValueSpecification\",\"valueRequired\":true,\"valueName\":\"search_term_string\"}}],\"inLanguage\":\"fr-FR\"},{\"@type\":\"Organization\",\"@id\":\"https:\/\/www.a-qui-s.fr\/le-blog\/#organization\",\"name\":\"Etiquettes & compagnie\",\"url\":\"https:\/\/www.a-qui-s.fr\/le-blog\/\",\"logo\":{\"@type\":\"ImageObject\",\"inLanguage\":\"fr-FR\",\"@id\":\"https:\/\/www.a-qui-s.fr\/le-blog\/#\/schema\/logo\/image\/\",\"url\":\"https:\/\/www.a-qui-s.fr\/le-blog\/wp-content\/uploads\/2015\/05\/logo_a-qui-s.png\",\"contentUrl\":\"https:\/\/www.a-qui-s.fr\/le-blog\/wp-content\/uploads\/2015\/05\/logo_a-qui-s.png\",\"width\":132,\"height\":59,\"caption\":\"Etiquettes & compagnie\"},\"image\":{\"@id\":\"https:\/\/www.a-qui-s.fr\/le-blog\/#\/schema\/logo\/image\/\"},\"sameAs\":[\"https:\/\/www.facebook.com\/AquiS\/\",\"https:\/\/x.com\/aquis_fr\"]},{\"@type\":\"Person\",\"@id\":\"https:\/\/www.a-qui-s.fr\/le-blog\/#\/schema\/person\/d98098c165f4481653780d6fa061f531\",\"name\":\"Louise de A-qui-S\",\"image\":{\"@type\":\"ImageObject\",\"inLanguage\":\"fr-FR\",\"@id\":\"https:\/\/www.a-qui-s.fr\/le-blog\/#\/schema\/person\/image\/\",\"url\":\"https:\/\/secure.gravatar.com\/avatar\/7a713547ddd2e0fc4130ec55978934dc3f12ef2095fa1cba20e2f0efcd0728c4?s=96&d=mm&r=g\",\"contentUrl\":\"https:\/\/secure.gravatar.com\/avatar\/7a713547ddd2e0fc4130ec55978934dc3f12ef2095fa1cba20e2f0efcd0728c4?s=96&d=mm&r=g\",\"caption\":\"Louise de A-qui-S\"},\"url\":\"https:\/\/www.a-qui-s.fr\/le-blog\/author\/julia\/\"}]}<\/script>\n<!-- \/ Yoast SEO plugin. -->","yoast_head_json":{"title":"Cornet de fruits : un dessert gourmand parfait pour l'\u00e9t\u00e9 ! -","description":"Un cornet de fruits pour le dessert pour changer de la traditionnelle glace sans pour autant abandonner le d\u00e9licieu cornet qu'on aime tant !","robots":{"index":"index","follow":"follow","max-snippet":"max-snippet:-1","max-image-preview":"max-image-preview:large","max-video-preview":"max-video-preview:-1"},"canonical":"https:\/\/www.a-qui-s.fr\/le-blog\/recettes\/cornet-fruits-dessert-ete\/","og_locale":"fr_FR","og_type":"article","og_title":"Cornet de fruits : un dessert gourmand parfait pour l'\u00e9t\u00e9 ! -","og_description":"Un cornet de fruits pour le dessert pour changer de la traditionnelle glace sans pour autant abandonner le d\u00e9licieu cornet qu'on aime tant !","og_url":"https:\/\/www.a-qui-s.fr\/le-blog\/recettes\/cornet-fruits-dessert-ete\/","og_site_name":"LE BLOG d&#039;A-qui-S","article_publisher":"https:\/\/www.facebook.com\/AquiS\/","article_published_time":"2015-07-23T16:17:29+00:00","article_modified_time":"2025-08-21T11:30:46+00:00","og_image":[{"width":600,"height":600,"url":"https:\/\/www.a-qui-s.fr\/le-blog\/wp-content\/uploads\/2015\/07\/fruits-pour-fb.jpg","type":"image\/jpeg"}],"author":"Louise de A-qui-S","twitter_card":"summary_large_image","twitter_creator":"@aquis_fr","twitter_site":"@aquis_fr","twitter_misc":{"Written by":"Louise de A-qui-S"},"schema":{"@context":"https:\/\/schema.org","@graph":[{"@type":"Article","@id":"https:\/\/www.a-qui-s.fr\/le-blog\/recettes\/cornet-fruits-dessert-ete\/#article","isPartOf":{"@id":"https:\/\/www.a-qui-s.fr\/le-blog\/recettes\/cornet-fruits-dessert-ete\/"},"author":{"name":"Louise de A-qui-S","@id":"https:\/\/www.a-qui-s.fr\/le-blog\/#\/schema\/person\/d98098c165f4481653780d6fa061f531"},"headline":"Cornet de fruits : un dessert gourmand parfait pour l&rsquo;\u00e9t\u00e9 !","datePublished":"29+00:00","dateModified":"46+00:00","mainEntityOfPage":{"@id":"https:\/\/www.a-qui-s.fr\/le-blog\/recettes\/cornet-fruits-dessert-ete\/"},"wordCount":106,"commentCount":0,"publisher":{"@id":"https:\/\/www.a-qui-s.fr\/le-blog\/#organization"},"image":{"@id":"https:\/\/www.a-qui-s.fr\/le-blog\/recettes\/cornet-fruits-dessert-ete\/#primaryimage"},"thumbnailUrl":"https:\/\/www.a-qui-s.fr\/le-blog\/wp-content\/uploads\/2015\/07\/fruits-pour-fb.jpg","articleSection":["Recettes"],"inLanguage":"fr-FR","potentialAction":[{"@type":"CommentAction","name":"Comment","target":["https:\/\/www.a-qui-s.fr\/le-blog\/recettes\/cornet-fruits-dessert-ete\/#respond"]}]},{"@type":"WebPage","@id":"https:\/\/www.a-qui-s.fr\/le-blog\/recettes\/cornet-fruits-dessert-ete\/","url":"https:\/\/www.a-qui-s.fr\/le-blog\/recettes\/cornet-fruits-dessert-ete\/","name":"Cornet de fruits : un dessert gourmand parfait pour l'\u00e9t\u00e9 ! -","isPartOf":{"@id":"https:\/\/www.a-qui-s.fr\/le-blog\/#website"},"primaryImageOfPage":{"@id":"https:\/\/www.a-qui-s.fr\/le-blog\/recettes\/cornet-fruits-dessert-ete\/#primaryimage"},"image":{"@id":"https:\/\/www.a-qui-s.fr\/le-blog\/recettes\/cornet-fruits-dessert-ete\/#primaryimage"},"thumbnailUrl":"https:\/\/www.a-qui-s.fr\/le-blog\/wp-content\/uploads\/2015\/07\/fruits-pour-fb.jpg","datePublished":"29+00:00","dateModified":"46+00:00","description":"Un cornet de fruits pour le dessert pour changer de la traditionnelle glace sans pour autant abandonner le d\u00e9licieu cornet qu'on aime tant !","breadcrumb":{"@id":"https:\/\/www.a-qui-s.fr\/le-blog\/recettes\/cornet-fruits-dessert-ete\/#breadcrumb"},"inLanguage":"fr-FR","potentialAction":[{"@type":"ReadAction","target":["https:\/\/www.a-qui-s.fr\/le-blog\/recettes\/cornet-fruits-dessert-ete\/"]}]},{"@type":"ImageObject","inLanguage":"fr-FR","@id":"https:\/\/www.a-qui-s.fr\/le-blog\/recettes\/cornet-fruits-dessert-ete\/#primaryimage","url":"https:\/\/www.a-qui-s.fr\/le-blog\/wp-content\/uploads\/2015\/07\/fruits-pour-fb.jpg","contentUrl":"https:\/\/www.a-qui-s.fr\/le-blog\/wp-content\/uploads\/2015\/07\/fruits-pour-fb.jpg","width":600,"height":600},{"@type":"BreadcrumbList","@id":"https:\/\/www.a-qui-s.fr\/le-blog\/recettes\/cornet-fruits-dessert-ete\/#breadcrumb","itemListElement":[{"@type":"ListItem","position":1,"name":"Accueil","item":"https:\/\/www.a-qui-s.fr\/le-blog\/"},{"@type":"ListItem","position":2,"name":"Recettes","item":"https:\/\/www.a-qui-s.fr\/le-blog\/category\/recettes\/"},{"@type":"ListItem","position":3,"name":"Cornet de fruits : un dessert gourmand parfait pour l&rsquo;\u00e9t\u00e9 !"}]},{"@type":"WebSite","@id":"https:\/\/www.a-qui-s.fr\/le-blog\/#website","url":"https:\/\/www.a-qui-s.fr\/le-blog\/","name":"LE BLOG d&#039;A-qui-S","description":"La communaut\u00e9 des &quot;Pas-Perdus&quot;","publisher":{"@id":"https:\/\/www.a-qui-s.fr\/le-blog\/#organization"},"potentialAction":[{"@type":"SearchAction","target":{"@type":"EntryPoint","urlTemplate":"https:\/\/www.a-qui-s.fr\/le-blog\/?s={search_term_string}"},"query-input":{"@type":"PropertyValueSpecification","valueRequired":true,"valueName":"search_term_string"}}],"inLanguage":"fr-FR"},{"@type":"Organization","@id":"https:\/\/www.a-qui-s.fr\/le-blog\/#organization","name":"Etiquettes & compagnie","url":"https:\/\/www.a-qui-s.fr\/le-blog\/","logo":{"@type":"ImageObject","inLanguage":"fr-FR","@id":"https:\/\/www.a-qui-s.fr\/le-blog\/#\/schema\/logo\/image\/","url":"https:\/\/www.a-qui-s.fr\/le-blog\/wp-content\/uploads\/2015\/05\/logo_a-qui-s.png","contentUrl":"https:\/\/www.a-qui-s.fr\/le-blog\/wp-content\/uploads\/2015\/05\/logo_a-qui-s.png","width":132,"height":59,"caption":"Etiquettes & compagnie"},"image":{"@id":"https:\/\/www.a-qui-s.fr\/le-blog\/#\/schema\/logo\/image\/"},"sameAs":["https:\/\/www.facebook.com\/AquiS\/","https:\/\/x.com\/aquis_fr"]},{"@type":"Person","@id":"https:\/\/www.a-qui-s.fr\/le-blog\/#\/schema\/person\/d98098c165f4481653780d6fa061f531","name":"Louise de A-qui-S","image":{"@type":"ImageObject","inLanguage":"fr-FR","@id":"https:\/\/www.a-qui-s.fr\/le-blog\/#\/schema\/person\/image\/","url":"https:\/\/secure.gravatar.com\/avatar\/7a713547ddd2e0fc4130ec55978934dc3f12ef2095fa1cba20e2f0efcd0728c4?s=96&d=mm&r=g","contentUrl":"https:\/\/secure.gravatar.com\/avatar\/7a713547ddd2e0fc4130ec55978934dc3f12ef2095fa1cba20e2f0efcd0728c4?s=96&d=mm&r=g","caption":"Louise de A-qui-S"},"url":"https:\/\/www.a-qui-s.fr\/le-blog\/author\/julia\/"}]}},"_links":{"self":[{"href":"https:\/\/www.a-qui-s.fr\/le-blog\/wp-json\/wp\/v2\/posts\/10114","targetHints":{"allow":["GET"]}}],"collection":[{"href":"https:\/\/www.a-qui-s.fr\/le-blog\/wp-json\/wp\/v2\/posts"}],"about":[{"href":"https:\/\/www.a-qui-s.fr\/le-blog\/wp-json\/wp\/v2\/types\/post"}],"author":[{"embeddable":true,"href":"https:\/\/www.a-qui-s.fr\/le-blog\/wp-json\/wp\/v2\/users\/2"}],"replies":[{"embeddable":true,"href":"https:\/\/www.a-qui-s.fr\/le-blog\/wp-json\/wp\/v2\/comments?post=10114"}],"version-history":[{"count":0,"href":"https:\/\/www.a-qui-s.fr\/le-blog\/wp-json\/wp\/v2\/posts\/10114\/revisions"}],"wp:featuredmedia":[{"embeddable":true,"href":"https:\/\/www.a-qui-s.fr\/le-blog\/wp-json\/wp\/v2\/media\/10115"}],"wp:attachment":[{"href":"https:\/\/www.a-qui-s.fr\/le-blog\/wp-json\/wp\/v2\/media?parent=10114"}],"wp:term":[{"taxonomy":"category","embeddable":true,"href":"https:\/\/www.a-qui-s.fr\/le-blog\/wp-json\/wp\/v2\/categories?post=10114"},{"taxonomy":"post_tag","embeddable":true,"href":"https:\/\/www.a-qui-s.fr\/le-blog\/wp-json\/wp\/v2\/tags?post=10114"}],"curies":[{"name":"wp","href":"https:\/\/api.w.org\/{rel}","templated":true}]}}